{"id":46495,"date":"2019-05-15T18:26:39","date_gmt":"2019-05-16T00:26:39","guid":{"rendered":"https:\/\/nbcs.mx\/?p=46495"},"modified":"2019-05-15T18:26:39","modified_gmt":"2019-05-16T00:26:39","slug":"festejan-a-las-mamas-y-a-los-ninos-de-loreto-por-su-dia","status":"publish","type":"post","link":"https:\/\/nbcs.mx\/?p=46495","title":{"rendered":"Festejan a las mamas y a los ni\u00f1os de Loreto por su d\u00eda"},"content":{"rendered":"<p style=\"text-align: justify;\">Loreto, Baja California Sur.- En un trabajo conjunto entre Sistema Estatal de DIF, que encabeza la Sr. Gabriela Vel\u00e1zquez de Mendoza, y el H. IX Ayuntamiento presidido por la Profesora Arely Arce Peralta, a trav\u00e9s de DIF Loreto presidido Honorariamente por el C. Arturo Susurrey Amador, se llev\u00f3 a cabo el Festival de D\u00eda del Ni\u00f1o y de las Madres, en dos eventos simult\u00e1neos en las colonias Miramar y Zaragoza, en donde cientos de ni\u00f1os y madres de familia vivieron una tarde llena de sorpresas, recibiendo regalos, adem\u00e1s de disfrutar de juegos, la participaron de un divertido show de payasos y m\u00fasica en vivo.<\/p>\n<p style=\"text-align: justify;\">Durante el evento la Presidenta Honoraria de SEDIF, Sr. Gabriela Vel\u00e1zquez de Mendoza, agradeci\u00f3 la compa\u00f1\u00eda de los asistentes en las distintas colonias, adem\u00e1s de felicitar a todos los ni\u00f1os, ni\u00f1as y madres de familia, tambi\u00e9n pidi\u00f3 continuar confiando en la instituci\u00f3n y agradecido a la Alcaldesa de Loreto y al Presidente Honorario de DIF Loreto, por el apoyo permanente al DIF Municipal.<\/p>\n<p style=\"text-align: justify;\"><img loading=\"lazy\" decoding=\"async\" class=\"size-medium wp-image-46497 aligncenter\" src=\"https:\/\/nbcs.mx\/wp-content\/uploads\/2019\/05\/FOTO-3-SEDIF-Y-DIF-LORETO-FESTEJARON-A-NI\u00d1OS-NI\u00d1AS-Y-MADRES-DE-FAMILIA.-738x492.jpg\" alt=\"\" width=\"738\" height=\"492\" srcset=\"https:\/\/nbcs.mx\/wp-content\/uploads\/2019\/05\/FOTO-3-SEDIF-Y-DIF-LORETO-FESTEJARON-A-NI\u00d1OS-NI\u00d1AS-Y-MADRES-DE-FAMILIA.-738x492.jpg 738w, https:\/\/nbcs.mx\/wp-content\/uploads\/2019\/05\/FOTO-3-SEDIF-Y-DIF-LORETO-FESTEJARON-A-NI\u00d1OS-NI\u00d1AS-Y-MADRES-DE-FAMILIA.-150x100.jpg 150w, https:\/\/nbcs.mx\/wp-content\/uploads\/2019\/05\/FOTO-3-SEDIF-Y-DIF-LORETO-FESTEJARON-A-NI\u00d1OS-NI\u00d1AS-Y-MADRES-DE-FAMILIA.-768x512.jpg 768w, https:\/\/nbcs.mx\/wp-content\/uploads\/2019\/05\/FOTO-3-SEDIF-Y-DIF-LORETO-FESTEJARON-A-NI\u00d1OS-NI\u00d1AS-Y-MADRES-DE-FAMILIA.-1024x683.jpg 1024w, https:\/\/nbcs.mx\/wp-content\/uploads\/2019\/05\/FOTO-3-SEDIF-Y-DIF-LORETO-FESTEJARON-A-NI\u00d1OS-NI\u00d1AS-Y-MADRES-DE-FAMILIA.-600x400.jpg 600w\" sizes=\"auto, (max-width: 738px) 100vw, 738px\" \/><\/p>\n<p style=\"text-align: justify;\">Por otra parte, la Edil Loretana enfatiz\u00f3, \u201cAgradezco a todos los ni\u00f1os, ni\u00f1as y madres de familia por estar hoy aqu\u00ed, quiero decirles que este evento no es m\u00e1s que fruto del gran compromiso del DIF Estatal que encabeza la Sr. Gabriela Vel\u00e1zquez para con las familias Loretanas, es por eso que nuestro ayuntamiento a trav\u00e9s de DIF Municipal apoy\u00f3 en la coordinaci\u00f3n de tan bonitos eventos\u201d.<\/p>\n<p style=\"text-align: justify;\">Los eventos iniciaron por la tarde tanto en colonia Miramar como en Zaragoza, contaron con la presentaci\u00f3n de los Payabrothers quienes llevaron a cabo concursos, obsequi\u00f3 juguetes, posterior a ello continu\u00f3 el espect\u00e1culo con rifas de regalos para los infantes y sus madres, adem\u00e1s de la participaci\u00f3n de la Familia Coraz\u00f3n es por ello que cientos ni\u00f1as y ni\u00f1os, as\u00ed como sus madres que no perdieron la oportunidad de disfrutar los juegos y la algarab\u00eda.<\/p>\n<p style=\"text-align: justify;\">Dentro de los festejos se cont\u00f3 tambi\u00e9n con la presencia de miembros del cabildo, funcionarios estatales y municipales.<\/p>\n","protected":false},"excerpt":{"rendered":"<p>Loreto, Baja California Sur.- En un trabajo conjunto entre Sistema Estatal de DIF, que encabeza la Sr. Gabriela Vel\u00e1zquez de<\/p>\n","protected":false},"author":1,"featured_media":46496,"comment_status":"open","ping_status":"closed","sticky":false,"template":"","format":"standard","meta":{"colormag_page_container_layout":"default_layout","colormag_page_sidebar_layout":"default_layout","_jetpack_newsletter_access":"","_jetpack_dont_email_post_to_subs":false,"_jetpack_newsletter_tier_id":0,"_jetpack_memberships_contains_paywalled_content":false,"_jetpack_feature_clip_id":0,"_jetpack_memberships_contains_paid_content":false,"footnotes":"","jetpack_publicize_message":"","jetpack_publicize_feature_enabled":true,"jetpack_social_post_already_shared":false,"jetpack_social_options":{"image_generator_settings":{"template":"highway","default_image_id":0,"font":"","enabled":false},"version":2},"jetpack_post_was_ever_published":false},"categories":[40],"tags":[],"class_list":["post-46495","post","type-post","status-publish","format-standard","has-post-thumbnail","hentry","category-municipios"],"yoast_head":"<!-- This site is optimized with the Yoast SEO plugin v28.4 - https:\/\/yoast.com\/product\/yoast-seo-wordpress\/ -->\n<title>Festejan a las mamas y a los ni\u00f1os de Loreto por su d\u00eda - NBCS Noticias<\/title>\n<meta name=\"robots\" content=\"index, follow, max-snippet:-1, max-image-preview:large, max-video-preview:-1\" \/>\n<link rel=\"canonical\" href=\"https:\/\/nbcs.mx\/?p=46495\" \/>\n<meta property=\"og:locale\" content=\"es_ES\" \/>\n<meta property=\"og:type\" content=\"article\" \/>\n<meta property=\"og:title\" content=\"Festejan a las mamas y a los ni\u00f1os de Loreto por su d\u00eda - NBCS Noticias\" \/>\n<meta property=\"og:description\" content=\"Loreto, Baja California Sur.- En un trabajo conjunto entre Sistema Estatal de DIF, que encabeza la Sr. Gabriela Vel\u00e1zquez de\" \/>\n<meta property=\"og:url\" content=\"https:\/\/nbcs.mx\/?p=46495\" \/>\n<meta property=\"og:site_name\" content=\"NBCS Noticias\" \/>\n<meta property=\"article:publisher\" content=\"https:\/\/www.facebook.com\/NBCSnoticias\" \/>\n<meta property=\"article:author\" content=\"https:\/\/www.facebook.com\/NBCSnoticias\" \/>\n<meta property=\"article:published_time\" content=\"2019-05-16T00:26:39+00:00\" \/>\n<meta property=\"og:image\" content=\"https:\/\/nbcs.mx\/wp-content\/uploads\/2019\/05\/FOTO-1-SEDIF-Y-DIF-LORETO-FESTEJARON-A-NI\u00d1OS-NI\u00d1AS-Y-MADRES-DE-FAMILIA..jpg\" \/>\n\t<meta property=\"og:image:width\" content=\"2592\" \/>\n\t<meta property=\"og:image:height\" content=\"1728\" \/>\n\t<meta property=\"og:image:type\" content=\"image\/jpeg\" \/>\n<meta name=\"author\" content=\"NBCS Noticias\" \/>\n<meta name=\"twitter:card\" content=\"summary_large_image\" \/>\n<meta name=\"twitter:creator\" content=\"@https:\/\/twitter.com\/NBCSnoticias\" \/>\n<meta name=\"twitter:site\" content=\"@NBCSnoticias\" \/>\n<meta name=\"twitter:label1\" content=\"Escrito por\" \/>\n\t<meta name=\"twitter:data1\" content=\"NBCS Noticias\" \/>\n\t<meta name=\"twitter:label2\" content=\"Tiempo de lectura\" \/>\n\t<meta name=\"twitter:data2\" content=\"2 minutos\" \/>\n<script type=\"application\/ld+json\" class=\"yoast-schema-graph\">{\"@context\":\"https:\\\/\\\/schema.org\",\"@graph\":[{\"@type\":\"Article\",\"@id\":\"https:\\\/\\\/nbcs.mx\\\/?p=46495#article\",\"isPartOf\":{\"@id\":\"https:\\\/\\\/nbcs.mx\\\/?p=46495\"},\"author\":{\"name\":\"NBCS Noticias\",\"@id\":\"https:\\\/\\\/nbcs.mx\\\/#\\\/schema\\\/person\\\/ece58bab9a7c1e87a4d28ec9ecd79ff4\"},\"headline\":\"Festejan a las mamas y a los ni\u00f1os de Loreto por su d\u00eda\",\"datePublished\":\"2019-05-16T00:26:39+00:00\",\"mainEntityOfPage\":{\"@id\":\"https:\\\/\\\/nbcs.mx\\\/?p=46495\"},\"wordCount\":373,\"commentCount\":0,\"publisher\":{\"@id\":\"https:\\\/\\\/nbcs.mx\\\/#organization\"},\"image\":{\"@id\":\"https:\\\/\\\/nbcs.mx\\\/?p=46495#primaryimage\"},\"thumbnailUrl\":\"https:\\\/\\\/nbcs.mx\\\/wp-content\\\/uploads\\\/2019\\\/05\\\/FOTO-1-SEDIF-Y-DIF-LORETO-FESTEJARON-A-NI\u00d1OS-NI\u00d1AS-Y-MADRES-DE-FAMILIA..jpg\",\"articleSection\":[\"Municipios\"],\"inLanguage\":\"es\",\"potentialAction\":[{\"@type\":\"CommentAction\",\"name\":\"Comment\",\"target\":[\"https:\\\/\\\/nbcs.mx\\\/?p=46495#respond\"]}]},{\"@type\":\"WebPage\",\"@id\":\"https:\\\/\\\/nbcs.mx\\\/?p=46495\",\"url\":\"https:\\\/\\\/nbcs.mx\\\/?p=46495\",\"name\":\"Festejan a las mamas y a los ni\u00f1os de Loreto por su d\u00eda - NBCS Noticias\",\"isPartOf\":{\"@id\":\"https:\\\/\\\/nbcs.mx\\\/#website\"},\"primaryImageOfPage\":{\"@id\":\"https:\\\/\\\/nbcs.mx\\\/?p=46495#primaryimage\"},\"image\":{\"@id\":\"https:\\\/\\\/nbcs.mx\\\/?p=46495#primaryimage\"},\"thumbnailUrl\":\"https:\\\/\\\/nbcs.mx\\\/wp-content\\\/uploads\\\/2019\\\/05\\\/FOTO-1-SEDIF-Y-DIF-LORETO-FESTEJARON-A-NI\u00d1OS-NI\u00d1AS-Y-MADRES-DE-FAMILIA..jpg\",\"datePublished\":\"2019-05-16T00:26:39+00:00\",\"breadcrumb\":{\"@id\":\"https:\\\/\\\/nbcs.mx\\\/?p=46495#breadcrumb\"},\"inLanguage\":\"es\",\"potentialAction\":[{\"@type\":\"ReadAction\",\"target\":[\"https:\\\/\\\/nbcs.mx\\\/?p=46495\"]}]},{\"@type\":\"ImageObject\",\"inLanguage\":\"es\",\"@id\":\"https:\\\/\\\/nbcs.mx\\\/?p=46495#primaryimage\",\"url\":\"https:\\\/\\\/nbcs.mx\\\/wp-content\\\/uploads\\\/2019\\\/05\\\/FOTO-1-SEDIF-Y-DIF-LORETO-FESTEJARON-A-NI\u00d1OS-NI\u00d1AS-Y-MADRES-DE-FAMILIA..jpg\",\"contentUrl\":\"https:\\\/\\\/nbcs.mx\\\/wp-content\\\/uploads\\\/2019\\\/05\\\/FOTO-1-SEDIF-Y-DIF-LORETO-FESTEJARON-A-NI\u00d1OS-NI\u00d1AS-Y-MADRES-DE-FAMILIA..jpg\",\"width\":2592,\"height\":1728},{\"@type\":\"BreadcrumbList\",\"@id\":\"https:\\\/\\\/nbcs.mx\\\/?p=46495#breadcrumb\",\"itemListElement\":[{\"@type\":\"ListItem\",\"position\":1,\"name\":\"Portada\",\"item\":\"https:\\\/\\\/nbcs.mx\\\/\"},{\"@type\":\"ListItem\",\"position\":2,\"name\":\"Festejan a las mamas y a los ni\u00f1os de Loreto por su d\u00eda\"}]},{\"@type\":\"WebSite\",\"@id\":\"https:\\\/\\\/nbcs.mx\\\/#website\",\"url\":\"https:\\\/\\\/nbcs.mx\\\/\",\"name\":\"NBCS Noticias\",\"description\":\"Sitio web de noticias en Baja California Sur\",\"publisher\":{\"@id\":\"https:\\\/\\\/nbcs.mx\\\/#organization\"},\"potentialAction\":[{\"@type\":\"SearchAction\",\"target\":{\"@type\":\"EntryPoint\",\"urlTemplate\":\"https:\\\/\\\/nbcs.mx\\\/?s={search_term_string}\"},\"query-input\":{\"@type\":\"PropertyValueSpecification\",\"valueRequired\":true,\"valueName\":\"search_term_string\"}}],\"inLanguage\":\"es\"},{\"@type\":\"Organization\",\"@id\":\"https:\\\/\\\/nbcs.mx\\\/#organization\",\"name\":\"NBCS Noticias\",\"url\":\"https:\\\/\\\/nbcs.mx\\\/\",\"logo\":{\"@type\":\"ImageObject\",\"inLanguage\":\"es\",\"@id\":\"https:\\\/\\\/nbcs.mx\\\/#\\\/schema\\\/logo\\\/image\\\/\",\"url\":\"https:\\\/\\\/nbcs.mx\\\/wp-content\\\/uploads\\\/2018\\\/09\\\/057b69485e93575a5c2b1c1dde2dd297.jpeg\",\"contentUrl\":\"https:\\\/\\\/nbcs.mx\\\/wp-content\\\/uploads\\\/2018\\\/09\\\/057b69485e93575a5c2b1c1dde2dd297.jpeg\",\"width\":64,\"height\":64,\"caption\":\"NBCS Noticias\"},\"image\":{\"@id\":\"https:\\\/\\\/nbcs.mx\\\/#\\\/schema\\\/logo\\\/image\\\/\"},\"sameAs\":[\"https:\\\/\\\/www.facebook.com\\\/NBCSnoticias\",\"https:\\\/\\\/x.com\\\/NBCSnoticias\"]},{\"@type\":\"Person\",\"@id\":\"https:\\\/\\\/nbcs.mx\\\/#\\\/schema\\\/person\\\/ece58bab9a7c1e87a4d28ec9ecd79ff4\",\"name\":\"NBCS Noticias\",\"image\":{\"@type\":\"ImageObject\",\"inLanguage\":\"es\",\"@id\":\"https:\\\/\\\/secure.gravatar.com\\\/avatar\\\/4e52110cad1c4054b43271a0d14bbe9e2ea76aecd0e1097edfc670798d9ca1d4?s=96&d=blank&r=g\",\"url\":\"https:\\\/\\\/secure.gravatar.com\\\/avatar\\\/4e52110cad1c4054b43271a0d14bbe9e2ea76aecd0e1097edfc670798d9ca1d4?s=96&d=blank&r=g\",\"contentUrl\":\"https:\\\/\\\/secure.gravatar.com\\\/avatar\\\/4e52110cad1c4054b43271a0d14bbe9e2ea76aecd0e1097edfc670798d9ca1d4?s=96&d=blank&r=g\",\"caption\":\"NBCS Noticias\"},\"description\":\"\u00bfTienes fotos o video de alg\u00fan acto de posible negligencia, corrupci\u00f3n y abuso de autoridad? M\u00e1ndalo al WhatsApp de NBCS Noticias: 612 141 98 08\",\"sameAs\":[\"https:\\\/\\\/www.nbcs.mx\",\"https:\\\/\\\/www.facebook.com\\\/NBCSnoticias\",\"https:\\\/\\\/www.instagram.com\\\/nbcsnoticias\\\/\",\"https:\\\/\\\/x.com\\\/https:\\\/\\\/twitter.com\\\/NBCSnoticias\"]}]}<\/script>\n<!-- \/ Yoast SEO plugin. -->","yoast_head_json":{"title":"Festejan a las mamas y a los ni\u00f1os de Loreto por su d\u00eda - NBCS Noticias","robots":{"index":"index","follow":"follow","max-snippet":"max-snippet:-1","max-image-preview":"max-image-preview:large","max-video-preview":"max-video-preview:-1"},"canonical":"https:\/\/nbcs.mx\/?p=46495","og_locale":"es_ES","og_type":"article","og_title":"Festejan a las mamas y a los ni\u00f1os de Loreto por su d\u00eda - NBCS Noticias","og_description":"Loreto, Baja California Sur.- En un trabajo conjunto entre Sistema Estatal de DIF, que encabeza la Sr. Gabriela Vel\u00e1zquez de","og_url":"https:\/\/nbcs.mx\/?p=46495","og_site_name":"NBCS Noticias","article_publisher":"https:\/\/www.facebook.com\/NBCSnoticias","article_author":"https:\/\/www.facebook.com\/NBCSnoticias","article_published_time":"2019-05-16T00:26:39+00:00","og_image":[{"width":2592,"height":1728,"url":"https:\/\/nbcs.mx\/wp-content\/uploads\/2019\/05\/FOTO-1-SEDIF-Y-DIF-LORETO-FESTEJARON-A-NI\u00d1OS-NI\u00d1AS-Y-MADRES-DE-FAMILIA..jpg","type":"image\/jpeg"}],"author":"NBCS Noticias","twitter_card":"summary_large_image","twitter_creator":"@https:\/\/twitter.com\/NBCSnoticias","twitter_site":"@NBCSnoticias","twitter_misc":{"Escrito por":"NBCS Noticias","Tiempo de lectura":"2 minutos"},"schema":{"@context":"https:\/\/schema.org","@graph":[{"@type":"Article","@id":"https:\/\/nbcs.mx\/?p=46495#article","isPartOf":{"@id":"https:\/\/nbcs.mx\/?p=46495"},"author":{"name":"NBCS Noticias","@id":"https:\/\/nbcs.mx\/#\/schema\/person\/ece58bab9a7c1e87a4d28ec9ecd79ff4"},"headline":"Festejan a las mamas y a los ni\u00f1os de Loreto por su d\u00eda","datePublished":"2019-05-16T00:26:39+00:00","mainEntityOfPage":{"@id":"https:\/\/nbcs.mx\/?p=46495"},"wordCount":373,"commentCount":0,"publisher":{"@id":"https:\/\/nbcs.mx\/#organization"},"image":{"@id":"https:\/\/nbcs.mx\/?p=46495#primaryimage"},"thumbnailUrl":"https:\/\/nbcs.mx\/wp-content\/uploads\/2019\/05\/FOTO-1-SEDIF-Y-DIF-LORETO-FESTEJARON-A-NI\u00d1OS-NI\u00d1AS-Y-MADRES-DE-FAMILIA..jpg","articleSection":["Municipios"],"inLanguage":"es","potentialAction":[{"@type":"CommentAction","name":"Comment","target":["https:\/\/nbcs.mx\/?p=46495#respond"]}]},{"@type":"WebPage","@id":"https:\/\/nbcs.mx\/?p=46495","url":"https:\/\/nbcs.mx\/?p=46495","name":"Festejan a las mamas y a los ni\u00f1os de Loreto por su d\u00eda - NBCS Noticias","isPartOf":{"@id":"https:\/\/nbcs.mx\/#website"},"primaryImageOfPage":{"@id":"https:\/\/nbcs.mx\/?p=46495#primaryimage"},"image":{"@id":"https:\/\/nbcs.mx\/?p=46495#primaryimage"},"thumbnailUrl":"https:\/\/nbcs.mx\/wp-content\/uploads\/2019\/05\/FOTO-1-SEDIF-Y-DIF-LORETO-FESTEJARON-A-NI\u00d1OS-NI\u00d1AS-Y-MADRES-DE-FAMILIA..jpg","datePublished":"2019-05-16T00:26:39+00:00","breadcrumb":{"@id":"https:\/\/nbcs.mx\/?p=46495#breadcrumb"},"inLanguage":"es","potentialAction":[{"@type":"ReadAction","target":["https:\/\/nbcs.mx\/?p=46495"]}]},{"@type":"ImageObject","inLanguage":"es","@id":"https:\/\/nbcs.mx\/?p=46495#primaryimage","url":"https:\/\/nbcs.mx\/wp-content\/uploads\/2019\/05\/FOTO-1-SEDIF-Y-DIF-LORETO-FESTEJARON-A-NI\u00d1OS-NI\u00d1AS-Y-MADRES-DE-FAMILIA..jpg","contentUrl":"https:\/\/nbcs.mx\/wp-content\/uploads\/2019\/05\/FOTO-1-SEDIF-Y-DIF-LORETO-FESTEJARON-A-NI\u00d1OS-NI\u00d1AS-Y-MADRES-DE-FAMILIA..jpg","width":2592,"height":1728},{"@type":"BreadcrumbList","@id":"https:\/\/nbcs.mx\/?p=46495#breadcrumb","itemListElement":[{"@type":"ListItem","position":1,"name":"Portada","item":"https:\/\/nbcs.mx\/"},{"@type":"ListItem","position":2,"name":"Festejan a las mamas y a los ni\u00f1os de Loreto por su d\u00eda"}]},{"@type":"WebSite","@id":"https:\/\/nbcs.mx\/#website","url":"https:\/\/nbcs.mx\/","name":"NBCS Noticias","description":"Sitio web de noticias en Baja California Sur","publisher":{"@id":"https:\/\/nbcs.mx\/#organization"},"potentialAction":[{"@type":"SearchAction","target":{"@type":"EntryPoint","urlTemplate":"https:\/\/nbcs.mx\/?s={search_term_string}"},"query-input":{"@type":"PropertyValueSpecification","valueRequired":true,"valueName":"search_term_string"}}],"inLanguage":"es"},{"@type":"Organization","@id":"https:\/\/nbcs.mx\/#organization","name":"NBCS Noticias","url":"https:\/\/nbcs.mx\/","logo":{"@type":"ImageObject","inLanguage":"es","@id":"https:\/\/nbcs.mx\/#\/schema\/logo\/image\/","url":"https:\/\/nbcs.mx\/wp-content\/uploads\/2018\/09\/057b69485e93575a5c2b1c1dde2dd297.jpeg","contentUrl":"https:\/\/nbcs.mx\/wp-content\/uploads\/2018\/09\/057b69485e93575a5c2b1c1dde2dd297.jpeg","width":64,"height":64,"caption":"NBCS Noticias"},"image":{"@id":"https:\/\/nbcs.mx\/#\/schema\/logo\/image\/"},"sameAs":["https:\/\/www.facebook.com\/NBCSnoticias","https:\/\/x.com\/NBCSnoticias"]},{"@type":"Person","@id":"https:\/\/nbcs.mx\/#\/schema\/person\/ece58bab9a7c1e87a4d28ec9ecd79ff4","name":"NBCS Noticias","image":{"@type":"ImageObject","inLanguage":"es","@id":"https:\/\/secure.gravatar.com\/avatar\/4e52110cad1c4054b43271a0d14bbe9e2ea76aecd0e1097edfc670798d9ca1d4?s=96&d=blank&r=g","url":"https:\/\/secure.gravatar.com\/avatar\/4e52110cad1c4054b43271a0d14bbe9e2ea76aecd0e1097edfc670798d9ca1d4?s=96&d=blank&r=g","contentUrl":"https:\/\/secure.gravatar.com\/avatar\/4e52110cad1c4054b43271a0d14bbe9e2ea76aecd0e1097edfc670798d9ca1d4?s=96&d=blank&r=g","caption":"NBCS Noticias"},"description":"\u00bfTienes fotos o video de alg\u00fan acto de posible negligencia, corrupci\u00f3n y abuso de autoridad? M\u00e1ndalo al WhatsApp de NBCS Noticias: 612 141 98 08","sameAs":["https:\/\/www.nbcs.mx","https:\/\/www.facebook.com\/NBCSnoticias","https:\/\/www.instagram.com\/nbcsnoticias\/","https:\/\/x.com\/https:\/\/twitter.com\/NBCSnoticias"]}]}},"jetpack_publicize_connections":[],"jetpack_sharing_enabled":true,"jetpack_featured_media_url":"https:\/\/nbcs.mx\/wp-content\/uploads\/2019\/05\/FOTO-1-SEDIF-Y-DIF-LORETO-FESTEJARON-A-NI\u00d1OS-NI\u00d1AS-Y-MADRES-DE-FAMILIA..jpg","_links":{"self":[{"href":"https:\/\/nbcs.mx\/index.php?rest_route=\/wp\/v2\/posts\/46495","targetHints":{"allow":["GET"]}}],"collection":[{"href":"https:\/\/nbcs.mx\/index.php?rest_route=\/wp\/v2\/posts"}],"about":[{"href":"https:\/\/nbcs.mx\/index.php?rest_route=\/wp\/v2\/types\/post"}],"author":[{"embeddable":true,"href":"https:\/\/nbcs.mx\/index.php?rest_route=\/wp\/v2\/users\/1"}],"replies":[{"embeddable":true,"href":"https:\/\/nbcs.mx\/index.php?rest_route=%2Fwp%2Fv2%2Fcomments&post=46495"}],"version-history":[{"count":1,"href":"https:\/\/nbcs.mx\/index.php?rest_route=\/wp\/v2\/posts\/46495\/revisions"}],"predecessor-version":[{"id":46498,"href":"https:\/\/nbcs.mx\/index.php?rest_route=\/wp\/v2\/posts\/46495\/revisions\/46498"}],"wp:featuredmedia":[{"embeddable":true,"href":"https:\/\/nbcs.mx\/index.php?rest_route=\/wp\/v2\/media\/46496"}],"wp:attachment":[{"href":"https:\/\/nbcs.mx\/index.php?rest_route=%2Fwp%2Fv2%2Fmedia&parent=46495"}],"wp:term":[{"taxonomy":"category","embeddable":true,"href":"https:\/\/nbcs.mx\/index.php?rest_route=%2Fwp%2Fv2%2Fcategories&post=46495"},{"taxonomy":"post_tag","embeddable":true,"href":"https:\/\/nbcs.mx\/index.php?rest_route=%2Fwp%2Fv2%2Ftags&post=46495"}],"curies":[{"name":"wp","href":"https:\/\/api.w.org\/{rel}","templated":true}]}}