{"id":47482,"date":"2019-05-31T10:12:11","date_gmt":"2019-05-31T16:12:11","guid":{"rendered":"https:\/\/nbcs.mx\/?p=47482"},"modified":"2019-05-31T10:12:28","modified_gmt":"2019-05-31T16:12:28","slug":"se-reunen-gobernadores-de-accion-nacional-con-amlo","status":"publish","type":"post","link":"https:\/\/nbcs.mx\/?p=47482","title":{"rendered":"Se re\u00fanen gobernadores de Acci\u00f3n Nacional con AMLO"},"content":{"rendered":"<p style=\"text-align: justify;\">Ciudad de M\u00e9xico.- En Baja California Sur estamos a favor de generar una alianza por la concordia y la prosperidad, adem\u00e1s de fijar una agenda en donde la prioridad sea trabajar por la seguridad, por el crecimiento econ\u00f3mico, por la generaci\u00f3n de empleo y por la lucha contra la corrupci\u00f3n y la pobreza, se\u00f1al\u00f3 el gobernador Carlos Mendoza Davis luego de participar, junto con los gobernadores emanados del Partido Acci\u00f3n Nacional, en un encuentro de trabajo con el presidente de la Rep\u00fablica, Andr\u00e9s Manuel L\u00f3pez Obrador en Palacio Nacional.<\/p>\n<p style=\"text-align: justify;\"><img loading=\"lazy\" decoding=\"async\" class=\"size-medium wp-image-47484 aligncenter\" src=\"https:\/\/nbcs.mx\/wp-content\/uploads\/2019\/05\/PRINCIPAL-CMD_GOBERNADORES-2-755x473.jpeg\" alt=\"\" width=\"755\" height=\"473\" srcset=\"https:\/\/nbcs.mx\/wp-content\/uploads\/2019\/05\/PRINCIPAL-CMD_GOBERNADORES-2-755x473.jpeg 755w, https:\/\/nbcs.mx\/wp-content\/uploads\/2019\/05\/PRINCIPAL-CMD_GOBERNADORES-2-150x94.jpeg 150w, https:\/\/nbcs.mx\/wp-content\/uploads\/2019\/05\/PRINCIPAL-CMD_GOBERNADORES-2-768x482.jpeg 768w, https:\/\/nbcs.mx\/wp-content\/uploads\/2019\/05\/PRINCIPAL-CMD_GOBERNADORES-2.jpeg 1024w, https:\/\/nbcs.mx\/wp-content\/uploads\/2019\/05\/PRINCIPAL-CMD_GOBERNADORES-2-600x376.jpeg 600w\" sizes=\"auto, (max-width: 755px) 100vw, 755px\" \/><\/p>\n<p style=\"text-align: justify;\">\u201cEstamos de acuerdo en generar una alianza entre el gobierno federal y los gobiernos estatales, pero es necesario integrar al sector privado y a las representaciones de los trabajadores, a las federaciones de sindicatos, de manera que todos trabajemos por el bien de Baja California Sur y del pa\u00eds\u201d, se\u00f1al\u00f3 Mendoza Davis.<\/p>\n<p style=\"text-align: justify;\">Durante este encuentro, el mandatario sudcaliforniano plante\u00f3 de manera puntual la necesidad de llevar a cabo obras de un amplio impacto social, como la planta desalinizadora de agua para el municipio de Los Cabos, el libramiento carretero sur y los puentes faltantes sobre el boulevard Forjadores en la ciudad de La Paz, entre otras acciones de importancia para Baja California Sur.<\/p>\n<p style=\"text-align: justify;\">Mendoza Davis coment\u00f3 la solicitud y disposici\u00f3n del presidente de la Rep\u00fablica para trabajar unidos y mejorar los servicios educativos en el pa\u00eds y la atenci\u00f3n a la salud.<\/p>\n<p style=\"text-align: justify;\"><img loading=\"lazy\" decoding=\"async\" class=\"size-medium wp-image-47483 aligncenter\" src=\"https:\/\/nbcs.mx\/wp-content\/uploads\/2019\/05\/PRINCIPAL-CMD_GOBERNADORES-1-656x492.jpeg\" alt=\"\" width=\"656\" height=\"492\" srcset=\"https:\/\/nbcs.mx\/wp-content\/uploads\/2019\/05\/PRINCIPAL-CMD_GOBERNADORES-1-656x492.jpeg 656w, https:\/\/nbcs.mx\/wp-content\/uploads\/2019\/05\/PRINCIPAL-CMD_GOBERNADORES-1-150x113.jpeg 150w, https:\/\/nbcs.mx\/wp-content\/uploads\/2019\/05\/PRINCIPAL-CMD_GOBERNADORES-1-768x576.jpeg 768w, https:\/\/nbcs.mx\/wp-content\/uploads\/2019\/05\/PRINCIPAL-CMD_GOBERNADORES-1.jpeg 1024w, https:\/\/nbcs.mx\/wp-content\/uploads\/2019\/05\/PRINCIPAL-CMD_GOBERNADORES-1-600x450.jpeg 600w\" sizes=\"auto, (max-width: 656px) 100vw, 656px\" \/>Luego de expresar su benepl\u00e1cito por este encuentro, L\u00f3pez Obrador reconoci\u00f3 que los estados gobernados por Acci\u00f3n Nacional sobresalen en sus resultados de crecimiento econ\u00f3mico y generaci\u00f3n de empleos, algo que debe buscar replicarse en el resto de las entidades del pa\u00eds.<\/p>\n<p style=\"text-align: justify;\">Respecto a las propuestas locales, el gobernador Mendoza Davis destac\u00f3 lo receptivo que se mostr\u00f3 el presidente, por lo que confi\u00f3 en que podr\u00edan darse resultados satisfactorios para continuar impulsando m\u00e1s y mejor infraestructura en los cinco municipios de la entidad.<\/p>\n","protected":false},"excerpt":{"rendered":"<p>Ciudad de M\u00e9xico.- En Baja California Sur estamos a favor de generar una alianza por la concordia y la prosperidad,<\/p>\n","protected":false},"author":1,"featured_media":47483,"comment_status":"open","ping_status":"closed","sticky":false,"template":"","format":"standard","meta":{"colormag_page_container_layout":"default_layout","colormag_page_sidebar_layout":"default_layout","_jetpack_memberships_contains_paid_content":false,"footnotes":"","jetpack_publicize_message":"","jetpack_publicize_feature_enabled":true,"jetpack_social_post_already_shared":false,"jetpack_social_options":{"image_generator_settings":{"template":"highway","default_image_id":0,"font":"","enabled":false},"version":2}},"categories":[1],"tags":[],"class_list":["post-47482","post","type-post","status-publish","format-standard","has-post-thumbnail","hentry","category-noticias"],"yoast_head":"<!-- This site is optimized with the Yoast SEO plugin v27.5 - https:\/\/yoast.com\/product\/yoast-seo-wordpress\/ -->\n<title>Se re\u00fanen gobernadores de Acci\u00f3n Nacional con AMLO - NBCS Noticias<\/title>\n<meta name=\"robots\" content=\"index, follow, max-snippet:-1, max-image-preview:large, max-video-preview:-1\" \/>\n<link rel=\"canonical\" href=\"https:\/\/nbcs.mx\/?p=47482\" \/>\n<meta property=\"og:locale\" content=\"es_ES\" \/>\n<meta property=\"og:type\" content=\"article\" \/>\n<meta property=\"og:title\" content=\"Se re\u00fanen gobernadores de Acci\u00f3n Nacional con AMLO - NBCS Noticias\" \/>\n<meta property=\"og:description\" content=\"Ciudad de M\u00e9xico.- En Baja California Sur estamos a favor de generar una alianza por la concordia y la prosperidad,\" \/>\n<meta property=\"og:url\" content=\"https:\/\/nbcs.mx\/?p=47482\" \/>\n<meta property=\"og:site_name\" content=\"NBCS Noticias\" \/>\n<meta property=\"article:publisher\" content=\"https:\/\/www.facebook.com\/NBCSnoticias\" \/>\n<meta property=\"article:author\" content=\"https:\/\/www.facebook.com\/NBCSnoticias\" \/>\n<meta property=\"article:published_time\" content=\"2019-05-31T16:12:11+00:00\" \/>\n<meta property=\"article:modified_time\" content=\"2019-05-31T16:12:28+00:00\" \/>\n<meta property=\"og:image\" content=\"https:\/\/nbcs.mx\/wp-content\/uploads\/2019\/05\/PRINCIPAL-CMD_GOBERNADORES-1.jpeg\" \/>\n\t<meta property=\"og:image:width\" content=\"1024\" \/>\n\t<meta property=\"og:image:height\" content=\"768\" \/>\n\t<meta property=\"og:image:type\" content=\"image\/jpeg\" \/>\n<meta name=\"author\" content=\"NBCS Noticias\" \/>\n<meta name=\"twitter:card\" content=\"summary_large_image\" \/>\n<meta name=\"twitter:creator\" content=\"@https:\/\/twitter.com\/NBCSnoticias\" \/>\n<meta name=\"twitter:site\" content=\"@NBCSnoticias\" \/>\n<meta name=\"twitter:label1\" content=\"Escrito por\" \/>\n\t<meta name=\"twitter:data1\" content=\"NBCS Noticias\" \/>\n\t<meta name=\"twitter:label2\" content=\"Tiempo de lectura\" \/>\n\t<meta name=\"twitter:data2\" content=\"2 minutos\" \/>\n<script type=\"application\/ld+json\" class=\"yoast-schema-graph\">{\"@context\":\"https:\\\/\\\/schema.org\",\"@graph\":[{\"@type\":\"Article\",\"@id\":\"https:\\\/\\\/nbcs.mx\\\/?p=47482#article\",\"isPartOf\":{\"@id\":\"https:\\\/\\\/nbcs.mx\\\/?p=47482\"},\"author\":{\"name\":\"NBCS Noticias\",\"@id\":\"https:\\\/\\\/nbcs.mx\\\/#\\\/schema\\\/person\\\/ece58bab9a7c1e87a4d28ec9ecd79ff4\"},\"headline\":\"Se re\u00fanen gobernadores de Acci\u00f3n Nacional con AMLO\",\"datePublished\":\"2019-05-31T16:12:11+00:00\",\"dateModified\":\"2019-05-31T16:12:28+00:00\",\"mainEntityOfPage\":{\"@id\":\"https:\\\/\\\/nbcs.mx\\\/?p=47482\"},\"wordCount\":349,\"commentCount\":0,\"publisher\":{\"@id\":\"https:\\\/\\\/nbcs.mx\\\/#organization\"},\"image\":{\"@id\":\"https:\\\/\\\/nbcs.mx\\\/?p=47482#primaryimage\"},\"thumbnailUrl\":\"https:\\\/\\\/nbcs.mx\\\/wp-content\\\/uploads\\\/2019\\\/05\\\/PRINCIPAL-CMD_GOBERNADORES-1.jpeg\",\"articleSection\":[\"Noticias\"],\"inLanguage\":\"es\",\"potentialAction\":[{\"@type\":\"CommentAction\",\"name\":\"Comment\",\"target\":[\"https:\\\/\\\/nbcs.mx\\\/?p=47482#respond\"]}]},{\"@type\":\"WebPage\",\"@id\":\"https:\\\/\\\/nbcs.mx\\\/?p=47482\",\"url\":\"https:\\\/\\\/nbcs.mx\\\/?p=47482\",\"name\":\"Se re\u00fanen gobernadores de Acci\u00f3n Nacional con AMLO - NBCS Noticias\",\"isPartOf\":{\"@id\":\"https:\\\/\\\/nbcs.mx\\\/#website\"},\"primaryImageOfPage\":{\"@id\":\"https:\\\/\\\/nbcs.mx\\\/?p=47482#primaryimage\"},\"image\":{\"@id\":\"https:\\\/\\\/nbcs.mx\\\/?p=47482#primaryimage\"},\"thumbnailUrl\":\"https:\\\/\\\/nbcs.mx\\\/wp-content\\\/uploads\\\/2019\\\/05\\\/PRINCIPAL-CMD_GOBERNADORES-1.jpeg\",\"datePublished\":\"2019-05-31T16:12:11+00:00\",\"dateModified\":\"2019-05-31T16:12:28+00:00\",\"breadcrumb\":{\"@id\":\"https:\\\/\\\/nbcs.mx\\\/?p=47482#breadcrumb\"},\"inLanguage\":\"es\",\"potentialAction\":[{\"@type\":\"ReadAction\",\"target\":[\"https:\\\/\\\/nbcs.mx\\\/?p=47482\"]}]},{\"@type\":\"ImageObject\",\"inLanguage\":\"es\",\"@id\":\"https:\\\/\\\/nbcs.mx\\\/?p=47482#primaryimage\",\"url\":\"https:\\\/\\\/nbcs.mx\\\/wp-content\\\/uploads\\\/2019\\\/05\\\/PRINCIPAL-CMD_GOBERNADORES-1.jpeg\",\"contentUrl\":\"https:\\\/\\\/nbcs.mx\\\/wp-content\\\/uploads\\\/2019\\\/05\\\/PRINCIPAL-CMD_GOBERNADORES-1.jpeg\",\"width\":1024,\"height\":768},{\"@type\":\"BreadcrumbList\",\"@id\":\"https:\\\/\\\/nbcs.mx\\\/?p=47482#breadcrumb\",\"itemListElement\":[{\"@type\":\"ListItem\",\"position\":1,\"name\":\"Portada\",\"item\":\"https:\\\/\\\/nbcs.mx\\\/\"},{\"@type\":\"ListItem\",\"position\":2,\"name\":\"Se re\u00fanen gobernadores de Acci\u00f3n Nacional con AMLO\"}]},{\"@type\":\"WebSite\",\"@id\":\"https:\\\/\\\/nbcs.mx\\\/#website\",\"url\":\"https:\\\/\\\/nbcs.mx\\\/\",\"name\":\"NBCS Noticias\",\"description\":\"Sitio web de noticias en Baja California Sur\",\"publisher\":{\"@id\":\"https:\\\/\\\/nbcs.mx\\\/#organization\"},\"potentialAction\":[{\"@type\":\"SearchAction\",\"target\":{\"@type\":\"EntryPoint\",\"urlTemplate\":\"https:\\\/\\\/nbcs.mx\\\/?s={search_term_string}\"},\"query-input\":{\"@type\":\"PropertyValueSpecification\",\"valueRequired\":true,\"valueName\":\"search_term_string\"}}],\"inLanguage\":\"es\"},{\"@type\":\"Organization\",\"@id\":\"https:\\\/\\\/nbcs.mx\\\/#organization\",\"name\":\"NBCS Noticias\",\"url\":\"https:\\\/\\\/nbcs.mx\\\/\",\"logo\":{\"@type\":\"ImageObject\",\"inLanguage\":\"es\",\"@id\":\"https:\\\/\\\/nbcs.mx\\\/#\\\/schema\\\/logo\\\/image\\\/\",\"url\":\"https:\\\/\\\/nbcs.mx\\\/wp-content\\\/uploads\\\/2018\\\/09\\\/057b69485e93575a5c2b1c1dde2dd297.jpeg\",\"contentUrl\":\"https:\\\/\\\/nbcs.mx\\\/wp-content\\\/uploads\\\/2018\\\/09\\\/057b69485e93575a5c2b1c1dde2dd297.jpeg\",\"width\":64,\"height\":64,\"caption\":\"NBCS Noticias\"},\"image\":{\"@id\":\"https:\\\/\\\/nbcs.mx\\\/#\\\/schema\\\/logo\\\/image\\\/\"},\"sameAs\":[\"https:\\\/\\\/www.facebook.com\\\/NBCSnoticias\",\"https:\\\/\\\/x.com\\\/NBCSnoticias\"]},{\"@type\":\"Person\",\"@id\":\"https:\\\/\\\/nbcs.mx\\\/#\\\/schema\\\/person\\\/ece58bab9a7c1e87a4d28ec9ecd79ff4\",\"name\":\"NBCS Noticias\",\"image\":{\"@type\":\"ImageObject\",\"inLanguage\":\"es\",\"@id\":\"https:\\\/\\\/secure.gravatar.com\\\/avatar\\\/4e52110cad1c4054b43271a0d14bbe9e2ea76aecd0e1097edfc670798d9ca1d4?s=96&d=blank&r=g\",\"url\":\"https:\\\/\\\/secure.gravatar.com\\\/avatar\\\/4e52110cad1c4054b43271a0d14bbe9e2ea76aecd0e1097edfc670798d9ca1d4?s=96&d=blank&r=g\",\"contentUrl\":\"https:\\\/\\\/secure.gravatar.com\\\/avatar\\\/4e52110cad1c4054b43271a0d14bbe9e2ea76aecd0e1097edfc670798d9ca1d4?s=96&d=blank&r=g\",\"caption\":\"NBCS Noticias\"},\"description\":\"\u00bfTienes fotos o video de alg\u00fan acto de posible negligencia, corrupci\u00f3n y abuso de autoridad? M\u00e1ndalo al WhatsApp de NBCS Noticias: 612 141 98 08\",\"sameAs\":[\"https:\\\/\\\/www.nbcs.mx\",\"https:\\\/\\\/www.facebook.com\\\/NBCSnoticias\",\"https:\\\/\\\/www.instagram.com\\\/nbcsnoticias\\\/\",\"https:\\\/\\\/x.com\\\/https:\\\/\\\/twitter.com\\\/NBCSnoticias\"]}]}<\/script>\n<!-- \/ Yoast SEO plugin. -->","yoast_head_json":{"title":"Se re\u00fanen gobernadores de Acci\u00f3n Nacional con AMLO - NBCS Noticias","robots":{"index":"index","follow":"follow","max-snippet":"max-snippet:-1","max-image-preview":"max-image-preview:large","max-video-preview":"max-video-preview:-1"},"canonical":"https:\/\/nbcs.mx\/?p=47482","og_locale":"es_ES","og_type":"article","og_title":"Se re\u00fanen gobernadores de Acci\u00f3n Nacional con AMLO - NBCS Noticias","og_description":"Ciudad de M\u00e9xico.- En Baja California Sur estamos a favor de generar una alianza por la concordia y la prosperidad,","og_url":"https:\/\/nbcs.mx\/?p=47482","og_site_name":"NBCS Noticias","article_publisher":"https:\/\/www.facebook.com\/NBCSnoticias","article_author":"https:\/\/www.facebook.com\/NBCSnoticias","article_published_time":"2019-05-31T16:12:11+00:00","article_modified_time":"2019-05-31T16:12:28+00:00","og_image":[{"width":1024,"height":768,"url":"https:\/\/nbcs.mx\/wp-content\/uploads\/2019\/05\/PRINCIPAL-CMD_GOBERNADORES-1.jpeg","type":"image\/jpeg"}],"author":"NBCS Noticias","twitter_card":"summary_large_image","twitter_creator":"@https:\/\/twitter.com\/NBCSnoticias","twitter_site":"@NBCSnoticias","twitter_misc":{"Escrito por":"NBCS Noticias","Tiempo de lectura":"2 minutos"},"schema":{"@context":"https:\/\/schema.org","@graph":[{"@type":"Article","@id":"https:\/\/nbcs.mx\/?p=47482#article","isPartOf":{"@id":"https:\/\/nbcs.mx\/?p=47482"},"author":{"name":"NBCS Noticias","@id":"https:\/\/nbcs.mx\/#\/schema\/person\/ece58bab9a7c1e87a4d28ec9ecd79ff4"},"headline":"Se re\u00fanen gobernadores de Acci\u00f3n Nacional con AMLO","datePublished":"2019-05-31T16:12:11+00:00","dateModified":"2019-05-31T16:12:28+00:00","mainEntityOfPage":{"@id":"https:\/\/nbcs.mx\/?p=47482"},"wordCount":349,"commentCount":0,"publisher":{"@id":"https:\/\/nbcs.mx\/#organization"},"image":{"@id":"https:\/\/nbcs.mx\/?p=47482#primaryimage"},"thumbnailUrl":"https:\/\/nbcs.mx\/wp-content\/uploads\/2019\/05\/PRINCIPAL-CMD_GOBERNADORES-1.jpeg","articleSection":["Noticias"],"inLanguage":"es","potentialAction":[{"@type":"CommentAction","name":"Comment","target":["https:\/\/nbcs.mx\/?p=47482#respond"]}]},{"@type":"WebPage","@id":"https:\/\/nbcs.mx\/?p=47482","url":"https:\/\/nbcs.mx\/?p=47482","name":"Se re\u00fanen gobernadores de Acci\u00f3n Nacional con AMLO - NBCS Noticias","isPartOf":{"@id":"https:\/\/nbcs.mx\/#website"},"primaryImageOfPage":{"@id":"https:\/\/nbcs.mx\/?p=47482#primaryimage"},"image":{"@id":"https:\/\/nbcs.mx\/?p=47482#primaryimage"},"thumbnailUrl":"https:\/\/nbcs.mx\/wp-content\/uploads\/2019\/05\/PRINCIPAL-CMD_GOBERNADORES-1.jpeg","datePublished":"2019-05-31T16:12:11+00:00","dateModified":"2019-05-31T16:12:28+00:00","breadcrumb":{"@id":"https:\/\/nbcs.mx\/?p=47482#breadcrumb"},"inLanguage":"es","potentialAction":[{"@type":"ReadAction","target":["https:\/\/nbcs.mx\/?p=47482"]}]},{"@type":"ImageObject","inLanguage":"es","@id":"https:\/\/nbcs.mx\/?p=47482#primaryimage","url":"https:\/\/nbcs.mx\/wp-content\/uploads\/2019\/05\/PRINCIPAL-CMD_GOBERNADORES-1.jpeg","contentUrl":"https:\/\/nbcs.mx\/wp-content\/uploads\/2019\/05\/PRINCIPAL-CMD_GOBERNADORES-1.jpeg","width":1024,"height":768},{"@type":"BreadcrumbList","@id":"https:\/\/nbcs.mx\/?p=47482#breadcrumb","itemListElement":[{"@type":"ListItem","position":1,"name":"Portada","item":"https:\/\/nbcs.mx\/"},{"@type":"ListItem","position":2,"name":"Se re\u00fanen gobernadores de Acci\u00f3n Nacional con AMLO"}]},{"@type":"WebSite","@id":"https:\/\/nbcs.mx\/#website","url":"https:\/\/nbcs.mx\/","name":"NBCS Noticias","description":"Sitio web de noticias en Baja California Sur","publisher":{"@id":"https:\/\/nbcs.mx\/#organization"},"potentialAction":[{"@type":"SearchAction","target":{"@type":"EntryPoint","urlTemplate":"https:\/\/nbcs.mx\/?s={search_term_string}"},"query-input":{"@type":"PropertyValueSpecification","valueRequired":true,"valueName":"search_term_string"}}],"inLanguage":"es"},{"@type":"Organization","@id":"https:\/\/nbcs.mx\/#organization","name":"NBCS Noticias","url":"https:\/\/nbcs.mx\/","logo":{"@type":"ImageObject","inLanguage":"es","@id":"https:\/\/nbcs.mx\/#\/schema\/logo\/image\/","url":"https:\/\/nbcs.mx\/wp-content\/uploads\/2018\/09\/057b69485e93575a5c2b1c1dde2dd297.jpeg","contentUrl":"https:\/\/nbcs.mx\/wp-content\/uploads\/2018\/09\/057b69485e93575a5c2b1c1dde2dd297.jpeg","width":64,"height":64,"caption":"NBCS Noticias"},"image":{"@id":"https:\/\/nbcs.mx\/#\/schema\/logo\/image\/"},"sameAs":["https:\/\/www.facebook.com\/NBCSnoticias","https:\/\/x.com\/NBCSnoticias"]},{"@type":"Person","@id":"https:\/\/nbcs.mx\/#\/schema\/person\/ece58bab9a7c1e87a4d28ec9ecd79ff4","name":"NBCS Noticias","image":{"@type":"ImageObject","inLanguage":"es","@id":"https:\/\/secure.gravatar.com\/avatar\/4e52110cad1c4054b43271a0d14bbe9e2ea76aecd0e1097edfc670798d9ca1d4?s=96&d=blank&r=g","url":"https:\/\/secure.gravatar.com\/avatar\/4e52110cad1c4054b43271a0d14bbe9e2ea76aecd0e1097edfc670798d9ca1d4?s=96&d=blank&r=g","contentUrl":"https:\/\/secure.gravatar.com\/avatar\/4e52110cad1c4054b43271a0d14bbe9e2ea76aecd0e1097edfc670798d9ca1d4?s=96&d=blank&r=g","caption":"NBCS Noticias"},"description":"\u00bfTienes fotos o video de alg\u00fan acto de posible negligencia, corrupci\u00f3n y abuso de autoridad? M\u00e1ndalo al WhatsApp de NBCS Noticias: 612 141 98 08","sameAs":["https:\/\/www.nbcs.mx","https:\/\/www.facebook.com\/NBCSnoticias","https:\/\/www.instagram.com\/nbcsnoticias\/","https:\/\/x.com\/https:\/\/twitter.com\/NBCSnoticias"]}]}},"jetpack_publicize_connections":[],"jetpack_featured_media_url":"https:\/\/nbcs.mx\/wp-content\/uploads\/2019\/05\/PRINCIPAL-CMD_GOBERNADORES-1.jpeg","jetpack_sharing_enabled":true,"_links":{"self":[{"href":"https:\/\/nbcs.mx\/index.php?rest_route=\/wp\/v2\/posts\/47482","targetHints":{"allow":["GET"]}}],"collection":[{"href":"https:\/\/nbcs.mx\/index.php?rest_route=\/wp\/v2\/posts"}],"about":[{"href":"https:\/\/nbcs.mx\/index.php?rest_route=\/wp\/v2\/types\/post"}],"author":[{"embeddable":true,"href":"https:\/\/nbcs.mx\/index.php?rest_route=\/wp\/v2\/users\/1"}],"replies":[{"embeddable":true,"href":"https:\/\/nbcs.mx\/index.php?rest_route=%2Fwp%2Fv2%2Fcomments&post=47482"}],"version-history":[{"count":2,"href":"https:\/\/nbcs.mx\/index.php?rest_route=\/wp\/v2\/posts\/47482\/revisions"}],"predecessor-version":[{"id":47486,"href":"https:\/\/nbcs.mx\/index.php?rest_route=\/wp\/v2\/posts\/47482\/revisions\/47486"}],"wp:featuredmedia":[{"embeddable":true,"href":"https:\/\/nbcs.mx\/index.php?rest_route=\/wp\/v2\/media\/47483"}],"wp:attachment":[{"href":"https:\/\/nbcs.mx\/index.php?rest_route=%2Fwp%2Fv2%2Fmedia&parent=47482"}],"wp:term":[{"taxonomy":"category","embeddable":true,"href":"https:\/\/nbcs.mx\/index.php?rest_route=%2Fwp%2Fv2%2Fcategories&post=47482"},{"taxonomy":"post_tag","embeddable":true,"href":"https:\/\/nbcs.mx\/index.php?rest_route=%2Fwp%2Fv2%2Ftags&post=47482"}],"curies":[{"name":"wp","href":"https:\/\/api.w.org\/{rel}","templated":true}]}}