{"id":47596,"date":"2019-06-02T17:27:23","date_gmt":"2019-06-02T23:27:23","guid":{"rendered":"https:\/\/nbcs.mx\/?p=47596"},"modified":"2019-06-02T17:27:23","modified_gmt":"2019-06-02T23:27:23","slug":"culmina-remo-con-5-medallas-para-bcs-en-la-olimpiada-nacional","status":"publish","type":"post","link":"https:\/\/nbcs.mx\/?p=47596","title":{"rendered":"Culmina Remo con 5 medallas para BCS en la Olimpiada Nacional"},"content":{"rendered":"<p style=\"text-align: justify;\">La Paz, Baja California Sur.- Este domingo cerr\u00f3 su participaci\u00f3n la selecci\u00f3n de remo de Baja California Sur en la Olimpiada Nacional y Nacional Juvenil 2019 con la ceremonia de premiaci\u00f3n, donde los atletas recibieron 2 medallas de oro, 1 de plata y 2 de bronce, despidi\u00e9ndose as\u00ed de Puerto Progreso, Yucat\u00e1n, mismo lugar que recibe ahora a los seleccionados de canotaje.<\/p>\n<p style=\"text-align: justify;\"><img loading=\"lazy\" decoding=\"async\" class=\"size-medium wp-image-47598 aligncenter\" src=\"https:\/\/nbcs.mx\/wp-content\/uploads\/2019\/06\/MEDALLAS-REMO-755x489.jpg\" alt=\"\" width=\"755\" height=\"489\" srcset=\"https:\/\/nbcs.mx\/wp-content\/uploads\/2019\/06\/MEDALLAS-REMO-755x489.jpg 755w, https:\/\/nbcs.mx\/wp-content\/uploads\/2019\/06\/MEDALLAS-REMO-150x97.jpg 150w, https:\/\/nbcs.mx\/wp-content\/uploads\/2019\/06\/MEDALLAS-REMO-768x497.jpg 768w, https:\/\/nbcs.mx\/wp-content\/uploads\/2019\/06\/MEDALLAS-REMO-600x388.jpg 600w, https:\/\/nbcs.mx\/wp-content\/uploads\/2019\/06\/MEDALLAS-REMO.jpg 950w\" sizes=\"auto, (max-width: 755px) 100vw, 755px\" \/><\/p>\n<p style=\"text-align: justify;\">De reconocerse el esfuerzo de los seleccionados sudcalifornianos, los que pelearon con coraz\u00f3n y orgullo para superar a estados que son potencia en este deporte e incluso cuentan con centro de alto rendimiento en remo como es el caso de Baja California, coloc\u00e1ndose entre los primeros lugares en las finales.<\/p>\n<p style=\"text-align: justify;\">\n<p style=\"text-align: justify;\">Las hermanas Eunice y Erandi Castillejos Murillo, se convirtieron en las figuras del equipo peninsular en esta edici\u00f3n, logrando el bicampeonato en equipo y en pareja, que fueron las dos medallas de oro que registr\u00f3 Baja California Sur en esta edici\u00f3n 24 del evento coordinador por la CONADE.<\/p>\n<p style=\"text-align: justify;\"><img loading=\"lazy\" decoding=\"async\" class=\"size-medium wp-image-47597 aligncenter\" src=\"https:\/\/nbcs.mx\/wp-content\/uploads\/2019\/06\/MEDALLAS-REMO-1-755x428.jpg\" alt=\"\" width=\"755\" height=\"428\" srcset=\"https:\/\/nbcs.mx\/wp-content\/uploads\/2019\/06\/MEDALLAS-REMO-1-755x428.jpg 755w, https:\/\/nbcs.mx\/wp-content\/uploads\/2019\/06\/MEDALLAS-REMO-1-150x85.jpg 150w, https:\/\/nbcs.mx\/wp-content\/uploads\/2019\/06\/MEDALLAS-REMO-1-768x436.jpg 768w, https:\/\/nbcs.mx\/wp-content\/uploads\/2019\/06\/MEDALLAS-REMO-1-1024x581.jpg 1024w, https:\/\/nbcs.mx\/wp-content\/uploads\/2019\/06\/MEDALLAS-REMO-1-600x341.jpg 600w, https:\/\/nbcs.mx\/wp-content\/uploads\/2019\/06\/MEDALLAS-REMO-1.jpg 1644w\" sizes=\"auto, (max-width: 755px) 100vw, 755px\" \/><\/p>\n<p style=\"text-align: justify;\">Las hermanas Castillejo Murillo hicieron equipo con Jimena Guluarte Cerecer y Camila D\u00e1valos, para cubrir la distancia de 2 mil metros en un tiempo de 7:20:88 para llevarse la medalla de oro, llegando antes que los equipos de Guanajuato y Ciudad de M\u00e9xico, que se repartieron la plata y el bronce.<\/p>\n<p style=\"text-align: justify;\">\n<p style=\"text-align: justify;\">La segunda medalla de oro fue de las Erandi y Eunice Castillejos en dos pares de remos cortos tambi\u00e9n en los 2 kil\u00f3metros con tiempo de 7:54:53, recibiendo este domingo la medalla de oro que las acredita como campeonas en esta prueba, adem\u00e1s del bronce para Eunice en la carrera individual con registro de 8:50:64.<\/p>\n<p style=\"text-align: justify;\">\n<p style=\"text-align: justify;\">Luis Gonz\u00e1lez Rubio fue doble medallista en esta edici\u00f3n, primero en lo individual en la carrera de 2 mil metros con tiempo de 7:13:19 y despu\u00e9s haciendo equipo con Rub\u00e9n Job Aguirre Saavedra, cubriendo l distancia en tiempo de 7:16:66, por lo que recibieron como premio la medalla de bronce.<\/p>\n<p style=\"text-align: justify;\">\n<p style=\"text-align: justify;\">As\u00ed se cumple esta participaci\u00f3n para el selectivo peninsular en esta Olimpiada Nacional y Nacional Juvenil 2019, iniciando el regreso a casa con la misi\u00f3n cumplida, mientras se espera el arribo de los compa\u00f1eros de canotaje que lo har\u00e1n este lunes para cumplir tambi\u00e9n con su actuaci\u00f3n.<\/p>\n<p style=\"text-align: justify;\">\n","protected":false},"excerpt":{"rendered":"<p>La Paz, Baja California Sur.- Este domingo cerr\u00f3 su participaci\u00f3n la selecci\u00f3n de remo de Baja California Sur en la<\/p>\n","protected":false},"author":1,"featured_media":47597,"comment_status":"open","ping_status":"closed","sticky":false,"template":"","format":"standard","meta":{"colormag_page_container_layout":"default_layout","colormag_page_sidebar_layout":"default_layout","_jetpack_memberships_contains_paid_content":false,"footnotes":"","jetpack_publicize_message":"","jetpack_publicize_feature_enabled":true,"jetpack_social_post_already_shared":false,"jetpack_social_options":{"image_generator_settings":{"template":"highway","default_image_id":0,"font":"","enabled":false},"version":2}},"categories":[23],"tags":[],"class_list":["post-47596","post","type-post","status-publish","format-standard","has-post-thumbnail","hentry","category-deportes"],"yoast_head":"<!-- This site is optimized with the Yoast SEO plugin v27.5 - https:\/\/yoast.com\/product\/yoast-seo-wordpress\/ -->\n<title>Culmina Remo con 5 medallas para BCS en la Olimpiada Nacional - NBCS Noticias<\/title>\n<meta name=\"robots\" content=\"index, follow, max-snippet:-1, max-image-preview:large, max-video-preview:-1\" \/>\n<link rel=\"canonical\" href=\"https:\/\/nbcs.mx\/?p=47596\" \/>\n<meta property=\"og:locale\" content=\"es_ES\" \/>\n<meta property=\"og:type\" content=\"article\" \/>\n<meta property=\"og:title\" content=\"Culmina Remo con 5 medallas para BCS en la Olimpiada Nacional - NBCS Noticias\" \/>\n<meta property=\"og:description\" content=\"La Paz, Baja California Sur.- Este domingo cerr\u00f3 su participaci\u00f3n la selecci\u00f3n de remo de Baja California Sur en la\" \/>\n<meta property=\"og:url\" content=\"https:\/\/nbcs.mx\/?p=47596\" \/>\n<meta property=\"og:site_name\" content=\"NBCS Noticias\" \/>\n<meta property=\"article:publisher\" content=\"https:\/\/www.facebook.com\/NBCSnoticias\" \/>\n<meta property=\"article:author\" content=\"https:\/\/www.facebook.com\/NBCSnoticias\" \/>\n<meta property=\"article:published_time\" content=\"2019-06-02T23:27:23+00:00\" \/>\n<meta property=\"og:image\" content=\"https:\/\/nbcs.mx\/wp-content\/uploads\/2019\/06\/MEDALLAS-REMO-1.jpg\" \/>\n\t<meta property=\"og:image:width\" content=\"1644\" \/>\n\t<meta property=\"og:image:height\" content=\"933\" \/>\n\t<meta property=\"og:image:type\" content=\"image\/jpeg\" \/>\n<meta name=\"author\" content=\"NBCS Noticias\" \/>\n<meta name=\"twitter:card\" content=\"summary_large_image\" \/>\n<meta name=\"twitter:creator\" content=\"@https:\/\/twitter.com\/NBCSnoticias\" \/>\n<meta name=\"twitter:site\" content=\"@NBCSnoticias\" \/>\n<meta name=\"twitter:label1\" content=\"Escrito por\" \/>\n\t<meta name=\"twitter:data1\" content=\"NBCS Noticias\" \/>\n\t<meta name=\"twitter:label2\" content=\"Tiempo de lectura\" \/>\n\t<meta name=\"twitter:data2\" content=\"2 minutos\" \/>\n<script type=\"application\/ld+json\" class=\"yoast-schema-graph\">{\"@context\":\"https:\\\/\\\/schema.org\",\"@graph\":[{\"@type\":\"Article\",\"@id\":\"https:\\\/\\\/nbcs.mx\\\/?p=47596#article\",\"isPartOf\":{\"@id\":\"https:\\\/\\\/nbcs.mx\\\/?p=47596\"},\"author\":{\"name\":\"NBCS Noticias\",\"@id\":\"https:\\\/\\\/nbcs.mx\\\/#\\\/schema\\\/person\\\/ece58bab9a7c1e87a4d28ec9ecd79ff4\"},\"headline\":\"Culmina Remo con 5 medallas para BCS en la Olimpiada Nacional\",\"datePublished\":\"2019-06-02T23:27:23+00:00\",\"mainEntityOfPage\":{\"@id\":\"https:\\\/\\\/nbcs.mx\\\/?p=47596\"},\"wordCount\":384,\"commentCount\":0,\"publisher\":{\"@id\":\"https:\\\/\\\/nbcs.mx\\\/#organization\"},\"image\":{\"@id\":\"https:\\\/\\\/nbcs.mx\\\/?p=47596#primaryimage\"},\"thumbnailUrl\":\"https:\\\/\\\/nbcs.mx\\\/wp-content\\\/uploads\\\/2019\\\/06\\\/MEDALLAS-REMO-1.jpg\",\"articleSection\":[\"Deportes\"],\"inLanguage\":\"es\",\"potentialAction\":[{\"@type\":\"CommentAction\",\"name\":\"Comment\",\"target\":[\"https:\\\/\\\/nbcs.mx\\\/?p=47596#respond\"]}]},{\"@type\":\"WebPage\",\"@id\":\"https:\\\/\\\/nbcs.mx\\\/?p=47596\",\"url\":\"https:\\\/\\\/nbcs.mx\\\/?p=47596\",\"name\":\"Culmina Remo con 5 medallas para BCS en la Olimpiada Nacional - NBCS Noticias\",\"isPartOf\":{\"@id\":\"https:\\\/\\\/nbcs.mx\\\/#website\"},\"primaryImageOfPage\":{\"@id\":\"https:\\\/\\\/nbcs.mx\\\/?p=47596#primaryimage\"},\"image\":{\"@id\":\"https:\\\/\\\/nbcs.mx\\\/?p=47596#primaryimage\"},\"thumbnailUrl\":\"https:\\\/\\\/nbcs.mx\\\/wp-content\\\/uploads\\\/2019\\\/06\\\/MEDALLAS-REMO-1.jpg\",\"datePublished\":\"2019-06-02T23:27:23+00:00\",\"breadcrumb\":{\"@id\":\"https:\\\/\\\/nbcs.mx\\\/?p=47596#breadcrumb\"},\"inLanguage\":\"es\",\"potentialAction\":[{\"@type\":\"ReadAction\",\"target\":[\"https:\\\/\\\/nbcs.mx\\\/?p=47596\"]}]},{\"@type\":\"ImageObject\",\"inLanguage\":\"es\",\"@id\":\"https:\\\/\\\/nbcs.mx\\\/?p=47596#primaryimage\",\"url\":\"https:\\\/\\\/nbcs.mx\\\/wp-content\\\/uploads\\\/2019\\\/06\\\/MEDALLAS-REMO-1.jpg\",\"contentUrl\":\"https:\\\/\\\/nbcs.mx\\\/wp-content\\\/uploads\\\/2019\\\/06\\\/MEDALLAS-REMO-1.jpg\",\"width\":1644,\"height\":933},{\"@type\":\"BreadcrumbList\",\"@id\":\"https:\\\/\\\/nbcs.mx\\\/?p=47596#breadcrumb\",\"itemListElement\":[{\"@type\":\"ListItem\",\"position\":1,\"name\":\"Portada\",\"item\":\"https:\\\/\\\/nbcs.mx\\\/\"},{\"@type\":\"ListItem\",\"position\":2,\"name\":\"Culmina Remo con 5 medallas para BCS en la Olimpiada Nacional\"}]},{\"@type\":\"WebSite\",\"@id\":\"https:\\\/\\\/nbcs.mx\\\/#website\",\"url\":\"https:\\\/\\\/nbcs.mx\\\/\",\"name\":\"NBCS Noticias\",\"description\":\"Sitio web de noticias en Baja California Sur\",\"publisher\":{\"@id\":\"https:\\\/\\\/nbcs.mx\\\/#organization\"},\"potentialAction\":[{\"@type\":\"SearchAction\",\"target\":{\"@type\":\"EntryPoint\",\"urlTemplate\":\"https:\\\/\\\/nbcs.mx\\\/?s={search_term_string}\"},\"query-input\":{\"@type\":\"PropertyValueSpecification\",\"valueRequired\":true,\"valueName\":\"search_term_string\"}}],\"inLanguage\":\"es\"},{\"@type\":\"Organization\",\"@id\":\"https:\\\/\\\/nbcs.mx\\\/#organization\",\"name\":\"NBCS Noticias\",\"url\":\"https:\\\/\\\/nbcs.mx\\\/\",\"logo\":{\"@type\":\"ImageObject\",\"inLanguage\":\"es\",\"@id\":\"https:\\\/\\\/nbcs.mx\\\/#\\\/schema\\\/logo\\\/image\\\/\",\"url\":\"https:\\\/\\\/nbcs.mx\\\/wp-content\\\/uploads\\\/2018\\\/09\\\/057b69485e93575a5c2b1c1dde2dd297.jpeg\",\"contentUrl\":\"https:\\\/\\\/nbcs.mx\\\/wp-content\\\/uploads\\\/2018\\\/09\\\/057b69485e93575a5c2b1c1dde2dd297.jpeg\",\"width\":64,\"height\":64,\"caption\":\"NBCS Noticias\"},\"image\":{\"@id\":\"https:\\\/\\\/nbcs.mx\\\/#\\\/schema\\\/logo\\\/image\\\/\"},\"sameAs\":[\"https:\\\/\\\/www.facebook.com\\\/NBCSnoticias\",\"https:\\\/\\\/x.com\\\/NBCSnoticias\"]},{\"@type\":\"Person\",\"@id\":\"https:\\\/\\\/nbcs.mx\\\/#\\\/schema\\\/person\\\/ece58bab9a7c1e87a4d28ec9ecd79ff4\",\"name\":\"NBCS Noticias\",\"image\":{\"@type\":\"ImageObject\",\"inLanguage\":\"es\",\"@id\":\"https:\\\/\\\/secure.gravatar.com\\\/avatar\\\/4e52110cad1c4054b43271a0d14bbe9e2ea76aecd0e1097edfc670798d9ca1d4?s=96&d=blank&r=g\",\"url\":\"https:\\\/\\\/secure.gravatar.com\\\/avatar\\\/4e52110cad1c4054b43271a0d14bbe9e2ea76aecd0e1097edfc670798d9ca1d4?s=96&d=blank&r=g\",\"contentUrl\":\"https:\\\/\\\/secure.gravatar.com\\\/avatar\\\/4e52110cad1c4054b43271a0d14bbe9e2ea76aecd0e1097edfc670798d9ca1d4?s=96&d=blank&r=g\",\"caption\":\"NBCS Noticias\"},\"description\":\"\u00bfTienes fotos o video de alg\u00fan acto de posible negligencia, corrupci\u00f3n y abuso de autoridad? M\u00e1ndalo al WhatsApp de NBCS Noticias: 612 141 98 08\",\"sameAs\":[\"https:\\\/\\\/www.nbcs.mx\",\"https:\\\/\\\/www.facebook.com\\\/NBCSnoticias\",\"https:\\\/\\\/www.instagram.com\\\/nbcsnoticias\\\/\",\"https:\\\/\\\/x.com\\\/https:\\\/\\\/twitter.com\\\/NBCSnoticias\"]}]}<\/script>\n<!-- \/ Yoast SEO plugin. -->","yoast_head_json":{"title":"Culmina Remo con 5 medallas para BCS en la Olimpiada Nacional - NBCS Noticias","robots":{"index":"index","follow":"follow","max-snippet":"max-snippet:-1","max-image-preview":"max-image-preview:large","max-video-preview":"max-video-preview:-1"},"canonical":"https:\/\/nbcs.mx\/?p=47596","og_locale":"es_ES","og_type":"article","og_title":"Culmina Remo con 5 medallas para BCS en la Olimpiada Nacional - NBCS Noticias","og_description":"La Paz, Baja California Sur.- Este domingo cerr\u00f3 su participaci\u00f3n la selecci\u00f3n de remo de Baja California Sur en la","og_url":"https:\/\/nbcs.mx\/?p=47596","og_site_name":"NBCS Noticias","article_publisher":"https:\/\/www.facebook.com\/NBCSnoticias","article_author":"https:\/\/www.facebook.com\/NBCSnoticias","article_published_time":"2019-06-02T23:27:23+00:00","og_image":[{"width":1644,"height":933,"url":"https:\/\/nbcs.mx\/wp-content\/uploads\/2019\/06\/MEDALLAS-REMO-1.jpg","type":"image\/jpeg"}],"author":"NBCS Noticias","twitter_card":"summary_large_image","twitter_creator":"@https:\/\/twitter.com\/NBCSnoticias","twitter_site":"@NBCSnoticias","twitter_misc":{"Escrito por":"NBCS Noticias","Tiempo de lectura":"2 minutos"},"schema":{"@context":"https:\/\/schema.org","@graph":[{"@type":"Article","@id":"https:\/\/nbcs.mx\/?p=47596#article","isPartOf":{"@id":"https:\/\/nbcs.mx\/?p=47596"},"author":{"name":"NBCS Noticias","@id":"https:\/\/nbcs.mx\/#\/schema\/person\/ece58bab9a7c1e87a4d28ec9ecd79ff4"},"headline":"Culmina Remo con 5 medallas para BCS en la Olimpiada Nacional","datePublished":"2019-06-02T23:27:23+00:00","mainEntityOfPage":{"@id":"https:\/\/nbcs.mx\/?p=47596"},"wordCount":384,"commentCount":0,"publisher":{"@id":"https:\/\/nbcs.mx\/#organization"},"image":{"@id":"https:\/\/nbcs.mx\/?p=47596#primaryimage"},"thumbnailUrl":"https:\/\/nbcs.mx\/wp-content\/uploads\/2019\/06\/MEDALLAS-REMO-1.jpg","articleSection":["Deportes"],"inLanguage":"es","potentialAction":[{"@type":"CommentAction","name":"Comment","target":["https:\/\/nbcs.mx\/?p=47596#respond"]}]},{"@type":"WebPage","@id":"https:\/\/nbcs.mx\/?p=47596","url":"https:\/\/nbcs.mx\/?p=47596","name":"Culmina Remo con 5 medallas para BCS en la Olimpiada Nacional - NBCS Noticias","isPartOf":{"@id":"https:\/\/nbcs.mx\/#website"},"primaryImageOfPage":{"@id":"https:\/\/nbcs.mx\/?p=47596#primaryimage"},"image":{"@id":"https:\/\/nbcs.mx\/?p=47596#primaryimage"},"thumbnailUrl":"https:\/\/nbcs.mx\/wp-content\/uploads\/2019\/06\/MEDALLAS-REMO-1.jpg","datePublished":"2019-06-02T23:27:23+00:00","breadcrumb":{"@id":"https:\/\/nbcs.mx\/?p=47596#breadcrumb"},"inLanguage":"es","potentialAction":[{"@type":"ReadAction","target":["https:\/\/nbcs.mx\/?p=47596"]}]},{"@type":"ImageObject","inLanguage":"es","@id":"https:\/\/nbcs.mx\/?p=47596#primaryimage","url":"https:\/\/nbcs.mx\/wp-content\/uploads\/2019\/06\/MEDALLAS-REMO-1.jpg","contentUrl":"https:\/\/nbcs.mx\/wp-content\/uploads\/2019\/06\/MEDALLAS-REMO-1.jpg","width":1644,"height":933},{"@type":"BreadcrumbList","@id":"https:\/\/nbcs.mx\/?p=47596#breadcrumb","itemListElement":[{"@type":"ListItem","position":1,"name":"Portada","item":"https:\/\/nbcs.mx\/"},{"@type":"ListItem","position":2,"name":"Culmina Remo con 5 medallas para BCS en la Olimpiada Nacional"}]},{"@type":"WebSite","@id":"https:\/\/nbcs.mx\/#website","url":"https:\/\/nbcs.mx\/","name":"NBCS Noticias","description":"Sitio web de noticias en Baja California Sur","publisher":{"@id":"https:\/\/nbcs.mx\/#organization"},"potentialAction":[{"@type":"SearchAction","target":{"@type":"EntryPoint","urlTemplate":"https:\/\/nbcs.mx\/?s={search_term_string}"},"query-input":{"@type":"PropertyValueSpecification","valueRequired":true,"valueName":"search_term_string"}}],"inLanguage":"es"},{"@type":"Organization","@id":"https:\/\/nbcs.mx\/#organization","name":"NBCS Noticias","url":"https:\/\/nbcs.mx\/","logo":{"@type":"ImageObject","inLanguage":"es","@id":"https:\/\/nbcs.mx\/#\/schema\/logo\/image\/","url":"https:\/\/nbcs.mx\/wp-content\/uploads\/2018\/09\/057b69485e93575a5c2b1c1dde2dd297.jpeg","contentUrl":"https:\/\/nbcs.mx\/wp-content\/uploads\/2018\/09\/057b69485e93575a5c2b1c1dde2dd297.jpeg","width":64,"height":64,"caption":"NBCS Noticias"},"image":{"@id":"https:\/\/nbcs.mx\/#\/schema\/logo\/image\/"},"sameAs":["https:\/\/www.facebook.com\/NBCSnoticias","https:\/\/x.com\/NBCSnoticias"]},{"@type":"Person","@id":"https:\/\/nbcs.mx\/#\/schema\/person\/ece58bab9a7c1e87a4d28ec9ecd79ff4","name":"NBCS Noticias","image":{"@type":"ImageObject","inLanguage":"es","@id":"https:\/\/secure.gravatar.com\/avatar\/4e52110cad1c4054b43271a0d14bbe9e2ea76aecd0e1097edfc670798d9ca1d4?s=96&d=blank&r=g","url":"https:\/\/secure.gravatar.com\/avatar\/4e52110cad1c4054b43271a0d14bbe9e2ea76aecd0e1097edfc670798d9ca1d4?s=96&d=blank&r=g","contentUrl":"https:\/\/secure.gravatar.com\/avatar\/4e52110cad1c4054b43271a0d14bbe9e2ea76aecd0e1097edfc670798d9ca1d4?s=96&d=blank&r=g","caption":"NBCS Noticias"},"description":"\u00bfTienes fotos o video de alg\u00fan acto de posible negligencia, corrupci\u00f3n y abuso de autoridad? M\u00e1ndalo al WhatsApp de NBCS Noticias: 612 141 98 08","sameAs":["https:\/\/www.nbcs.mx","https:\/\/www.facebook.com\/NBCSnoticias","https:\/\/www.instagram.com\/nbcsnoticias\/","https:\/\/x.com\/https:\/\/twitter.com\/NBCSnoticias"]}]}},"jetpack_publicize_connections":[],"jetpack_featured_media_url":"https:\/\/nbcs.mx\/wp-content\/uploads\/2019\/06\/MEDALLAS-REMO-1.jpg","jetpack_sharing_enabled":true,"_links":{"self":[{"href":"https:\/\/nbcs.mx\/index.php?rest_route=\/wp\/v2\/posts\/47596","targetHints":{"allow":["GET"]}}],"collection":[{"href":"https:\/\/nbcs.mx\/index.php?rest_route=\/wp\/v2\/posts"}],"about":[{"href":"https:\/\/nbcs.mx\/index.php?rest_route=\/wp\/v2\/types\/post"}],"author":[{"embeddable":true,"href":"https:\/\/nbcs.mx\/index.php?rest_route=\/wp\/v2\/users\/1"}],"replies":[{"embeddable":true,"href":"https:\/\/nbcs.mx\/index.php?rest_route=%2Fwp%2Fv2%2Fcomments&post=47596"}],"version-history":[{"count":1,"href":"https:\/\/nbcs.mx\/index.php?rest_route=\/wp\/v2\/posts\/47596\/revisions"}],"predecessor-version":[{"id":47599,"href":"https:\/\/nbcs.mx\/index.php?rest_route=\/wp\/v2\/posts\/47596\/revisions\/47599"}],"wp:featuredmedia":[{"embeddable":true,"href":"https:\/\/nbcs.mx\/index.php?rest_route=\/wp\/v2\/media\/47597"}],"wp:attachment":[{"href":"https:\/\/nbcs.mx\/index.php?rest_route=%2Fwp%2Fv2%2Fmedia&parent=47596"}],"wp:term":[{"taxonomy":"category","embeddable":true,"href":"https:\/\/nbcs.mx\/index.php?rest_route=%2Fwp%2Fv2%2Fcategories&post=47596"},{"taxonomy":"post_tag","embeddable":true,"href":"https:\/\/nbcs.mx\/index.php?rest_route=%2Fwp%2Fv2%2Ftags&post=47596"}],"curies":[{"name":"wp","href":"https:\/\/api.w.org\/{rel}","templated":true}]}}