{"id":47997,"date":"2019-06-08T08:43:10","date_gmt":"2019-06-08T14:43:10","guid":{"rendered":"https:\/\/nbcs.mx\/?p=47997"},"modified":"2019-06-08T13:02:36","modified_gmt":"2019-06-08T19:02:36","slug":"ecologia-y-medio-ambiente-unos-de-los-temas-principales-de-la-can-armida-castro","status":"publish","type":"post","link":"https:\/\/nbcs.mx\/?p=47997","title":{"rendered":"Ecolog\u00eda y medio ambiente unos de los temas principales de la CAN: Armida Castro"},"content":{"rendered":"<p style=\"text-align: justify;\">Los Cabos, Baja California Sur.- Durante el segundo d\u00eda de la Cumbre de Alcaldes de Norteam\u00e9rica, que se celebra en Los Cabos, Baja California Sur M\u00e9xico, con la presencia del ejecutivo federal Andr\u00e9s Manuel L\u00f3pez Obrador, la alcaldesa de Los Cabos Armida Castro Guzm\u00e1n y el gobernador del Baja California Sur Carlos Mendoza Davis se desarrollaron mesas de coordinaci\u00f3n para trabajar unidos como pa\u00edses en temas diversos que representan un desaf\u00edo para los gobiernos.<\/p>\n<p style=\"text-align: justify;\"><img loading=\"lazy\" decoding=\"async\" class=\"size-medium wp-image-48000 aligncenter\" src=\"https:\/\/nbcs.mx\/wp-content\/uploads\/2019\/06\/f0f9b646-adee-4f05-bc32-d569f13b9263-755x487.jpeg\" alt=\"\" width=\"755\" height=\"487\" srcset=\"https:\/\/nbcs.mx\/wp-content\/uploads\/2019\/06\/f0f9b646-adee-4f05-bc32-d569f13b9263-755x487.jpeg 755w, https:\/\/nbcs.mx\/wp-content\/uploads\/2019\/06\/f0f9b646-adee-4f05-bc32-d569f13b9263-150x97.jpeg 150w, https:\/\/nbcs.mx\/wp-content\/uploads\/2019\/06\/f0f9b646-adee-4f05-bc32-d569f13b9263-768x496.jpeg 768w, https:\/\/nbcs.mx\/wp-content\/uploads\/2019\/06\/f0f9b646-adee-4f05-bc32-d569f13b9263.jpeg 1024w, https:\/\/nbcs.mx\/wp-content\/uploads\/2019\/06\/f0f9b646-adee-4f05-bc32-d569f13b9263-600x387.jpeg 600w\" sizes=\"auto, (max-width: 755px) 100vw, 755px\" \/><\/p>\n<p style=\"text-align: justify;\">Asimismo, se realiz\u00f3 la firma del Primer Manifiesto de Colaboraci\u00f3n Conjunta entre Alcaldes de Am\u00e9rica del Norte para el Desarrollo Sostenible de las Ciudades en Los Cabos Baja California Sur, siendo testigo de honor el presidente constitucional de los Estados Unidos Mexicanos Andr\u00e9s Manuel L\u00f3pez Obrador.<\/p>\n<p style=\"text-align: justify;\">\n<p style=\"text-align: justify;\">En ese sentido el presidente de la Rep\u00fablica Andr\u00e9s Manuel L\u00f3pez Obrador precis\u00f3 no es opci\u00f3n la confrontaci\u00f3n ni el aislamiento; esto reafirma la importancia de la integraci\u00f3n entre Am\u00e9rica y naciones en el mundo para desarrollarnos, para convivir para ser mejor, est\u00e1 demostrado que el intercambio, la armon\u00eda y comunicaci\u00f3n enriquecen a los pa\u00edses.<\/p>\n<p style=\"text-align: justify;\"><img loading=\"lazy\" decoding=\"async\" class=\"size-medium wp-image-48001 aligncenter\" src=\"https:\/\/nbcs.mx\/wp-content\/uploads\/2019\/06\/a7b143bf-ddac-43d3-b3e0-86bee1cc8c50-738x492.jpeg\" alt=\"\" width=\"738\" height=\"492\" srcset=\"https:\/\/nbcs.mx\/wp-content\/uploads\/2019\/06\/a7b143bf-ddac-43d3-b3e0-86bee1cc8c50-738x492.jpeg 738w, https:\/\/nbcs.mx\/wp-content\/uploads\/2019\/06\/a7b143bf-ddac-43d3-b3e0-86bee1cc8c50-150x100.jpeg 150w, https:\/\/nbcs.mx\/wp-content\/uploads\/2019\/06\/a7b143bf-ddac-43d3-b3e0-86bee1cc8c50-768x512.jpeg 768w, https:\/\/nbcs.mx\/wp-content\/uploads\/2019\/06\/a7b143bf-ddac-43d3-b3e0-86bee1cc8c50-1024x682.jpeg 1024w, https:\/\/nbcs.mx\/wp-content\/uploads\/2019\/06\/a7b143bf-ddac-43d3-b3e0-86bee1cc8c50-600x400.jpeg 600w, https:\/\/nbcs.mx\/wp-content\/uploads\/2019\/06\/a7b143bf-ddac-43d3-b3e0-86bee1cc8c50.jpeg 1280w\" sizes=\"auto, (max-width: 738px) 100vw, 738px\" \/><\/p>\n<p style=\"text-align: justify;\">Al respecto el Gobernador de Baja California Sur Carlos Mendoza Davis extern\u00f3 que esta Cumbre de Alcaldes es muestra que los pa\u00edses son uno s\u00f3lo y que permitir\u00e1 enriquecerse por las diferencias, no porque las fortalezas aplasten sino porque con ellas suplimos las necesidades de otros, y esto da como resultado trascender como una regi\u00f3n unida por el comercio, de solidaridad y Armon\u00eda.<\/p>\n<p style=\"text-align: justify;\">\n<p style=\"text-align: justify;\">\u00abCelebro de manera efusiva la organizaci\u00f3n de la Primera Cumbre de Alcaldes de Norteam\u00e9rica en donde se est\u00e1n abordando desaf\u00edos comunes que enfrentan en temas diversos para las acciones que beneficien a nuestros ciudadanos y todos los pa\u00edses\u00bb, indic\u00f3 el gobernador de Baja California Sur.<\/p>\n<p style=\"text-align: justify;\"><img loading=\"lazy\" decoding=\"async\" class=\"size-medium wp-image-47999 aligncenter\" src=\"https:\/\/nbcs.mx\/wp-content\/uploads\/2019\/06\/IMG_1431-738x492.jpg\" alt=\"\" width=\"738\" height=\"492\" srcset=\"https:\/\/nbcs.mx\/wp-content\/uploads\/2019\/06\/IMG_1431-738x492.jpg 738w, https:\/\/nbcs.mx\/wp-content\/uploads\/2019\/06\/IMG_1431-150x100.jpg 150w, https:\/\/nbcs.mx\/wp-content\/uploads\/2019\/06\/IMG_1431-768x512.jpg 768w, https:\/\/nbcs.mx\/wp-content\/uploads\/2019\/06\/IMG_1431-1024x683.jpg 1024w, https:\/\/nbcs.mx\/wp-content\/uploads\/2019\/06\/IMG_1431-600x400.jpg 600w\" sizes=\"auto, (max-width: 738px) 100vw, 738px\" \/><\/p>\n<p style=\"text-align: justify;\">En ese sentido la presidente municipal de Los Cabos, Armida Castro Guzm\u00e1n celebr\u00f3 las relaciones de los tres pa\u00edses, \u00abes importante para nosotros hablar de hermanamientos, hablar de apoyos, sobre todo en el tema de ecolog\u00eda y medio ambiente; el cambio clim\u00e1tico es lo que nos llev\u00f3 la mayor parte en las mesas de trabajo, y durante el \u00faltimo d\u00eda estaremos aterrizando metas y objetivos para ver c\u00f3mo trabajamos de manera unida, trabajar en conjunto, ver m\u00e1s all\u00e1 de lo que est\u00e1 sobre nuestro territorio. Son tiempos de cambio, tiempos importantes, por primera vez los alcaldes de Estados Unidos, Canad\u00e1 y M\u00e9xico se re\u00fanen, y m\u00e1s all\u00e1 de fronteras hablamos de lazos y ese ser\u00e1 el trabajo y ser\u00e1 la forma en la que podamos levantar la voz en conjunto y podamos decirles a nuestros representantes nacionales que nosotros queremos vivir en paz y trabajar unidos un municipio seguro\u00bb.<\/p>\n","protected":false},"excerpt":{"rendered":"<p>Los Cabos, Baja California Sur.- Durante el segundo d\u00eda de la Cumbre de Alcaldes de Norteam\u00e9rica, que se celebra en<\/p>\n","protected":false},"author":1,"featured_media":47998,"comment_status":"open","ping_status":"closed","sticky":false,"template":"","format":"standard","meta":{"colormag_page_container_layout":"default_layout","colormag_page_sidebar_layout":"default_layout","_jetpack_newsletter_access":"","_jetpack_dont_email_post_to_subs":false,"_jetpack_newsletter_tier_id":0,"_jetpack_memberships_contains_paywalled_content":false,"_jetpack_feature_clip_id":0,"_jetpack_memberships_contains_paid_content":false,"footnotes":"","jetpack_publicize_message":"","jetpack_publicize_feature_enabled":true,"jetpack_social_post_already_shared":false,"jetpack_social_options":{"image_generator_settings":{"template":"highway","default_image_id":0,"font":"","enabled":false},"version":2},"jetpack_post_was_ever_published":false},"categories":[40],"tags":[],"class_list":["post-47997","post","type-post","status-publish","format-standard","has-post-thumbnail","hentry","category-municipios"],"yoast_head":"<!-- This site is optimized with the Yoast SEO plugin v28.4 - https:\/\/yoast.com\/product\/yoast-seo-wordpress\/ -->\n<title>Ecolog\u00eda y medio ambiente unos de los temas principales de la CAN: Armida Castro - NBCS Noticias<\/title>\n<meta name=\"robots\" content=\"index, follow, max-snippet:-1, max-image-preview:large, max-video-preview:-1\" \/>\n<link rel=\"canonical\" href=\"https:\/\/nbcs.mx\/?p=47997\" \/>\n<meta property=\"og:locale\" content=\"es_ES\" \/>\n<meta property=\"og:type\" content=\"article\" \/>\n<meta property=\"og:title\" content=\"Ecolog\u00eda y medio ambiente unos de los temas principales de la CAN: Armida Castro - NBCS Noticias\" \/>\n<meta property=\"og:description\" content=\"Los Cabos, Baja California Sur.- Durante el segundo d\u00eda de la Cumbre de Alcaldes de Norteam\u00e9rica, que se celebra en\" \/>\n<meta property=\"og:url\" content=\"https:\/\/nbcs.mx\/?p=47997\" \/>\n<meta property=\"og:site_name\" content=\"NBCS Noticias\" \/>\n<meta property=\"article:publisher\" content=\"https:\/\/www.facebook.com\/NBCSnoticias\" \/>\n<meta property=\"article:author\" content=\"https:\/\/www.facebook.com\/NBCSnoticias\" \/>\n<meta property=\"article:published_time\" content=\"2019-06-08T14:43:10+00:00\" \/>\n<meta property=\"article:modified_time\" content=\"2019-06-08T19:02:36+00:00\" \/>\n<meta property=\"og:image\" content=\"https:\/\/nbcs.mx\/wp-content\/uploads\/2019\/06\/El-resultado-ser\u00e1-una-Am\u00e9rica-del-Norte-cada-vez-m\u00e1s-competitiva.jpeg\" \/>\n\t<meta property=\"og:image:width\" content=\"1280\" \/>\n\t<meta property=\"og:image:height\" content=\"853\" \/>\n\t<meta property=\"og:image:type\" content=\"image\/jpeg\" \/>\n<meta name=\"author\" content=\"NBCS Noticias\" \/>\n<meta name=\"twitter:card\" content=\"summary_large_image\" \/>\n<meta name=\"twitter:creator\" content=\"@https:\/\/twitter.com\/NBCSnoticias\" \/>\n<meta name=\"twitter:site\" content=\"@NBCSnoticias\" \/>\n<meta name=\"twitter:label1\" content=\"Escrito por\" \/>\n\t<meta name=\"twitter:data1\" content=\"NBCS Noticias\" \/>\n\t<meta name=\"twitter:label2\" content=\"Tiempo de lectura\" \/>\n\t<meta name=\"twitter:data2\" content=\"2 minutos\" \/>\n<script type=\"application\/ld+json\" class=\"yoast-schema-graph\">{\"@context\":\"https:\\\/\\\/schema.org\",\"@graph\":[{\"@type\":\"Article\",\"@id\":\"https:\\\/\\\/nbcs.mx\\\/?p=47997#article\",\"isPartOf\":{\"@id\":\"https:\\\/\\\/nbcs.mx\\\/?p=47997\"},\"author\":{\"name\":\"NBCS Noticias\",\"@id\":\"https:\\\/\\\/nbcs.mx\\\/#\\\/schema\\\/person\\\/ece58bab9a7c1e87a4d28ec9ecd79ff4\"},\"headline\":\"Ecolog\u00eda y medio ambiente unos de los temas principales de la CAN: Armida Castro\",\"datePublished\":\"2019-06-08T14:43:10+00:00\",\"dateModified\":\"2019-06-08T19:02:36+00:00\",\"mainEntityOfPage\":{\"@id\":\"https:\\\/\\\/nbcs.mx\\\/?p=47997\"},\"wordCount\":490,\"commentCount\":0,\"publisher\":{\"@id\":\"https:\\\/\\\/nbcs.mx\\\/#organization\"},\"image\":{\"@id\":\"https:\\\/\\\/nbcs.mx\\\/?p=47997#primaryimage\"},\"thumbnailUrl\":\"https:\\\/\\\/nbcs.mx\\\/wp-content\\\/uploads\\\/2019\\\/06\\\/El-resultado-ser\u00e1-una-Am\u00e9rica-del-Norte-cada-vez-m\u00e1s-competitiva.jpeg\",\"articleSection\":[\"Municipios\"],\"inLanguage\":\"es\",\"potentialAction\":[{\"@type\":\"CommentAction\",\"name\":\"Comment\",\"target\":[\"https:\\\/\\\/nbcs.mx\\\/?p=47997#respond\"]}]},{\"@type\":\"WebPage\",\"@id\":\"https:\\\/\\\/nbcs.mx\\\/?p=47997\",\"url\":\"https:\\\/\\\/nbcs.mx\\\/?p=47997\",\"name\":\"Ecolog\u00eda y medio ambiente unos de los temas principales de la CAN: Armida Castro - NBCS Noticias\",\"isPartOf\":{\"@id\":\"https:\\\/\\\/nbcs.mx\\\/#website\"},\"primaryImageOfPage\":{\"@id\":\"https:\\\/\\\/nbcs.mx\\\/?p=47997#primaryimage\"},\"image\":{\"@id\":\"https:\\\/\\\/nbcs.mx\\\/?p=47997#primaryimage\"},\"thumbnailUrl\":\"https:\\\/\\\/nbcs.mx\\\/wp-content\\\/uploads\\\/2019\\\/06\\\/El-resultado-ser\u00e1-una-Am\u00e9rica-del-Norte-cada-vez-m\u00e1s-competitiva.jpeg\",\"datePublished\":\"2019-06-08T14:43:10+00:00\",\"dateModified\":\"2019-06-08T19:02:36+00:00\",\"breadcrumb\":{\"@id\":\"https:\\\/\\\/nbcs.mx\\\/?p=47997#breadcrumb\"},\"inLanguage\":\"es\",\"potentialAction\":[{\"@type\":\"ReadAction\",\"target\":[\"https:\\\/\\\/nbcs.mx\\\/?p=47997\"]}]},{\"@type\":\"ImageObject\",\"inLanguage\":\"es\",\"@id\":\"https:\\\/\\\/nbcs.mx\\\/?p=47997#primaryimage\",\"url\":\"https:\\\/\\\/nbcs.mx\\\/wp-content\\\/uploads\\\/2019\\\/06\\\/El-resultado-ser\u00e1-una-Am\u00e9rica-del-Norte-cada-vez-m\u00e1s-competitiva.jpeg\",\"contentUrl\":\"https:\\\/\\\/nbcs.mx\\\/wp-content\\\/uploads\\\/2019\\\/06\\\/El-resultado-ser\u00e1-una-Am\u00e9rica-del-Norte-cada-vez-m\u00e1s-competitiva.jpeg\",\"width\":1280,\"height\":853},{\"@type\":\"BreadcrumbList\",\"@id\":\"https:\\\/\\\/nbcs.mx\\\/?p=47997#breadcrumb\",\"itemListElement\":[{\"@type\":\"ListItem\",\"position\":1,\"name\":\"Portada\",\"item\":\"https:\\\/\\\/nbcs.mx\\\/\"},{\"@type\":\"ListItem\",\"position\":2,\"name\":\"Ecolog\u00eda y medio ambiente unos de los temas principales de la CAN: Armida Castro\"}]},{\"@type\":\"WebSite\",\"@id\":\"https:\\\/\\\/nbcs.mx\\\/#website\",\"url\":\"https:\\\/\\\/nbcs.mx\\\/\",\"name\":\"NBCS Noticias\",\"description\":\"Sitio web de noticias en Baja California Sur\",\"publisher\":{\"@id\":\"https:\\\/\\\/nbcs.mx\\\/#organization\"},\"potentialAction\":[{\"@type\":\"SearchAction\",\"target\":{\"@type\":\"EntryPoint\",\"urlTemplate\":\"https:\\\/\\\/nbcs.mx\\\/?s={search_term_string}\"},\"query-input\":{\"@type\":\"PropertyValueSpecification\",\"valueRequired\":true,\"valueName\":\"search_term_string\"}}],\"inLanguage\":\"es\"},{\"@type\":\"Organization\",\"@id\":\"https:\\\/\\\/nbcs.mx\\\/#organization\",\"name\":\"NBCS Noticias\",\"url\":\"https:\\\/\\\/nbcs.mx\\\/\",\"logo\":{\"@type\":\"ImageObject\",\"inLanguage\":\"es\",\"@id\":\"https:\\\/\\\/nbcs.mx\\\/#\\\/schema\\\/logo\\\/image\\\/\",\"url\":\"https:\\\/\\\/nbcs.mx\\\/wp-content\\\/uploads\\\/2018\\\/09\\\/057b69485e93575a5c2b1c1dde2dd297.jpeg\",\"contentUrl\":\"https:\\\/\\\/nbcs.mx\\\/wp-content\\\/uploads\\\/2018\\\/09\\\/057b69485e93575a5c2b1c1dde2dd297.jpeg\",\"width\":64,\"height\":64,\"caption\":\"NBCS Noticias\"},\"image\":{\"@id\":\"https:\\\/\\\/nbcs.mx\\\/#\\\/schema\\\/logo\\\/image\\\/\"},\"sameAs\":[\"https:\\\/\\\/www.facebook.com\\\/NBCSnoticias\",\"https:\\\/\\\/x.com\\\/NBCSnoticias\"]},{\"@type\":\"Person\",\"@id\":\"https:\\\/\\\/nbcs.mx\\\/#\\\/schema\\\/person\\\/ece58bab9a7c1e87a4d28ec9ecd79ff4\",\"name\":\"NBCS Noticias\",\"image\":{\"@type\":\"ImageObject\",\"inLanguage\":\"es\",\"@id\":\"https:\\\/\\\/secure.gravatar.com\\\/avatar\\\/4e52110cad1c4054b43271a0d14bbe9e2ea76aecd0e1097edfc670798d9ca1d4?s=96&d=blank&r=g\",\"url\":\"https:\\\/\\\/secure.gravatar.com\\\/avatar\\\/4e52110cad1c4054b43271a0d14bbe9e2ea76aecd0e1097edfc670798d9ca1d4?s=96&d=blank&r=g\",\"contentUrl\":\"https:\\\/\\\/secure.gravatar.com\\\/avatar\\\/4e52110cad1c4054b43271a0d14bbe9e2ea76aecd0e1097edfc670798d9ca1d4?s=96&d=blank&r=g\",\"caption\":\"NBCS Noticias\"},\"description\":\"\u00bfTienes fotos o video de alg\u00fan acto de posible negligencia, corrupci\u00f3n y abuso de autoridad? M\u00e1ndalo al WhatsApp de NBCS Noticias: 612 141 98 08\",\"sameAs\":[\"https:\\\/\\\/www.nbcs.mx\",\"https:\\\/\\\/www.facebook.com\\\/NBCSnoticias\",\"https:\\\/\\\/www.instagram.com\\\/nbcsnoticias\\\/\",\"https:\\\/\\\/x.com\\\/https:\\\/\\\/twitter.com\\\/NBCSnoticias\"]}]}<\/script>\n<!-- \/ Yoast SEO plugin. -->","yoast_head_json":{"title":"Ecolog\u00eda y medio ambiente unos de los temas principales de la CAN: Armida Castro - NBCS Noticias","robots":{"index":"index","follow":"follow","max-snippet":"max-snippet:-1","max-image-preview":"max-image-preview:large","max-video-preview":"max-video-preview:-1"},"canonical":"https:\/\/nbcs.mx\/?p=47997","og_locale":"es_ES","og_type":"article","og_title":"Ecolog\u00eda y medio ambiente unos de los temas principales de la CAN: Armida Castro - NBCS Noticias","og_description":"Los Cabos, Baja California Sur.- Durante el segundo d\u00eda de la Cumbre de Alcaldes de Norteam\u00e9rica, que se celebra en","og_url":"https:\/\/nbcs.mx\/?p=47997","og_site_name":"NBCS Noticias","article_publisher":"https:\/\/www.facebook.com\/NBCSnoticias","article_author":"https:\/\/www.facebook.com\/NBCSnoticias","article_published_time":"2019-06-08T14:43:10+00:00","article_modified_time":"2019-06-08T19:02:36+00:00","og_image":[{"width":1280,"height":853,"url":"https:\/\/nbcs.mx\/wp-content\/uploads\/2019\/06\/El-resultado-ser\u00e1-una-Am\u00e9rica-del-Norte-cada-vez-m\u00e1s-competitiva.jpeg","type":"image\/jpeg"}],"author":"NBCS Noticias","twitter_card":"summary_large_image","twitter_creator":"@https:\/\/twitter.com\/NBCSnoticias","twitter_site":"@NBCSnoticias","twitter_misc":{"Escrito por":"NBCS Noticias","Tiempo de lectura":"2 minutos"},"schema":{"@context":"https:\/\/schema.org","@graph":[{"@type":"Article","@id":"https:\/\/nbcs.mx\/?p=47997#article","isPartOf":{"@id":"https:\/\/nbcs.mx\/?p=47997"},"author":{"name":"NBCS Noticias","@id":"https:\/\/nbcs.mx\/#\/schema\/person\/ece58bab9a7c1e87a4d28ec9ecd79ff4"},"headline":"Ecolog\u00eda y medio ambiente unos de los temas principales de la CAN: Armida Castro","datePublished":"2019-06-08T14:43:10+00:00","dateModified":"2019-06-08T19:02:36+00:00","mainEntityOfPage":{"@id":"https:\/\/nbcs.mx\/?p=47997"},"wordCount":490,"commentCount":0,"publisher":{"@id":"https:\/\/nbcs.mx\/#organization"},"image":{"@id":"https:\/\/nbcs.mx\/?p=47997#primaryimage"},"thumbnailUrl":"https:\/\/nbcs.mx\/wp-content\/uploads\/2019\/06\/El-resultado-ser\u00e1-una-Am\u00e9rica-del-Norte-cada-vez-m\u00e1s-competitiva.jpeg","articleSection":["Municipios"],"inLanguage":"es","potentialAction":[{"@type":"CommentAction","name":"Comment","target":["https:\/\/nbcs.mx\/?p=47997#respond"]}]},{"@type":"WebPage","@id":"https:\/\/nbcs.mx\/?p=47997","url":"https:\/\/nbcs.mx\/?p=47997","name":"Ecolog\u00eda y medio ambiente unos de los temas principales de la CAN: Armida Castro - NBCS Noticias","isPartOf":{"@id":"https:\/\/nbcs.mx\/#website"},"primaryImageOfPage":{"@id":"https:\/\/nbcs.mx\/?p=47997#primaryimage"},"image":{"@id":"https:\/\/nbcs.mx\/?p=47997#primaryimage"},"thumbnailUrl":"https:\/\/nbcs.mx\/wp-content\/uploads\/2019\/06\/El-resultado-ser\u00e1-una-Am\u00e9rica-del-Norte-cada-vez-m\u00e1s-competitiva.jpeg","datePublished":"2019-06-08T14:43:10+00:00","dateModified":"2019-06-08T19:02:36+00:00","breadcrumb":{"@id":"https:\/\/nbcs.mx\/?p=47997#breadcrumb"},"inLanguage":"es","potentialAction":[{"@type":"ReadAction","target":["https:\/\/nbcs.mx\/?p=47997"]}]},{"@type":"ImageObject","inLanguage":"es","@id":"https:\/\/nbcs.mx\/?p=47997#primaryimage","url":"https:\/\/nbcs.mx\/wp-content\/uploads\/2019\/06\/El-resultado-ser\u00e1-una-Am\u00e9rica-del-Norte-cada-vez-m\u00e1s-competitiva.jpeg","contentUrl":"https:\/\/nbcs.mx\/wp-content\/uploads\/2019\/06\/El-resultado-ser\u00e1-una-Am\u00e9rica-del-Norte-cada-vez-m\u00e1s-competitiva.jpeg","width":1280,"height":853},{"@type":"BreadcrumbList","@id":"https:\/\/nbcs.mx\/?p=47997#breadcrumb","itemListElement":[{"@type":"ListItem","position":1,"name":"Portada","item":"https:\/\/nbcs.mx\/"},{"@type":"ListItem","position":2,"name":"Ecolog\u00eda y medio ambiente unos de los temas principales de la CAN: Armida Castro"}]},{"@type":"WebSite","@id":"https:\/\/nbcs.mx\/#website","url":"https:\/\/nbcs.mx\/","name":"NBCS Noticias","description":"Sitio web de noticias en Baja California Sur","publisher":{"@id":"https:\/\/nbcs.mx\/#organization"},"potentialAction":[{"@type":"SearchAction","target":{"@type":"EntryPoint","urlTemplate":"https:\/\/nbcs.mx\/?s={search_term_string}"},"query-input":{"@type":"PropertyValueSpecification","valueRequired":true,"valueName":"search_term_string"}}],"inLanguage":"es"},{"@type":"Organization","@id":"https:\/\/nbcs.mx\/#organization","name":"NBCS Noticias","url":"https:\/\/nbcs.mx\/","logo":{"@type":"ImageObject","inLanguage":"es","@id":"https:\/\/nbcs.mx\/#\/schema\/logo\/image\/","url":"https:\/\/nbcs.mx\/wp-content\/uploads\/2018\/09\/057b69485e93575a5c2b1c1dde2dd297.jpeg","contentUrl":"https:\/\/nbcs.mx\/wp-content\/uploads\/2018\/09\/057b69485e93575a5c2b1c1dde2dd297.jpeg","width":64,"height":64,"caption":"NBCS Noticias"},"image":{"@id":"https:\/\/nbcs.mx\/#\/schema\/logo\/image\/"},"sameAs":["https:\/\/www.facebook.com\/NBCSnoticias","https:\/\/x.com\/NBCSnoticias"]},{"@type":"Person","@id":"https:\/\/nbcs.mx\/#\/schema\/person\/ece58bab9a7c1e87a4d28ec9ecd79ff4","name":"NBCS Noticias","image":{"@type":"ImageObject","inLanguage":"es","@id":"https:\/\/secure.gravatar.com\/avatar\/4e52110cad1c4054b43271a0d14bbe9e2ea76aecd0e1097edfc670798d9ca1d4?s=96&d=blank&r=g","url":"https:\/\/secure.gravatar.com\/avatar\/4e52110cad1c4054b43271a0d14bbe9e2ea76aecd0e1097edfc670798d9ca1d4?s=96&d=blank&r=g","contentUrl":"https:\/\/secure.gravatar.com\/avatar\/4e52110cad1c4054b43271a0d14bbe9e2ea76aecd0e1097edfc670798d9ca1d4?s=96&d=blank&r=g","caption":"NBCS Noticias"},"description":"\u00bfTienes fotos o video de alg\u00fan acto de posible negligencia, corrupci\u00f3n y abuso de autoridad? M\u00e1ndalo al WhatsApp de NBCS Noticias: 612 141 98 08","sameAs":["https:\/\/www.nbcs.mx","https:\/\/www.facebook.com\/NBCSnoticias","https:\/\/www.instagram.com\/nbcsnoticias\/","https:\/\/x.com\/https:\/\/twitter.com\/NBCSnoticias"]}]}},"jetpack_publicize_connections":[],"jetpack_sharing_enabled":true,"jetpack_featured_media_url":"https:\/\/nbcs.mx\/wp-content\/uploads\/2019\/06\/El-resultado-ser\u00e1-una-Am\u00e9rica-del-Norte-cada-vez-m\u00e1s-competitiva.jpeg","_links":{"self":[{"href":"https:\/\/nbcs.mx\/index.php?rest_route=\/wp\/v2\/posts\/47997","targetHints":{"allow":["GET"]}}],"collection":[{"href":"https:\/\/nbcs.mx\/index.php?rest_route=\/wp\/v2\/posts"}],"about":[{"href":"https:\/\/nbcs.mx\/index.php?rest_route=\/wp\/v2\/types\/post"}],"author":[{"embeddable":true,"href":"https:\/\/nbcs.mx\/index.php?rest_route=\/wp\/v2\/users\/1"}],"replies":[{"embeddable":true,"href":"https:\/\/nbcs.mx\/index.php?rest_route=%2Fwp%2Fv2%2Fcomments&post=47997"}],"version-history":[{"count":1,"href":"https:\/\/nbcs.mx\/index.php?rest_route=\/wp\/v2\/posts\/47997\/revisions"}],"predecessor-version":[{"id":48002,"href":"https:\/\/nbcs.mx\/index.php?rest_route=\/wp\/v2\/posts\/47997\/revisions\/48002"}],"wp:featuredmedia":[{"embeddable":true,"href":"https:\/\/nbcs.mx\/index.php?rest_route=\/wp\/v2\/media\/47998"}],"wp:attachment":[{"href":"https:\/\/nbcs.mx\/index.php?rest_route=%2Fwp%2Fv2%2Fmedia&parent=47997"}],"wp:term":[{"taxonomy":"category","embeddable":true,"href":"https:\/\/nbcs.mx\/index.php?rest_route=%2Fwp%2Fv2%2Fcategories&post=47997"},{"taxonomy":"post_tag","embeddable":true,"href":"https:\/\/nbcs.mx\/index.php?rest_route=%2Fwp%2Fv2%2Ftags&post=47997"}],"curies":[{"name":"wp","href":"https:\/\/api.w.org\/{rel}","templated":true}]}}