{"id":48651,"date":"2019-06-18T19:03:56","date_gmt":"2019-06-19T01:03:56","guid":{"rendered":"https:\/\/nbcs.mx\/?p=48651"},"modified":"2019-06-18T19:03:56","modified_gmt":"2019-06-19T01:03:56","slug":"arranca-la-7ma-jornada-de-inclusion-social-en-loreto","status":"publish","type":"post","link":"https:\/\/nbcs.mx\/?p=48651","title":{"rendered":"Arranca la 7ma Jornada de Inclusi\u00f3n Social en Loreto"},"content":{"rendered":"<p style=\"text-align: justify;\">Loreto, Baja California Sur.- Este martes dio inicio la \u00ab7ma Jornada de Inclusi\u00f3n Social\u00bb organizada por el Centro de Rehabilitaci\u00f3n Infantil Telet\u00f3n (CRIT) en coordinaci\u00f3n con el DIF Estatal y DIF Loreto, esto en las inmediaciones de la Plaza Benito Ju\u00e1rez; evento encabezado por la Presidenta Municipal, Profesora Arely Arce Peralta, el Lic. \u00c1lvaro Murillo Romero, en representaci\u00f3n del Ejecutivo Estatal, la Dra. Mar\u00eda Elena Lerma, Directora General de CRITBCS, y del C. Arturo Susarrey Amador Presidente Honorario de DIF Loreto.<\/p>\n<p style=\"text-align: justify;\"><img loading=\"lazy\" decoding=\"async\" class=\"size-medium wp-image-48652 aligncenter\" src=\"https:\/\/nbcs.mx\/wp-content\/uploads\/2019\/06\/FOTO-1-CON-\u00c9XITO-DIO-INICIO-LA-7MA-JORNADA-DE-INCLUSI\u00d3N-SOCIAL-EN-LORETO.-738x492.jpg\" alt=\"\" width=\"738\" height=\"492\" srcset=\"https:\/\/nbcs.mx\/wp-content\/uploads\/2019\/06\/FOTO-1-CON-\u00c9XITO-DIO-INICIO-LA-7MA-JORNADA-DE-INCLUSI\u00d3N-SOCIAL-EN-LORETO.-738x492.jpg 738w, https:\/\/nbcs.mx\/wp-content\/uploads\/2019\/06\/FOTO-1-CON-\u00c9XITO-DIO-INICIO-LA-7MA-JORNADA-DE-INCLUSI\u00d3N-SOCIAL-EN-LORETO.-150x100.jpg 150w, https:\/\/nbcs.mx\/wp-content\/uploads\/2019\/06\/FOTO-1-CON-\u00c9XITO-DIO-INICIO-LA-7MA-JORNADA-DE-INCLUSI\u00d3N-SOCIAL-EN-LORETO.-768x512.jpg 768w, https:\/\/nbcs.mx\/wp-content\/uploads\/2019\/06\/FOTO-1-CON-\u00c9XITO-DIO-INICIO-LA-7MA-JORNADA-DE-INCLUSI\u00d3N-SOCIAL-EN-LORETO.-600x400.jpg 600w, https:\/\/nbcs.mx\/wp-content\/uploads\/2019\/06\/FOTO-1-CON-\u00c9XITO-DIO-INICIO-LA-7MA-JORNADA-DE-INCLUSI\u00d3N-SOCIAL-EN-LORETO..jpg 960w\" sizes=\"auto, (max-width: 738px) 100vw, 738px\" \/><\/p>\n<p style=\"text-align: justify;\">El arranque de esta Jornada se estar\u00e1 desarroll\u00f3 en las inmediaciones del Palacio Municipal, donde como acto inaugural se realiz\u00f3 una presentaci\u00f3n y reconocimiento a CRIT por parte de las autoridades, para despu\u00e9s pasar a las instalaciones de UBR a recibir los servicios de dicha jornada, as\u00ed como conferencias y talleres de inclusi\u00f3n.<\/p>\n<p style=\"text-align: justify;\">\n<p style=\"text-align: justify;\">Arce Peralta recalc\u00f3 que la preocupaci\u00f3n e intervenci\u00f3n del DIF Loreto, por todas las familias y ni\u00f1os del CRIT, se expresa de diferentes formas y actos, \u00abactualmente Loreto cuenta con un parque infantil para ni\u00f1os y ni\u00f1as con alguna discapacidad, y que en su momento fue el primero en el Estado de B.C.S, adem\u00e1s se trabaja en diversas actividades de inclusi\u00f3n en todo el municipio\u00bb, enfatiz\u00f3.<\/p>\n<p style=\"text-align: justify;\"><img loading=\"lazy\" decoding=\"async\" class=\"size-medium wp-image-48653 aligncenter\" src=\"https:\/\/nbcs.mx\/wp-content\/uploads\/2019\/06\/FOTO-2-CON-\u00c9XITO-DIO-INICIO-LA-7MA-JORNADA-DE-INCLUSI\u00d3N-SOCIAL-EN-LORETO.-738x492.jpg\" alt=\"\" width=\"738\" height=\"492\" srcset=\"https:\/\/nbcs.mx\/wp-content\/uploads\/2019\/06\/FOTO-2-CON-\u00c9XITO-DIO-INICIO-LA-7MA-JORNADA-DE-INCLUSI\u00d3N-SOCIAL-EN-LORETO.-738x492.jpg 738w, https:\/\/nbcs.mx\/wp-content\/uploads\/2019\/06\/FOTO-2-CON-\u00c9XITO-DIO-INICIO-LA-7MA-JORNADA-DE-INCLUSI\u00d3N-SOCIAL-EN-LORETO.-150x100.jpg 150w, https:\/\/nbcs.mx\/wp-content\/uploads\/2019\/06\/FOTO-2-CON-\u00c9XITO-DIO-INICIO-LA-7MA-JORNADA-DE-INCLUSI\u00d3N-SOCIAL-EN-LORETO.-768x512.jpg 768w, https:\/\/nbcs.mx\/wp-content\/uploads\/2019\/06\/FOTO-2-CON-\u00c9XITO-DIO-INICIO-LA-7MA-JORNADA-DE-INCLUSI\u00d3N-SOCIAL-EN-LORETO.-600x400.jpg 600w, https:\/\/nbcs.mx\/wp-content\/uploads\/2019\/06\/FOTO-2-CON-\u00c9XITO-DIO-INICIO-LA-7MA-JORNADA-DE-INCLUSI\u00d3N-SOCIAL-EN-LORETO..jpg 960w\" sizes=\"auto, (max-width: 738px) 100vw, 738px\" \/><\/p>\n<p style=\"text-align: justify;\">As\u00ed manifest\u00f3 su compromiso y participaci\u00f3n la Edil Lorena, al tiempo que destac\u00f3 que se trabajar\u00e1 en nuevas gestiones y programas a trav\u00e9s de DIF que apoyen a las familias que m\u00e1s lo necesiten.<\/p>\n<p style=\"text-align: justify;\">\n<p style=\"text-align: justify;\">Por su parte, el Presidente Honorario de DIF Municipal, C. Arturo Susarrey Amador, calific\u00f3 como estupenda la visita de todo el personal que brinda sus servicios en el CRITBCS encabezados por la Dra. Maria Elena Lerma, ya que con esta importante gira por el municipio, se podr\u00e1n atender de manera directa y establecer un seguimiento de atenci\u00f3n oportuna a las personas con discapacidad.<\/p>\n<p style=\"text-align: justify;\">\n","protected":false},"excerpt":{"rendered":"<p>Loreto, Baja California Sur.- Este martes dio inicio la \u00ab7ma Jornada de Inclusi\u00f3n Social\u00bb organizada por el Centro de Rehabilitaci\u00f3n<\/p>\n","protected":false},"author":1,"featured_media":48653,"comment_status":"open","ping_status":"closed","sticky":false,"template":"","format":"standard","meta":{"colormag_page_container_layout":"default_layout","colormag_page_sidebar_layout":"default_layout","_jetpack_memberships_contains_paid_content":false,"footnotes":"","jetpack_publicize_message":"","jetpack_publicize_feature_enabled":true,"jetpack_social_post_already_shared":false,"jetpack_social_options":{"image_generator_settings":{"template":"highway","default_image_id":0,"font":"","enabled":false},"version":2}},"categories":[40],"tags":[],"class_list":["post-48651","post","type-post","status-publish","format-standard","has-post-thumbnail","hentry","category-municipios"],"yoast_head":"<!-- This site is optimized with the Yoast SEO plugin v27.4 - https:\/\/yoast.com\/product\/yoast-seo-wordpress\/ -->\n<title>Arranca la 7ma Jornada de Inclusi\u00f3n Social en Loreto - NBCS Noticias<\/title>\n<meta name=\"robots\" content=\"index, follow, max-snippet:-1, max-image-preview:large, max-video-preview:-1\" \/>\n<link rel=\"canonical\" href=\"https:\/\/nbcs.mx\/?p=48651\" \/>\n<meta property=\"og:locale\" content=\"es_ES\" \/>\n<meta property=\"og:type\" content=\"article\" \/>\n<meta property=\"og:title\" content=\"Arranca la 7ma Jornada de Inclusi\u00f3n Social en Loreto - NBCS Noticias\" \/>\n<meta property=\"og:description\" content=\"Loreto, Baja California Sur.- Este martes dio inicio la \u00ab7ma Jornada de Inclusi\u00f3n Social\u00bb organizada por el Centro de Rehabilitaci\u00f3n\" \/>\n<meta property=\"og:url\" content=\"https:\/\/nbcs.mx\/?p=48651\" \/>\n<meta property=\"og:site_name\" content=\"NBCS Noticias\" \/>\n<meta property=\"article:publisher\" content=\"https:\/\/www.facebook.com\/NBCSnoticias\" \/>\n<meta property=\"article:author\" content=\"https:\/\/www.facebook.com\/NBCSnoticias\" \/>\n<meta property=\"article:published_time\" content=\"2019-06-19T01:03:56+00:00\" \/>\n<meta property=\"og:image\" content=\"https:\/\/nbcs.mx\/wp-content\/uploads\/2019\/06\/FOTO-2-CON-\u00c9XITO-DIO-INICIO-LA-7MA-JORNADA-DE-INCLUSI\u00d3N-SOCIAL-EN-LORETO..jpg\" \/>\n\t<meta property=\"og:image:width\" content=\"960\" \/>\n\t<meta property=\"og:image:height\" content=\"640\" \/>\n\t<meta property=\"og:image:type\" content=\"image\/jpeg\" \/>\n<meta name=\"author\" content=\"NBCS Noticias\" \/>\n<meta name=\"twitter:card\" content=\"summary_large_image\" \/>\n<meta name=\"twitter:creator\" content=\"@https:\/\/twitter.com\/NBCSnoticias\" \/>\n<meta name=\"twitter:site\" content=\"@NBCSnoticias\" \/>\n<meta name=\"twitter:label1\" content=\"Escrito por\" \/>\n\t<meta name=\"twitter:data1\" content=\"NBCS Noticias\" \/>\n\t<meta name=\"twitter:label2\" content=\"Tiempo de lectura\" \/>\n\t<meta name=\"twitter:data2\" content=\"2 minutos\" \/>\n<script type=\"application\/ld+json\" class=\"yoast-schema-graph\">{\"@context\":\"https:\\\/\\\/schema.org\",\"@graph\":[{\"@type\":\"Article\",\"@id\":\"https:\\\/\\\/nbcs.mx\\\/?p=48651#article\",\"isPartOf\":{\"@id\":\"https:\\\/\\\/nbcs.mx\\\/?p=48651\"},\"author\":{\"name\":\"NBCS Noticias\",\"@id\":\"https:\\\/\\\/nbcs.mx\\\/#\\\/schema\\\/person\\\/ece58bab9a7c1e87a4d28ec9ecd79ff4\"},\"headline\":\"Arranca la 7ma Jornada de Inclusi\u00f3n Social en Loreto\",\"datePublished\":\"2019-06-19T01:03:56+00:00\",\"mainEntityOfPage\":{\"@id\":\"https:\\\/\\\/nbcs.mx\\\/?p=48651\"},\"wordCount\":332,\"commentCount\":0,\"publisher\":{\"@id\":\"https:\\\/\\\/nbcs.mx\\\/#organization\"},\"image\":{\"@id\":\"https:\\\/\\\/nbcs.mx\\\/?p=48651#primaryimage\"},\"thumbnailUrl\":\"https:\\\/\\\/nbcs.mx\\\/wp-content\\\/uploads\\\/2019\\\/06\\\/FOTO-2-CON-\u00c9XITO-DIO-INICIO-LA-7MA-JORNADA-DE-INCLUSI\u00d3N-SOCIAL-EN-LORETO..jpg\",\"articleSection\":[\"Municipios\"],\"inLanguage\":\"es\",\"potentialAction\":[{\"@type\":\"CommentAction\",\"name\":\"Comment\",\"target\":[\"https:\\\/\\\/nbcs.mx\\\/?p=48651#respond\"]}]},{\"@type\":\"WebPage\",\"@id\":\"https:\\\/\\\/nbcs.mx\\\/?p=48651\",\"url\":\"https:\\\/\\\/nbcs.mx\\\/?p=48651\",\"name\":\"Arranca la 7ma Jornada de Inclusi\u00f3n Social en Loreto - NBCS Noticias\",\"isPartOf\":{\"@id\":\"https:\\\/\\\/nbcs.mx\\\/#website\"},\"primaryImageOfPage\":{\"@id\":\"https:\\\/\\\/nbcs.mx\\\/?p=48651#primaryimage\"},\"image\":{\"@id\":\"https:\\\/\\\/nbcs.mx\\\/?p=48651#primaryimage\"},\"thumbnailUrl\":\"https:\\\/\\\/nbcs.mx\\\/wp-content\\\/uploads\\\/2019\\\/06\\\/FOTO-2-CON-\u00c9XITO-DIO-INICIO-LA-7MA-JORNADA-DE-INCLUSI\u00d3N-SOCIAL-EN-LORETO..jpg\",\"datePublished\":\"2019-06-19T01:03:56+00:00\",\"breadcrumb\":{\"@id\":\"https:\\\/\\\/nbcs.mx\\\/?p=48651#breadcrumb\"},\"inLanguage\":\"es\",\"potentialAction\":[{\"@type\":\"ReadAction\",\"target\":[\"https:\\\/\\\/nbcs.mx\\\/?p=48651\"]}]},{\"@type\":\"ImageObject\",\"inLanguage\":\"es\",\"@id\":\"https:\\\/\\\/nbcs.mx\\\/?p=48651#primaryimage\",\"url\":\"https:\\\/\\\/nbcs.mx\\\/wp-content\\\/uploads\\\/2019\\\/06\\\/FOTO-2-CON-\u00c9XITO-DIO-INICIO-LA-7MA-JORNADA-DE-INCLUSI\u00d3N-SOCIAL-EN-LORETO..jpg\",\"contentUrl\":\"https:\\\/\\\/nbcs.mx\\\/wp-content\\\/uploads\\\/2019\\\/06\\\/FOTO-2-CON-\u00c9XITO-DIO-INICIO-LA-7MA-JORNADA-DE-INCLUSI\u00d3N-SOCIAL-EN-LORETO..jpg\",\"width\":960,\"height\":640},{\"@type\":\"BreadcrumbList\",\"@id\":\"https:\\\/\\\/nbcs.mx\\\/?p=48651#breadcrumb\",\"itemListElement\":[{\"@type\":\"ListItem\",\"position\":1,\"name\":\"Portada\",\"item\":\"https:\\\/\\\/nbcs.mx\\\/\"},{\"@type\":\"ListItem\",\"position\":2,\"name\":\"Arranca la 7ma Jornada de Inclusi\u00f3n Social en Loreto\"}]},{\"@type\":\"WebSite\",\"@id\":\"https:\\\/\\\/nbcs.mx\\\/#website\",\"url\":\"https:\\\/\\\/nbcs.mx\\\/\",\"name\":\"NBCS Noticias\",\"description\":\"Sitio web de noticias en Baja California Sur\",\"publisher\":{\"@id\":\"https:\\\/\\\/nbcs.mx\\\/#organization\"},\"potentialAction\":[{\"@type\":\"SearchAction\",\"target\":{\"@type\":\"EntryPoint\",\"urlTemplate\":\"https:\\\/\\\/nbcs.mx\\\/?s={search_term_string}\"},\"query-input\":{\"@type\":\"PropertyValueSpecification\",\"valueRequired\":true,\"valueName\":\"search_term_string\"}}],\"inLanguage\":\"es\"},{\"@type\":\"Organization\",\"@id\":\"https:\\\/\\\/nbcs.mx\\\/#organization\",\"name\":\"NBCS Noticias\",\"url\":\"https:\\\/\\\/nbcs.mx\\\/\",\"logo\":{\"@type\":\"ImageObject\",\"inLanguage\":\"es\",\"@id\":\"https:\\\/\\\/nbcs.mx\\\/#\\\/schema\\\/logo\\\/image\\\/\",\"url\":\"https:\\\/\\\/nbcs.mx\\\/wp-content\\\/uploads\\\/2018\\\/09\\\/057b69485e93575a5c2b1c1dde2dd297.jpeg\",\"contentUrl\":\"https:\\\/\\\/nbcs.mx\\\/wp-content\\\/uploads\\\/2018\\\/09\\\/057b69485e93575a5c2b1c1dde2dd297.jpeg\",\"width\":64,\"height\":64,\"caption\":\"NBCS Noticias\"},\"image\":{\"@id\":\"https:\\\/\\\/nbcs.mx\\\/#\\\/schema\\\/logo\\\/image\\\/\"},\"sameAs\":[\"https:\\\/\\\/www.facebook.com\\\/NBCSnoticias\",\"https:\\\/\\\/x.com\\\/NBCSnoticias\"]},{\"@type\":\"Person\",\"@id\":\"https:\\\/\\\/nbcs.mx\\\/#\\\/schema\\\/person\\\/ece58bab9a7c1e87a4d28ec9ecd79ff4\",\"name\":\"NBCS Noticias\",\"image\":{\"@type\":\"ImageObject\",\"inLanguage\":\"es\",\"@id\":\"https:\\\/\\\/secure.gravatar.com\\\/avatar\\\/4e52110cad1c4054b43271a0d14bbe9e2ea76aecd0e1097edfc670798d9ca1d4?s=96&d=blank&r=g\",\"url\":\"https:\\\/\\\/secure.gravatar.com\\\/avatar\\\/4e52110cad1c4054b43271a0d14bbe9e2ea76aecd0e1097edfc670798d9ca1d4?s=96&d=blank&r=g\",\"contentUrl\":\"https:\\\/\\\/secure.gravatar.com\\\/avatar\\\/4e52110cad1c4054b43271a0d14bbe9e2ea76aecd0e1097edfc670798d9ca1d4?s=96&d=blank&r=g\",\"caption\":\"NBCS Noticias\"},\"description\":\"\u00bfTienes fotos o video de alg\u00fan acto de posible negligencia, corrupci\u00f3n y abuso de autoridad? M\u00e1ndalo al WhatsApp de NBCS Noticias: 612 141 98 08\",\"sameAs\":[\"https:\\\/\\\/www.nbcs.mx\",\"https:\\\/\\\/www.facebook.com\\\/NBCSnoticias\",\"https:\\\/\\\/www.instagram.com\\\/nbcsnoticias\\\/\",\"https:\\\/\\\/x.com\\\/https:\\\/\\\/twitter.com\\\/NBCSnoticias\"]}]}<\/script>\n<!-- \/ Yoast SEO plugin. -->","yoast_head_json":{"title":"Arranca la 7ma Jornada de Inclusi\u00f3n Social en Loreto - NBCS Noticias","robots":{"index":"index","follow":"follow","max-snippet":"max-snippet:-1","max-image-preview":"max-image-preview:large","max-video-preview":"max-video-preview:-1"},"canonical":"https:\/\/nbcs.mx\/?p=48651","og_locale":"es_ES","og_type":"article","og_title":"Arranca la 7ma Jornada de Inclusi\u00f3n Social en Loreto - NBCS Noticias","og_description":"Loreto, Baja California Sur.- Este martes dio inicio la \u00ab7ma Jornada de Inclusi\u00f3n Social\u00bb organizada por el Centro de Rehabilitaci\u00f3n","og_url":"https:\/\/nbcs.mx\/?p=48651","og_site_name":"NBCS Noticias","article_publisher":"https:\/\/www.facebook.com\/NBCSnoticias","article_author":"https:\/\/www.facebook.com\/NBCSnoticias","article_published_time":"2019-06-19T01:03:56+00:00","og_image":[{"width":960,"height":640,"url":"https:\/\/nbcs.mx\/wp-content\/uploads\/2019\/06\/FOTO-2-CON-\u00c9XITO-DIO-INICIO-LA-7MA-JORNADA-DE-INCLUSI\u00d3N-SOCIAL-EN-LORETO..jpg","type":"image\/jpeg"}],"author":"NBCS Noticias","twitter_card":"summary_large_image","twitter_creator":"@https:\/\/twitter.com\/NBCSnoticias","twitter_site":"@NBCSnoticias","twitter_misc":{"Escrito por":"NBCS Noticias","Tiempo de lectura":"2 minutos"},"schema":{"@context":"https:\/\/schema.org","@graph":[{"@type":"Article","@id":"https:\/\/nbcs.mx\/?p=48651#article","isPartOf":{"@id":"https:\/\/nbcs.mx\/?p=48651"},"author":{"name":"NBCS Noticias","@id":"https:\/\/nbcs.mx\/#\/schema\/person\/ece58bab9a7c1e87a4d28ec9ecd79ff4"},"headline":"Arranca la 7ma Jornada de Inclusi\u00f3n Social en Loreto","datePublished":"2019-06-19T01:03:56+00:00","mainEntityOfPage":{"@id":"https:\/\/nbcs.mx\/?p=48651"},"wordCount":332,"commentCount":0,"publisher":{"@id":"https:\/\/nbcs.mx\/#organization"},"image":{"@id":"https:\/\/nbcs.mx\/?p=48651#primaryimage"},"thumbnailUrl":"https:\/\/nbcs.mx\/wp-content\/uploads\/2019\/06\/FOTO-2-CON-\u00c9XITO-DIO-INICIO-LA-7MA-JORNADA-DE-INCLUSI\u00d3N-SOCIAL-EN-LORETO..jpg","articleSection":["Municipios"],"inLanguage":"es","potentialAction":[{"@type":"CommentAction","name":"Comment","target":["https:\/\/nbcs.mx\/?p=48651#respond"]}]},{"@type":"WebPage","@id":"https:\/\/nbcs.mx\/?p=48651","url":"https:\/\/nbcs.mx\/?p=48651","name":"Arranca la 7ma Jornada de Inclusi\u00f3n Social en Loreto - NBCS Noticias","isPartOf":{"@id":"https:\/\/nbcs.mx\/#website"},"primaryImageOfPage":{"@id":"https:\/\/nbcs.mx\/?p=48651#primaryimage"},"image":{"@id":"https:\/\/nbcs.mx\/?p=48651#primaryimage"},"thumbnailUrl":"https:\/\/nbcs.mx\/wp-content\/uploads\/2019\/06\/FOTO-2-CON-\u00c9XITO-DIO-INICIO-LA-7MA-JORNADA-DE-INCLUSI\u00d3N-SOCIAL-EN-LORETO..jpg","datePublished":"2019-06-19T01:03:56+00:00","breadcrumb":{"@id":"https:\/\/nbcs.mx\/?p=48651#breadcrumb"},"inLanguage":"es","potentialAction":[{"@type":"ReadAction","target":["https:\/\/nbcs.mx\/?p=48651"]}]},{"@type":"ImageObject","inLanguage":"es","@id":"https:\/\/nbcs.mx\/?p=48651#primaryimage","url":"https:\/\/nbcs.mx\/wp-content\/uploads\/2019\/06\/FOTO-2-CON-\u00c9XITO-DIO-INICIO-LA-7MA-JORNADA-DE-INCLUSI\u00d3N-SOCIAL-EN-LORETO..jpg","contentUrl":"https:\/\/nbcs.mx\/wp-content\/uploads\/2019\/06\/FOTO-2-CON-\u00c9XITO-DIO-INICIO-LA-7MA-JORNADA-DE-INCLUSI\u00d3N-SOCIAL-EN-LORETO..jpg","width":960,"height":640},{"@type":"BreadcrumbList","@id":"https:\/\/nbcs.mx\/?p=48651#breadcrumb","itemListElement":[{"@type":"ListItem","position":1,"name":"Portada","item":"https:\/\/nbcs.mx\/"},{"@type":"ListItem","position":2,"name":"Arranca la 7ma Jornada de Inclusi\u00f3n Social en Loreto"}]},{"@type":"WebSite","@id":"https:\/\/nbcs.mx\/#website","url":"https:\/\/nbcs.mx\/","name":"NBCS Noticias","description":"Sitio web de noticias en Baja California Sur","publisher":{"@id":"https:\/\/nbcs.mx\/#organization"},"potentialAction":[{"@type":"SearchAction","target":{"@type":"EntryPoint","urlTemplate":"https:\/\/nbcs.mx\/?s={search_term_string}"},"query-input":{"@type":"PropertyValueSpecification","valueRequired":true,"valueName":"search_term_string"}}],"inLanguage":"es"},{"@type":"Organization","@id":"https:\/\/nbcs.mx\/#organization","name":"NBCS Noticias","url":"https:\/\/nbcs.mx\/","logo":{"@type":"ImageObject","inLanguage":"es","@id":"https:\/\/nbcs.mx\/#\/schema\/logo\/image\/","url":"https:\/\/nbcs.mx\/wp-content\/uploads\/2018\/09\/057b69485e93575a5c2b1c1dde2dd297.jpeg","contentUrl":"https:\/\/nbcs.mx\/wp-content\/uploads\/2018\/09\/057b69485e93575a5c2b1c1dde2dd297.jpeg","width":64,"height":64,"caption":"NBCS Noticias"},"image":{"@id":"https:\/\/nbcs.mx\/#\/schema\/logo\/image\/"},"sameAs":["https:\/\/www.facebook.com\/NBCSnoticias","https:\/\/x.com\/NBCSnoticias"]},{"@type":"Person","@id":"https:\/\/nbcs.mx\/#\/schema\/person\/ece58bab9a7c1e87a4d28ec9ecd79ff4","name":"NBCS Noticias","image":{"@type":"ImageObject","inLanguage":"es","@id":"https:\/\/secure.gravatar.com\/avatar\/4e52110cad1c4054b43271a0d14bbe9e2ea76aecd0e1097edfc670798d9ca1d4?s=96&d=blank&r=g","url":"https:\/\/secure.gravatar.com\/avatar\/4e52110cad1c4054b43271a0d14bbe9e2ea76aecd0e1097edfc670798d9ca1d4?s=96&d=blank&r=g","contentUrl":"https:\/\/secure.gravatar.com\/avatar\/4e52110cad1c4054b43271a0d14bbe9e2ea76aecd0e1097edfc670798d9ca1d4?s=96&d=blank&r=g","caption":"NBCS Noticias"},"description":"\u00bfTienes fotos o video de alg\u00fan acto de posible negligencia, corrupci\u00f3n y abuso de autoridad? M\u00e1ndalo al WhatsApp de NBCS Noticias: 612 141 98 08","sameAs":["https:\/\/www.nbcs.mx","https:\/\/www.facebook.com\/NBCSnoticias","https:\/\/www.instagram.com\/nbcsnoticias\/","https:\/\/x.com\/https:\/\/twitter.com\/NBCSnoticias"]}]}},"jetpack_publicize_connections":[],"jetpack_featured_media_url":"https:\/\/nbcs.mx\/wp-content\/uploads\/2019\/06\/FOTO-2-CON-\u00c9XITO-DIO-INICIO-LA-7MA-JORNADA-DE-INCLUSI\u00d3N-SOCIAL-EN-LORETO..jpg","jetpack_sharing_enabled":true,"_links":{"self":[{"href":"https:\/\/nbcs.mx\/index.php?rest_route=\/wp\/v2\/posts\/48651","targetHints":{"allow":["GET"]}}],"collection":[{"href":"https:\/\/nbcs.mx\/index.php?rest_route=\/wp\/v2\/posts"}],"about":[{"href":"https:\/\/nbcs.mx\/index.php?rest_route=\/wp\/v2\/types\/post"}],"author":[{"embeddable":true,"href":"https:\/\/nbcs.mx\/index.php?rest_route=\/wp\/v2\/users\/1"}],"replies":[{"embeddable":true,"href":"https:\/\/nbcs.mx\/index.php?rest_route=%2Fwp%2Fv2%2Fcomments&post=48651"}],"version-history":[{"count":1,"href":"https:\/\/nbcs.mx\/index.php?rest_route=\/wp\/v2\/posts\/48651\/revisions"}],"predecessor-version":[{"id":48654,"href":"https:\/\/nbcs.mx\/index.php?rest_route=\/wp\/v2\/posts\/48651\/revisions\/48654"}],"wp:featuredmedia":[{"embeddable":true,"href":"https:\/\/nbcs.mx\/index.php?rest_route=\/wp\/v2\/media\/48653"}],"wp:attachment":[{"href":"https:\/\/nbcs.mx\/index.php?rest_route=%2Fwp%2Fv2%2Fmedia&parent=48651"}],"wp:term":[{"taxonomy":"category","embeddable":true,"href":"https:\/\/nbcs.mx\/index.php?rest_route=%2Fwp%2Fv2%2Fcategories&post=48651"},{"taxonomy":"post_tag","embeddable":true,"href":"https:\/\/nbcs.mx\/index.php?rest_route=%2Fwp%2Fv2%2Ftags&post=48651"}],"curies":[{"name":"wp","href":"https:\/\/api.w.org\/{rel}","templated":true}]}}