{"id":48990,"date":"2019-06-24T18:16:38","date_gmt":"2019-06-25T00:16:38","guid":{"rendered":"https:\/\/nbcs.mx\/?p=48990"},"modified":"2019-06-24T18:16:38","modified_gmt":"2019-06-25T00:16:38","slug":"se-reunen-directoras-de-los-sistemas-dif-municipales","status":"publish","type":"post","link":"https:\/\/nbcs.mx\/?p=48990","title":{"rendered":"Se re\u00fanen directoras de los Sistemas DIF Municipales"},"content":{"rendered":"<p style=\"text-align: justify;\">La Paz, Baja California Sur.- Con la finalidad de dar continuidad y correcta aplicaci\u00f3n de los programas y servicios que el Sistema Estatal DIF (SEDIF), ejecuta en el Estado, la presidenta de esta instituci\u00f3n, Gabriela Vel\u00e1zquez de Mendoza, sostuvo una reuni\u00f3n de trabajo con las directoras de los Sistemas DIF de los cinco municipios de la entidad, la cual se realiz\u00f3 lugar en la ciudad de La Paz.<\/p>\n<p style=\"text-align: justify;\"><img loading=\"lazy\" decoding=\"async\" class=\"size-medium wp-image-48992 aligncenter\" src=\"https:\/\/nbcs.mx\/wp-content\/uploads\/2019\/06\/SEDIF_-REUNI\u00d3N--755x389.jpg\" alt=\"\" width=\"755\" height=\"389\" srcset=\"https:\/\/nbcs.mx\/wp-content\/uploads\/2019\/06\/SEDIF_-REUNI\u00d3N--755x389.jpg 755w, https:\/\/nbcs.mx\/wp-content\/uploads\/2019\/06\/SEDIF_-REUNI\u00d3N--150x77.jpg 150w, https:\/\/nbcs.mx\/wp-content\/uploads\/2019\/06\/SEDIF_-REUNI\u00d3N--768x395.jpg 768w, https:\/\/nbcs.mx\/wp-content\/uploads\/2019\/06\/SEDIF_-REUNI\u00d3N--1024x527.jpg 1024w, https:\/\/nbcs.mx\/wp-content\/uploads\/2019\/06\/SEDIF_-REUNI\u00d3N--600x309.jpg 600w, https:\/\/nbcs.mx\/wp-content\/uploads\/2019\/06\/SEDIF_-REUNI\u00d3N-.jpg 1169w\" sizes=\"auto, (max-width: 755px) 100vw, 755px\" \/><\/p>\n<p style=\"text-align: justify;\">Durante este acercamiento la presidenta del SEDIF, habl\u00f3 sobre la importancia de permanecer cercanos y continuar trabajando en coordinaci\u00f3n, a fin de garantizar el cumplimiento adecuado de los programas y servicios que se desarrollan en cada uno de los municipios, con el prop\u00f3sito de que todos y cada uno de los apoyos lleguen a quienes m\u00e1s lo necesitan.<\/p>\n<p style=\"text-align: justify;\">\n<p style=\"text-align: justify;\">En el marco de esta reuni\u00f3n Gabriela Vel\u00e1zquez, comparti\u00f3 parte de las acciones que esta administraci\u00f3n ha implementado, como lo es el programa Visi\u00f3n Familia, que es una estrategia estatal que refuerza el rescate de los valores, a trav\u00e9s de proyectos, pl\u00e1ticas, cursos y talleres, as\u00ed como actividades interinstitucionales.<\/p>\n<p style=\"text-align: justify;\"><img loading=\"lazy\" decoding=\"async\" class=\"size-medium wp-image-48991 aligncenter\" src=\"https:\/\/nbcs.mx\/wp-content\/uploads\/2019\/06\/IMG_1975-755x425.png\" alt=\"\" width=\"755\" height=\"425\" srcset=\"https:\/\/nbcs.mx\/wp-content\/uploads\/2019\/06\/IMG_1975-755x425.png 755w, https:\/\/nbcs.mx\/wp-content\/uploads\/2019\/06\/IMG_1975-150x84.png 150w, https:\/\/nbcs.mx\/wp-content\/uploads\/2019\/06\/IMG_1975-768x432.png 768w, https:\/\/nbcs.mx\/wp-content\/uploads\/2019\/06\/IMG_1975-1024x576.png 1024w, https:\/\/nbcs.mx\/wp-content\/uploads\/2019\/06\/IMG_1975-600x338.png 600w\" sizes=\"auto, (max-width: 755px) 100vw, 755px\" \/><\/p>\n<p style=\"text-align: justify;\">De igual manera, expuso los servicios que se encuentran a disposici\u00f3n de la ciudadan\u00eda, como el apoyo de hospedaje y alimentaci\u00f3n que ofrece el Albergue de Asistencia Social, en caso de requerir asistencia m\u00e9dica en la ciudad capital del Estado.<\/p>\n<p style=\"text-align: justify;\">\n<p style=\"text-align: justify;\">En ese sentido Vel\u00e1zquez de Mendoza, reconoci\u00f3 el inter\u00e9s de Ana Candelaria Garc\u00eda Rubio, directora en el Municipio de La Paz, Berenice Y\u00e1\u00f1ez Valenzuela, de Los Cabos, Rosaura \u00c1lvarez Garc\u00eda, de Comond\u00fa, Yolanda Rojas Garc\u00eda, de Loreto, Dora Patricia Moreno Mart\u00ednez, de Muleg\u00e9, por su labor en la uni\u00f3n de esfuerzos conjuntos que fortalezcan el bienestar y desarrollo de cada uno de los sectores de nuestra sociedad, concluy\u00f3.<\/p>\n<p style=\"text-align: justify;\">\n","protected":false},"excerpt":{"rendered":"<p>La Paz, Baja California Sur.- Con la finalidad de dar continuidad y correcta aplicaci\u00f3n de los programas y servicios que<\/p>\n","protected":false},"author":1,"featured_media":48991,"comment_status":"open","ping_status":"closed","sticky":false,"template":"","format":"standard","meta":{"colormag_page_container_layout":"default_layout","colormag_page_sidebar_layout":"default_layout","_jetpack_memberships_contains_paid_content":false,"footnotes":"","jetpack_publicize_message":"","jetpack_publicize_feature_enabled":true,"jetpack_social_post_already_shared":false,"jetpack_social_options":{"image_generator_settings":{"template":"highway","default_image_id":0,"font":"","enabled":false},"version":2}},"categories":[1],"tags":[],"class_list":["post-48990","post","type-post","status-publish","format-standard","has-post-thumbnail","hentry","category-noticias"],"yoast_head":"<!-- This site is optimized with the Yoast SEO plugin v27.5 - https:\/\/yoast.com\/product\/yoast-seo-wordpress\/ -->\n<title>Se re\u00fanen directoras de los Sistemas DIF Municipales - NBCS Noticias<\/title>\n<meta name=\"robots\" content=\"index, follow, max-snippet:-1, max-image-preview:large, max-video-preview:-1\" \/>\n<link rel=\"canonical\" href=\"https:\/\/nbcs.mx\/?p=48990\" \/>\n<meta property=\"og:locale\" content=\"es_ES\" \/>\n<meta property=\"og:type\" content=\"article\" \/>\n<meta property=\"og:title\" content=\"Se re\u00fanen directoras de los Sistemas DIF Municipales - NBCS Noticias\" \/>\n<meta property=\"og:description\" content=\"La Paz, Baja California Sur.- Con la finalidad de dar continuidad y correcta aplicaci\u00f3n de los programas y servicios que\" \/>\n<meta property=\"og:url\" content=\"https:\/\/nbcs.mx\/?p=48990\" \/>\n<meta property=\"og:site_name\" content=\"NBCS Noticias\" \/>\n<meta property=\"article:publisher\" content=\"https:\/\/www.facebook.com\/NBCSnoticias\" \/>\n<meta property=\"article:author\" content=\"https:\/\/www.facebook.com\/NBCSnoticias\" \/>\n<meta property=\"article:published_time\" content=\"2019-06-25T00:16:38+00:00\" \/>\n<meta property=\"og:image\" content=\"https:\/\/nbcs.mx\/wp-content\/uploads\/2019\/06\/IMG_1975-1024x576.png\" \/>\n\t<meta property=\"og:image:width\" content=\"1024\" \/>\n\t<meta property=\"og:image:height\" content=\"576\" \/>\n\t<meta property=\"og:image:type\" content=\"image\/png\" \/>\n<meta name=\"author\" content=\"NBCS Noticias\" \/>\n<meta name=\"twitter:card\" content=\"summary_large_image\" \/>\n<meta name=\"twitter:creator\" content=\"@https:\/\/twitter.com\/NBCSnoticias\" \/>\n<meta name=\"twitter:site\" content=\"@NBCSnoticias\" \/>\n<meta name=\"twitter:label1\" content=\"Escrito por\" \/>\n\t<meta name=\"twitter:data1\" content=\"NBCS Noticias\" \/>\n\t<meta name=\"twitter:label2\" content=\"Tiempo de lectura\" \/>\n\t<meta name=\"twitter:data2\" content=\"2 minutos\" \/>\n<script type=\"application\/ld+json\" class=\"yoast-schema-graph\">{\"@context\":\"https:\\\/\\\/schema.org\",\"@graph\":[{\"@type\":\"Article\",\"@id\":\"https:\\\/\\\/nbcs.mx\\\/?p=48990#article\",\"isPartOf\":{\"@id\":\"https:\\\/\\\/nbcs.mx\\\/?p=48990\"},\"author\":{\"name\":\"NBCS Noticias\",\"@id\":\"https:\\\/\\\/nbcs.mx\\\/#\\\/schema\\\/person\\\/ece58bab9a7c1e87a4d28ec9ecd79ff4\"},\"headline\":\"Se re\u00fanen directoras de los Sistemas DIF Municipales\",\"datePublished\":\"2019-06-25T00:16:38+00:00\",\"mainEntityOfPage\":{\"@id\":\"https:\\\/\\\/nbcs.mx\\\/?p=48990\"},\"wordCount\":318,\"commentCount\":0,\"publisher\":{\"@id\":\"https:\\\/\\\/nbcs.mx\\\/#organization\"},\"image\":{\"@id\":\"https:\\\/\\\/nbcs.mx\\\/?p=48990#primaryimage\"},\"thumbnailUrl\":\"https:\\\/\\\/nbcs.mx\\\/wp-content\\\/uploads\\\/2019\\\/06\\\/IMG_1975.png\",\"articleSection\":[\"Noticias\"],\"inLanguage\":\"es\",\"potentialAction\":[{\"@type\":\"CommentAction\",\"name\":\"Comment\",\"target\":[\"https:\\\/\\\/nbcs.mx\\\/?p=48990#respond\"]}]},{\"@type\":\"WebPage\",\"@id\":\"https:\\\/\\\/nbcs.mx\\\/?p=48990\",\"url\":\"https:\\\/\\\/nbcs.mx\\\/?p=48990\",\"name\":\"Se re\u00fanen directoras de los Sistemas DIF Municipales - NBCS Noticias\",\"isPartOf\":{\"@id\":\"https:\\\/\\\/nbcs.mx\\\/#website\"},\"primaryImageOfPage\":{\"@id\":\"https:\\\/\\\/nbcs.mx\\\/?p=48990#primaryimage\"},\"image\":{\"@id\":\"https:\\\/\\\/nbcs.mx\\\/?p=48990#primaryimage\"},\"thumbnailUrl\":\"https:\\\/\\\/nbcs.mx\\\/wp-content\\\/uploads\\\/2019\\\/06\\\/IMG_1975.png\",\"datePublished\":\"2019-06-25T00:16:38+00:00\",\"breadcrumb\":{\"@id\":\"https:\\\/\\\/nbcs.mx\\\/?p=48990#breadcrumb\"},\"inLanguage\":\"es\",\"potentialAction\":[{\"@type\":\"ReadAction\",\"target\":[\"https:\\\/\\\/nbcs.mx\\\/?p=48990\"]}]},{\"@type\":\"ImageObject\",\"inLanguage\":\"es\",\"@id\":\"https:\\\/\\\/nbcs.mx\\\/?p=48990#primaryimage\",\"url\":\"https:\\\/\\\/nbcs.mx\\\/wp-content\\\/uploads\\\/2019\\\/06\\\/IMG_1975.png\",\"contentUrl\":\"https:\\\/\\\/nbcs.mx\\\/wp-content\\\/uploads\\\/2019\\\/06\\\/IMG_1975.png\",\"width\":2208,\"height\":1242},{\"@type\":\"BreadcrumbList\",\"@id\":\"https:\\\/\\\/nbcs.mx\\\/?p=48990#breadcrumb\",\"itemListElement\":[{\"@type\":\"ListItem\",\"position\":1,\"name\":\"Portada\",\"item\":\"https:\\\/\\\/nbcs.mx\\\/\"},{\"@type\":\"ListItem\",\"position\":2,\"name\":\"Se re\u00fanen directoras de los Sistemas DIF Municipales\"}]},{\"@type\":\"WebSite\",\"@id\":\"https:\\\/\\\/nbcs.mx\\\/#website\",\"url\":\"https:\\\/\\\/nbcs.mx\\\/\",\"name\":\"NBCS Noticias\",\"description\":\"Sitio web de noticias en Baja California Sur\",\"publisher\":{\"@id\":\"https:\\\/\\\/nbcs.mx\\\/#organization\"},\"potentialAction\":[{\"@type\":\"SearchAction\",\"target\":{\"@type\":\"EntryPoint\",\"urlTemplate\":\"https:\\\/\\\/nbcs.mx\\\/?s={search_term_string}\"},\"query-input\":{\"@type\":\"PropertyValueSpecification\",\"valueRequired\":true,\"valueName\":\"search_term_string\"}}],\"inLanguage\":\"es\"},{\"@type\":\"Organization\",\"@id\":\"https:\\\/\\\/nbcs.mx\\\/#organization\",\"name\":\"NBCS Noticias\",\"url\":\"https:\\\/\\\/nbcs.mx\\\/\",\"logo\":{\"@type\":\"ImageObject\",\"inLanguage\":\"es\",\"@id\":\"https:\\\/\\\/nbcs.mx\\\/#\\\/schema\\\/logo\\\/image\\\/\",\"url\":\"https:\\\/\\\/nbcs.mx\\\/wp-content\\\/uploads\\\/2018\\\/09\\\/057b69485e93575a5c2b1c1dde2dd297.jpeg\",\"contentUrl\":\"https:\\\/\\\/nbcs.mx\\\/wp-content\\\/uploads\\\/2018\\\/09\\\/057b69485e93575a5c2b1c1dde2dd297.jpeg\",\"width\":64,\"height\":64,\"caption\":\"NBCS Noticias\"},\"image\":{\"@id\":\"https:\\\/\\\/nbcs.mx\\\/#\\\/schema\\\/logo\\\/image\\\/\"},\"sameAs\":[\"https:\\\/\\\/www.facebook.com\\\/NBCSnoticias\",\"https:\\\/\\\/x.com\\\/NBCSnoticias\"]},{\"@type\":\"Person\",\"@id\":\"https:\\\/\\\/nbcs.mx\\\/#\\\/schema\\\/person\\\/ece58bab9a7c1e87a4d28ec9ecd79ff4\",\"name\":\"NBCS Noticias\",\"image\":{\"@type\":\"ImageObject\",\"inLanguage\":\"es\",\"@id\":\"https:\\\/\\\/secure.gravatar.com\\\/avatar\\\/4e52110cad1c4054b43271a0d14bbe9e2ea76aecd0e1097edfc670798d9ca1d4?s=96&d=blank&r=g\",\"url\":\"https:\\\/\\\/secure.gravatar.com\\\/avatar\\\/4e52110cad1c4054b43271a0d14bbe9e2ea76aecd0e1097edfc670798d9ca1d4?s=96&d=blank&r=g\",\"contentUrl\":\"https:\\\/\\\/secure.gravatar.com\\\/avatar\\\/4e52110cad1c4054b43271a0d14bbe9e2ea76aecd0e1097edfc670798d9ca1d4?s=96&d=blank&r=g\",\"caption\":\"NBCS Noticias\"},\"description\":\"\u00bfTienes fotos o video de alg\u00fan acto de posible negligencia, corrupci\u00f3n y abuso de autoridad? M\u00e1ndalo al WhatsApp de NBCS Noticias: 612 141 98 08\",\"sameAs\":[\"https:\\\/\\\/www.nbcs.mx\",\"https:\\\/\\\/www.facebook.com\\\/NBCSnoticias\",\"https:\\\/\\\/www.instagram.com\\\/nbcsnoticias\\\/\",\"https:\\\/\\\/x.com\\\/https:\\\/\\\/twitter.com\\\/NBCSnoticias\"]}]}<\/script>\n<!-- \/ Yoast SEO plugin. -->","yoast_head_json":{"title":"Se re\u00fanen directoras de los Sistemas DIF Municipales - NBCS Noticias","robots":{"index":"index","follow":"follow","max-snippet":"max-snippet:-1","max-image-preview":"max-image-preview:large","max-video-preview":"max-video-preview:-1"},"canonical":"https:\/\/nbcs.mx\/?p=48990","og_locale":"es_ES","og_type":"article","og_title":"Se re\u00fanen directoras de los Sistemas DIF Municipales - NBCS Noticias","og_description":"La Paz, Baja California Sur.- Con la finalidad de dar continuidad y correcta aplicaci\u00f3n de los programas y servicios que","og_url":"https:\/\/nbcs.mx\/?p=48990","og_site_name":"NBCS Noticias","article_publisher":"https:\/\/www.facebook.com\/NBCSnoticias","article_author":"https:\/\/www.facebook.com\/NBCSnoticias","article_published_time":"2019-06-25T00:16:38+00:00","og_image":[{"width":1024,"height":576,"url":"https:\/\/nbcs.mx\/wp-content\/uploads\/2019\/06\/IMG_1975-1024x576.png","type":"image\/png"}],"author":"NBCS Noticias","twitter_card":"summary_large_image","twitter_creator":"@https:\/\/twitter.com\/NBCSnoticias","twitter_site":"@NBCSnoticias","twitter_misc":{"Escrito por":"NBCS Noticias","Tiempo de lectura":"2 minutos"},"schema":{"@context":"https:\/\/schema.org","@graph":[{"@type":"Article","@id":"https:\/\/nbcs.mx\/?p=48990#article","isPartOf":{"@id":"https:\/\/nbcs.mx\/?p=48990"},"author":{"name":"NBCS Noticias","@id":"https:\/\/nbcs.mx\/#\/schema\/person\/ece58bab9a7c1e87a4d28ec9ecd79ff4"},"headline":"Se re\u00fanen directoras de los Sistemas DIF Municipales","datePublished":"2019-06-25T00:16:38+00:00","mainEntityOfPage":{"@id":"https:\/\/nbcs.mx\/?p=48990"},"wordCount":318,"commentCount":0,"publisher":{"@id":"https:\/\/nbcs.mx\/#organization"},"image":{"@id":"https:\/\/nbcs.mx\/?p=48990#primaryimage"},"thumbnailUrl":"https:\/\/nbcs.mx\/wp-content\/uploads\/2019\/06\/IMG_1975.png","articleSection":["Noticias"],"inLanguage":"es","potentialAction":[{"@type":"CommentAction","name":"Comment","target":["https:\/\/nbcs.mx\/?p=48990#respond"]}]},{"@type":"WebPage","@id":"https:\/\/nbcs.mx\/?p=48990","url":"https:\/\/nbcs.mx\/?p=48990","name":"Se re\u00fanen directoras de los Sistemas DIF Municipales - NBCS Noticias","isPartOf":{"@id":"https:\/\/nbcs.mx\/#website"},"primaryImageOfPage":{"@id":"https:\/\/nbcs.mx\/?p=48990#primaryimage"},"image":{"@id":"https:\/\/nbcs.mx\/?p=48990#primaryimage"},"thumbnailUrl":"https:\/\/nbcs.mx\/wp-content\/uploads\/2019\/06\/IMG_1975.png","datePublished":"2019-06-25T00:16:38+00:00","breadcrumb":{"@id":"https:\/\/nbcs.mx\/?p=48990#breadcrumb"},"inLanguage":"es","potentialAction":[{"@type":"ReadAction","target":["https:\/\/nbcs.mx\/?p=48990"]}]},{"@type":"ImageObject","inLanguage":"es","@id":"https:\/\/nbcs.mx\/?p=48990#primaryimage","url":"https:\/\/nbcs.mx\/wp-content\/uploads\/2019\/06\/IMG_1975.png","contentUrl":"https:\/\/nbcs.mx\/wp-content\/uploads\/2019\/06\/IMG_1975.png","width":2208,"height":1242},{"@type":"BreadcrumbList","@id":"https:\/\/nbcs.mx\/?p=48990#breadcrumb","itemListElement":[{"@type":"ListItem","position":1,"name":"Portada","item":"https:\/\/nbcs.mx\/"},{"@type":"ListItem","position":2,"name":"Se re\u00fanen directoras de los Sistemas DIF Municipales"}]},{"@type":"WebSite","@id":"https:\/\/nbcs.mx\/#website","url":"https:\/\/nbcs.mx\/","name":"NBCS Noticias","description":"Sitio web de noticias en Baja California Sur","publisher":{"@id":"https:\/\/nbcs.mx\/#organization"},"potentialAction":[{"@type":"SearchAction","target":{"@type":"EntryPoint","urlTemplate":"https:\/\/nbcs.mx\/?s={search_term_string}"},"query-input":{"@type":"PropertyValueSpecification","valueRequired":true,"valueName":"search_term_string"}}],"inLanguage":"es"},{"@type":"Organization","@id":"https:\/\/nbcs.mx\/#organization","name":"NBCS Noticias","url":"https:\/\/nbcs.mx\/","logo":{"@type":"ImageObject","inLanguage":"es","@id":"https:\/\/nbcs.mx\/#\/schema\/logo\/image\/","url":"https:\/\/nbcs.mx\/wp-content\/uploads\/2018\/09\/057b69485e93575a5c2b1c1dde2dd297.jpeg","contentUrl":"https:\/\/nbcs.mx\/wp-content\/uploads\/2018\/09\/057b69485e93575a5c2b1c1dde2dd297.jpeg","width":64,"height":64,"caption":"NBCS Noticias"},"image":{"@id":"https:\/\/nbcs.mx\/#\/schema\/logo\/image\/"},"sameAs":["https:\/\/www.facebook.com\/NBCSnoticias","https:\/\/x.com\/NBCSnoticias"]},{"@type":"Person","@id":"https:\/\/nbcs.mx\/#\/schema\/person\/ece58bab9a7c1e87a4d28ec9ecd79ff4","name":"NBCS Noticias","image":{"@type":"ImageObject","inLanguage":"es","@id":"https:\/\/secure.gravatar.com\/avatar\/4e52110cad1c4054b43271a0d14bbe9e2ea76aecd0e1097edfc670798d9ca1d4?s=96&d=blank&r=g","url":"https:\/\/secure.gravatar.com\/avatar\/4e52110cad1c4054b43271a0d14bbe9e2ea76aecd0e1097edfc670798d9ca1d4?s=96&d=blank&r=g","contentUrl":"https:\/\/secure.gravatar.com\/avatar\/4e52110cad1c4054b43271a0d14bbe9e2ea76aecd0e1097edfc670798d9ca1d4?s=96&d=blank&r=g","caption":"NBCS Noticias"},"description":"\u00bfTienes fotos o video de alg\u00fan acto de posible negligencia, corrupci\u00f3n y abuso de autoridad? M\u00e1ndalo al WhatsApp de NBCS Noticias: 612 141 98 08","sameAs":["https:\/\/www.nbcs.mx","https:\/\/www.facebook.com\/NBCSnoticias","https:\/\/www.instagram.com\/nbcsnoticias\/","https:\/\/x.com\/https:\/\/twitter.com\/NBCSnoticias"]}]}},"jetpack_publicize_connections":[],"jetpack_featured_media_url":"https:\/\/nbcs.mx\/wp-content\/uploads\/2019\/06\/IMG_1975.png","jetpack_sharing_enabled":true,"_links":{"self":[{"href":"https:\/\/nbcs.mx\/index.php?rest_route=\/wp\/v2\/posts\/48990","targetHints":{"allow":["GET"]}}],"collection":[{"href":"https:\/\/nbcs.mx\/index.php?rest_route=\/wp\/v2\/posts"}],"about":[{"href":"https:\/\/nbcs.mx\/index.php?rest_route=\/wp\/v2\/types\/post"}],"author":[{"embeddable":true,"href":"https:\/\/nbcs.mx\/index.php?rest_route=\/wp\/v2\/users\/1"}],"replies":[{"embeddable":true,"href":"https:\/\/nbcs.mx\/index.php?rest_route=%2Fwp%2Fv2%2Fcomments&post=48990"}],"version-history":[{"count":1,"href":"https:\/\/nbcs.mx\/index.php?rest_route=\/wp\/v2\/posts\/48990\/revisions"}],"predecessor-version":[{"id":48993,"href":"https:\/\/nbcs.mx\/index.php?rest_route=\/wp\/v2\/posts\/48990\/revisions\/48993"}],"wp:featuredmedia":[{"embeddable":true,"href":"https:\/\/nbcs.mx\/index.php?rest_route=\/wp\/v2\/media\/48991"}],"wp:attachment":[{"href":"https:\/\/nbcs.mx\/index.php?rest_route=%2Fwp%2Fv2%2Fmedia&parent=48990"}],"wp:term":[{"taxonomy":"category","embeddable":true,"href":"https:\/\/nbcs.mx\/index.php?rest_route=%2Fwp%2Fv2%2Fcategories&post=48990"},{"taxonomy":"post_tag","embeddable":true,"href":"https:\/\/nbcs.mx\/index.php?rest_route=%2Fwp%2Fv2%2Ftags&post=48990"}],"curies":[{"name":"wp","href":"https:\/\/api.w.org\/{rel}","templated":true}]}}