{"id":49198,"date":"2019-06-26T20:57:49","date_gmt":"2019-06-27T02:57:49","guid":{"rendered":"https:\/\/nbcs.mx\/?p=49198"},"modified":"2019-06-26T20:57:49","modified_gmt":"2019-06-27T02:57:49","slug":"instala-armida-castro-el-consejo-asesor-tecnico-del-estero-josefino","status":"publish","type":"post","link":"https:\/\/nbcs.mx\/?p=49198","title":{"rendered":"Instala Armida Castro el Consejo Asesor T\u00e9cnico del Estero Josefino"},"content":{"rendered":"<p style=\"text-align: justify;\">Los Cabos, Baja California Sur.- Como seguimiento de las mesas de trabajo a favor del rescate del Estero Josefino, se instal\u00f3 el Consejo Asesor T\u00e9cnico y se dio el espacio a tres Organizaciones No Gubernamentales (ONG\u00b4s) para que tengan voz en los trabajos de rescate del espejo de agua.<\/p>\n<p style=\"text-align: justify;\"><img loading=\"lazy\" decoding=\"async\" class=\"size-medium wp-image-49199 aligncenter\" src=\"https:\/\/nbcs.mx\/wp-content\/uploads\/2019\/06\/01-Nos-declaramos-por-el-Respeto-y-Rescate-del-Estero-Josefino_-Armida-Castro-4-738x492.jpeg\" alt=\"\" width=\"738\" height=\"492\" \/><\/p>\n<p style=\"text-align: justify;\">Derivado de la instalaci\u00f3n, se generar\u00e1 un acercamiento con los vecinos para elegir a su representante y director; como \u00faltimo voto para completar los nueve que se necesitan para tener un reglamento y trazar la ruta a seguir; lo anterior lo inform\u00f3 la alcaldesa de Los Cabos, Armida Castro Guzm\u00e1n.<\/p>\n<p style=\"text-align: justify;\">\n<p style=\"text-align: justify;\">De igual manera recalc\u00f3 que, en el tema de la reubicaci\u00f3n de la Planta de Tratamiento de FONATUR, que colinda con el Estero, se ha tenido una gesti\u00f3n permanente con la autoridad Federal, trabajando en conjunto con la Comisi\u00f3n Nacional del Agua (CONAGUA), tras recalcar que seguir\u00e1n tocando las puertas necesarias, para dar pronta soluci\u00f3n.<\/p>\n<p style=\"text-align: justify;\"><img loading=\"lazy\" decoding=\"async\" class=\"size-medium wp-image-49200 aligncenter\" src=\"https:\/\/nbcs.mx\/wp-content\/uploads\/2019\/06\/01-Nos-declaramos-por-el-Respeto-y-Rescate-del-Estero-Josefino_-Armida-Castro-2-737x492.jpeg\" alt=\"\" width=\"737\" height=\"492\" \/><\/p>\n<p style=\"text-align: justify;\">Por otro lado, la alcaldesa Castro Guzm\u00e1n inform\u00f3 que, el ciudadano Francisco Holmos Monta\u00f1o participar\u00e1 como representante de las ONG\u00b4s quedando como suplente la ciudadana Blanca Pedr\u00edn; la presidenta de Grupo Ecol\u00f3gico Ana Bertha Sandoval; Mar\u00eda del Rosario D\u00edaz, y Armando S\u00e1nchez de la agrupaci\u00f3n SOS, tambi\u00e9n se sumar\u00e1n a los trabajos, s\u00f3lo con voz.<\/p>\n<p style=\"text-align: justify;\">\n<p style=\"text-align: justify;\">Asimismo, recalc\u00f3 que, en el a\u00f1o 2011 se dio el traspaso de la administraci\u00f3n de la Reserva Ecol\u00f3gica Estatal Estero de San Jos\u00e9 del Cabo al Gobierno Municipal; por ello se necesita la reinstalaci\u00f3n del Consejo, el cual, como \u00f3rgano colegiado, fungir\u00e1 como m\u00e1xima instancia de decisi\u00f3n en los temas relativos al espejo de agua. \u201cNos declaramos por el Respeto y Rescate del Estero Josefino.\u201d, finaliz\u00f3 la edil.<\/p>\n<p style=\"text-align: justify;\">\n","protected":false},"excerpt":{"rendered":"<p>Los Cabos, Baja California Sur.- Como seguimiento de las mesas de trabajo a favor del rescate del Estero Josefino, se<\/p>\n","protected":false},"author":1,"featured_media":0,"comment_status":"open","ping_status":"closed","sticky":false,"template":"","format":"standard","meta":{"colormag_page_container_layout":"default_layout","colormag_page_sidebar_layout":"default_layout","_jetpack_memberships_contains_paid_content":false,"footnotes":"","jetpack_publicize_message":"","jetpack_publicize_feature_enabled":true,"jetpack_social_post_already_shared":false,"jetpack_social_options":{"image_generator_settings":{"template":"highway","default_image_id":0,"font":"","enabled":false},"version":2}},"categories":[40],"tags":[],"class_list":["post-49198","post","type-post","status-publish","format-standard","hentry","category-municipios"],"yoast_head":"<!-- This site is optimized with the Yoast SEO plugin v27.5 - https:\/\/yoast.com\/product\/yoast-seo-wordpress\/ -->\n<title>Instala Armida Castro el Consejo Asesor T\u00e9cnico del Estero Josefino - NBCS Noticias<\/title>\n<meta name=\"robots\" content=\"index, follow, max-snippet:-1, max-image-preview:large, max-video-preview:-1\" \/>\n<link rel=\"canonical\" href=\"https:\/\/nbcs.mx\/?p=49198\" \/>\n<meta property=\"og:locale\" content=\"es_ES\" \/>\n<meta property=\"og:type\" content=\"article\" \/>\n<meta property=\"og:title\" content=\"Instala Armida Castro el Consejo Asesor T\u00e9cnico del Estero Josefino - NBCS Noticias\" \/>\n<meta property=\"og:description\" content=\"Los Cabos, Baja California Sur.- Como seguimiento de las mesas de trabajo a favor del rescate del Estero Josefino, se\" \/>\n<meta property=\"og:url\" content=\"https:\/\/nbcs.mx\/?p=49198\" \/>\n<meta property=\"og:site_name\" content=\"NBCS Noticias\" \/>\n<meta property=\"article:publisher\" content=\"https:\/\/www.facebook.com\/NBCSnoticias\" \/>\n<meta property=\"article:author\" content=\"https:\/\/www.facebook.com\/NBCSnoticias\" \/>\n<meta property=\"article:published_time\" content=\"2019-06-27T02:57:49+00:00\" \/>\n<meta property=\"og:image\" content=\"https:\/\/nbcs.mx\/wp-content\/uploads\/2019\/06\/01-Nos-declaramos-por-el-Respeto-y-Rescate-del-Estero-Josefino_-Armida-Castro-4-738x492.jpeg\" \/>\n<meta name=\"author\" content=\"NBCS Noticias\" \/>\n<meta name=\"twitter:card\" content=\"summary_large_image\" \/>\n<meta name=\"twitter:creator\" content=\"@https:\/\/twitter.com\/NBCSnoticias\" \/>\n<meta name=\"twitter:site\" content=\"@NBCSnoticias\" \/>\n<meta name=\"twitter:label1\" content=\"Escrito por\" \/>\n\t<meta name=\"twitter:data1\" content=\"NBCS Noticias\" \/>\n\t<meta name=\"twitter:label2\" content=\"Tiempo de lectura\" \/>\n\t<meta name=\"twitter:data2\" content=\"2 minutos\" \/>\n<script type=\"application\/ld+json\" class=\"yoast-schema-graph\">{\"@context\":\"https:\\\/\\\/schema.org\",\"@graph\":[{\"@type\":\"Article\",\"@id\":\"https:\\\/\\\/nbcs.mx\\\/?p=49198#article\",\"isPartOf\":{\"@id\":\"https:\\\/\\\/nbcs.mx\\\/?p=49198\"},\"author\":{\"name\":\"NBCS Noticias\",\"@id\":\"https:\\\/\\\/nbcs.mx\\\/#\\\/schema\\\/person\\\/ece58bab9a7c1e87a4d28ec9ecd79ff4\"},\"headline\":\"Instala Armida Castro el Consejo Asesor T\u00e9cnico del Estero Josefino\",\"datePublished\":\"2019-06-27T02:57:49+00:00\",\"mainEntityOfPage\":{\"@id\":\"https:\\\/\\\/nbcs.mx\\\/?p=49198\"},\"wordCount\":315,\"commentCount\":0,\"publisher\":{\"@id\":\"https:\\\/\\\/nbcs.mx\\\/#organization\"},\"image\":{\"@id\":\"https:\\\/\\\/nbcs.mx\\\/?p=49198#primaryimage\"},\"thumbnailUrl\":\"https:\\\/\\\/nbcs.mx\\\/wp-content\\\/uploads\\\/2019\\\/06\\\/01-Nos-declaramos-por-el-Respeto-y-Rescate-del-Estero-Josefino_-Armida-Castro-4-738x492.jpeg\",\"articleSection\":[\"Municipios\"],\"inLanguage\":\"es\",\"potentialAction\":[{\"@type\":\"CommentAction\",\"name\":\"Comment\",\"target\":[\"https:\\\/\\\/nbcs.mx\\\/?p=49198#respond\"]}]},{\"@type\":\"WebPage\",\"@id\":\"https:\\\/\\\/nbcs.mx\\\/?p=49198\",\"url\":\"https:\\\/\\\/nbcs.mx\\\/?p=49198\",\"name\":\"Instala Armida Castro el Consejo Asesor T\u00e9cnico del Estero Josefino - NBCS Noticias\",\"isPartOf\":{\"@id\":\"https:\\\/\\\/nbcs.mx\\\/#website\"},\"primaryImageOfPage\":{\"@id\":\"https:\\\/\\\/nbcs.mx\\\/?p=49198#primaryimage\"},\"image\":{\"@id\":\"https:\\\/\\\/nbcs.mx\\\/?p=49198#primaryimage\"},\"thumbnailUrl\":\"https:\\\/\\\/nbcs.mx\\\/wp-content\\\/uploads\\\/2019\\\/06\\\/01-Nos-declaramos-por-el-Respeto-y-Rescate-del-Estero-Josefino_-Armida-Castro-4-738x492.jpeg\",\"datePublished\":\"2019-06-27T02:57:49+00:00\",\"breadcrumb\":{\"@id\":\"https:\\\/\\\/nbcs.mx\\\/?p=49198#breadcrumb\"},\"inLanguage\":\"es\",\"potentialAction\":[{\"@type\":\"ReadAction\",\"target\":[\"https:\\\/\\\/nbcs.mx\\\/?p=49198\"]}]},{\"@type\":\"ImageObject\",\"inLanguage\":\"es\",\"@id\":\"https:\\\/\\\/nbcs.mx\\\/?p=49198#primaryimage\",\"url\":\"https:\\\/\\\/nbcs.mx\\\/wp-content\\\/uploads\\\/2019\\\/06\\\/01-Nos-declaramos-por-el-Respeto-y-Rescate-del-Estero-Josefino_-Armida-Castro-4-738x492.jpeg\",\"contentUrl\":\"https:\\\/\\\/nbcs.mx\\\/wp-content\\\/uploads\\\/2019\\\/06\\\/01-Nos-declaramos-por-el-Respeto-y-Rescate-del-Estero-Josefino_-Armida-Castro-4-738x492.jpeg\"},{\"@type\":\"BreadcrumbList\",\"@id\":\"https:\\\/\\\/nbcs.mx\\\/?p=49198#breadcrumb\",\"itemListElement\":[{\"@type\":\"ListItem\",\"position\":1,\"name\":\"Portada\",\"item\":\"https:\\\/\\\/nbcs.mx\\\/\"},{\"@type\":\"ListItem\",\"position\":2,\"name\":\"Instala Armida Castro el Consejo Asesor T\u00e9cnico del Estero Josefino\"}]},{\"@type\":\"WebSite\",\"@id\":\"https:\\\/\\\/nbcs.mx\\\/#website\",\"url\":\"https:\\\/\\\/nbcs.mx\\\/\",\"name\":\"NBCS Noticias\",\"description\":\"Sitio web de noticias en Baja California Sur\",\"publisher\":{\"@id\":\"https:\\\/\\\/nbcs.mx\\\/#organization\"},\"potentialAction\":[{\"@type\":\"SearchAction\",\"target\":{\"@type\":\"EntryPoint\",\"urlTemplate\":\"https:\\\/\\\/nbcs.mx\\\/?s={search_term_string}\"},\"query-input\":{\"@type\":\"PropertyValueSpecification\",\"valueRequired\":true,\"valueName\":\"search_term_string\"}}],\"inLanguage\":\"es\"},{\"@type\":\"Organization\",\"@id\":\"https:\\\/\\\/nbcs.mx\\\/#organization\",\"name\":\"NBCS Noticias\",\"url\":\"https:\\\/\\\/nbcs.mx\\\/\",\"logo\":{\"@type\":\"ImageObject\",\"inLanguage\":\"es\",\"@id\":\"https:\\\/\\\/nbcs.mx\\\/#\\\/schema\\\/logo\\\/image\\\/\",\"url\":\"https:\\\/\\\/nbcs.mx\\\/wp-content\\\/uploads\\\/2018\\\/09\\\/057b69485e93575a5c2b1c1dde2dd297.jpeg\",\"contentUrl\":\"https:\\\/\\\/nbcs.mx\\\/wp-content\\\/uploads\\\/2018\\\/09\\\/057b69485e93575a5c2b1c1dde2dd297.jpeg\",\"width\":64,\"height\":64,\"caption\":\"NBCS Noticias\"},\"image\":{\"@id\":\"https:\\\/\\\/nbcs.mx\\\/#\\\/schema\\\/logo\\\/image\\\/\"},\"sameAs\":[\"https:\\\/\\\/www.facebook.com\\\/NBCSnoticias\",\"https:\\\/\\\/x.com\\\/NBCSnoticias\"]},{\"@type\":\"Person\",\"@id\":\"https:\\\/\\\/nbcs.mx\\\/#\\\/schema\\\/person\\\/ece58bab9a7c1e87a4d28ec9ecd79ff4\",\"name\":\"NBCS Noticias\",\"image\":{\"@type\":\"ImageObject\",\"inLanguage\":\"es\",\"@id\":\"https:\\\/\\\/secure.gravatar.com\\\/avatar\\\/4e52110cad1c4054b43271a0d14bbe9e2ea76aecd0e1097edfc670798d9ca1d4?s=96&d=blank&r=g\",\"url\":\"https:\\\/\\\/secure.gravatar.com\\\/avatar\\\/4e52110cad1c4054b43271a0d14bbe9e2ea76aecd0e1097edfc670798d9ca1d4?s=96&d=blank&r=g\",\"contentUrl\":\"https:\\\/\\\/secure.gravatar.com\\\/avatar\\\/4e52110cad1c4054b43271a0d14bbe9e2ea76aecd0e1097edfc670798d9ca1d4?s=96&d=blank&r=g\",\"caption\":\"NBCS Noticias\"},\"description\":\"\u00bfTienes fotos o video de alg\u00fan acto de posible negligencia, corrupci\u00f3n y abuso de autoridad? M\u00e1ndalo al WhatsApp de NBCS Noticias: 612 141 98 08\",\"sameAs\":[\"https:\\\/\\\/www.nbcs.mx\",\"https:\\\/\\\/www.facebook.com\\\/NBCSnoticias\",\"https:\\\/\\\/www.instagram.com\\\/nbcsnoticias\\\/\",\"https:\\\/\\\/x.com\\\/https:\\\/\\\/twitter.com\\\/NBCSnoticias\"]}]}<\/script>\n<!-- \/ Yoast SEO plugin. -->","yoast_head_json":{"title":"Instala Armida Castro el Consejo Asesor T\u00e9cnico del Estero Josefino - NBCS Noticias","robots":{"index":"index","follow":"follow","max-snippet":"max-snippet:-1","max-image-preview":"max-image-preview:large","max-video-preview":"max-video-preview:-1"},"canonical":"https:\/\/nbcs.mx\/?p=49198","og_locale":"es_ES","og_type":"article","og_title":"Instala Armida Castro el Consejo Asesor T\u00e9cnico del Estero Josefino - NBCS Noticias","og_description":"Los Cabos, Baja California Sur.- Como seguimiento de las mesas de trabajo a favor del rescate del Estero Josefino, se","og_url":"https:\/\/nbcs.mx\/?p=49198","og_site_name":"NBCS Noticias","article_publisher":"https:\/\/www.facebook.com\/NBCSnoticias","article_author":"https:\/\/www.facebook.com\/NBCSnoticias","article_published_time":"2019-06-27T02:57:49+00:00","og_image":[{"url":"https:\/\/nbcs.mx\/wp-content\/uploads\/2019\/06\/01-Nos-declaramos-por-el-Respeto-y-Rescate-del-Estero-Josefino_-Armida-Castro-4-738x492.jpeg","type":"","width":"","height":""}],"author":"NBCS Noticias","twitter_card":"summary_large_image","twitter_creator":"@https:\/\/twitter.com\/NBCSnoticias","twitter_site":"@NBCSnoticias","twitter_misc":{"Escrito por":"NBCS Noticias","Tiempo de lectura":"2 minutos"},"schema":{"@context":"https:\/\/schema.org","@graph":[{"@type":"Article","@id":"https:\/\/nbcs.mx\/?p=49198#article","isPartOf":{"@id":"https:\/\/nbcs.mx\/?p=49198"},"author":{"name":"NBCS Noticias","@id":"https:\/\/nbcs.mx\/#\/schema\/person\/ece58bab9a7c1e87a4d28ec9ecd79ff4"},"headline":"Instala Armida Castro el Consejo Asesor T\u00e9cnico del Estero Josefino","datePublished":"2019-06-27T02:57:49+00:00","mainEntityOfPage":{"@id":"https:\/\/nbcs.mx\/?p=49198"},"wordCount":315,"commentCount":0,"publisher":{"@id":"https:\/\/nbcs.mx\/#organization"},"image":{"@id":"https:\/\/nbcs.mx\/?p=49198#primaryimage"},"thumbnailUrl":"https:\/\/nbcs.mx\/wp-content\/uploads\/2019\/06\/01-Nos-declaramos-por-el-Respeto-y-Rescate-del-Estero-Josefino_-Armida-Castro-4-738x492.jpeg","articleSection":["Municipios"],"inLanguage":"es","potentialAction":[{"@type":"CommentAction","name":"Comment","target":["https:\/\/nbcs.mx\/?p=49198#respond"]}]},{"@type":"WebPage","@id":"https:\/\/nbcs.mx\/?p=49198","url":"https:\/\/nbcs.mx\/?p=49198","name":"Instala Armida Castro el Consejo Asesor T\u00e9cnico del Estero Josefino - NBCS Noticias","isPartOf":{"@id":"https:\/\/nbcs.mx\/#website"},"primaryImageOfPage":{"@id":"https:\/\/nbcs.mx\/?p=49198#primaryimage"},"image":{"@id":"https:\/\/nbcs.mx\/?p=49198#primaryimage"},"thumbnailUrl":"https:\/\/nbcs.mx\/wp-content\/uploads\/2019\/06\/01-Nos-declaramos-por-el-Respeto-y-Rescate-del-Estero-Josefino_-Armida-Castro-4-738x492.jpeg","datePublished":"2019-06-27T02:57:49+00:00","breadcrumb":{"@id":"https:\/\/nbcs.mx\/?p=49198#breadcrumb"},"inLanguage":"es","potentialAction":[{"@type":"ReadAction","target":["https:\/\/nbcs.mx\/?p=49198"]}]},{"@type":"ImageObject","inLanguage":"es","@id":"https:\/\/nbcs.mx\/?p=49198#primaryimage","url":"https:\/\/nbcs.mx\/wp-content\/uploads\/2019\/06\/01-Nos-declaramos-por-el-Respeto-y-Rescate-del-Estero-Josefino_-Armida-Castro-4-738x492.jpeg","contentUrl":"https:\/\/nbcs.mx\/wp-content\/uploads\/2019\/06\/01-Nos-declaramos-por-el-Respeto-y-Rescate-del-Estero-Josefino_-Armida-Castro-4-738x492.jpeg"},{"@type":"BreadcrumbList","@id":"https:\/\/nbcs.mx\/?p=49198#breadcrumb","itemListElement":[{"@type":"ListItem","position":1,"name":"Portada","item":"https:\/\/nbcs.mx\/"},{"@type":"ListItem","position":2,"name":"Instala Armida Castro el Consejo Asesor T\u00e9cnico del Estero Josefino"}]},{"@type":"WebSite","@id":"https:\/\/nbcs.mx\/#website","url":"https:\/\/nbcs.mx\/","name":"NBCS Noticias","description":"Sitio web de noticias en Baja California Sur","publisher":{"@id":"https:\/\/nbcs.mx\/#organization"},"potentialAction":[{"@type":"SearchAction","target":{"@type":"EntryPoint","urlTemplate":"https:\/\/nbcs.mx\/?s={search_term_string}"},"query-input":{"@type":"PropertyValueSpecification","valueRequired":true,"valueName":"search_term_string"}}],"inLanguage":"es"},{"@type":"Organization","@id":"https:\/\/nbcs.mx\/#organization","name":"NBCS Noticias","url":"https:\/\/nbcs.mx\/","logo":{"@type":"ImageObject","inLanguage":"es","@id":"https:\/\/nbcs.mx\/#\/schema\/logo\/image\/","url":"https:\/\/nbcs.mx\/wp-content\/uploads\/2018\/09\/057b69485e93575a5c2b1c1dde2dd297.jpeg","contentUrl":"https:\/\/nbcs.mx\/wp-content\/uploads\/2018\/09\/057b69485e93575a5c2b1c1dde2dd297.jpeg","width":64,"height":64,"caption":"NBCS Noticias"},"image":{"@id":"https:\/\/nbcs.mx\/#\/schema\/logo\/image\/"},"sameAs":["https:\/\/www.facebook.com\/NBCSnoticias","https:\/\/x.com\/NBCSnoticias"]},{"@type":"Person","@id":"https:\/\/nbcs.mx\/#\/schema\/person\/ece58bab9a7c1e87a4d28ec9ecd79ff4","name":"NBCS Noticias","image":{"@type":"ImageObject","inLanguage":"es","@id":"https:\/\/secure.gravatar.com\/avatar\/4e52110cad1c4054b43271a0d14bbe9e2ea76aecd0e1097edfc670798d9ca1d4?s=96&d=blank&r=g","url":"https:\/\/secure.gravatar.com\/avatar\/4e52110cad1c4054b43271a0d14bbe9e2ea76aecd0e1097edfc670798d9ca1d4?s=96&d=blank&r=g","contentUrl":"https:\/\/secure.gravatar.com\/avatar\/4e52110cad1c4054b43271a0d14bbe9e2ea76aecd0e1097edfc670798d9ca1d4?s=96&d=blank&r=g","caption":"NBCS Noticias"},"description":"\u00bfTienes fotos o video de alg\u00fan acto de posible negligencia, corrupci\u00f3n y abuso de autoridad? M\u00e1ndalo al WhatsApp de NBCS Noticias: 612 141 98 08","sameAs":["https:\/\/www.nbcs.mx","https:\/\/www.facebook.com\/NBCSnoticias","https:\/\/www.instagram.com\/nbcsnoticias\/","https:\/\/x.com\/https:\/\/twitter.com\/NBCSnoticias"]}]}},"jetpack_publicize_connections":[],"jetpack_featured_media_url":"","jetpack_sharing_enabled":true,"_links":{"self":[{"href":"https:\/\/nbcs.mx\/index.php?rest_route=\/wp\/v2\/posts\/49198","targetHints":{"allow":["GET"]}}],"collection":[{"href":"https:\/\/nbcs.mx\/index.php?rest_route=\/wp\/v2\/posts"}],"about":[{"href":"https:\/\/nbcs.mx\/index.php?rest_route=\/wp\/v2\/types\/post"}],"author":[{"embeddable":true,"href":"https:\/\/nbcs.mx\/index.php?rest_route=\/wp\/v2\/users\/1"}],"replies":[{"embeddable":true,"href":"https:\/\/nbcs.mx\/index.php?rest_route=%2Fwp%2Fv2%2Fcomments&post=49198"}],"version-history":[{"count":1,"href":"https:\/\/nbcs.mx\/index.php?rest_route=\/wp\/v2\/posts\/49198\/revisions"}],"predecessor-version":[{"id":49201,"href":"https:\/\/nbcs.mx\/index.php?rest_route=\/wp\/v2\/posts\/49198\/revisions\/49201"}],"wp:attachment":[{"href":"https:\/\/nbcs.mx\/index.php?rest_route=%2Fwp%2Fv2%2Fmedia&parent=49198"}],"wp:term":[{"taxonomy":"category","embeddable":true,"href":"https:\/\/nbcs.mx\/index.php?rest_route=%2Fwp%2Fv2%2Fcategories&post=49198"},{"taxonomy":"post_tag","embeddable":true,"href":"https:\/\/nbcs.mx\/index.php?rest_route=%2Fwp%2Fv2%2Ftags&post=49198"}],"curies":[{"name":"wp","href":"https:\/\/api.w.org\/{rel}","templated":true}]}}