{"id":61703,"date":"2020-02-12T17:41:01","date_gmt":"2020-02-13T00:41:01","guid":{"rendered":"https:\/\/nbcs.mx\/?p=61703"},"modified":"2020-02-12T17:41:01","modified_gmt":"2020-02-13T00:41:01","slug":"entrega-gobernador-tres-vialidades-mas-en-el-municipio-de-la-paz","status":"publish","type":"post","link":"https:\/\/nbcs.mx\/?p=61703","title":{"rendered":"Entrega gobernador tres vialidades m\u00e1s en el municipio de La Paz"},"content":{"rendered":"<p style=\"text-align: justify;\"><img loading=\"lazy\" decoding=\"async\" class=\" wp-image-61704 alignleft\" src=\"https:\/\/nbcs.mx\/wp-content\/uploads\/2020\/02\/PRINCIPAL-CMD_CRUCERO-VIAL-580x492.jpg\" alt=\"\" width=\"379\" height=\"322\" \/>La Paz, Baja California Sur.- \u201cEntregar a los ciudadanos m\u00e1s vialidades modernas y seguras es parte de ese mejor futuro que ya disfrutamos los sudcalifornianos\u201d, se\u00f1al\u00f3 el gobernador Carlos Mendoza Davis al hacer entrega de dos obras m\u00e1s de pavimentaci\u00f3n con concreto hidr\u00e1ulico en esta ciudad capital; obras en las que se invirtieron recursos por el orden de los 5.8 millones de pesos para cubrir un total de 3 mil 683. 45 metros cuadrados.<\/p>\n<p style=\"text-align: justify;\">En presencia de comerciantes, empresarios y ciudadanos de las calles Mariano Abasolo, 5 de Febrero, Antonio Navarro y las intersecciones de Abasolo con Manuel M\u00e1rquez de Le\u00f3n y Miguel L. Legaspy, as\u00ed como del secretario de Planeaci\u00f3n Urbana, Infraestructura y Movilidad, Genaro Ru\u00edz Hern\u00e1ndez, Mendoza Davis record\u00f3 el compromiso de su administraci\u00f3n de mejorar las calles de los principales centros urbanos de la entidad, no s\u00f3lo para mejorar la movilidad y la imagen urbana; sobre todo, con el fin de resguardar la integridad de las personas.<span class=\"Apple-converted-space\">\u00a0<\/span><\/p>\n<p style=\"text-align: justify;\"><span class=\"Apple-converted-space\">\u00a0<\/span>\u201cEstoy seguro de que se va a beneficiar a todos, porque es much\u00edsima la gente que transita por aqu\u00ed, y era un crucero que, de manera recurrente, cada temporada de lluvias se nos hac\u00eda un problema. Muy contentos de estar haciendo entrega de esta obra el d\u00eda de hoy y muy apurados para terminar con todos los que tenemos en la ciudad, porque realmente s\u00ed sabemos que mucha molestia a la gente, pero como les decimos; son molestias temporales con beneficios permanentes\u201d, puntualiz\u00f3.<\/p>\n<p style=\"text-align: justify;\"><span class=\"Apple-converted-space\">\u00a0<\/span>El mandatario estatal destac\u00f3 que el Gobierno del Estado se ha venido sumando desde el inicio de la administraci\u00f3n con estas acciones para mejorar la movilidad de la ciudadan\u00eda en los cinco municipios con una inversi\u00f3n superior a los mil 600 millones de pesos, lo que representa el 15 por ciento del total del recurso destinado a infraestructura.<\/p>\n<p style=\"text-align: justify;\">De igual manera, Mendoza Davis apunt\u00f3 que de los 11 tramos que conforman la segunda etapa de reconstrucci\u00f3n, se tienen dos pendientes de abrir a la circulaci\u00f3n que son; Legaspi y Mariano Abasolo, y Allende y Altamirano. Teniendo hasta el momento transitables; Manuel M\u00e1rquez de Le\u00f3n y Mariano Abasolo, Revoluci\u00f3n de 1910 y Manuel Pineda, Ignacio Allende y Revoluci\u00f3n de 1910, Ignacio Altamirano y Santos Degollado, Nicol\u00e1s Bravo y Lic. Primo Verdad, F\u00e9lix Ortega Aguilar y Melchor Ocampo, 16 de septiembre y Guillermo Prieto, Agust\u00edn Olachea Avil\u00e9s y Tenochtitlan y 5 de febrero y Mariano Abasolo.<\/p>\n<p style=\"text-align: justify;\">Asimismo, dio a conocer que la tercera etapa de esta iniciativa estatal est\u00e1 a un 16 por ciento de avance, y contempla los cruces de; Ignacio Allende y Aquiles Serd\u00e1n, Francisco I. Madero y Santos Degollado, Constituci\u00f3n y Revoluci\u00f3n de 1910, Manuel M\u00e1rquez de Le\u00f3n y Francisco I. Madero, Melchor Ocampo e Ignacio Ram\u00edrez, y Constituci\u00f3n y Francisco I. Madero. Obras que estar\u00e1n concluidas para el 11 de marzo.<\/p>\n<p style=\"text-align: justify;\">\u201cEste programa estatal que inicio a mediados del a\u00f1o pasado, y el cual ya est\u00e1 en su tercera etapa, est\u00e1 pensado en mejorar vialidades clave para la circulaci\u00f3n vehicular, y el tr\u00e1nsito de peatones, ya que es una iniciativa integral que contempla la construcci\u00f3n de banquetas y rampas para personas con discapacidad. Asimismo, se realizan los trabajos de saneamiento y sustituci\u00f3n de las tuber\u00edas de agua y drenaje\u201d, finaliz\u00f3.<\/p>\n","protected":false},"excerpt":{"rendered":"<p>La Paz, Baja California Sur.- \u201cEntregar a los ciudadanos m\u00e1s vialidades modernas y seguras es parte de ese mejor futuro<\/p>\n","protected":false},"author":1,"featured_media":0,"comment_status":"open","ping_status":"closed","sticky":false,"template":"","format":"standard","meta":{"colormag_page_container_layout":"default_layout","colormag_page_sidebar_layout":"default_layout","_jetpack_memberships_contains_paid_content":false,"footnotes":"","jetpack_publicize_message":"","jetpack_publicize_feature_enabled":true,"jetpack_social_post_already_shared":true,"jetpack_social_options":{"image_generator_settings":{"template":"highway","default_image_id":0,"font":"","enabled":false},"version":2}},"categories":[1],"tags":[],"class_list":["post-61703","post","type-post","status-publish","format-standard","hentry","category-noticias"],"yoast_head":"<!-- This site is optimized with the Yoast SEO plugin v27.5 - https:\/\/yoast.com\/product\/yoast-seo-wordpress\/ -->\n<title>Entrega gobernador tres vialidades m\u00e1s en el municipio de La Paz - NBCS Noticias<\/title>\n<meta name=\"robots\" content=\"index, follow, max-snippet:-1, max-image-preview:large, max-video-preview:-1\" \/>\n<link rel=\"canonical\" href=\"https:\/\/nbcs.mx\/?p=61703\" \/>\n<meta property=\"og:locale\" content=\"es_ES\" \/>\n<meta property=\"og:type\" content=\"article\" \/>\n<meta property=\"og:title\" content=\"Entrega gobernador tres vialidades m\u00e1s en el municipio de La Paz - NBCS Noticias\" \/>\n<meta property=\"og:description\" content=\"La Paz, Baja California Sur.- \u201cEntregar a los ciudadanos m\u00e1s vialidades modernas y seguras es parte de ese mejor futuro\" \/>\n<meta property=\"og:url\" content=\"https:\/\/nbcs.mx\/?p=61703\" \/>\n<meta property=\"og:site_name\" content=\"NBCS Noticias\" \/>\n<meta property=\"article:publisher\" content=\"https:\/\/www.facebook.com\/NBCSnoticias\" \/>\n<meta property=\"article:author\" content=\"https:\/\/www.facebook.com\/NBCSnoticias\" \/>\n<meta property=\"article:published_time\" content=\"2020-02-13T00:41:01+00:00\" \/>\n<meta property=\"og:image\" content=\"https:\/\/nbcs.mx\/wp-content\/uploads\/2020\/02\/PRINCIPAL-CMD_CRUCERO-VIAL-580x492.jpg\" \/>\n<meta name=\"author\" content=\"NBCS Noticias\" \/>\n<meta name=\"twitter:card\" content=\"summary_large_image\" \/>\n<meta name=\"twitter:creator\" content=\"@https:\/\/twitter.com\/NBCSnoticias\" \/>\n<meta name=\"twitter:site\" content=\"@NBCSnoticias\" \/>\n<meta name=\"twitter:label1\" content=\"Escrito por\" \/>\n\t<meta name=\"twitter:data1\" content=\"NBCS Noticias\" \/>\n\t<meta name=\"twitter:label2\" content=\"Tiempo de lectura\" \/>\n\t<meta name=\"twitter:data2\" content=\"3 minutos\" \/>\n<script type=\"application\/ld+json\" class=\"yoast-schema-graph\">{\"@context\":\"https:\\\/\\\/schema.org\",\"@graph\":[{\"@type\":\"Article\",\"@id\":\"https:\\\/\\\/nbcs.mx\\\/?p=61703#article\",\"isPartOf\":{\"@id\":\"https:\\\/\\\/nbcs.mx\\\/?p=61703\"},\"author\":{\"name\":\"NBCS Noticias\",\"@id\":\"https:\\\/\\\/nbcs.mx\\\/#\\\/schema\\\/person\\\/ece58bab9a7c1e87a4d28ec9ecd79ff4\"},\"headline\":\"Entrega gobernador tres vialidades m\u00e1s en el municipio de La Paz\",\"datePublished\":\"2020-02-13T00:41:01+00:00\",\"mainEntityOfPage\":{\"@id\":\"https:\\\/\\\/nbcs.mx\\\/?p=61703\"},\"wordCount\":575,\"commentCount\":0,\"publisher\":{\"@id\":\"https:\\\/\\\/nbcs.mx\\\/#organization\"},\"image\":{\"@id\":\"https:\\\/\\\/nbcs.mx\\\/?p=61703#primaryimage\"},\"thumbnailUrl\":\"https:\\\/\\\/nbcs.mx\\\/wp-content\\\/uploads\\\/2020\\\/02\\\/PRINCIPAL-CMD_CRUCERO-VIAL-580x492.jpg\",\"articleSection\":[\"Noticias\"],\"inLanguage\":\"es\",\"potentialAction\":[{\"@type\":\"CommentAction\",\"name\":\"Comment\",\"target\":[\"https:\\\/\\\/nbcs.mx\\\/?p=61703#respond\"]}]},{\"@type\":\"WebPage\",\"@id\":\"https:\\\/\\\/nbcs.mx\\\/?p=61703\",\"url\":\"https:\\\/\\\/nbcs.mx\\\/?p=61703\",\"name\":\"Entrega gobernador tres vialidades m\u00e1s en el municipio de La Paz - NBCS Noticias\",\"isPartOf\":{\"@id\":\"https:\\\/\\\/nbcs.mx\\\/#website\"},\"primaryImageOfPage\":{\"@id\":\"https:\\\/\\\/nbcs.mx\\\/?p=61703#primaryimage\"},\"image\":{\"@id\":\"https:\\\/\\\/nbcs.mx\\\/?p=61703#primaryimage\"},\"thumbnailUrl\":\"https:\\\/\\\/nbcs.mx\\\/wp-content\\\/uploads\\\/2020\\\/02\\\/PRINCIPAL-CMD_CRUCERO-VIAL-580x492.jpg\",\"datePublished\":\"2020-02-13T00:41:01+00:00\",\"breadcrumb\":{\"@id\":\"https:\\\/\\\/nbcs.mx\\\/?p=61703#breadcrumb\"},\"inLanguage\":\"es\",\"potentialAction\":[{\"@type\":\"ReadAction\",\"target\":[\"https:\\\/\\\/nbcs.mx\\\/?p=61703\"]}]},{\"@type\":\"ImageObject\",\"inLanguage\":\"es\",\"@id\":\"https:\\\/\\\/nbcs.mx\\\/?p=61703#primaryimage\",\"url\":\"https:\\\/\\\/nbcs.mx\\\/wp-content\\\/uploads\\\/2020\\\/02\\\/PRINCIPAL-CMD_CRUCERO-VIAL-580x492.jpg\",\"contentUrl\":\"https:\\\/\\\/nbcs.mx\\\/wp-content\\\/uploads\\\/2020\\\/02\\\/PRINCIPAL-CMD_CRUCERO-VIAL-580x492.jpg\"},{\"@type\":\"BreadcrumbList\",\"@id\":\"https:\\\/\\\/nbcs.mx\\\/?p=61703#breadcrumb\",\"itemListElement\":[{\"@type\":\"ListItem\",\"position\":1,\"name\":\"Portada\",\"item\":\"https:\\\/\\\/nbcs.mx\\\/\"},{\"@type\":\"ListItem\",\"position\":2,\"name\":\"Entrega gobernador tres vialidades m\u00e1s en el municipio de La Paz\"}]},{\"@type\":\"WebSite\",\"@id\":\"https:\\\/\\\/nbcs.mx\\\/#website\",\"url\":\"https:\\\/\\\/nbcs.mx\\\/\",\"name\":\"NBCS Noticias\",\"description\":\"Sitio web de noticias en Baja California Sur\",\"publisher\":{\"@id\":\"https:\\\/\\\/nbcs.mx\\\/#organization\"},\"potentialAction\":[{\"@type\":\"SearchAction\",\"target\":{\"@type\":\"EntryPoint\",\"urlTemplate\":\"https:\\\/\\\/nbcs.mx\\\/?s={search_term_string}\"},\"query-input\":{\"@type\":\"PropertyValueSpecification\",\"valueRequired\":true,\"valueName\":\"search_term_string\"}}],\"inLanguage\":\"es\"},{\"@type\":\"Organization\",\"@id\":\"https:\\\/\\\/nbcs.mx\\\/#organization\",\"name\":\"NBCS Noticias\",\"url\":\"https:\\\/\\\/nbcs.mx\\\/\",\"logo\":{\"@type\":\"ImageObject\",\"inLanguage\":\"es\",\"@id\":\"https:\\\/\\\/nbcs.mx\\\/#\\\/schema\\\/logo\\\/image\\\/\",\"url\":\"https:\\\/\\\/nbcs.mx\\\/wp-content\\\/uploads\\\/2018\\\/09\\\/057b69485e93575a5c2b1c1dde2dd297.jpeg\",\"contentUrl\":\"https:\\\/\\\/nbcs.mx\\\/wp-content\\\/uploads\\\/2018\\\/09\\\/057b69485e93575a5c2b1c1dde2dd297.jpeg\",\"width\":64,\"height\":64,\"caption\":\"NBCS Noticias\"},\"image\":{\"@id\":\"https:\\\/\\\/nbcs.mx\\\/#\\\/schema\\\/logo\\\/image\\\/\"},\"sameAs\":[\"https:\\\/\\\/www.facebook.com\\\/NBCSnoticias\",\"https:\\\/\\\/x.com\\\/NBCSnoticias\"]},{\"@type\":\"Person\",\"@id\":\"https:\\\/\\\/nbcs.mx\\\/#\\\/schema\\\/person\\\/ece58bab9a7c1e87a4d28ec9ecd79ff4\",\"name\":\"NBCS Noticias\",\"image\":{\"@type\":\"ImageObject\",\"inLanguage\":\"es\",\"@id\":\"https:\\\/\\\/secure.gravatar.com\\\/avatar\\\/4e52110cad1c4054b43271a0d14bbe9e2ea76aecd0e1097edfc670798d9ca1d4?s=96&d=blank&r=g\",\"url\":\"https:\\\/\\\/secure.gravatar.com\\\/avatar\\\/4e52110cad1c4054b43271a0d14bbe9e2ea76aecd0e1097edfc670798d9ca1d4?s=96&d=blank&r=g\",\"contentUrl\":\"https:\\\/\\\/secure.gravatar.com\\\/avatar\\\/4e52110cad1c4054b43271a0d14bbe9e2ea76aecd0e1097edfc670798d9ca1d4?s=96&d=blank&r=g\",\"caption\":\"NBCS Noticias\"},\"description\":\"\u00bfTienes fotos o video de alg\u00fan acto de posible negligencia, corrupci\u00f3n y abuso de autoridad? M\u00e1ndalo al WhatsApp de NBCS Noticias: 612 141 98 08\",\"sameAs\":[\"https:\\\/\\\/www.nbcs.mx\",\"https:\\\/\\\/www.facebook.com\\\/NBCSnoticias\",\"https:\\\/\\\/www.instagram.com\\\/nbcsnoticias\\\/\",\"https:\\\/\\\/x.com\\\/https:\\\/\\\/twitter.com\\\/NBCSnoticias\"]}]}<\/script>\n<!-- \/ Yoast SEO plugin. -->","yoast_head_json":{"title":"Entrega gobernador tres vialidades m\u00e1s en el municipio de La Paz - NBCS Noticias","robots":{"index":"index","follow":"follow","max-snippet":"max-snippet:-1","max-image-preview":"max-image-preview:large","max-video-preview":"max-video-preview:-1"},"canonical":"https:\/\/nbcs.mx\/?p=61703","og_locale":"es_ES","og_type":"article","og_title":"Entrega gobernador tres vialidades m\u00e1s en el municipio de La Paz - NBCS Noticias","og_description":"La Paz, Baja California Sur.- \u201cEntregar a los ciudadanos m\u00e1s vialidades modernas y seguras es parte de ese mejor futuro","og_url":"https:\/\/nbcs.mx\/?p=61703","og_site_name":"NBCS Noticias","article_publisher":"https:\/\/www.facebook.com\/NBCSnoticias","article_author":"https:\/\/www.facebook.com\/NBCSnoticias","article_published_time":"2020-02-13T00:41:01+00:00","og_image":[{"url":"https:\/\/nbcs.mx\/wp-content\/uploads\/2020\/02\/PRINCIPAL-CMD_CRUCERO-VIAL-580x492.jpg","type":"","width":"","height":""}],"author":"NBCS Noticias","twitter_card":"summary_large_image","twitter_creator":"@https:\/\/twitter.com\/NBCSnoticias","twitter_site":"@NBCSnoticias","twitter_misc":{"Escrito por":"NBCS Noticias","Tiempo de lectura":"3 minutos"},"schema":{"@context":"https:\/\/schema.org","@graph":[{"@type":"Article","@id":"https:\/\/nbcs.mx\/?p=61703#article","isPartOf":{"@id":"https:\/\/nbcs.mx\/?p=61703"},"author":{"name":"NBCS Noticias","@id":"https:\/\/nbcs.mx\/#\/schema\/person\/ece58bab9a7c1e87a4d28ec9ecd79ff4"},"headline":"Entrega gobernador tres vialidades m\u00e1s en el municipio de La Paz","datePublished":"2020-02-13T00:41:01+00:00","mainEntityOfPage":{"@id":"https:\/\/nbcs.mx\/?p=61703"},"wordCount":575,"commentCount":0,"publisher":{"@id":"https:\/\/nbcs.mx\/#organization"},"image":{"@id":"https:\/\/nbcs.mx\/?p=61703#primaryimage"},"thumbnailUrl":"https:\/\/nbcs.mx\/wp-content\/uploads\/2020\/02\/PRINCIPAL-CMD_CRUCERO-VIAL-580x492.jpg","articleSection":["Noticias"],"inLanguage":"es","potentialAction":[{"@type":"CommentAction","name":"Comment","target":["https:\/\/nbcs.mx\/?p=61703#respond"]}]},{"@type":"WebPage","@id":"https:\/\/nbcs.mx\/?p=61703","url":"https:\/\/nbcs.mx\/?p=61703","name":"Entrega gobernador tres vialidades m\u00e1s en el municipio de La Paz - NBCS Noticias","isPartOf":{"@id":"https:\/\/nbcs.mx\/#website"},"primaryImageOfPage":{"@id":"https:\/\/nbcs.mx\/?p=61703#primaryimage"},"image":{"@id":"https:\/\/nbcs.mx\/?p=61703#primaryimage"},"thumbnailUrl":"https:\/\/nbcs.mx\/wp-content\/uploads\/2020\/02\/PRINCIPAL-CMD_CRUCERO-VIAL-580x492.jpg","datePublished":"2020-02-13T00:41:01+00:00","breadcrumb":{"@id":"https:\/\/nbcs.mx\/?p=61703#breadcrumb"},"inLanguage":"es","potentialAction":[{"@type":"ReadAction","target":["https:\/\/nbcs.mx\/?p=61703"]}]},{"@type":"ImageObject","inLanguage":"es","@id":"https:\/\/nbcs.mx\/?p=61703#primaryimage","url":"https:\/\/nbcs.mx\/wp-content\/uploads\/2020\/02\/PRINCIPAL-CMD_CRUCERO-VIAL-580x492.jpg","contentUrl":"https:\/\/nbcs.mx\/wp-content\/uploads\/2020\/02\/PRINCIPAL-CMD_CRUCERO-VIAL-580x492.jpg"},{"@type":"BreadcrumbList","@id":"https:\/\/nbcs.mx\/?p=61703#breadcrumb","itemListElement":[{"@type":"ListItem","position":1,"name":"Portada","item":"https:\/\/nbcs.mx\/"},{"@type":"ListItem","position":2,"name":"Entrega gobernador tres vialidades m\u00e1s en el municipio de La Paz"}]},{"@type":"WebSite","@id":"https:\/\/nbcs.mx\/#website","url":"https:\/\/nbcs.mx\/","name":"NBCS Noticias","description":"Sitio web de noticias en Baja California Sur","publisher":{"@id":"https:\/\/nbcs.mx\/#organization"},"potentialAction":[{"@type":"SearchAction","target":{"@type":"EntryPoint","urlTemplate":"https:\/\/nbcs.mx\/?s={search_term_string}"},"query-input":{"@type":"PropertyValueSpecification","valueRequired":true,"valueName":"search_term_string"}}],"inLanguage":"es"},{"@type":"Organization","@id":"https:\/\/nbcs.mx\/#organization","name":"NBCS Noticias","url":"https:\/\/nbcs.mx\/","logo":{"@type":"ImageObject","inLanguage":"es","@id":"https:\/\/nbcs.mx\/#\/schema\/logo\/image\/","url":"https:\/\/nbcs.mx\/wp-content\/uploads\/2018\/09\/057b69485e93575a5c2b1c1dde2dd297.jpeg","contentUrl":"https:\/\/nbcs.mx\/wp-content\/uploads\/2018\/09\/057b69485e93575a5c2b1c1dde2dd297.jpeg","width":64,"height":64,"caption":"NBCS Noticias"},"image":{"@id":"https:\/\/nbcs.mx\/#\/schema\/logo\/image\/"},"sameAs":["https:\/\/www.facebook.com\/NBCSnoticias","https:\/\/x.com\/NBCSnoticias"]},{"@type":"Person","@id":"https:\/\/nbcs.mx\/#\/schema\/person\/ece58bab9a7c1e87a4d28ec9ecd79ff4","name":"NBCS Noticias","image":{"@type":"ImageObject","inLanguage":"es","@id":"https:\/\/secure.gravatar.com\/avatar\/4e52110cad1c4054b43271a0d14bbe9e2ea76aecd0e1097edfc670798d9ca1d4?s=96&d=blank&r=g","url":"https:\/\/secure.gravatar.com\/avatar\/4e52110cad1c4054b43271a0d14bbe9e2ea76aecd0e1097edfc670798d9ca1d4?s=96&d=blank&r=g","contentUrl":"https:\/\/secure.gravatar.com\/avatar\/4e52110cad1c4054b43271a0d14bbe9e2ea76aecd0e1097edfc670798d9ca1d4?s=96&d=blank&r=g","caption":"NBCS Noticias"},"description":"\u00bfTienes fotos o video de alg\u00fan acto de posible negligencia, corrupci\u00f3n y abuso de autoridad? M\u00e1ndalo al WhatsApp de NBCS Noticias: 612 141 98 08","sameAs":["https:\/\/www.nbcs.mx","https:\/\/www.facebook.com\/NBCSnoticias","https:\/\/www.instagram.com\/nbcsnoticias\/","https:\/\/x.com\/https:\/\/twitter.com\/NBCSnoticias"]}]}},"jetpack_publicize_connections":[],"jetpack_featured_media_url":"","jetpack_sharing_enabled":true,"_links":{"self":[{"href":"https:\/\/nbcs.mx\/index.php?rest_route=\/wp\/v2\/posts\/61703","targetHints":{"allow":["GET"]}}],"collection":[{"href":"https:\/\/nbcs.mx\/index.php?rest_route=\/wp\/v2\/posts"}],"about":[{"href":"https:\/\/nbcs.mx\/index.php?rest_route=\/wp\/v2\/types\/post"}],"author":[{"embeddable":true,"href":"https:\/\/nbcs.mx\/index.php?rest_route=\/wp\/v2\/users\/1"}],"replies":[{"embeddable":true,"href":"https:\/\/nbcs.mx\/index.php?rest_route=%2Fwp%2Fv2%2Fcomments&post=61703"}],"version-history":[{"count":1,"href":"https:\/\/nbcs.mx\/index.php?rest_route=\/wp\/v2\/posts\/61703\/revisions"}],"predecessor-version":[{"id":61706,"href":"https:\/\/nbcs.mx\/index.php?rest_route=\/wp\/v2\/posts\/61703\/revisions\/61706"}],"wp:attachment":[{"href":"https:\/\/nbcs.mx\/index.php?rest_route=%2Fwp%2Fv2%2Fmedia&parent=61703"}],"wp:term":[{"taxonomy":"category","embeddable":true,"href":"https:\/\/nbcs.mx\/index.php?rest_route=%2Fwp%2Fv2%2Fcategories&post=61703"},{"taxonomy":"post_tag","embeddable":true,"href":"https:\/\/nbcs.mx\/index.php?rest_route=%2Fwp%2Fv2%2Ftags&post=61703"}],"curies":[{"name":"wp","href":"https:\/\/api.w.org\/{rel}","templated":true}]}}