{"id":63077,"date":"2020-03-06T18:50:23","date_gmt":"2020-03-07T01:50:23","guid":{"rendered":"https:\/\/nbcs.mx\/?p=63077"},"modified":"2020-03-06T18:50:23","modified_gmt":"2020-03-07T01:50:23","slug":"toma-protesta-nuevo-director-de-seguridad-publica-y-transito-municipal-en-mulege","status":"publish","type":"post","link":"https:\/\/nbcs.mx\/?p=63077","title":{"rendered":"Toma protesta nuevo Director de Seguridad P\u00fablica y Tr\u00e1nsito Municipal en Muleg\u00e9"},"content":{"rendered":"<p style=\"text-align: justify;\">Santa Rosal\u00eda, Baja California Sur. \u2013 Durante la d\u00e9cima cuarta sesi\u00f3n ordinaria de cabildo del XVI Ayuntamiento de Muleg\u00e9, el alcalde Jos\u00e9 Felipe Prado Bautista, tomo protesta, al nuevo Director de Seguridad P\u00fablica y Tr\u00e1nsito Municipal, el Capit\u00e1n de Fragata Enrique Jos\u00e9 Arg\u00fcelles Granados, quien fuera avalado por el cabildo por unanimidad de votos.<\/p>\n<p><img loading=\"lazy\" decoding=\"async\" class=\"size-medium wp-image-63079 aligncenter\" src=\"https:\/\/nbcs.mx\/wp-content\/uploads\/2020\/03\/Toma-de-protesta-ante-cabildo-del-nuevo-Director-de-Seguridad-P\u00fablica-y-Tr\u00e1nsito-Municipal-el-Capit\u00e1n-de-Fragata-Enrique-Jos\u00e9-Arg\u00fcelles-Granados-755x322.jpg\" alt=\"\" width=\"755\" height=\"322\" \/><\/p>\n<p style=\"text-align: justify;\">Por otro lado los ediles<span class=\"Apple-converted-space\">\u00a0 <\/span>turnaron a la comisi\u00f3n permanente de nomenclaturas oficiales del municipio, el renombramiento de calles bajo el nombre de mujeres sobresalientes en las comunidades de nuestro municipio, en la b\u00fasqueda de la equidad de g\u00e9nero en todos los \u00e1mbitos de la sociedad mulegina, esto como parte de la correspondencia recibida por la Secretar\u00eda General.<span class=\"Apple-converted-space\">\u00a0<\/span><\/p>\n<p style=\"text-align: justify;\">Como otro punto de an\u00e1lisis, se recibi\u00f3 la solicitud para la donaci\u00f3n de un predio para la construcci\u00f3n de un cuartel de la Guardia Nacional, en la que se verificar\u00e1n las propuestas y los requerimientos del espacio, previo a tomar la decisi\u00f3n y autorizaci\u00f3n, lo cual representa una valiosa aportaci\u00f3n para la construcci\u00f3n de la base por parte del gobierno municipal. <span class=\"Apple-converted-space\">\u00a0<\/span><\/p>\n<p><img loading=\"lazy\" decoding=\"async\" class=\"size-medium wp-image-63078 aligncenter\" src=\"https:\/\/nbcs.mx\/wp-content\/uploads\/2020\/03\/Alcalde-Jos\u00e9-Felipe-Prado-Bautista-S\u00edndico-Municipal-Italia-Valenzuela-G\u00f3mez-y-Secretario-General-Ramiro-Gonz\u00e1lez-Navarro-755x492.jpg\" alt=\"\" width=\"755\" height=\"492\" \/><\/p>\n<p style=\"text-align: justify;\">Por \u00faltimo el C.P. On\u00e9simo Mendoza Ram\u00edrez, tesorero municipal, realiz\u00f3 la presentaci\u00f3n de la cuenta p\u00fablica del mes de enero 2020.<\/p>\n","protected":false},"excerpt":{"rendered":"<p>Santa Rosal\u00eda, Baja California Sur. \u2013 Durante la d\u00e9cima cuarta sesi\u00f3n ordinaria de cabildo del XVI Ayuntamiento de Muleg\u00e9, el<\/p>\n","protected":false},"author":1,"featured_media":0,"comment_status":"open","ping_status":"closed","sticky":false,"template":"","format":"standard","meta":{"colormag_page_container_layout":"default_layout","colormag_page_sidebar_layout":"default_layout","_jetpack_newsletter_access":"","_jetpack_dont_email_post_to_subs":false,"_jetpack_newsletter_tier_id":0,"_jetpack_memberships_contains_paywalled_content":false,"_jetpack_feature_clip_id":0,"_jetpack_memberships_contains_paid_content":false,"footnotes":"","jetpack_publicize_message":"","jetpack_publicize_feature_enabled":true,"jetpack_social_post_already_shared":true,"jetpack_social_options":{"image_generator_settings":{"template":"highway","default_image_id":0,"font":"","enabled":false},"version":2},"jetpack_post_was_ever_published":false},"categories":[40],"tags":[],"class_list":["post-63077","post","type-post","status-publish","format-standard","hentry","category-municipios"],"yoast_head":"<!-- This site is optimized with the Yoast SEO plugin v28.4 - https:\/\/yoast.com\/product\/yoast-seo-wordpress\/ -->\n<title>Toma protesta nuevo Director de Seguridad P\u00fablica y Tr\u00e1nsito Municipal en Muleg\u00e9 - NBCS Noticias<\/title>\n<meta name=\"robots\" content=\"index, follow, max-snippet:-1, max-image-preview:large, max-video-preview:-1\" \/>\n<link rel=\"canonical\" href=\"https:\/\/nbcs.mx\/?p=63077\" \/>\n<meta property=\"og:locale\" content=\"es_ES\" \/>\n<meta property=\"og:type\" content=\"article\" \/>\n<meta property=\"og:title\" content=\"Toma protesta nuevo Director de Seguridad P\u00fablica y Tr\u00e1nsito Municipal en Muleg\u00e9 - NBCS Noticias\" \/>\n<meta property=\"og:description\" content=\"Santa Rosal\u00eda, Baja California Sur. \u2013 Durante la d\u00e9cima cuarta sesi\u00f3n ordinaria de cabildo del XVI Ayuntamiento de Muleg\u00e9, el\" \/>\n<meta property=\"og:url\" content=\"https:\/\/nbcs.mx\/?p=63077\" \/>\n<meta property=\"og:site_name\" content=\"NBCS Noticias\" \/>\n<meta property=\"article:publisher\" content=\"https:\/\/www.facebook.com\/NBCSnoticias\" \/>\n<meta property=\"article:author\" content=\"https:\/\/www.facebook.com\/NBCSnoticias\" \/>\n<meta property=\"article:published_time\" content=\"2020-03-07T01:50:23+00:00\" \/>\n<meta property=\"og:image\" content=\"https:\/\/nbcs.mx\/wp-content\/uploads\/2020\/03\/Toma-de-protesta-ante-cabildo-del-nuevo-Director-de-Seguridad-P\u00fablica-y-Tr\u00e1nsito-Municipal-el-Capit\u00e1n-de-Fragata-Enrique-Jos\u00e9-Arg\u00fcelles-Granados-scaled.jpg\" \/>\n\t<meta property=\"og:image:width\" content=\"2560\" \/>\n\t<meta property=\"og:image:height\" content=\"1093\" \/>\n\t<meta property=\"og:image:type\" content=\"image\/jpeg\" \/>\n<meta name=\"author\" content=\"NBCS Noticias\" \/>\n<meta name=\"twitter:card\" content=\"summary_large_image\" \/>\n<meta name=\"twitter:creator\" content=\"@https:\/\/twitter.com\/NBCSnoticias\" \/>\n<meta name=\"twitter:site\" content=\"@NBCSnoticias\" \/>\n<meta name=\"twitter:label1\" content=\"Escrito por\" \/>\n\t<meta name=\"twitter:data1\" content=\"NBCS Noticias\" \/>\n\t<meta name=\"twitter:label2\" content=\"Tiempo de lectura\" \/>\n\t<meta name=\"twitter:data2\" content=\"1 minuto\" \/>\n<script type=\"application\/ld+json\" class=\"yoast-schema-graph\">{\"@context\":\"https:\\\/\\\/schema.org\",\"@graph\":[{\"@type\":\"Article\",\"@id\":\"https:\\\/\\\/nbcs.mx\\\/?p=63077#article\",\"isPartOf\":{\"@id\":\"https:\\\/\\\/nbcs.mx\\\/?p=63077\"},\"author\":{\"name\":\"NBCS Noticias\",\"@id\":\"https:\\\/\\\/nbcs.mx\\\/#\\\/schema\\\/person\\\/ece58bab9a7c1e87a4d28ec9ecd79ff4\"},\"headline\":\"Toma protesta nuevo Director de Seguridad P\u00fablica y Tr\u00e1nsito Municipal en Muleg\u00e9\",\"datePublished\":\"2020-03-07T01:50:23+00:00\",\"mainEntityOfPage\":{\"@id\":\"https:\\\/\\\/nbcs.mx\\\/?p=63077\"},\"wordCount\":230,\"commentCount\":0,\"publisher\":{\"@id\":\"https:\\\/\\\/nbcs.mx\\\/#organization\"},\"articleSection\":[\"Municipios\"],\"inLanguage\":\"es\",\"potentialAction\":[{\"@type\":\"CommentAction\",\"name\":\"Comment\",\"target\":[\"https:\\\/\\\/nbcs.mx\\\/?p=63077#respond\"]}]},{\"@type\":\"WebPage\",\"@id\":\"https:\\\/\\\/nbcs.mx\\\/?p=63077\",\"url\":\"https:\\\/\\\/nbcs.mx\\\/?p=63077\",\"name\":\"Toma protesta nuevo Director de Seguridad P\u00fablica y Tr\u00e1nsito Municipal en Muleg\u00e9 - NBCS Noticias\",\"isPartOf\":{\"@id\":\"https:\\\/\\\/nbcs.mx\\\/#website\"},\"datePublished\":\"2020-03-07T01:50:23+00:00\",\"breadcrumb\":{\"@id\":\"https:\\\/\\\/nbcs.mx\\\/?p=63077#breadcrumb\"},\"inLanguage\":\"es\",\"potentialAction\":[{\"@type\":\"ReadAction\",\"target\":[\"https:\\\/\\\/nbcs.mx\\\/?p=63077\"]}]},{\"@type\":\"BreadcrumbList\",\"@id\":\"https:\\\/\\\/nbcs.mx\\\/?p=63077#breadcrumb\",\"itemListElement\":[{\"@type\":\"ListItem\",\"position\":1,\"name\":\"Portada\",\"item\":\"https:\\\/\\\/nbcs.mx\\\/\"},{\"@type\":\"ListItem\",\"position\":2,\"name\":\"Toma protesta nuevo Director de Seguridad P\u00fablica y Tr\u00e1nsito Municipal en Muleg\u00e9\"}]},{\"@type\":\"WebSite\",\"@id\":\"https:\\\/\\\/nbcs.mx\\\/#website\",\"url\":\"https:\\\/\\\/nbcs.mx\\\/\",\"name\":\"NBCS Noticias\",\"description\":\"Sitio web de noticias en Baja California Sur\",\"publisher\":{\"@id\":\"https:\\\/\\\/nbcs.mx\\\/#organization\"},\"potentialAction\":[{\"@type\":\"SearchAction\",\"target\":{\"@type\":\"EntryPoint\",\"urlTemplate\":\"https:\\\/\\\/nbcs.mx\\\/?s={search_term_string}\"},\"query-input\":{\"@type\":\"PropertyValueSpecification\",\"valueRequired\":true,\"valueName\":\"search_term_string\"}}],\"inLanguage\":\"es\"},{\"@type\":\"Organization\",\"@id\":\"https:\\\/\\\/nbcs.mx\\\/#organization\",\"name\":\"NBCS Noticias\",\"url\":\"https:\\\/\\\/nbcs.mx\\\/\",\"logo\":{\"@type\":\"ImageObject\",\"inLanguage\":\"es\",\"@id\":\"https:\\\/\\\/nbcs.mx\\\/#\\\/schema\\\/logo\\\/image\\\/\",\"url\":\"https:\\\/\\\/nbcs.mx\\\/wp-content\\\/uploads\\\/2018\\\/09\\\/057b69485e93575a5c2b1c1dde2dd297.jpeg\",\"contentUrl\":\"https:\\\/\\\/nbcs.mx\\\/wp-content\\\/uploads\\\/2018\\\/09\\\/057b69485e93575a5c2b1c1dde2dd297.jpeg\",\"width\":64,\"height\":64,\"caption\":\"NBCS Noticias\"},\"image\":{\"@id\":\"https:\\\/\\\/nbcs.mx\\\/#\\\/schema\\\/logo\\\/image\\\/\"},\"sameAs\":[\"https:\\\/\\\/www.facebook.com\\\/NBCSnoticias\",\"https:\\\/\\\/x.com\\\/NBCSnoticias\"]},{\"@type\":\"Person\",\"@id\":\"https:\\\/\\\/nbcs.mx\\\/#\\\/schema\\\/person\\\/ece58bab9a7c1e87a4d28ec9ecd79ff4\",\"name\":\"NBCS Noticias\",\"image\":{\"@type\":\"ImageObject\",\"inLanguage\":\"es\",\"@id\":\"https:\\\/\\\/secure.gravatar.com\\\/avatar\\\/4e52110cad1c4054b43271a0d14bbe9e2ea76aecd0e1097edfc670798d9ca1d4?s=96&d=blank&r=g\",\"url\":\"https:\\\/\\\/secure.gravatar.com\\\/avatar\\\/4e52110cad1c4054b43271a0d14bbe9e2ea76aecd0e1097edfc670798d9ca1d4?s=96&d=blank&r=g\",\"contentUrl\":\"https:\\\/\\\/secure.gravatar.com\\\/avatar\\\/4e52110cad1c4054b43271a0d14bbe9e2ea76aecd0e1097edfc670798d9ca1d4?s=96&d=blank&r=g\",\"caption\":\"NBCS Noticias\"},\"description\":\"\u00bfTienes fotos o video de alg\u00fan acto de posible negligencia, corrupci\u00f3n y abuso de autoridad? M\u00e1ndalo al WhatsApp de NBCS Noticias: 612 141 98 08\",\"sameAs\":[\"https:\\\/\\\/www.nbcs.mx\",\"https:\\\/\\\/www.facebook.com\\\/NBCSnoticias\",\"https:\\\/\\\/www.instagram.com\\\/nbcsnoticias\\\/\",\"https:\\\/\\\/x.com\\\/https:\\\/\\\/twitter.com\\\/NBCSnoticias\"]}]}<\/script>\n<!-- \/ Yoast SEO plugin. -->","yoast_head_json":{"title":"Toma protesta nuevo Director de Seguridad P\u00fablica y Tr\u00e1nsito Municipal en Muleg\u00e9 - NBCS Noticias","robots":{"index":"index","follow":"follow","max-snippet":"max-snippet:-1","max-image-preview":"max-image-preview:large","max-video-preview":"max-video-preview:-1"},"canonical":"https:\/\/nbcs.mx\/?p=63077","og_locale":"es_ES","og_type":"article","og_title":"Toma protesta nuevo Director de Seguridad P\u00fablica y Tr\u00e1nsito Municipal en Muleg\u00e9 - NBCS Noticias","og_description":"Santa Rosal\u00eda, Baja California Sur. \u2013 Durante la d\u00e9cima cuarta sesi\u00f3n ordinaria de cabildo del XVI Ayuntamiento de Muleg\u00e9, el","og_url":"https:\/\/nbcs.mx\/?p=63077","og_site_name":"NBCS Noticias","article_publisher":"https:\/\/www.facebook.com\/NBCSnoticias","article_author":"https:\/\/www.facebook.com\/NBCSnoticias","article_published_time":"2020-03-07T01:50:23+00:00","og_image":[{"width":2560,"height":1093,"url":"https:\/\/nbcs.mx\/wp-content\/uploads\/2020\/03\/Toma-de-protesta-ante-cabildo-del-nuevo-Director-de-Seguridad-P\u00fablica-y-Tr\u00e1nsito-Municipal-el-Capit\u00e1n-de-Fragata-Enrique-Jos\u00e9-Arg\u00fcelles-Granados-scaled.jpg","type":"image\/jpeg"}],"author":"NBCS Noticias","twitter_card":"summary_large_image","twitter_creator":"@https:\/\/twitter.com\/NBCSnoticias","twitter_site":"@NBCSnoticias","twitter_misc":{"Escrito por":"NBCS Noticias","Tiempo de lectura":"1 minuto"},"schema":{"@context":"https:\/\/schema.org","@graph":[{"@type":"Article","@id":"https:\/\/nbcs.mx\/?p=63077#article","isPartOf":{"@id":"https:\/\/nbcs.mx\/?p=63077"},"author":{"name":"NBCS Noticias","@id":"https:\/\/nbcs.mx\/#\/schema\/person\/ece58bab9a7c1e87a4d28ec9ecd79ff4"},"headline":"Toma protesta nuevo Director de Seguridad P\u00fablica y Tr\u00e1nsito Municipal en Muleg\u00e9","datePublished":"2020-03-07T01:50:23+00:00","mainEntityOfPage":{"@id":"https:\/\/nbcs.mx\/?p=63077"},"wordCount":230,"commentCount":0,"publisher":{"@id":"https:\/\/nbcs.mx\/#organization"},"articleSection":["Municipios"],"inLanguage":"es","potentialAction":[{"@type":"CommentAction","name":"Comment","target":["https:\/\/nbcs.mx\/?p=63077#respond"]}]},{"@type":"WebPage","@id":"https:\/\/nbcs.mx\/?p=63077","url":"https:\/\/nbcs.mx\/?p=63077","name":"Toma protesta nuevo Director de Seguridad P\u00fablica y Tr\u00e1nsito Municipal en Muleg\u00e9 - NBCS Noticias","isPartOf":{"@id":"https:\/\/nbcs.mx\/#website"},"datePublished":"2020-03-07T01:50:23+00:00","breadcrumb":{"@id":"https:\/\/nbcs.mx\/?p=63077#breadcrumb"},"inLanguage":"es","potentialAction":[{"@type":"ReadAction","target":["https:\/\/nbcs.mx\/?p=63077"]}]},{"@type":"BreadcrumbList","@id":"https:\/\/nbcs.mx\/?p=63077#breadcrumb","itemListElement":[{"@type":"ListItem","position":1,"name":"Portada","item":"https:\/\/nbcs.mx\/"},{"@type":"ListItem","position":2,"name":"Toma protesta nuevo Director de Seguridad P\u00fablica y Tr\u00e1nsito Municipal en Muleg\u00e9"}]},{"@type":"WebSite","@id":"https:\/\/nbcs.mx\/#website","url":"https:\/\/nbcs.mx\/","name":"NBCS Noticias","description":"Sitio web de noticias en Baja California Sur","publisher":{"@id":"https:\/\/nbcs.mx\/#organization"},"potentialAction":[{"@type":"SearchAction","target":{"@type":"EntryPoint","urlTemplate":"https:\/\/nbcs.mx\/?s={search_term_string}"},"query-input":{"@type":"PropertyValueSpecification","valueRequired":true,"valueName":"search_term_string"}}],"inLanguage":"es"},{"@type":"Organization","@id":"https:\/\/nbcs.mx\/#organization","name":"NBCS Noticias","url":"https:\/\/nbcs.mx\/","logo":{"@type":"ImageObject","inLanguage":"es","@id":"https:\/\/nbcs.mx\/#\/schema\/logo\/image\/","url":"https:\/\/nbcs.mx\/wp-content\/uploads\/2018\/09\/057b69485e93575a5c2b1c1dde2dd297.jpeg","contentUrl":"https:\/\/nbcs.mx\/wp-content\/uploads\/2018\/09\/057b69485e93575a5c2b1c1dde2dd297.jpeg","width":64,"height":64,"caption":"NBCS Noticias"},"image":{"@id":"https:\/\/nbcs.mx\/#\/schema\/logo\/image\/"},"sameAs":["https:\/\/www.facebook.com\/NBCSnoticias","https:\/\/x.com\/NBCSnoticias"]},{"@type":"Person","@id":"https:\/\/nbcs.mx\/#\/schema\/person\/ece58bab9a7c1e87a4d28ec9ecd79ff4","name":"NBCS Noticias","image":{"@type":"ImageObject","inLanguage":"es","@id":"https:\/\/secure.gravatar.com\/avatar\/4e52110cad1c4054b43271a0d14bbe9e2ea76aecd0e1097edfc670798d9ca1d4?s=96&d=blank&r=g","url":"https:\/\/secure.gravatar.com\/avatar\/4e52110cad1c4054b43271a0d14bbe9e2ea76aecd0e1097edfc670798d9ca1d4?s=96&d=blank&r=g","contentUrl":"https:\/\/secure.gravatar.com\/avatar\/4e52110cad1c4054b43271a0d14bbe9e2ea76aecd0e1097edfc670798d9ca1d4?s=96&d=blank&r=g","caption":"NBCS Noticias"},"description":"\u00bfTienes fotos o video de alg\u00fan acto de posible negligencia, corrupci\u00f3n y abuso de autoridad? M\u00e1ndalo al WhatsApp de NBCS Noticias: 612 141 98 08","sameAs":["https:\/\/www.nbcs.mx","https:\/\/www.facebook.com\/NBCSnoticias","https:\/\/www.instagram.com\/nbcsnoticias\/","https:\/\/x.com\/https:\/\/twitter.com\/NBCSnoticias"]}]}},"jetpack_publicize_connections":[],"jetpack_sharing_enabled":true,"jetpack_featured_media_url":"","_links":{"self":[{"href":"https:\/\/nbcs.mx\/index.php?rest_route=\/wp\/v2\/posts\/63077","targetHints":{"allow":["GET"]}}],"collection":[{"href":"https:\/\/nbcs.mx\/index.php?rest_route=\/wp\/v2\/posts"}],"about":[{"href":"https:\/\/nbcs.mx\/index.php?rest_route=\/wp\/v2\/types\/post"}],"author":[{"embeddable":true,"href":"https:\/\/nbcs.mx\/index.php?rest_route=\/wp\/v2\/users\/1"}],"replies":[{"embeddable":true,"href":"https:\/\/nbcs.mx\/index.php?rest_route=%2Fwp%2Fv2%2Fcomments&post=63077"}],"version-history":[{"count":1,"href":"https:\/\/nbcs.mx\/index.php?rest_route=\/wp\/v2\/posts\/63077\/revisions"}],"predecessor-version":[{"id":63080,"href":"https:\/\/nbcs.mx\/index.php?rest_route=\/wp\/v2\/posts\/63077\/revisions\/63080"}],"wp:attachment":[{"href":"https:\/\/nbcs.mx\/index.php?rest_route=%2Fwp%2Fv2%2Fmedia&parent=63077"}],"wp:term":[{"taxonomy":"category","embeddable":true,"href":"https:\/\/nbcs.mx\/index.php?rest_route=%2Fwp%2Fv2%2Fcategories&post=63077"},{"taxonomy":"post_tag","embeddable":true,"href":"https:\/\/nbcs.mx\/index.php?rest_route=%2Fwp%2Fv2%2Ftags&post=63077"}],"curies":[{"name":"wp","href":"https:\/\/api.w.org\/{rel}","templated":true}]}}