{"id":66476,"date":"2020-05-05T17:41:42","date_gmt":"2020-05-05T23:41:42","guid":{"rendered":"https:\/\/nbcs.mx\/?p=66476"},"modified":"2020-05-05T17:41:42","modified_gmt":"2020-05-05T23:41:42","slug":"volaris-anuncia-la-reanudacion-de-vuelos-a-bcs-a-partir-del-1-de-junio","status":"publish","type":"post","link":"https:\/\/nbcs.mx\/?p=66476","title":{"rendered":"Volaris anuncia la reanudaci\u00f3n de vuelos a BCS a partir del 1 de junio"},"content":{"rendered":"<p style=\"text-align: justify;\"><img loading=\"lazy\" decoding=\"async\" class=\" wp-image-66477 alignleft\" src=\"https:\/\/nbcs.mx\/wp-content\/uploads\/2020\/05\/WhatsApp-Image-2019-03-02-at-2.45.28-PM-656x492.jpeg\" alt=\"\" width=\"395\" height=\"296\" srcset=\"https:\/\/nbcs.mx\/wp-content\/uploads\/2020\/05\/WhatsApp-Image-2019-03-02-at-2.45.28-PM-656x492.jpeg 656w, https:\/\/nbcs.mx\/wp-content\/uploads\/2020\/05\/WhatsApp-Image-2019-03-02-at-2.45.28-PM-1024x768.jpeg 1024w, https:\/\/nbcs.mx\/wp-content\/uploads\/2020\/05\/WhatsApp-Image-2019-03-02-at-2.45.28-PM-150x113.jpeg 150w, https:\/\/nbcs.mx\/wp-content\/uploads\/2020\/05\/WhatsApp-Image-2019-03-02-at-2.45.28-PM-768x576.jpeg 768w, https:\/\/nbcs.mx\/wp-content\/uploads\/2020\/05\/WhatsApp-Image-2019-03-02-at-2.45.28-PM.jpeg 1040w\" sizes=\"auto, (max-width: 395px) 100vw, 395px\" \/>La Paz, Baja California Sur.- En atenci\u00f3n al plan de trabajo que el Gobierno del Estado en conjunto con los principales actores tur\u00edsticos, pone en marcha para reactivar esta industria en Baja California Sur, el secretario de Turismo, Econom\u00eda y Sustentabilidad (SETUES), Luis Humberto Araiza L\u00f3pez, sostuvo una reuni\u00f3n virtual con el director de Desarrollo de Mercados de Volaris, Miguel Agu\u00ed\u00f1iga.<\/p>\n<p style=\"text-align: justify;\">En dicha video conferencia en la que tambi\u00e9n participaron los titulares de los Fideicomisos de Promoci\u00f3n Tur\u00edstica, el representante de la aerol\u00ednea anunci\u00f3 la pr\u00f3xima reanudaci\u00f3n de vuelos a partir del primero de junio, como lo ha establecido el Consejo Federal de Salud.<\/p>\n<p style=\"text-align: justify;\">Al respecto, Araiza L\u00f3pez enfatiz\u00f3 la disposici\u00f3n de la actual administraci\u00f3n para que la reintegraci\u00f3n de Volaris se d\u00e9 en forma ordenada y gradual, respetando las recomendaciones de las autoridades, a fin de proteger la salud de trabajadores y viajeros; y de este modo garantizar la seguridad sanitaria de los destinos.<\/p>\n<p style=\"text-align: justify;\">En ese sentido, el titular de la SETUES destac\u00f3 que la conectividad a\u00e9rea juega un papel fundamental en la reactivaci\u00f3n de la actividad tur\u00edstica, por lo que dijo, se mantendr\u00e1 una estrecha comunicaci\u00f3n con las principales aerol\u00edneas y los propios aeropuertos para que esta se lleve a cabo de manera exitosa tanto en el mercado nacional como en el internacional.<\/p>\n<p style=\"text-align: justify;\">Al tiempo que record\u00f3, que BCS trabaja ya en el impulso y promoci\u00f3n de la certificaci\u00f3n Punto Limpio, a fin de dar certeza a los visitantes de la higiene e inocuidad de los servicios tur\u00edsticos y que estos se encuentren libres de virus y pat\u00f3genos, especialmente de Covid-19.<\/p>\n<p style=\"text-align: justify;\">Finalmente, Luis Araiza subray\u00f3 los esfuerzos que el gobierno de Carlos Mendoza realiza para contrarrestar los da\u00f1os econ\u00f3micos, sociales y de salud que ha provocado la pandemia por Covid-19, al aseverar que el turismo es un tema de atenci\u00f3n prioritaria, pues indic\u00f3, es fuente de bienestar y progreso para las familias sudcalifornianas.<\/p>\n","protected":false},"excerpt":{"rendered":"<p>La Paz, Baja California Sur.- En atenci\u00f3n al plan de trabajo que el Gobierno del Estado en conjunto con los<\/p>\n","protected":false},"author":1,"featured_media":66477,"comment_status":"open","ping_status":"closed","sticky":false,"template":"","format":"standard","meta":{"colormag_page_container_layout":"default_layout","colormag_page_sidebar_layout":"default_layout","_jetpack_memberships_contains_paid_content":false,"footnotes":"","jetpack_publicize_message":"","jetpack_publicize_feature_enabled":true,"jetpack_social_post_already_shared":true,"jetpack_social_options":{"image_generator_settings":{"template":"highway","default_image_id":0,"font":"","enabled":false},"version":2}},"categories":[1],"tags":[],"class_list":["post-66476","post","type-post","status-publish","format-standard","has-post-thumbnail","hentry","category-noticias"],"yoast_head":"<!-- This site is optimized with the Yoast SEO plugin v27.5 - https:\/\/yoast.com\/product\/yoast-seo-wordpress\/ -->\n<title>Volaris anuncia la reanudaci\u00f3n de vuelos a BCS a partir del 1 de junio - NBCS Noticias<\/title>\n<meta name=\"robots\" content=\"index, follow, max-snippet:-1, max-image-preview:large, max-video-preview:-1\" \/>\n<link rel=\"canonical\" href=\"https:\/\/nbcs.mx\/?p=66476\" \/>\n<meta property=\"og:locale\" content=\"es_ES\" \/>\n<meta property=\"og:type\" content=\"article\" \/>\n<meta property=\"og:title\" content=\"Volaris anuncia la reanudaci\u00f3n de vuelos a BCS a partir del 1 de junio - NBCS Noticias\" \/>\n<meta property=\"og:description\" content=\"La Paz, Baja California Sur.- En atenci\u00f3n al plan de trabajo que el Gobierno del Estado en conjunto con los\" \/>\n<meta property=\"og:url\" content=\"https:\/\/nbcs.mx\/?p=66476\" \/>\n<meta property=\"og:site_name\" content=\"NBCS Noticias\" \/>\n<meta property=\"article:publisher\" content=\"https:\/\/www.facebook.com\/NBCSnoticias\" \/>\n<meta property=\"article:author\" content=\"https:\/\/www.facebook.com\/NBCSnoticias\" \/>\n<meta property=\"article:published_time\" content=\"2020-05-05T23:41:42+00:00\" \/>\n<meta property=\"og:image\" content=\"https:\/\/nbcs.mx\/wp-content\/uploads\/2020\/05\/WhatsApp-Image-2019-03-02-at-2.45.28-PM.jpeg\" \/>\n\t<meta property=\"og:image:width\" content=\"1040\" \/>\n\t<meta property=\"og:image:height\" content=\"780\" \/>\n\t<meta property=\"og:image:type\" content=\"image\/jpeg\" \/>\n<meta name=\"author\" content=\"NBCS Noticias\" \/>\n<meta name=\"twitter:card\" content=\"summary_large_image\" \/>\n<meta name=\"twitter:creator\" content=\"@https:\/\/twitter.com\/NBCSnoticias\" \/>\n<meta name=\"twitter:site\" content=\"@NBCSnoticias\" \/>\n<meta name=\"twitter:label1\" content=\"Escrito por\" \/>\n\t<meta name=\"twitter:data1\" content=\"NBCS Noticias\" \/>\n\t<meta name=\"twitter:label2\" content=\"Tiempo de lectura\" \/>\n\t<meta name=\"twitter:data2\" content=\"2 minutos\" \/>\n<script type=\"application\/ld+json\" class=\"yoast-schema-graph\">{\"@context\":\"https:\\\/\\\/schema.org\",\"@graph\":[{\"@type\":\"Article\",\"@id\":\"https:\\\/\\\/nbcs.mx\\\/?p=66476#article\",\"isPartOf\":{\"@id\":\"https:\\\/\\\/nbcs.mx\\\/?p=66476\"},\"author\":{\"name\":\"NBCS Noticias\",\"@id\":\"https:\\\/\\\/nbcs.mx\\\/#\\\/schema\\\/person\\\/ece58bab9a7c1e87a4d28ec9ecd79ff4\"},\"headline\":\"Volaris anuncia la reanudaci\u00f3n de vuelos a BCS a partir del 1 de junio\",\"datePublished\":\"2020-05-05T23:41:42+00:00\",\"mainEntityOfPage\":{\"@id\":\"https:\\\/\\\/nbcs.mx\\\/?p=66476\"},\"wordCount\":358,\"commentCount\":0,\"publisher\":{\"@id\":\"https:\\\/\\\/nbcs.mx\\\/#organization\"},\"image\":{\"@id\":\"https:\\\/\\\/nbcs.mx\\\/?p=66476#primaryimage\"},\"thumbnailUrl\":\"https:\\\/\\\/nbcs.mx\\\/wp-content\\\/uploads\\\/2020\\\/05\\\/WhatsApp-Image-2019-03-02-at-2.45.28-PM.jpeg\",\"articleSection\":[\"Noticias\"],\"inLanguage\":\"es\",\"potentialAction\":[{\"@type\":\"CommentAction\",\"name\":\"Comment\",\"target\":[\"https:\\\/\\\/nbcs.mx\\\/?p=66476#respond\"]}]},{\"@type\":\"WebPage\",\"@id\":\"https:\\\/\\\/nbcs.mx\\\/?p=66476\",\"url\":\"https:\\\/\\\/nbcs.mx\\\/?p=66476\",\"name\":\"Volaris anuncia la reanudaci\u00f3n de vuelos a BCS a partir del 1 de junio - NBCS Noticias\",\"isPartOf\":{\"@id\":\"https:\\\/\\\/nbcs.mx\\\/#website\"},\"primaryImageOfPage\":{\"@id\":\"https:\\\/\\\/nbcs.mx\\\/?p=66476#primaryimage\"},\"image\":{\"@id\":\"https:\\\/\\\/nbcs.mx\\\/?p=66476#primaryimage\"},\"thumbnailUrl\":\"https:\\\/\\\/nbcs.mx\\\/wp-content\\\/uploads\\\/2020\\\/05\\\/WhatsApp-Image-2019-03-02-at-2.45.28-PM.jpeg\",\"datePublished\":\"2020-05-05T23:41:42+00:00\",\"breadcrumb\":{\"@id\":\"https:\\\/\\\/nbcs.mx\\\/?p=66476#breadcrumb\"},\"inLanguage\":\"es\",\"potentialAction\":[{\"@type\":\"ReadAction\",\"target\":[\"https:\\\/\\\/nbcs.mx\\\/?p=66476\"]}]},{\"@type\":\"ImageObject\",\"inLanguage\":\"es\",\"@id\":\"https:\\\/\\\/nbcs.mx\\\/?p=66476#primaryimage\",\"url\":\"https:\\\/\\\/nbcs.mx\\\/wp-content\\\/uploads\\\/2020\\\/05\\\/WhatsApp-Image-2019-03-02-at-2.45.28-PM.jpeg\",\"contentUrl\":\"https:\\\/\\\/nbcs.mx\\\/wp-content\\\/uploads\\\/2020\\\/05\\\/WhatsApp-Image-2019-03-02-at-2.45.28-PM.jpeg\",\"width\":1040,\"height\":780},{\"@type\":\"BreadcrumbList\",\"@id\":\"https:\\\/\\\/nbcs.mx\\\/?p=66476#breadcrumb\",\"itemListElement\":[{\"@type\":\"ListItem\",\"position\":1,\"name\":\"Portada\",\"item\":\"https:\\\/\\\/nbcs.mx\\\/\"},{\"@type\":\"ListItem\",\"position\":2,\"name\":\"Volaris anuncia la reanudaci\u00f3n de vuelos a BCS a partir del 1 de junio\"}]},{\"@type\":\"WebSite\",\"@id\":\"https:\\\/\\\/nbcs.mx\\\/#website\",\"url\":\"https:\\\/\\\/nbcs.mx\\\/\",\"name\":\"NBCS Noticias\",\"description\":\"Sitio web de noticias en Baja California Sur\",\"publisher\":{\"@id\":\"https:\\\/\\\/nbcs.mx\\\/#organization\"},\"potentialAction\":[{\"@type\":\"SearchAction\",\"target\":{\"@type\":\"EntryPoint\",\"urlTemplate\":\"https:\\\/\\\/nbcs.mx\\\/?s={search_term_string}\"},\"query-input\":{\"@type\":\"PropertyValueSpecification\",\"valueRequired\":true,\"valueName\":\"search_term_string\"}}],\"inLanguage\":\"es\"},{\"@type\":\"Organization\",\"@id\":\"https:\\\/\\\/nbcs.mx\\\/#organization\",\"name\":\"NBCS Noticias\",\"url\":\"https:\\\/\\\/nbcs.mx\\\/\",\"logo\":{\"@type\":\"ImageObject\",\"inLanguage\":\"es\",\"@id\":\"https:\\\/\\\/nbcs.mx\\\/#\\\/schema\\\/logo\\\/image\\\/\",\"url\":\"https:\\\/\\\/nbcs.mx\\\/wp-content\\\/uploads\\\/2018\\\/09\\\/057b69485e93575a5c2b1c1dde2dd297.jpeg\",\"contentUrl\":\"https:\\\/\\\/nbcs.mx\\\/wp-content\\\/uploads\\\/2018\\\/09\\\/057b69485e93575a5c2b1c1dde2dd297.jpeg\",\"width\":64,\"height\":64,\"caption\":\"NBCS Noticias\"},\"image\":{\"@id\":\"https:\\\/\\\/nbcs.mx\\\/#\\\/schema\\\/logo\\\/image\\\/\"},\"sameAs\":[\"https:\\\/\\\/www.facebook.com\\\/NBCSnoticias\",\"https:\\\/\\\/x.com\\\/NBCSnoticias\"]},{\"@type\":\"Person\",\"@id\":\"https:\\\/\\\/nbcs.mx\\\/#\\\/schema\\\/person\\\/ece58bab9a7c1e87a4d28ec9ecd79ff4\",\"name\":\"NBCS Noticias\",\"image\":{\"@type\":\"ImageObject\",\"inLanguage\":\"es\",\"@id\":\"https:\\\/\\\/secure.gravatar.com\\\/avatar\\\/4e52110cad1c4054b43271a0d14bbe9e2ea76aecd0e1097edfc670798d9ca1d4?s=96&d=blank&r=g\",\"url\":\"https:\\\/\\\/secure.gravatar.com\\\/avatar\\\/4e52110cad1c4054b43271a0d14bbe9e2ea76aecd0e1097edfc670798d9ca1d4?s=96&d=blank&r=g\",\"contentUrl\":\"https:\\\/\\\/secure.gravatar.com\\\/avatar\\\/4e52110cad1c4054b43271a0d14bbe9e2ea76aecd0e1097edfc670798d9ca1d4?s=96&d=blank&r=g\",\"caption\":\"NBCS Noticias\"},\"description\":\"\u00bfTienes fotos o video de alg\u00fan acto de posible negligencia, corrupci\u00f3n y abuso de autoridad? M\u00e1ndalo al WhatsApp de NBCS Noticias: 612 141 98 08\",\"sameAs\":[\"https:\\\/\\\/www.nbcs.mx\",\"https:\\\/\\\/www.facebook.com\\\/NBCSnoticias\",\"https:\\\/\\\/www.instagram.com\\\/nbcsnoticias\\\/\",\"https:\\\/\\\/x.com\\\/https:\\\/\\\/twitter.com\\\/NBCSnoticias\"]}]}<\/script>\n<!-- \/ Yoast SEO plugin. -->","yoast_head_json":{"title":"Volaris anuncia la reanudaci\u00f3n de vuelos a BCS a partir del 1 de junio - NBCS Noticias","robots":{"index":"index","follow":"follow","max-snippet":"max-snippet:-1","max-image-preview":"max-image-preview:large","max-video-preview":"max-video-preview:-1"},"canonical":"https:\/\/nbcs.mx\/?p=66476","og_locale":"es_ES","og_type":"article","og_title":"Volaris anuncia la reanudaci\u00f3n de vuelos a BCS a partir del 1 de junio - NBCS Noticias","og_description":"La Paz, Baja California Sur.- En atenci\u00f3n al plan de trabajo que el Gobierno del Estado en conjunto con los","og_url":"https:\/\/nbcs.mx\/?p=66476","og_site_name":"NBCS Noticias","article_publisher":"https:\/\/www.facebook.com\/NBCSnoticias","article_author":"https:\/\/www.facebook.com\/NBCSnoticias","article_published_time":"2020-05-05T23:41:42+00:00","og_image":[{"width":1040,"height":780,"url":"https:\/\/nbcs.mx\/wp-content\/uploads\/2020\/05\/WhatsApp-Image-2019-03-02-at-2.45.28-PM.jpeg","type":"image\/jpeg"}],"author":"NBCS Noticias","twitter_card":"summary_large_image","twitter_creator":"@https:\/\/twitter.com\/NBCSnoticias","twitter_site":"@NBCSnoticias","twitter_misc":{"Escrito por":"NBCS Noticias","Tiempo de lectura":"2 minutos"},"schema":{"@context":"https:\/\/schema.org","@graph":[{"@type":"Article","@id":"https:\/\/nbcs.mx\/?p=66476#article","isPartOf":{"@id":"https:\/\/nbcs.mx\/?p=66476"},"author":{"name":"NBCS Noticias","@id":"https:\/\/nbcs.mx\/#\/schema\/person\/ece58bab9a7c1e87a4d28ec9ecd79ff4"},"headline":"Volaris anuncia la reanudaci\u00f3n de vuelos a BCS a partir del 1 de junio","datePublished":"2020-05-05T23:41:42+00:00","mainEntityOfPage":{"@id":"https:\/\/nbcs.mx\/?p=66476"},"wordCount":358,"commentCount":0,"publisher":{"@id":"https:\/\/nbcs.mx\/#organization"},"image":{"@id":"https:\/\/nbcs.mx\/?p=66476#primaryimage"},"thumbnailUrl":"https:\/\/nbcs.mx\/wp-content\/uploads\/2020\/05\/WhatsApp-Image-2019-03-02-at-2.45.28-PM.jpeg","articleSection":["Noticias"],"inLanguage":"es","potentialAction":[{"@type":"CommentAction","name":"Comment","target":["https:\/\/nbcs.mx\/?p=66476#respond"]}]},{"@type":"WebPage","@id":"https:\/\/nbcs.mx\/?p=66476","url":"https:\/\/nbcs.mx\/?p=66476","name":"Volaris anuncia la reanudaci\u00f3n de vuelos a BCS a partir del 1 de junio - NBCS Noticias","isPartOf":{"@id":"https:\/\/nbcs.mx\/#website"},"primaryImageOfPage":{"@id":"https:\/\/nbcs.mx\/?p=66476#primaryimage"},"image":{"@id":"https:\/\/nbcs.mx\/?p=66476#primaryimage"},"thumbnailUrl":"https:\/\/nbcs.mx\/wp-content\/uploads\/2020\/05\/WhatsApp-Image-2019-03-02-at-2.45.28-PM.jpeg","datePublished":"2020-05-05T23:41:42+00:00","breadcrumb":{"@id":"https:\/\/nbcs.mx\/?p=66476#breadcrumb"},"inLanguage":"es","potentialAction":[{"@type":"ReadAction","target":["https:\/\/nbcs.mx\/?p=66476"]}]},{"@type":"ImageObject","inLanguage":"es","@id":"https:\/\/nbcs.mx\/?p=66476#primaryimage","url":"https:\/\/nbcs.mx\/wp-content\/uploads\/2020\/05\/WhatsApp-Image-2019-03-02-at-2.45.28-PM.jpeg","contentUrl":"https:\/\/nbcs.mx\/wp-content\/uploads\/2020\/05\/WhatsApp-Image-2019-03-02-at-2.45.28-PM.jpeg","width":1040,"height":780},{"@type":"BreadcrumbList","@id":"https:\/\/nbcs.mx\/?p=66476#breadcrumb","itemListElement":[{"@type":"ListItem","position":1,"name":"Portada","item":"https:\/\/nbcs.mx\/"},{"@type":"ListItem","position":2,"name":"Volaris anuncia la reanudaci\u00f3n de vuelos a BCS a partir del 1 de junio"}]},{"@type":"WebSite","@id":"https:\/\/nbcs.mx\/#website","url":"https:\/\/nbcs.mx\/","name":"NBCS Noticias","description":"Sitio web de noticias en Baja California Sur","publisher":{"@id":"https:\/\/nbcs.mx\/#organization"},"potentialAction":[{"@type":"SearchAction","target":{"@type":"EntryPoint","urlTemplate":"https:\/\/nbcs.mx\/?s={search_term_string}"},"query-input":{"@type":"PropertyValueSpecification","valueRequired":true,"valueName":"search_term_string"}}],"inLanguage":"es"},{"@type":"Organization","@id":"https:\/\/nbcs.mx\/#organization","name":"NBCS Noticias","url":"https:\/\/nbcs.mx\/","logo":{"@type":"ImageObject","inLanguage":"es","@id":"https:\/\/nbcs.mx\/#\/schema\/logo\/image\/","url":"https:\/\/nbcs.mx\/wp-content\/uploads\/2018\/09\/057b69485e93575a5c2b1c1dde2dd297.jpeg","contentUrl":"https:\/\/nbcs.mx\/wp-content\/uploads\/2018\/09\/057b69485e93575a5c2b1c1dde2dd297.jpeg","width":64,"height":64,"caption":"NBCS Noticias"},"image":{"@id":"https:\/\/nbcs.mx\/#\/schema\/logo\/image\/"},"sameAs":["https:\/\/www.facebook.com\/NBCSnoticias","https:\/\/x.com\/NBCSnoticias"]},{"@type":"Person","@id":"https:\/\/nbcs.mx\/#\/schema\/person\/ece58bab9a7c1e87a4d28ec9ecd79ff4","name":"NBCS Noticias","image":{"@type":"ImageObject","inLanguage":"es","@id":"https:\/\/secure.gravatar.com\/avatar\/4e52110cad1c4054b43271a0d14bbe9e2ea76aecd0e1097edfc670798d9ca1d4?s=96&d=blank&r=g","url":"https:\/\/secure.gravatar.com\/avatar\/4e52110cad1c4054b43271a0d14bbe9e2ea76aecd0e1097edfc670798d9ca1d4?s=96&d=blank&r=g","contentUrl":"https:\/\/secure.gravatar.com\/avatar\/4e52110cad1c4054b43271a0d14bbe9e2ea76aecd0e1097edfc670798d9ca1d4?s=96&d=blank&r=g","caption":"NBCS Noticias"},"description":"\u00bfTienes fotos o video de alg\u00fan acto de posible negligencia, corrupci\u00f3n y abuso de autoridad? M\u00e1ndalo al WhatsApp de NBCS Noticias: 612 141 98 08","sameAs":["https:\/\/www.nbcs.mx","https:\/\/www.facebook.com\/NBCSnoticias","https:\/\/www.instagram.com\/nbcsnoticias\/","https:\/\/x.com\/https:\/\/twitter.com\/NBCSnoticias"]}]}},"jetpack_publicize_connections":[],"jetpack_featured_media_url":"https:\/\/nbcs.mx\/wp-content\/uploads\/2020\/05\/WhatsApp-Image-2019-03-02-at-2.45.28-PM.jpeg","jetpack_sharing_enabled":true,"_links":{"self":[{"href":"https:\/\/nbcs.mx\/index.php?rest_route=\/wp\/v2\/posts\/66476","targetHints":{"allow":["GET"]}}],"collection":[{"href":"https:\/\/nbcs.mx\/index.php?rest_route=\/wp\/v2\/posts"}],"about":[{"href":"https:\/\/nbcs.mx\/index.php?rest_route=\/wp\/v2\/types\/post"}],"author":[{"embeddable":true,"href":"https:\/\/nbcs.mx\/index.php?rest_route=\/wp\/v2\/users\/1"}],"replies":[{"embeddable":true,"href":"https:\/\/nbcs.mx\/index.php?rest_route=%2Fwp%2Fv2%2Fcomments&post=66476"}],"version-history":[{"count":1,"href":"https:\/\/nbcs.mx\/index.php?rest_route=\/wp\/v2\/posts\/66476\/revisions"}],"predecessor-version":[{"id":66478,"href":"https:\/\/nbcs.mx\/index.php?rest_route=\/wp\/v2\/posts\/66476\/revisions\/66478"}],"wp:featuredmedia":[{"embeddable":true,"href":"https:\/\/nbcs.mx\/index.php?rest_route=\/wp\/v2\/media\/66477"}],"wp:attachment":[{"href":"https:\/\/nbcs.mx\/index.php?rest_route=%2Fwp%2Fv2%2Fmedia&parent=66476"}],"wp:term":[{"taxonomy":"category","embeddable":true,"href":"https:\/\/nbcs.mx\/index.php?rest_route=%2Fwp%2Fv2%2Fcategories&post=66476"},{"taxonomy":"post_tag","embeddable":true,"href":"https:\/\/nbcs.mx\/index.php?rest_route=%2Fwp%2Fv2%2Ftags&post=66476"}],"curies":[{"name":"wp","href":"https:\/\/api.w.org\/{rel}","templated":true}]}}