{"id":66786,"date":"2020-05-12T14:00:46","date_gmt":"2020-05-12T20:00:46","guid":{"rendered":"https:\/\/nbcs.mx\/?p=66786"},"modified":"2020-05-12T14:01:13","modified_gmt":"2020-05-12T20:01:13","slug":"proponen-que-regidores-sean-electos-por-voto-directo","status":"publish","type":"post","link":"https:\/\/nbcs.mx\/?p=66786","title":{"rendered":"Proponen que regidores sean electos por voto directo"},"content":{"rendered":"<p style=\"text-align: justify;\"><img loading=\"lazy\" decoding=\"async\" class=\" wp-image-66787 alignright\" src=\"https:\/\/nbcs.mx\/wp-content\/uploads\/2020\/05\/IMG_3646-738x492.jpg\" alt=\"\" width=\"390\" height=\"260\" srcset=\"https:\/\/nbcs.mx\/wp-content\/uploads\/2020\/05\/IMG_3646-738x492.jpg 738w, https:\/\/nbcs.mx\/wp-content\/uploads\/2020\/05\/IMG_3646-1024x683.jpg 1024w, https:\/\/nbcs.mx\/wp-content\/uploads\/2020\/05\/IMG_3646-150x100.jpg 150w, https:\/\/nbcs.mx\/wp-content\/uploads\/2020\/05\/IMG_3646-768x512.jpg 768w, https:\/\/nbcs.mx\/wp-content\/uploads\/2020\/05\/IMG_3646-1536x1024.jpg 1536w, https:\/\/nbcs.mx\/wp-content\/uploads\/2020\/05\/IMG_3646-2048x1365.jpg 2048w\" sizes=\"auto, (max-width: 390px) 100vw, 390px\" \/>La Paz, Baja California Sur.- El diputado \u00a0Marcelo Armenta propuso este martes cambios\u00a0al art\u00edculo 137 de la Constituci\u00f3n Pol\u00edtica de Baja California Sur a fin de modificar\u00a0 el mecanismo de elecci\u00f3n de los regidores que conforman el cabildo de cada municipio, de manera que \u00e9stos sean electos de manera directa, por la ciudadan\u00eda de cada \u00e1mbito territorial.<\/p>\n<p style=\"text-align: justify;\">El representante del XIV distrito electoral argument\u00f3 en su iniciativa con proyecto de decreto que\u00a0 se debe cambiar la forma en elegir a los regidores y el m\u00e9todo de planilla debe quedar atr\u00e1s, para ser sustituido por nuevas formas de democracia representativa, que permitan delegar de forma m\u00e1s directa el poder emanado del voto popular hacia sus representantes, que favorezcan el control social y la rendici\u00f3n de cuentas de \u00e9stos respecto a la sociedad, que garanticen la representaci\u00f3n de los ciudadanos de todo el territorio en el que est\u00e9 conformado cada municipio y finalmente, que sus representantes se perciban a s\u00ed mismos como portavoces de sus representados, restituyendo en su conjunto el car\u00e1cter soberano de los cabildos.<\/p>\n<p style=\"text-align: justify;\">La reforma propuesta se\u00f1ala que el presidente municipal y s\u00edndico municipal deber\u00e1n ser electos en una misma planilla por el principio de mayor\u00eda relativa, mientras que los regidores por el principio de mayor\u00eda relativa y de representaci\u00f3n proporcional, en el n\u00famero que resulte de la aplicaci\u00f3n a cada municipio de conformidad con lo establecido en el art\u00edculo 135 de la Constituci\u00f3n.<\/p>\n<p style=\"text-align: justify;\">Los regidores de mayor\u00eda relativa, continua la iniciativa, ser\u00e1n electos de forma directa, mediante la creaci\u00f3n de subdistritos, cuya configuraci\u00f3n estar\u00e1 a cargo del Instituto Estatal Electoral de conformidad con los criterios que se establezcan en la Ley Electoral del Estado. Para que los partidos pol\u00edticos o coaliciones tengan derecho a la asignaci\u00f3n de regidores por el principio de representaci\u00f3n proporcional, su asignaci\u00f3n ser realizara de conformidad con la f\u00f3rmula que al efecto se establece en la Ley Electoral del Estado. Fue turnada a la comisi\u00f3n de puntos constitucionales y de justicia.<\/p>\n","protected":false},"excerpt":{"rendered":"<p>La Paz, Baja California Sur.- El diputado \u00a0Marcelo Armenta propuso este martes cambios\u00a0al art\u00edculo 137 de la Constituci\u00f3n Pol\u00edtica de<\/p>\n","protected":false},"author":1,"featured_media":66787,"comment_status":"open","ping_status":"closed","sticky":false,"template":"","format":"standard","meta":{"colormag_page_container_layout":"default_layout","colormag_page_sidebar_layout":"default_layout","_jetpack_memberships_contains_paid_content":false,"footnotes":"","jetpack_publicize_message":"","jetpack_publicize_feature_enabled":true,"jetpack_social_post_already_shared":true,"jetpack_social_options":{"image_generator_settings":{"template":"highway","default_image_id":0,"font":"","enabled":false},"version":2}},"categories":[48],"tags":[],"class_list":["post-66786","post","type-post","status-publish","format-standard","has-post-thumbnail","hentry","category-congreso-de-bcs"],"yoast_head":"<!-- This site is optimized with the Yoast SEO plugin v27.4 - https:\/\/yoast.com\/product\/yoast-seo-wordpress\/ -->\n<title>Proponen que regidores sean electos por voto directo - NBCS Noticias<\/title>\n<meta name=\"robots\" content=\"index, follow, max-snippet:-1, max-image-preview:large, max-video-preview:-1\" \/>\n<link rel=\"canonical\" href=\"https:\/\/nbcs.mx\/?p=66786\" \/>\n<meta property=\"og:locale\" content=\"es_ES\" \/>\n<meta property=\"og:type\" content=\"article\" \/>\n<meta property=\"og:title\" content=\"Proponen que regidores sean electos por voto directo - NBCS Noticias\" \/>\n<meta property=\"og:description\" content=\"La Paz, Baja California Sur.- El diputado \u00a0Marcelo Armenta propuso este martes cambios\u00a0al art\u00edculo 137 de la Constituci\u00f3n Pol\u00edtica de\" \/>\n<meta property=\"og:url\" content=\"https:\/\/nbcs.mx\/?p=66786\" \/>\n<meta property=\"og:site_name\" content=\"NBCS Noticias\" \/>\n<meta property=\"article:publisher\" content=\"https:\/\/www.facebook.com\/NBCSnoticias\" \/>\n<meta property=\"article:author\" content=\"https:\/\/www.facebook.com\/NBCSnoticias\" \/>\n<meta property=\"article:published_time\" content=\"2020-05-12T20:00:46+00:00\" \/>\n<meta property=\"article:modified_time\" content=\"2020-05-12T20:01:13+00:00\" \/>\n<meta property=\"og:image\" content=\"https:\/\/nbcs.mx\/wp-content\/uploads\/2020\/05\/IMG_3646-scaled.jpg\" \/>\n\t<meta property=\"og:image:width\" content=\"2560\" \/>\n\t<meta property=\"og:image:height\" content=\"1707\" \/>\n\t<meta property=\"og:image:type\" content=\"image\/jpeg\" \/>\n<meta name=\"author\" content=\"NBCS Noticias\" \/>\n<meta name=\"twitter:card\" content=\"summary_large_image\" \/>\n<meta name=\"twitter:creator\" content=\"@https:\/\/twitter.com\/NBCSnoticias\" \/>\n<meta name=\"twitter:site\" content=\"@NBCSnoticias\" \/>\n<meta name=\"twitter:label1\" content=\"Escrito por\" \/>\n\t<meta name=\"twitter:data1\" content=\"NBCS Noticias\" \/>\n\t<meta name=\"twitter:label2\" content=\"Tiempo de lectura\" \/>\n\t<meta name=\"twitter:data2\" content=\"2 minutos\" \/>\n<script type=\"application\/ld+json\" class=\"yoast-schema-graph\">{\"@context\":\"https:\\\/\\\/schema.org\",\"@graph\":[{\"@type\":\"Article\",\"@id\":\"https:\\\/\\\/nbcs.mx\\\/?p=66786#article\",\"isPartOf\":{\"@id\":\"https:\\\/\\\/nbcs.mx\\\/?p=66786\"},\"author\":{\"name\":\"NBCS Noticias\",\"@id\":\"https:\\\/\\\/nbcs.mx\\\/#\\\/schema\\\/person\\\/ece58bab9a7c1e87a4d28ec9ecd79ff4\"},\"headline\":\"Proponen que regidores sean electos por voto directo\",\"datePublished\":\"2020-05-12T20:00:46+00:00\",\"dateModified\":\"2020-05-12T20:01:13+00:00\",\"mainEntityOfPage\":{\"@id\":\"https:\\\/\\\/nbcs.mx\\\/?p=66786\"},\"wordCount\":366,\"commentCount\":0,\"publisher\":{\"@id\":\"https:\\\/\\\/nbcs.mx\\\/#organization\"},\"image\":{\"@id\":\"https:\\\/\\\/nbcs.mx\\\/?p=66786#primaryimage\"},\"thumbnailUrl\":\"https:\\\/\\\/nbcs.mx\\\/wp-content\\\/uploads\\\/2020\\\/05\\\/IMG_3646-scaled.jpg\",\"articleSection\":[\"Congreso de BCS\"],\"inLanguage\":\"es\",\"potentialAction\":[{\"@type\":\"CommentAction\",\"name\":\"Comment\",\"target\":[\"https:\\\/\\\/nbcs.mx\\\/?p=66786#respond\"]}]},{\"@type\":\"WebPage\",\"@id\":\"https:\\\/\\\/nbcs.mx\\\/?p=66786\",\"url\":\"https:\\\/\\\/nbcs.mx\\\/?p=66786\",\"name\":\"Proponen que regidores sean electos por voto directo - NBCS Noticias\",\"isPartOf\":{\"@id\":\"https:\\\/\\\/nbcs.mx\\\/#website\"},\"primaryImageOfPage\":{\"@id\":\"https:\\\/\\\/nbcs.mx\\\/?p=66786#primaryimage\"},\"image\":{\"@id\":\"https:\\\/\\\/nbcs.mx\\\/?p=66786#primaryimage\"},\"thumbnailUrl\":\"https:\\\/\\\/nbcs.mx\\\/wp-content\\\/uploads\\\/2020\\\/05\\\/IMG_3646-scaled.jpg\",\"datePublished\":\"2020-05-12T20:00:46+00:00\",\"dateModified\":\"2020-05-12T20:01:13+00:00\",\"breadcrumb\":{\"@id\":\"https:\\\/\\\/nbcs.mx\\\/?p=66786#breadcrumb\"},\"inLanguage\":\"es\",\"potentialAction\":[{\"@type\":\"ReadAction\",\"target\":[\"https:\\\/\\\/nbcs.mx\\\/?p=66786\"]}]},{\"@type\":\"ImageObject\",\"inLanguage\":\"es\",\"@id\":\"https:\\\/\\\/nbcs.mx\\\/?p=66786#primaryimage\",\"url\":\"https:\\\/\\\/nbcs.mx\\\/wp-content\\\/uploads\\\/2020\\\/05\\\/IMG_3646-scaled.jpg\",\"contentUrl\":\"https:\\\/\\\/nbcs.mx\\\/wp-content\\\/uploads\\\/2020\\\/05\\\/IMG_3646-scaled.jpg\",\"width\":2560,\"height\":1707},{\"@type\":\"BreadcrumbList\",\"@id\":\"https:\\\/\\\/nbcs.mx\\\/?p=66786#breadcrumb\",\"itemListElement\":[{\"@type\":\"ListItem\",\"position\":1,\"name\":\"Portada\",\"item\":\"https:\\\/\\\/nbcs.mx\\\/\"},{\"@type\":\"ListItem\",\"position\":2,\"name\":\"Proponen que regidores sean electos por voto directo\"}]},{\"@type\":\"WebSite\",\"@id\":\"https:\\\/\\\/nbcs.mx\\\/#website\",\"url\":\"https:\\\/\\\/nbcs.mx\\\/\",\"name\":\"NBCS Noticias\",\"description\":\"Sitio web de noticias en Baja California Sur\",\"publisher\":{\"@id\":\"https:\\\/\\\/nbcs.mx\\\/#organization\"},\"potentialAction\":[{\"@type\":\"SearchAction\",\"target\":{\"@type\":\"EntryPoint\",\"urlTemplate\":\"https:\\\/\\\/nbcs.mx\\\/?s={search_term_string}\"},\"query-input\":{\"@type\":\"PropertyValueSpecification\",\"valueRequired\":true,\"valueName\":\"search_term_string\"}}],\"inLanguage\":\"es\"},{\"@type\":\"Organization\",\"@id\":\"https:\\\/\\\/nbcs.mx\\\/#organization\",\"name\":\"NBCS Noticias\",\"url\":\"https:\\\/\\\/nbcs.mx\\\/\",\"logo\":{\"@type\":\"ImageObject\",\"inLanguage\":\"es\",\"@id\":\"https:\\\/\\\/nbcs.mx\\\/#\\\/schema\\\/logo\\\/image\\\/\",\"url\":\"https:\\\/\\\/nbcs.mx\\\/wp-content\\\/uploads\\\/2018\\\/09\\\/057b69485e93575a5c2b1c1dde2dd297.jpeg\",\"contentUrl\":\"https:\\\/\\\/nbcs.mx\\\/wp-content\\\/uploads\\\/2018\\\/09\\\/057b69485e93575a5c2b1c1dde2dd297.jpeg\",\"width\":64,\"height\":64,\"caption\":\"NBCS Noticias\"},\"image\":{\"@id\":\"https:\\\/\\\/nbcs.mx\\\/#\\\/schema\\\/logo\\\/image\\\/\"},\"sameAs\":[\"https:\\\/\\\/www.facebook.com\\\/NBCSnoticias\",\"https:\\\/\\\/x.com\\\/NBCSnoticias\"]},{\"@type\":\"Person\",\"@id\":\"https:\\\/\\\/nbcs.mx\\\/#\\\/schema\\\/person\\\/ece58bab9a7c1e87a4d28ec9ecd79ff4\",\"name\":\"NBCS Noticias\",\"image\":{\"@type\":\"ImageObject\",\"inLanguage\":\"es\",\"@id\":\"https:\\\/\\\/secure.gravatar.com\\\/avatar\\\/4e52110cad1c4054b43271a0d14bbe9e2ea76aecd0e1097edfc670798d9ca1d4?s=96&d=blank&r=g\",\"url\":\"https:\\\/\\\/secure.gravatar.com\\\/avatar\\\/4e52110cad1c4054b43271a0d14bbe9e2ea76aecd0e1097edfc670798d9ca1d4?s=96&d=blank&r=g\",\"contentUrl\":\"https:\\\/\\\/secure.gravatar.com\\\/avatar\\\/4e52110cad1c4054b43271a0d14bbe9e2ea76aecd0e1097edfc670798d9ca1d4?s=96&d=blank&r=g\",\"caption\":\"NBCS Noticias\"},\"description\":\"\u00bfTienes fotos o video de alg\u00fan acto de posible negligencia, corrupci\u00f3n y abuso de autoridad? M\u00e1ndalo al WhatsApp de NBCS Noticias: 612 141 98 08\",\"sameAs\":[\"https:\\\/\\\/www.nbcs.mx\",\"https:\\\/\\\/www.facebook.com\\\/NBCSnoticias\",\"https:\\\/\\\/www.instagram.com\\\/nbcsnoticias\\\/\",\"https:\\\/\\\/x.com\\\/https:\\\/\\\/twitter.com\\\/NBCSnoticias\"]}]}<\/script>\n<!-- \/ Yoast SEO plugin. -->","yoast_head_json":{"title":"Proponen que regidores sean electos por voto directo - NBCS Noticias","robots":{"index":"index","follow":"follow","max-snippet":"max-snippet:-1","max-image-preview":"max-image-preview:large","max-video-preview":"max-video-preview:-1"},"canonical":"https:\/\/nbcs.mx\/?p=66786","og_locale":"es_ES","og_type":"article","og_title":"Proponen que regidores sean electos por voto directo - NBCS Noticias","og_description":"La Paz, Baja California Sur.- El diputado \u00a0Marcelo Armenta propuso este martes cambios\u00a0al art\u00edculo 137 de la Constituci\u00f3n Pol\u00edtica de","og_url":"https:\/\/nbcs.mx\/?p=66786","og_site_name":"NBCS Noticias","article_publisher":"https:\/\/www.facebook.com\/NBCSnoticias","article_author":"https:\/\/www.facebook.com\/NBCSnoticias","article_published_time":"2020-05-12T20:00:46+00:00","article_modified_time":"2020-05-12T20:01:13+00:00","og_image":[{"width":2560,"height":1707,"url":"https:\/\/nbcs.mx\/wp-content\/uploads\/2020\/05\/IMG_3646-scaled.jpg","type":"image\/jpeg"}],"author":"NBCS Noticias","twitter_card":"summary_large_image","twitter_creator":"@https:\/\/twitter.com\/NBCSnoticias","twitter_site":"@NBCSnoticias","twitter_misc":{"Escrito por":"NBCS Noticias","Tiempo de lectura":"2 minutos"},"schema":{"@context":"https:\/\/schema.org","@graph":[{"@type":"Article","@id":"https:\/\/nbcs.mx\/?p=66786#article","isPartOf":{"@id":"https:\/\/nbcs.mx\/?p=66786"},"author":{"name":"NBCS Noticias","@id":"https:\/\/nbcs.mx\/#\/schema\/person\/ece58bab9a7c1e87a4d28ec9ecd79ff4"},"headline":"Proponen que regidores sean electos por voto directo","datePublished":"2020-05-12T20:00:46+00:00","dateModified":"2020-05-12T20:01:13+00:00","mainEntityOfPage":{"@id":"https:\/\/nbcs.mx\/?p=66786"},"wordCount":366,"commentCount":0,"publisher":{"@id":"https:\/\/nbcs.mx\/#organization"},"image":{"@id":"https:\/\/nbcs.mx\/?p=66786#primaryimage"},"thumbnailUrl":"https:\/\/nbcs.mx\/wp-content\/uploads\/2020\/05\/IMG_3646-scaled.jpg","articleSection":["Congreso de BCS"],"inLanguage":"es","potentialAction":[{"@type":"CommentAction","name":"Comment","target":["https:\/\/nbcs.mx\/?p=66786#respond"]}]},{"@type":"WebPage","@id":"https:\/\/nbcs.mx\/?p=66786","url":"https:\/\/nbcs.mx\/?p=66786","name":"Proponen que regidores sean electos por voto directo - NBCS Noticias","isPartOf":{"@id":"https:\/\/nbcs.mx\/#website"},"primaryImageOfPage":{"@id":"https:\/\/nbcs.mx\/?p=66786#primaryimage"},"image":{"@id":"https:\/\/nbcs.mx\/?p=66786#primaryimage"},"thumbnailUrl":"https:\/\/nbcs.mx\/wp-content\/uploads\/2020\/05\/IMG_3646-scaled.jpg","datePublished":"2020-05-12T20:00:46+00:00","dateModified":"2020-05-12T20:01:13+00:00","breadcrumb":{"@id":"https:\/\/nbcs.mx\/?p=66786#breadcrumb"},"inLanguage":"es","potentialAction":[{"@type":"ReadAction","target":["https:\/\/nbcs.mx\/?p=66786"]}]},{"@type":"ImageObject","inLanguage":"es","@id":"https:\/\/nbcs.mx\/?p=66786#primaryimage","url":"https:\/\/nbcs.mx\/wp-content\/uploads\/2020\/05\/IMG_3646-scaled.jpg","contentUrl":"https:\/\/nbcs.mx\/wp-content\/uploads\/2020\/05\/IMG_3646-scaled.jpg","width":2560,"height":1707},{"@type":"BreadcrumbList","@id":"https:\/\/nbcs.mx\/?p=66786#breadcrumb","itemListElement":[{"@type":"ListItem","position":1,"name":"Portada","item":"https:\/\/nbcs.mx\/"},{"@type":"ListItem","position":2,"name":"Proponen que regidores sean electos por voto directo"}]},{"@type":"WebSite","@id":"https:\/\/nbcs.mx\/#website","url":"https:\/\/nbcs.mx\/","name":"NBCS Noticias","description":"Sitio web de noticias en Baja California Sur","publisher":{"@id":"https:\/\/nbcs.mx\/#organization"},"potentialAction":[{"@type":"SearchAction","target":{"@type":"EntryPoint","urlTemplate":"https:\/\/nbcs.mx\/?s={search_term_string}"},"query-input":{"@type":"PropertyValueSpecification","valueRequired":true,"valueName":"search_term_string"}}],"inLanguage":"es"},{"@type":"Organization","@id":"https:\/\/nbcs.mx\/#organization","name":"NBCS Noticias","url":"https:\/\/nbcs.mx\/","logo":{"@type":"ImageObject","inLanguage":"es","@id":"https:\/\/nbcs.mx\/#\/schema\/logo\/image\/","url":"https:\/\/nbcs.mx\/wp-content\/uploads\/2018\/09\/057b69485e93575a5c2b1c1dde2dd297.jpeg","contentUrl":"https:\/\/nbcs.mx\/wp-content\/uploads\/2018\/09\/057b69485e93575a5c2b1c1dde2dd297.jpeg","width":64,"height":64,"caption":"NBCS Noticias"},"image":{"@id":"https:\/\/nbcs.mx\/#\/schema\/logo\/image\/"},"sameAs":["https:\/\/www.facebook.com\/NBCSnoticias","https:\/\/x.com\/NBCSnoticias"]},{"@type":"Person","@id":"https:\/\/nbcs.mx\/#\/schema\/person\/ece58bab9a7c1e87a4d28ec9ecd79ff4","name":"NBCS Noticias","image":{"@type":"ImageObject","inLanguage":"es","@id":"https:\/\/secure.gravatar.com\/avatar\/4e52110cad1c4054b43271a0d14bbe9e2ea76aecd0e1097edfc670798d9ca1d4?s=96&d=blank&r=g","url":"https:\/\/secure.gravatar.com\/avatar\/4e52110cad1c4054b43271a0d14bbe9e2ea76aecd0e1097edfc670798d9ca1d4?s=96&d=blank&r=g","contentUrl":"https:\/\/secure.gravatar.com\/avatar\/4e52110cad1c4054b43271a0d14bbe9e2ea76aecd0e1097edfc670798d9ca1d4?s=96&d=blank&r=g","caption":"NBCS Noticias"},"description":"\u00bfTienes fotos o video de alg\u00fan acto de posible negligencia, corrupci\u00f3n y abuso de autoridad? M\u00e1ndalo al WhatsApp de NBCS Noticias: 612 141 98 08","sameAs":["https:\/\/www.nbcs.mx","https:\/\/www.facebook.com\/NBCSnoticias","https:\/\/www.instagram.com\/nbcsnoticias\/","https:\/\/x.com\/https:\/\/twitter.com\/NBCSnoticias"]}]}},"jetpack_publicize_connections":[],"jetpack_featured_media_url":"https:\/\/nbcs.mx\/wp-content\/uploads\/2020\/05\/IMG_3646-scaled.jpg","jetpack_sharing_enabled":true,"_links":{"self":[{"href":"https:\/\/nbcs.mx\/index.php?rest_route=\/wp\/v2\/posts\/66786","targetHints":{"allow":["GET"]}}],"collection":[{"href":"https:\/\/nbcs.mx\/index.php?rest_route=\/wp\/v2\/posts"}],"about":[{"href":"https:\/\/nbcs.mx\/index.php?rest_route=\/wp\/v2\/types\/post"}],"author":[{"embeddable":true,"href":"https:\/\/nbcs.mx\/index.php?rest_route=\/wp\/v2\/users\/1"}],"replies":[{"embeddable":true,"href":"https:\/\/nbcs.mx\/index.php?rest_route=%2Fwp%2Fv2%2Fcomments&post=66786"}],"version-history":[{"count":2,"href":"https:\/\/nbcs.mx\/index.php?rest_route=\/wp\/v2\/posts\/66786\/revisions"}],"predecessor-version":[{"id":66789,"href":"https:\/\/nbcs.mx\/index.php?rest_route=\/wp\/v2\/posts\/66786\/revisions\/66789"}],"wp:featuredmedia":[{"embeddable":true,"href":"https:\/\/nbcs.mx\/index.php?rest_route=\/wp\/v2\/media\/66787"}],"wp:attachment":[{"href":"https:\/\/nbcs.mx\/index.php?rest_route=%2Fwp%2Fv2%2Fmedia&parent=66786"}],"wp:term":[{"taxonomy":"category","embeddable":true,"href":"https:\/\/nbcs.mx\/index.php?rest_route=%2Fwp%2Fv2%2Fcategories&post=66786"},{"taxonomy":"post_tag","embeddable":true,"href":"https:\/\/nbcs.mx\/index.php?rest_route=%2Fwp%2Fv2%2Ftags&post=66786"}],"curies":[{"name":"wp","href":"https:\/\/api.w.org\/{rel}","templated":true}]}}