{"id":80503,"date":"2021-01-01T19:22:24","date_gmt":"2021-01-02T02:22:24","guid":{"rendered":"https:\/\/nbcs.mx\/?p=80503"},"modified":"2021-01-01T19:22:24","modified_gmt":"2021-01-02T02:22:24","slug":"no-permitiremos-que-la-politica-de-ocurrencias-administre-el-presupuesto-de-la-gente-carlos-rochin","status":"publish","type":"post","link":"https:\/\/nbcs.mx\/?p=80503","title":{"rendered":"No permitiremos que la pol\u00edtica de \u201cocurrencias\u201d administre el presupuesto de la gente: Carlos Rochin"},"content":{"rendered":"<div>\n<p class=\"Predeterminado\" style=\"text-align: justify;\"><span lang=\"IT\"><img loading=\"lazy\" decoding=\"async\" class=\" wp-image-80504 alignright\" src=\"https:\/\/nbcs.mx\/wp-content\/uploads\/2021\/01\/IMG_9122-738x492.jpg\" alt=\"\" width=\"386\" height=\"257\" \/>La Paz, Baja California Sur.- El l\u00ed<\/span><span lang=\"ES-TRAD\">der estatal del PAN, Carlos Roch<\/span><span lang=\"IT\">\u00edn \u00c1<\/span><span lang=\"ES-TRAD\">lvarez, anunci\u00f3 su respaldo al gobernador del estado Carlos Mendoza Davis, ante la decisi\u00f3n de ejercer vetar la Ley de Ingresos y el Presupuesto de Egresos que pretende imponer el Congreso Estatal en contra de los intereses de las y los Sudcalifornianos.<\/span><\/p>\n<\/div>\n<div style=\"text-align: justify;\">\n<p class=\"Predeterminado\"><span lang=\"ES-TRAD\">\u00a0<\/span><\/p>\n<\/div>\n<div style=\"text-align: justify;\">\n<p class=\"Predeterminado\"><span lang=\"ES-TRAD\">\u00abEn el Partido Acci\u00f3n Nacional respaldamos al Gobernador Carlos Mendoza Davis en su decisi\u00f3n de ejercer su derecho de veto a Ley de Ingresos y el Presupuesto de Egresos que pretende imponer el Congreso Estatal en contra de los intereses de las y los Sudcalifornianos, consideramos que es un acto legal y pol<\/span><span lang=\"IT\">\u00edticamente valiente.\u00bb, indic\u00f3 <\/span><\/p>\n<\/div>\n<div style=\"text-align: justify;\">\n<p class=\"Predeterminado\"><span lang=\"IT\"><\/p>\n<p><\/span><\/p>\n<\/div>\n<div style=\"text-align: justify;\">\n<p class=\"Predeterminado\"><span lang=\"ES-TRAD\">El presupuesto 2021 aprobado por el Congreso del Estado no responde a las necesidades de la poblaci\u00f3<\/span><span lang=\"PT\">n. Por esta raz<\/span><span lang=\"ES-TRAD\">\u00f3n creemos que es una decisi\u00f3n responsable frente a la visi\u00f3n sectaria y partidista de los legisladores de Morena, que decidieron reducir los recursos que el Estado<\/span><span lang=\"IT\">\u00a0 <\/span><span lang=\"ES-TRAD\">requiere para atender la crisis de salud y econ\u00f3mica en la que aun nos encontramos,<\/span><span lang=\"IT\">\u00a0 <\/span><span lang=\"ES-TRAD\">recursos necesarios para apoyar<\/span><span lang=\"IT\">\u00a0 <\/span><span lang=\"ES-TRAD\">a los<\/span><span lang=\"IT\">\u00a0 <\/span><span lang=\"ES-TRAD\">familias<\/span><span lang=\"IT\">\u00a0 <\/span><span lang=\"ES-TRAD\">mas vulnerables del Estado.<\/span><\/p>\n<\/div>\n<div style=\"text-align: justify;\">\n<p class=\"Predeterminado\"><span lang=\"IT\"><\/p>\n<p><\/span><\/p>\n<\/div>\n<div style=\"text-align: justify;\">\n<p class=\"Predeterminado\"><span lang=\"ES-TRAD\">Solo por poner un ejemplo: sin ning<\/span><span lang=\"IT\">\u00fa<\/span><span lang=\"ES-TRAD\">n estudio, sin aplicar alg<\/span><span lang=\"IT\">\u00fan an\u00e1<\/span><span lang=\"ES-TRAD\">lisis en materia financiera, o de pol<\/span><span lang=\"IT\">\u00edtica p\u00fa<\/span><span lang=\"ES-TRAD\">blica, los diputados locales redujeron en 60% el presupuesto relativo a los servicios generales de todas las dependencias del Poder Ejecutivo. Esto quiere decir que de aplicarse el presupuesto aprobado por el Congreso, en la Secretar<\/span><span lang=\"IT\">\u00ed<\/span><span lang=\"ES-TRAD\">a de Salud, en plena pandemia, no contar<\/span><span lang=\"IT\">\u00ed<\/span><span lang=\"ES-TRAD\">a con recursos suficientes para comprar equipo m<\/span><span lang=\"FR\">\u00e9<\/span><span lang=\"ES-TRAD\">dico necesario para la atenci\u00f3<\/span><span lang=\"PT\">n de pacientes.<\/span><\/p>\n<\/div>\n<div style=\"text-align: justify;\">\n<p class=\"Predeterminado\"><span lang=\"IT\"><\/p>\n<p><\/span><\/p>\n<\/div>\n<div style=\"text-align: justify;\">\n<p class=\"Predeterminado\"><span lang=\"ES-TRAD\">\u00abDe ninguna manera ser<\/span><span lang=\"IT\">\u00eda l\u00ed<\/span><span lang=\"ES-TRAD\">cito reducir los recursos necesarios para el funcionamiento adecuado de las dependencias estatales, cuando esto significa que por ejemplo se tuviera que suspender el pago del seguro catastr\u00f3fico que ante la cancelaci\u00f3n del FONDEN se convierte en la <\/span><span lang=\"IT\">\u00fanica previsi<\/span><span lang=\"ES-TRAD\">\u00f3n que se tiene ante la llegada de alg<\/span><span lang=\"IT\">\u00fa<\/span><span lang=\"DE\">n fen<\/span><span lang=\"ES-TRAD\">\u00f3<\/span><span lang=\"IT\">meno meteorol<\/span><span lang=\"ES-TRAD\">\u00f3gico que nos impacte y cause da\u00f1os; o la reducci\u00f3n a los gastos de comunicaci\u00f3n social, precisamente en estos momentos donde el Gobierno tiene la obligaci\u00f3n de mantener<\/span><span lang=\"IT\">\u00a0 <\/span><span lang=\"ES-TRAD\">informada a la ciudadan<\/span><span lang=\"IT\">\u00ed<\/span><span lang=\"ES-TRAD\">a sobre las medidas a tomar para combatir la pandemia del COVID-19.\u00bb, abund<\/span><span lang=\"IT\">\u00f3 <\/span><span lang=\"SV\">Roch<\/span><span lang=\"IT\">\u00edn \u00c1<\/span><span lang=\"ES-TRAD\">lvarez.<\/span><\/p>\n<\/div>\n<div style=\"text-align: justify;\">\n<p class=\"Predeterminado\"><span lang=\"IT\"><\/p>\n<p><\/span><\/p>\n<\/div>\n<div style=\"text-align: justify;\">\n<p class=\"Predeterminado\"><span lang=\"ES-TRAD\">Cuando se recortan presupuestos sin estudiar los efectos que van a tener en la sociedad, se tienen historias tan tristes como los ni\u00f1<\/span><span lang=\"PT\">os enfermos de c<\/span><span lang=\"IT\">\u00e1<\/span><span lang=\"ES-TRAD\">ncer que no reciben tratamientos oportunos.<\/span><\/p>\n<\/div>\n<div style=\"text-align: justify;\">\n<p class=\"Predeterminado\"><span lang=\"IT\"><\/p>\n<p><\/span><\/p>\n<\/div>\n<div style=\"text-align: justify;\">\n<p class=\"Predeterminado\"><span lang=\"ES-TRAD\">El Poder Legislativo, ha olvidado que debe responder a los reclamos sociales y no a los mandatos partidistas. El presupuesto 2021 aprobado por el Congreso del Estado no responde a las necesidades de la poblaci\u00f3<\/span><span lang=\"IT\">n.<\/span><\/p>\n<\/div>\n<div style=\"text-align: justify;\">\n<p class=\"Predeterminado\"><span lang=\"IT\">\u00a0<\/span><\/p>\n<\/div>\n<div style=\"text-align: justify;\">\n<p class=\"Predeterminado\"><span lang=\"ES-TRAD\">Por esta raz\u00f3n celebramos que el Ejecutivo Estatal asuma su responsabilidad para mantener los recursos necesarios y suficientes para brindar los servicios que por ley est<\/span><span lang=\"IT\">\u00e1 <\/span><span lang=\"ES-TRAD\">obligado a prestar a la gente.<\/span><\/p>\n<\/div>\n<div style=\"text-align: justify;\">\n<p class=\"Predeterminado\"><span lang=\"IT\"><\/p>\n<p><\/span><\/p>\n<\/div>\n<div style=\"text-align: justify;\"><span lang=\"ES-TRAD\">Por lo cual manifestamos nuestro total respaldo a la decisi\u00f3n de gobernador y lo apoyamos en su lucha por la defensa\u00a0<\/span><span lang=\"ES-TRAD\">la econom<\/span><span lang=\"EN-US\">\u00ed<\/span><span lang=\"ES-TRAD\">a de las familias sudcalifornianas, y las fuentes de empleo y los ingresos de las y los sudcalifornianos, para que todos los ciudadanos puedan vivir con tranquilidad, \u00abAcci\u00f3n Nacional no permitir<\/span><span lang=\"EN-US\">\u00e1 <\/span><span lang=\"ES-TRAD\">que el desastre que padecen otros estados, por las malas decisiones de Morena, se aplique en BCS.\u00bb, finaliz<\/span><span lang=\"EN-US\">\u00f3 <\/span><span lang=\"SV\">Roch<\/span><span lang=\"EN-US\">\u00edn \u00c1<\/span><span lang=\"ES-TRAD\">lvarez.<\/span><\/div>\n","protected":false},"excerpt":{"rendered":"<p>La Paz, Baja California Sur.- El l\u00edder estatal del PAN, Carlos Roch\u00edn \u00c1lvarez, anunci\u00f3 su respaldo al gobernador del estado<\/p>\n","protected":false},"author":1,"featured_media":0,"comment_status":"open","ping_status":"closed","sticky":false,"template":"","format":"standard","meta":{"colormag_page_container_layout":"default_layout","colormag_page_sidebar_layout":"default_layout","_jetpack_newsletter_access":"","_jetpack_dont_email_post_to_subs":false,"_jetpack_newsletter_tier_id":0,"_jetpack_memberships_contains_paywalled_content":false,"_jetpack_feature_clip_id":0,"_jetpack_memberships_contains_paid_content":false,"footnotes":"","jetpack_publicize_message":"","jetpack_publicize_feature_enabled":true,"jetpack_social_post_already_shared":true,"jetpack_social_options":{"image_generator_settings":{"template":"highway","default_image_id":0,"font":"","enabled":false},"version":2},"jetpack_post_was_ever_published":false},"categories":[1],"tags":[],"class_list":["post-80503","post","type-post","status-publish","format-standard","hentry","category-noticias"],"yoast_head":"<!-- This site is optimized with the Yoast SEO plugin v28.3 - https:\/\/yoast.com\/product\/yoast-seo-wordpress\/ -->\n<title>No permitiremos que la pol\u00edtica de \u201cocurrencias\u201d administre el presupuesto de la gente: Carlos Rochin - NBCS Noticias<\/title>\n<meta name=\"robots\" content=\"index, follow, max-snippet:-1, max-image-preview:large, max-video-preview:-1\" \/>\n<link rel=\"canonical\" href=\"https:\/\/nbcs.mx\/?p=80503\" \/>\n<meta property=\"og:locale\" content=\"es_ES\" \/>\n<meta property=\"og:type\" content=\"article\" \/>\n<meta property=\"og:title\" content=\"No permitiremos que la pol\u00edtica de \u201cocurrencias\u201d administre el presupuesto de la gente: Carlos Rochin - NBCS Noticias\" \/>\n<meta property=\"og:description\" content=\"La Paz, Baja California Sur.- El l\u00edder estatal del PAN, Carlos Roch\u00edn \u00c1lvarez, anunci\u00f3 su respaldo al gobernador del estado\" \/>\n<meta property=\"og:url\" content=\"https:\/\/nbcs.mx\/?p=80503\" \/>\n<meta property=\"og:site_name\" content=\"NBCS Noticias\" \/>\n<meta property=\"article:publisher\" content=\"https:\/\/www.facebook.com\/NBCSnoticias\" \/>\n<meta property=\"article:author\" content=\"https:\/\/www.facebook.com\/NBCSnoticias\" \/>\n<meta property=\"article:published_time\" content=\"2021-01-02T02:22:24+00:00\" \/>\n<meta property=\"og:image\" content=\"https:\/\/nbcs.mx\/wp-content\/uploads\/2021\/01\/IMG_9122-738x492.jpg\" \/>\n<meta name=\"author\" content=\"NBCS Noticias\" \/>\n<meta name=\"twitter:card\" content=\"summary_large_image\" \/>\n<meta name=\"twitter:creator\" content=\"@https:\/\/twitter.com\/NBCSnoticias\" \/>\n<meta name=\"twitter:site\" content=\"@NBCSnoticias\" \/>\n<meta name=\"twitter:label1\" content=\"Escrito por\" \/>\n\t<meta name=\"twitter:data1\" content=\"NBCS Noticias\" \/>\n\t<meta name=\"twitter:label2\" content=\"Tiempo de lectura\" \/>\n\t<meta name=\"twitter:data2\" content=\"3 minutos\" \/>\n<script type=\"application\/ld+json\" class=\"yoast-schema-graph\">{\"@context\":\"https:\\\/\\\/schema.org\",\"@graph\":[{\"@type\":\"Article\",\"@id\":\"https:\\\/\\\/nbcs.mx\\\/?p=80503#article\",\"isPartOf\":{\"@id\":\"https:\\\/\\\/nbcs.mx\\\/?p=80503\"},\"author\":{\"name\":\"NBCS Noticias\",\"@id\":\"https:\\\/\\\/nbcs.mx\\\/#\\\/schema\\\/person\\\/ece58bab9a7c1e87a4d28ec9ecd79ff4\"},\"headline\":\"No permitiremos que la pol\u00edtica de \u201cocurrencias\u201d administre el presupuesto de la gente: Carlos Rochin\",\"datePublished\":\"2021-01-02T02:22:24+00:00\",\"mainEntityOfPage\":{\"@id\":\"https:\\\/\\\/nbcs.mx\\\/?p=80503\"},\"wordCount\":581,\"commentCount\":0,\"publisher\":{\"@id\":\"https:\\\/\\\/nbcs.mx\\\/#organization\"},\"image\":{\"@id\":\"https:\\\/\\\/nbcs.mx\\\/?p=80503#primaryimage\"},\"thumbnailUrl\":\"https:\\\/\\\/nbcs.mx\\\/wp-content\\\/uploads\\\/2021\\\/01\\\/IMG_9122-738x492.jpg\",\"articleSection\":[\"Noticias\"],\"inLanguage\":\"es\",\"potentialAction\":[{\"@type\":\"CommentAction\",\"name\":\"Comment\",\"target\":[\"https:\\\/\\\/nbcs.mx\\\/?p=80503#respond\"]}]},{\"@type\":\"WebPage\",\"@id\":\"https:\\\/\\\/nbcs.mx\\\/?p=80503\",\"url\":\"https:\\\/\\\/nbcs.mx\\\/?p=80503\",\"name\":\"No permitiremos que la pol\u00edtica de \u201cocurrencias\u201d administre el presupuesto de la gente: Carlos Rochin - NBCS Noticias\",\"isPartOf\":{\"@id\":\"https:\\\/\\\/nbcs.mx\\\/#website\"},\"primaryImageOfPage\":{\"@id\":\"https:\\\/\\\/nbcs.mx\\\/?p=80503#primaryimage\"},\"image\":{\"@id\":\"https:\\\/\\\/nbcs.mx\\\/?p=80503#primaryimage\"},\"thumbnailUrl\":\"https:\\\/\\\/nbcs.mx\\\/wp-content\\\/uploads\\\/2021\\\/01\\\/IMG_9122-738x492.jpg\",\"datePublished\":\"2021-01-02T02:22:24+00:00\",\"breadcrumb\":{\"@id\":\"https:\\\/\\\/nbcs.mx\\\/?p=80503#breadcrumb\"},\"inLanguage\":\"es\",\"potentialAction\":[{\"@type\":\"ReadAction\",\"target\":[\"https:\\\/\\\/nbcs.mx\\\/?p=80503\"]}]},{\"@type\":\"ImageObject\",\"inLanguage\":\"es\",\"@id\":\"https:\\\/\\\/nbcs.mx\\\/?p=80503#primaryimage\",\"url\":\"https:\\\/\\\/nbcs.mx\\\/wp-content\\\/uploads\\\/2021\\\/01\\\/IMG_9122-738x492.jpg\",\"contentUrl\":\"https:\\\/\\\/nbcs.mx\\\/wp-content\\\/uploads\\\/2021\\\/01\\\/IMG_9122-738x492.jpg\"},{\"@type\":\"BreadcrumbList\",\"@id\":\"https:\\\/\\\/nbcs.mx\\\/?p=80503#breadcrumb\",\"itemListElement\":[{\"@type\":\"ListItem\",\"position\":1,\"name\":\"Portada\",\"item\":\"https:\\\/\\\/nbcs.mx\\\/\"},{\"@type\":\"ListItem\",\"position\":2,\"name\":\"No permitiremos que la pol\u00edtica de \u201cocurrencias\u201d administre el presupuesto de la gente: Carlos Rochin\"}]},{\"@type\":\"WebSite\",\"@id\":\"https:\\\/\\\/nbcs.mx\\\/#website\",\"url\":\"https:\\\/\\\/nbcs.mx\\\/\",\"name\":\"NBCS Noticias\",\"description\":\"Sitio web de noticias en Baja California Sur\",\"publisher\":{\"@id\":\"https:\\\/\\\/nbcs.mx\\\/#organization\"},\"potentialAction\":[{\"@type\":\"SearchAction\",\"target\":{\"@type\":\"EntryPoint\",\"urlTemplate\":\"https:\\\/\\\/nbcs.mx\\\/?s={search_term_string}\"},\"query-input\":{\"@type\":\"PropertyValueSpecification\",\"valueRequired\":true,\"valueName\":\"search_term_string\"}}],\"inLanguage\":\"es\"},{\"@type\":\"Organization\",\"@id\":\"https:\\\/\\\/nbcs.mx\\\/#organization\",\"name\":\"NBCS Noticias\",\"url\":\"https:\\\/\\\/nbcs.mx\\\/\",\"logo\":{\"@type\":\"ImageObject\",\"inLanguage\":\"es\",\"@id\":\"https:\\\/\\\/nbcs.mx\\\/#\\\/schema\\\/logo\\\/image\\\/\",\"url\":\"https:\\\/\\\/nbcs.mx\\\/wp-content\\\/uploads\\\/2018\\\/09\\\/057b69485e93575a5c2b1c1dde2dd297.jpeg\",\"contentUrl\":\"https:\\\/\\\/nbcs.mx\\\/wp-content\\\/uploads\\\/2018\\\/09\\\/057b69485e93575a5c2b1c1dde2dd297.jpeg\",\"width\":64,\"height\":64,\"caption\":\"NBCS Noticias\"},\"image\":{\"@id\":\"https:\\\/\\\/nbcs.mx\\\/#\\\/schema\\\/logo\\\/image\\\/\"},\"sameAs\":[\"https:\\\/\\\/www.facebook.com\\\/NBCSnoticias\",\"https:\\\/\\\/x.com\\\/NBCSnoticias\"]},{\"@type\":\"Person\",\"@id\":\"https:\\\/\\\/nbcs.mx\\\/#\\\/schema\\\/person\\\/ece58bab9a7c1e87a4d28ec9ecd79ff4\",\"name\":\"NBCS Noticias\",\"image\":{\"@type\":\"ImageObject\",\"inLanguage\":\"es\",\"@id\":\"https:\\\/\\\/secure.gravatar.com\\\/avatar\\\/4e52110cad1c4054b43271a0d14bbe9e2ea76aecd0e1097edfc670798d9ca1d4?s=96&d=blank&r=g\",\"url\":\"https:\\\/\\\/secure.gravatar.com\\\/avatar\\\/4e52110cad1c4054b43271a0d14bbe9e2ea76aecd0e1097edfc670798d9ca1d4?s=96&d=blank&r=g\",\"contentUrl\":\"https:\\\/\\\/secure.gravatar.com\\\/avatar\\\/4e52110cad1c4054b43271a0d14bbe9e2ea76aecd0e1097edfc670798d9ca1d4?s=96&d=blank&r=g\",\"caption\":\"NBCS Noticias\"},\"description\":\"\u00bfTienes fotos o video de alg\u00fan acto de posible negligencia, corrupci\u00f3n y abuso de autoridad? M\u00e1ndalo al WhatsApp de NBCS Noticias: 612 141 98 08\",\"sameAs\":[\"https:\\\/\\\/www.nbcs.mx\",\"https:\\\/\\\/www.facebook.com\\\/NBCSnoticias\",\"https:\\\/\\\/www.instagram.com\\\/nbcsnoticias\\\/\",\"https:\\\/\\\/x.com\\\/https:\\\/\\\/twitter.com\\\/NBCSnoticias\"]}]}<\/script>\n<!-- \/ Yoast SEO plugin. -->","yoast_head_json":{"title":"No permitiremos que la pol\u00edtica de \u201cocurrencias\u201d administre el presupuesto de la gente: Carlos Rochin - NBCS Noticias","robots":{"index":"index","follow":"follow","max-snippet":"max-snippet:-1","max-image-preview":"max-image-preview:large","max-video-preview":"max-video-preview:-1"},"canonical":"https:\/\/nbcs.mx\/?p=80503","og_locale":"es_ES","og_type":"article","og_title":"No permitiremos que la pol\u00edtica de \u201cocurrencias\u201d administre el presupuesto de la gente: Carlos Rochin - NBCS Noticias","og_description":"La Paz, Baja California Sur.- El l\u00edder estatal del PAN, Carlos Roch\u00edn \u00c1lvarez, anunci\u00f3 su respaldo al gobernador del estado","og_url":"https:\/\/nbcs.mx\/?p=80503","og_site_name":"NBCS Noticias","article_publisher":"https:\/\/www.facebook.com\/NBCSnoticias","article_author":"https:\/\/www.facebook.com\/NBCSnoticias","article_published_time":"2021-01-02T02:22:24+00:00","og_image":[{"url":"https:\/\/nbcs.mx\/wp-content\/uploads\/2021\/01\/IMG_9122-738x492.jpg","type":"","width":"","height":""}],"author":"NBCS Noticias","twitter_card":"summary_large_image","twitter_creator":"@https:\/\/twitter.com\/NBCSnoticias","twitter_site":"@NBCSnoticias","twitter_misc":{"Escrito por":"NBCS Noticias","Tiempo de lectura":"3 minutos"},"schema":{"@context":"https:\/\/schema.org","@graph":[{"@type":"Article","@id":"https:\/\/nbcs.mx\/?p=80503#article","isPartOf":{"@id":"https:\/\/nbcs.mx\/?p=80503"},"author":{"name":"NBCS Noticias","@id":"https:\/\/nbcs.mx\/#\/schema\/person\/ece58bab9a7c1e87a4d28ec9ecd79ff4"},"headline":"No permitiremos que la pol\u00edtica de \u201cocurrencias\u201d administre el presupuesto de la gente: Carlos Rochin","datePublished":"2021-01-02T02:22:24+00:00","mainEntityOfPage":{"@id":"https:\/\/nbcs.mx\/?p=80503"},"wordCount":581,"commentCount":0,"publisher":{"@id":"https:\/\/nbcs.mx\/#organization"},"image":{"@id":"https:\/\/nbcs.mx\/?p=80503#primaryimage"},"thumbnailUrl":"https:\/\/nbcs.mx\/wp-content\/uploads\/2021\/01\/IMG_9122-738x492.jpg","articleSection":["Noticias"],"inLanguage":"es","potentialAction":[{"@type":"CommentAction","name":"Comment","target":["https:\/\/nbcs.mx\/?p=80503#respond"]}]},{"@type":"WebPage","@id":"https:\/\/nbcs.mx\/?p=80503","url":"https:\/\/nbcs.mx\/?p=80503","name":"No permitiremos que la pol\u00edtica de \u201cocurrencias\u201d administre el presupuesto de la gente: Carlos Rochin - NBCS Noticias","isPartOf":{"@id":"https:\/\/nbcs.mx\/#website"},"primaryImageOfPage":{"@id":"https:\/\/nbcs.mx\/?p=80503#primaryimage"},"image":{"@id":"https:\/\/nbcs.mx\/?p=80503#primaryimage"},"thumbnailUrl":"https:\/\/nbcs.mx\/wp-content\/uploads\/2021\/01\/IMG_9122-738x492.jpg","datePublished":"2021-01-02T02:22:24+00:00","breadcrumb":{"@id":"https:\/\/nbcs.mx\/?p=80503#breadcrumb"},"inLanguage":"es","potentialAction":[{"@type":"ReadAction","target":["https:\/\/nbcs.mx\/?p=80503"]}]},{"@type":"ImageObject","inLanguage":"es","@id":"https:\/\/nbcs.mx\/?p=80503#primaryimage","url":"https:\/\/nbcs.mx\/wp-content\/uploads\/2021\/01\/IMG_9122-738x492.jpg","contentUrl":"https:\/\/nbcs.mx\/wp-content\/uploads\/2021\/01\/IMG_9122-738x492.jpg"},{"@type":"BreadcrumbList","@id":"https:\/\/nbcs.mx\/?p=80503#breadcrumb","itemListElement":[{"@type":"ListItem","position":1,"name":"Portada","item":"https:\/\/nbcs.mx\/"},{"@type":"ListItem","position":2,"name":"No permitiremos que la pol\u00edtica de \u201cocurrencias\u201d administre el presupuesto de la gente: Carlos Rochin"}]},{"@type":"WebSite","@id":"https:\/\/nbcs.mx\/#website","url":"https:\/\/nbcs.mx\/","name":"NBCS Noticias","description":"Sitio web de noticias en Baja California Sur","publisher":{"@id":"https:\/\/nbcs.mx\/#organization"},"potentialAction":[{"@type":"SearchAction","target":{"@type":"EntryPoint","urlTemplate":"https:\/\/nbcs.mx\/?s={search_term_string}"},"query-input":{"@type":"PropertyValueSpecification","valueRequired":true,"valueName":"search_term_string"}}],"inLanguage":"es"},{"@type":"Organization","@id":"https:\/\/nbcs.mx\/#organization","name":"NBCS Noticias","url":"https:\/\/nbcs.mx\/","logo":{"@type":"ImageObject","inLanguage":"es","@id":"https:\/\/nbcs.mx\/#\/schema\/logo\/image\/","url":"https:\/\/nbcs.mx\/wp-content\/uploads\/2018\/09\/057b69485e93575a5c2b1c1dde2dd297.jpeg","contentUrl":"https:\/\/nbcs.mx\/wp-content\/uploads\/2018\/09\/057b69485e93575a5c2b1c1dde2dd297.jpeg","width":64,"height":64,"caption":"NBCS Noticias"},"image":{"@id":"https:\/\/nbcs.mx\/#\/schema\/logo\/image\/"},"sameAs":["https:\/\/www.facebook.com\/NBCSnoticias","https:\/\/x.com\/NBCSnoticias"]},{"@type":"Person","@id":"https:\/\/nbcs.mx\/#\/schema\/person\/ece58bab9a7c1e87a4d28ec9ecd79ff4","name":"NBCS Noticias","image":{"@type":"ImageObject","inLanguage":"es","@id":"https:\/\/secure.gravatar.com\/avatar\/4e52110cad1c4054b43271a0d14bbe9e2ea76aecd0e1097edfc670798d9ca1d4?s=96&d=blank&r=g","url":"https:\/\/secure.gravatar.com\/avatar\/4e52110cad1c4054b43271a0d14bbe9e2ea76aecd0e1097edfc670798d9ca1d4?s=96&d=blank&r=g","contentUrl":"https:\/\/secure.gravatar.com\/avatar\/4e52110cad1c4054b43271a0d14bbe9e2ea76aecd0e1097edfc670798d9ca1d4?s=96&d=blank&r=g","caption":"NBCS Noticias"},"description":"\u00bfTienes fotos o video de alg\u00fan acto de posible negligencia, corrupci\u00f3n y abuso de autoridad? M\u00e1ndalo al WhatsApp de NBCS Noticias: 612 141 98 08","sameAs":["https:\/\/www.nbcs.mx","https:\/\/www.facebook.com\/NBCSnoticias","https:\/\/www.instagram.com\/nbcsnoticias\/","https:\/\/x.com\/https:\/\/twitter.com\/NBCSnoticias"]}]}},"jetpack_publicize_connections":[],"jetpack_sharing_enabled":true,"jetpack_featured_media_url":"","_links":{"self":[{"href":"https:\/\/nbcs.mx\/index.php?rest_route=\/wp\/v2\/posts\/80503","targetHints":{"allow":["GET"]}}],"collection":[{"href":"https:\/\/nbcs.mx\/index.php?rest_route=\/wp\/v2\/posts"}],"about":[{"href":"https:\/\/nbcs.mx\/index.php?rest_route=\/wp\/v2\/types\/post"}],"author":[{"embeddable":true,"href":"https:\/\/nbcs.mx\/index.php?rest_route=\/wp\/v2\/users\/1"}],"replies":[{"embeddable":true,"href":"https:\/\/nbcs.mx\/index.php?rest_route=%2Fwp%2Fv2%2Fcomments&post=80503"}],"version-history":[{"count":1,"href":"https:\/\/nbcs.mx\/index.php?rest_route=\/wp\/v2\/posts\/80503\/revisions"}],"predecessor-version":[{"id":80505,"href":"https:\/\/nbcs.mx\/index.php?rest_route=\/wp\/v2\/posts\/80503\/revisions\/80505"}],"wp:attachment":[{"href":"https:\/\/nbcs.mx\/index.php?rest_route=%2Fwp%2Fv2%2Fmedia&parent=80503"}],"wp:term":[{"taxonomy":"category","embeddable":true,"href":"https:\/\/nbcs.mx\/index.php?rest_route=%2Fwp%2Fv2%2Fcategories&post=80503"},{"taxonomy":"post_tag","embeddable":true,"href":"https:\/\/nbcs.mx\/index.php?rest_route=%2Fwp%2Fv2%2Ftags&post=80503"}],"curies":[{"name":"wp","href":"https:\/\/api.w.org\/{rel}","templated":true}]}}