{"id":81031,"date":"2021-01-14T14:35:07","date_gmt":"2021-01-14T21:35:07","guid":{"rendered":"https:\/\/nbcs.mx\/?p=81031"},"modified":"2021-01-14T14:35:07","modified_gmt":"2021-01-14T21:35:07","slug":"refrenda-uabcs-convenio-de-colaboracion-con-la-cces-en-el-estado","status":"publish","type":"post","link":"https:\/\/nbcs.mx\/?p=81031","title":{"rendered":"Refrenda UABCS convenio de colaboraci\u00f3n con la CCES en el estado"},"content":{"rendered":"<p style=\"text-align: justify;\"><img loading=\"lazy\" decoding=\"async\" class=\" wp-image-81032 alignleft\" src=\"https:\/\/nbcs.mx\/wp-content\/uploads\/2021\/01\/Ert9EHfUwAAJU53-755x488.jpeg\" alt=\"\" width=\"376\" height=\"243\" \/>La Paz, Baja California Sur.- A fin de seguir colaborando en la capacitaci\u00f3n de quienes participan en el Sistema de Justicia Penal, la Universidad Aut\u00f3noma de Baja California Sur (UABCS) refrend\u00f3 un convenio de colaboraci\u00f3n con la Comisi\u00f3n de Consolidaci\u00f3n, Evaluaci\u00f3n y Seguimiento del Sistema de Justicia Penal (CCES) en el estado.<\/p>\n<p style=\"text-align: justify;\">Este instrumento legal fue signado por el Dr. \u00c1lvaro de la Pe\u00f1a Angulo, Secretario General de Gobierno en BCS; el Dr. Dante Salgado Gonz\u00e1lez, Rector de la Universidad; y el Lic. Arturo Aguayo Amao, encargado del despacho de la Secretar\u00eda Ejecutiva de la CCES.<\/p>\n<p style=\"text-align: justify;\">Seg\u00fan se mencion\u00f3 en el acto protocolario, celebrado este 14 de enero, el antecedente de este acuerdo es el Convenio para Profesionalizaci\u00f3n de Operadores y Comunicadores del Sistema de Justicia Penal, firmado en 2017 por la Asociaci\u00f3n Nacional de Universidades e Instituciones de Educaci\u00f3n Superior (ANUIES) y la Universidad.<\/p>\n<p style=\"text-align: justify;\">Gracias a esta alianza, durante dos a\u00f1os la UABCS ha llevado a cabo una serie de diplomados y cursos de actualizaci\u00f3n en los rubros de Defensor, Asesor, Fiscal y Medios Alternos de Soluci\u00f3n de Controversias en todo el estado, tanto de forma presencial como virtual.<\/p>\n<p style=\"text-align: justify;\">A nombre del Gobernador del Estado Carlos Mendoza Davis, el Secretario General de Gobierno habl\u00f3 de la importancia que tiene el contar con el respaldo de una instituci\u00f3n como la m\u00e1xima casa de estudios en Baja California Sur.<\/p>\n<p style=\"text-align: justify;\">De manera particular, mencion\u00f3 que la vinculaci\u00f3n que se refrenda con este acuerdo resulta b\u00e1sica para robustecer a\u00fan m\u00e1s las cuatros \u00e1reas operadoras del Sistema de Justicia Penal, en especial la parte que compete al recurso humano, pues entre mejores servidores p\u00fablicos haya, mejor se podr\u00e1 apoyar a la ciudadan\u00eda<\/p>\n<p style=\"text-align: justify;\">Por su parte, al hacer uso de la voz, el rector Dante Salgado extern\u00f3 en principio su agradecimiento institucional por el apoyo y la confianza brindada por el gobierno estatal para colaborar en esta trascendental tarea, que en el balance hecho hasta ahora, ha dejado acciones muy positivas.<\/p>\n<p style=\"text-align: justify;\">M\u00e1s all\u00e1 de las fortalezas con que cuenta la UABCS por s\u00ed misma, dijo, est\u00e1 tambi\u00e9n su capacidad de hacer alianzas dentro del subsistema educativo al que pertenece y que suele enlazarse a trav\u00e9s de la ANUIES.<\/p>\n<p style=\"text-align: justify;\">Esto permite a la UABCS no s\u00f3lo poner a disposici\u00f3n de la sociedad su infraestructura y conocimiento cient\u00edfico-acad\u00e9mico acumulado; tambi\u00e9n la posibilidad de conectar con otras universidades nacionales e, incluso, del extranjero, para fortalecer el cumplimiento de los objetivos del convenio.<\/p>\n<p style=\"text-align: justify;\">En este contexto, ratific\u00f3 el compromiso de seguir apoyando este tipo de iniciativas porque, al final, las metas profundas que se persiguen coinciden con los valores universitarios, al igual que abonan en alguna medida a las pol\u00edticas p\u00fablicas que permitan fortalecer el estado de derecho en el pa\u00eds.<\/p>\n","protected":false},"excerpt":{"rendered":"<p>La Paz, Baja California Sur.- A fin de seguir colaborando en la capacitaci\u00f3n de quienes participan en el Sistema de<\/p>\n","protected":false},"author":1,"featured_media":0,"comment_status":"open","ping_status":"closed","sticky":false,"template":"","format":"standard","meta":{"colormag_page_container_layout":"default_layout","colormag_page_sidebar_layout":"default_layout","_jetpack_memberships_contains_paid_content":false,"footnotes":"","jetpack_publicize_message":"","jetpack_publicize_feature_enabled":true,"jetpack_social_post_already_shared":true,"jetpack_social_options":{"image_generator_settings":{"template":"highway","default_image_id":0,"font":"","enabled":false},"version":2}},"categories":[1],"tags":[],"class_list":["post-81031","post","type-post","status-publish","format-standard","hentry","category-noticias"],"yoast_head":"<!-- This site is optimized with the Yoast SEO plugin v27.4 - https:\/\/yoast.com\/product\/yoast-seo-wordpress\/ -->\n<title>Refrenda UABCS convenio de colaboraci\u00f3n con la CCES en el estado - NBCS Noticias<\/title>\n<meta name=\"robots\" content=\"index, follow, max-snippet:-1, max-image-preview:large, max-video-preview:-1\" \/>\n<link rel=\"canonical\" href=\"https:\/\/nbcs.mx\/?p=81031\" \/>\n<meta property=\"og:locale\" content=\"es_ES\" \/>\n<meta property=\"og:type\" content=\"article\" \/>\n<meta property=\"og:title\" content=\"Refrenda UABCS convenio de colaboraci\u00f3n con la CCES en el estado - NBCS Noticias\" \/>\n<meta property=\"og:description\" content=\"La Paz, Baja California Sur.- A fin de seguir colaborando en la capacitaci\u00f3n de quienes participan en el Sistema de\" \/>\n<meta property=\"og:url\" content=\"https:\/\/nbcs.mx\/?p=81031\" \/>\n<meta property=\"og:site_name\" content=\"NBCS Noticias\" \/>\n<meta property=\"article:publisher\" content=\"https:\/\/www.facebook.com\/NBCSnoticias\" \/>\n<meta property=\"article:author\" content=\"https:\/\/www.facebook.com\/NBCSnoticias\" \/>\n<meta property=\"article:published_time\" content=\"2021-01-14T21:35:07+00:00\" \/>\n<meta property=\"og:image\" content=\"https:\/\/nbcs.mx\/wp-content\/uploads\/2021\/01\/Ert9EHfUwAAJU53-755x488.jpeg\" \/>\n<meta name=\"author\" content=\"NBCS Noticias\" \/>\n<meta name=\"twitter:card\" content=\"summary_large_image\" \/>\n<meta name=\"twitter:creator\" content=\"@https:\/\/twitter.com\/NBCSnoticias\" \/>\n<meta name=\"twitter:site\" content=\"@NBCSnoticias\" \/>\n<meta name=\"twitter:label1\" content=\"Escrito por\" \/>\n\t<meta name=\"twitter:data1\" content=\"NBCS Noticias\" \/>\n\t<meta name=\"twitter:label2\" content=\"Tiempo de lectura\" \/>\n\t<meta name=\"twitter:data2\" content=\"3 minutos\" \/>\n<script type=\"application\/ld+json\" class=\"yoast-schema-graph\">{\"@context\":\"https:\\\/\\\/schema.org\",\"@graph\":[{\"@type\":\"Article\",\"@id\":\"https:\\\/\\\/nbcs.mx\\\/?p=81031#article\",\"isPartOf\":{\"@id\":\"https:\\\/\\\/nbcs.mx\\\/?p=81031\"},\"author\":{\"name\":\"NBCS Noticias\",\"@id\":\"https:\\\/\\\/nbcs.mx\\\/#\\\/schema\\\/person\\\/ece58bab9a7c1e87a4d28ec9ecd79ff4\"},\"headline\":\"Refrenda UABCS convenio de colaboraci\u00f3n con la CCES en el estado\",\"datePublished\":\"2021-01-14T21:35:07+00:00\",\"mainEntityOfPage\":{\"@id\":\"https:\\\/\\\/nbcs.mx\\\/?p=81031\"},\"wordCount\":498,\"commentCount\":0,\"publisher\":{\"@id\":\"https:\\\/\\\/nbcs.mx\\\/#organization\"},\"image\":{\"@id\":\"https:\\\/\\\/nbcs.mx\\\/?p=81031#primaryimage\"},\"thumbnailUrl\":\"https:\\\/\\\/nbcs.mx\\\/wp-content\\\/uploads\\\/2021\\\/01\\\/Ert9EHfUwAAJU53-755x488.jpeg\",\"articleSection\":[\"Noticias\"],\"inLanguage\":\"es\",\"potentialAction\":[{\"@type\":\"CommentAction\",\"name\":\"Comment\",\"target\":[\"https:\\\/\\\/nbcs.mx\\\/?p=81031#respond\"]}]},{\"@type\":\"WebPage\",\"@id\":\"https:\\\/\\\/nbcs.mx\\\/?p=81031\",\"url\":\"https:\\\/\\\/nbcs.mx\\\/?p=81031\",\"name\":\"Refrenda UABCS convenio de colaboraci\u00f3n con la CCES en el estado - NBCS Noticias\",\"isPartOf\":{\"@id\":\"https:\\\/\\\/nbcs.mx\\\/#website\"},\"primaryImageOfPage\":{\"@id\":\"https:\\\/\\\/nbcs.mx\\\/?p=81031#primaryimage\"},\"image\":{\"@id\":\"https:\\\/\\\/nbcs.mx\\\/?p=81031#primaryimage\"},\"thumbnailUrl\":\"https:\\\/\\\/nbcs.mx\\\/wp-content\\\/uploads\\\/2021\\\/01\\\/Ert9EHfUwAAJU53-755x488.jpeg\",\"datePublished\":\"2021-01-14T21:35:07+00:00\",\"breadcrumb\":{\"@id\":\"https:\\\/\\\/nbcs.mx\\\/?p=81031#breadcrumb\"},\"inLanguage\":\"es\",\"potentialAction\":[{\"@type\":\"ReadAction\",\"target\":[\"https:\\\/\\\/nbcs.mx\\\/?p=81031\"]}]},{\"@type\":\"ImageObject\",\"inLanguage\":\"es\",\"@id\":\"https:\\\/\\\/nbcs.mx\\\/?p=81031#primaryimage\",\"url\":\"https:\\\/\\\/nbcs.mx\\\/wp-content\\\/uploads\\\/2021\\\/01\\\/Ert9EHfUwAAJU53-755x488.jpeg\",\"contentUrl\":\"https:\\\/\\\/nbcs.mx\\\/wp-content\\\/uploads\\\/2021\\\/01\\\/Ert9EHfUwAAJU53-755x488.jpeg\"},{\"@type\":\"BreadcrumbList\",\"@id\":\"https:\\\/\\\/nbcs.mx\\\/?p=81031#breadcrumb\",\"itemListElement\":[{\"@type\":\"ListItem\",\"position\":1,\"name\":\"Portada\",\"item\":\"https:\\\/\\\/nbcs.mx\\\/\"},{\"@type\":\"ListItem\",\"position\":2,\"name\":\"Refrenda UABCS convenio de colaboraci\u00f3n con la CCES en el estado\"}]},{\"@type\":\"WebSite\",\"@id\":\"https:\\\/\\\/nbcs.mx\\\/#website\",\"url\":\"https:\\\/\\\/nbcs.mx\\\/\",\"name\":\"NBCS Noticias\",\"description\":\"Sitio web de noticias en Baja California Sur\",\"publisher\":{\"@id\":\"https:\\\/\\\/nbcs.mx\\\/#organization\"},\"potentialAction\":[{\"@type\":\"SearchAction\",\"target\":{\"@type\":\"EntryPoint\",\"urlTemplate\":\"https:\\\/\\\/nbcs.mx\\\/?s={search_term_string}\"},\"query-input\":{\"@type\":\"PropertyValueSpecification\",\"valueRequired\":true,\"valueName\":\"search_term_string\"}}],\"inLanguage\":\"es\"},{\"@type\":\"Organization\",\"@id\":\"https:\\\/\\\/nbcs.mx\\\/#organization\",\"name\":\"NBCS Noticias\",\"url\":\"https:\\\/\\\/nbcs.mx\\\/\",\"logo\":{\"@type\":\"ImageObject\",\"inLanguage\":\"es\",\"@id\":\"https:\\\/\\\/nbcs.mx\\\/#\\\/schema\\\/logo\\\/image\\\/\",\"url\":\"https:\\\/\\\/nbcs.mx\\\/wp-content\\\/uploads\\\/2018\\\/09\\\/057b69485e93575a5c2b1c1dde2dd297.jpeg\",\"contentUrl\":\"https:\\\/\\\/nbcs.mx\\\/wp-content\\\/uploads\\\/2018\\\/09\\\/057b69485e93575a5c2b1c1dde2dd297.jpeg\",\"width\":64,\"height\":64,\"caption\":\"NBCS Noticias\"},\"image\":{\"@id\":\"https:\\\/\\\/nbcs.mx\\\/#\\\/schema\\\/logo\\\/image\\\/\"},\"sameAs\":[\"https:\\\/\\\/www.facebook.com\\\/NBCSnoticias\",\"https:\\\/\\\/x.com\\\/NBCSnoticias\"]},{\"@type\":\"Person\",\"@id\":\"https:\\\/\\\/nbcs.mx\\\/#\\\/schema\\\/person\\\/ece58bab9a7c1e87a4d28ec9ecd79ff4\",\"name\":\"NBCS Noticias\",\"image\":{\"@type\":\"ImageObject\",\"inLanguage\":\"es\",\"@id\":\"https:\\\/\\\/secure.gravatar.com\\\/avatar\\\/4e52110cad1c4054b43271a0d14bbe9e2ea76aecd0e1097edfc670798d9ca1d4?s=96&d=blank&r=g\",\"url\":\"https:\\\/\\\/secure.gravatar.com\\\/avatar\\\/4e52110cad1c4054b43271a0d14bbe9e2ea76aecd0e1097edfc670798d9ca1d4?s=96&d=blank&r=g\",\"contentUrl\":\"https:\\\/\\\/secure.gravatar.com\\\/avatar\\\/4e52110cad1c4054b43271a0d14bbe9e2ea76aecd0e1097edfc670798d9ca1d4?s=96&d=blank&r=g\",\"caption\":\"NBCS Noticias\"},\"description\":\"\u00bfTienes fotos o video de alg\u00fan acto de posible negligencia, corrupci\u00f3n y abuso de autoridad? M\u00e1ndalo al WhatsApp de NBCS Noticias: 612 141 98 08\",\"sameAs\":[\"https:\\\/\\\/www.nbcs.mx\",\"https:\\\/\\\/www.facebook.com\\\/NBCSnoticias\",\"https:\\\/\\\/www.instagram.com\\\/nbcsnoticias\\\/\",\"https:\\\/\\\/x.com\\\/https:\\\/\\\/twitter.com\\\/NBCSnoticias\"]}]}<\/script>\n<!-- \/ Yoast SEO plugin. -->","yoast_head_json":{"title":"Refrenda UABCS convenio de colaboraci\u00f3n con la CCES en el estado - NBCS Noticias","robots":{"index":"index","follow":"follow","max-snippet":"max-snippet:-1","max-image-preview":"max-image-preview:large","max-video-preview":"max-video-preview:-1"},"canonical":"https:\/\/nbcs.mx\/?p=81031","og_locale":"es_ES","og_type":"article","og_title":"Refrenda UABCS convenio de colaboraci\u00f3n con la CCES en el estado - NBCS Noticias","og_description":"La Paz, Baja California Sur.- A fin de seguir colaborando en la capacitaci\u00f3n de quienes participan en el Sistema de","og_url":"https:\/\/nbcs.mx\/?p=81031","og_site_name":"NBCS Noticias","article_publisher":"https:\/\/www.facebook.com\/NBCSnoticias","article_author":"https:\/\/www.facebook.com\/NBCSnoticias","article_published_time":"2021-01-14T21:35:07+00:00","og_image":[{"url":"https:\/\/nbcs.mx\/wp-content\/uploads\/2021\/01\/Ert9EHfUwAAJU53-755x488.jpeg","type":"","width":"","height":""}],"author":"NBCS Noticias","twitter_card":"summary_large_image","twitter_creator":"@https:\/\/twitter.com\/NBCSnoticias","twitter_site":"@NBCSnoticias","twitter_misc":{"Escrito por":"NBCS Noticias","Tiempo de lectura":"3 minutos"},"schema":{"@context":"https:\/\/schema.org","@graph":[{"@type":"Article","@id":"https:\/\/nbcs.mx\/?p=81031#article","isPartOf":{"@id":"https:\/\/nbcs.mx\/?p=81031"},"author":{"name":"NBCS Noticias","@id":"https:\/\/nbcs.mx\/#\/schema\/person\/ece58bab9a7c1e87a4d28ec9ecd79ff4"},"headline":"Refrenda UABCS convenio de colaboraci\u00f3n con la CCES en el estado","datePublished":"2021-01-14T21:35:07+00:00","mainEntityOfPage":{"@id":"https:\/\/nbcs.mx\/?p=81031"},"wordCount":498,"commentCount":0,"publisher":{"@id":"https:\/\/nbcs.mx\/#organization"},"image":{"@id":"https:\/\/nbcs.mx\/?p=81031#primaryimage"},"thumbnailUrl":"https:\/\/nbcs.mx\/wp-content\/uploads\/2021\/01\/Ert9EHfUwAAJU53-755x488.jpeg","articleSection":["Noticias"],"inLanguage":"es","potentialAction":[{"@type":"CommentAction","name":"Comment","target":["https:\/\/nbcs.mx\/?p=81031#respond"]}]},{"@type":"WebPage","@id":"https:\/\/nbcs.mx\/?p=81031","url":"https:\/\/nbcs.mx\/?p=81031","name":"Refrenda UABCS convenio de colaboraci\u00f3n con la CCES en el estado - NBCS Noticias","isPartOf":{"@id":"https:\/\/nbcs.mx\/#website"},"primaryImageOfPage":{"@id":"https:\/\/nbcs.mx\/?p=81031#primaryimage"},"image":{"@id":"https:\/\/nbcs.mx\/?p=81031#primaryimage"},"thumbnailUrl":"https:\/\/nbcs.mx\/wp-content\/uploads\/2021\/01\/Ert9EHfUwAAJU53-755x488.jpeg","datePublished":"2021-01-14T21:35:07+00:00","breadcrumb":{"@id":"https:\/\/nbcs.mx\/?p=81031#breadcrumb"},"inLanguage":"es","potentialAction":[{"@type":"ReadAction","target":["https:\/\/nbcs.mx\/?p=81031"]}]},{"@type":"ImageObject","inLanguage":"es","@id":"https:\/\/nbcs.mx\/?p=81031#primaryimage","url":"https:\/\/nbcs.mx\/wp-content\/uploads\/2021\/01\/Ert9EHfUwAAJU53-755x488.jpeg","contentUrl":"https:\/\/nbcs.mx\/wp-content\/uploads\/2021\/01\/Ert9EHfUwAAJU53-755x488.jpeg"},{"@type":"BreadcrumbList","@id":"https:\/\/nbcs.mx\/?p=81031#breadcrumb","itemListElement":[{"@type":"ListItem","position":1,"name":"Portada","item":"https:\/\/nbcs.mx\/"},{"@type":"ListItem","position":2,"name":"Refrenda UABCS convenio de colaboraci\u00f3n con la CCES en el estado"}]},{"@type":"WebSite","@id":"https:\/\/nbcs.mx\/#website","url":"https:\/\/nbcs.mx\/","name":"NBCS Noticias","description":"Sitio web de noticias en Baja California Sur","publisher":{"@id":"https:\/\/nbcs.mx\/#organization"},"potentialAction":[{"@type":"SearchAction","target":{"@type":"EntryPoint","urlTemplate":"https:\/\/nbcs.mx\/?s={search_term_string}"},"query-input":{"@type":"PropertyValueSpecification","valueRequired":true,"valueName":"search_term_string"}}],"inLanguage":"es"},{"@type":"Organization","@id":"https:\/\/nbcs.mx\/#organization","name":"NBCS Noticias","url":"https:\/\/nbcs.mx\/","logo":{"@type":"ImageObject","inLanguage":"es","@id":"https:\/\/nbcs.mx\/#\/schema\/logo\/image\/","url":"https:\/\/nbcs.mx\/wp-content\/uploads\/2018\/09\/057b69485e93575a5c2b1c1dde2dd297.jpeg","contentUrl":"https:\/\/nbcs.mx\/wp-content\/uploads\/2018\/09\/057b69485e93575a5c2b1c1dde2dd297.jpeg","width":64,"height":64,"caption":"NBCS Noticias"},"image":{"@id":"https:\/\/nbcs.mx\/#\/schema\/logo\/image\/"},"sameAs":["https:\/\/www.facebook.com\/NBCSnoticias","https:\/\/x.com\/NBCSnoticias"]},{"@type":"Person","@id":"https:\/\/nbcs.mx\/#\/schema\/person\/ece58bab9a7c1e87a4d28ec9ecd79ff4","name":"NBCS Noticias","image":{"@type":"ImageObject","inLanguage":"es","@id":"https:\/\/secure.gravatar.com\/avatar\/4e52110cad1c4054b43271a0d14bbe9e2ea76aecd0e1097edfc670798d9ca1d4?s=96&d=blank&r=g","url":"https:\/\/secure.gravatar.com\/avatar\/4e52110cad1c4054b43271a0d14bbe9e2ea76aecd0e1097edfc670798d9ca1d4?s=96&d=blank&r=g","contentUrl":"https:\/\/secure.gravatar.com\/avatar\/4e52110cad1c4054b43271a0d14bbe9e2ea76aecd0e1097edfc670798d9ca1d4?s=96&d=blank&r=g","caption":"NBCS Noticias"},"description":"\u00bfTienes fotos o video de alg\u00fan acto de posible negligencia, corrupci\u00f3n y abuso de autoridad? M\u00e1ndalo al WhatsApp de NBCS Noticias: 612 141 98 08","sameAs":["https:\/\/www.nbcs.mx","https:\/\/www.facebook.com\/NBCSnoticias","https:\/\/www.instagram.com\/nbcsnoticias\/","https:\/\/x.com\/https:\/\/twitter.com\/NBCSnoticias"]}]}},"jetpack_publicize_connections":[],"jetpack_featured_media_url":"","jetpack_sharing_enabled":true,"_links":{"self":[{"href":"https:\/\/nbcs.mx\/index.php?rest_route=\/wp\/v2\/posts\/81031","targetHints":{"allow":["GET"]}}],"collection":[{"href":"https:\/\/nbcs.mx\/index.php?rest_route=\/wp\/v2\/posts"}],"about":[{"href":"https:\/\/nbcs.mx\/index.php?rest_route=\/wp\/v2\/types\/post"}],"author":[{"embeddable":true,"href":"https:\/\/nbcs.mx\/index.php?rest_route=\/wp\/v2\/users\/1"}],"replies":[{"embeddable":true,"href":"https:\/\/nbcs.mx\/index.php?rest_route=%2Fwp%2Fv2%2Fcomments&post=81031"}],"version-history":[{"count":1,"href":"https:\/\/nbcs.mx\/index.php?rest_route=\/wp\/v2\/posts\/81031\/revisions"}],"predecessor-version":[{"id":81034,"href":"https:\/\/nbcs.mx\/index.php?rest_route=\/wp\/v2\/posts\/81031\/revisions\/81034"}],"wp:attachment":[{"href":"https:\/\/nbcs.mx\/index.php?rest_route=%2Fwp%2Fv2%2Fmedia&parent=81031"}],"wp:term":[{"taxonomy":"category","embeddable":true,"href":"https:\/\/nbcs.mx\/index.php?rest_route=%2Fwp%2Fv2%2Fcategories&post=81031"},{"taxonomy":"post_tag","embeddable":true,"href":"https:\/\/nbcs.mx\/index.php?rest_route=%2Fwp%2Fv2%2Ftags&post=81031"}],"curies":[{"name":"wp","href":"https:\/\/api.w.org\/{rel}","templated":true}]}}