{"id":81550,"date":"2021-01-25T17:47:21","date_gmt":"2021-01-26T00:47:21","guid":{"rendered":"https:\/\/nbcs.mx\/?p=81550"},"modified":"2021-01-25T17:47:21","modified_gmt":"2021-01-26T00:47:21","slug":"agradecen-vecinos-apoyo-de-semar-para-la-construccion-del-parque-de-el-manglito","status":"publish","type":"post","link":"https:\/\/nbcs.mx\/?p=81550","title":{"rendered":"Agradecen vecinos apoyo de Semar para la construcci\u00f3n del parque de El Manglito"},"content":{"rendered":"<div class=\"\" data-block=\"true\" data-editor=\"cro57\" data-offset-key=\"1m4c2-0-0\">\n<div class=\"_1mf _1mj\" style=\"text-align: justify;\" data-offset-key=\"1m4c2-0-0\"><img loading=\"lazy\" decoding=\"async\" class=\" wp-image-81553 alignleft\" src=\"https:\/\/nbcs.mx\/wp-content\/uploads\/2021\/01\/f2b509dd-e797-46f1-b6eb-a1480891a0de-657x492.jpeg\" alt=\"\" width=\"375\" height=\"281\" \/>La Paz, Baja California Sur.- Vecinos del barrio El Manglito, agradecieron a la Secretaria de Marina, su apoyo para que el ayuntamiento de La Paz inicie la construcci\u00f3n de un parque p\u00fablico, en la zona donde se ubicaban las antiguas oficinas de Tel\u00e9grafos.<\/div>\n<\/div>\n<div class=\"\" style=\"text-align: justify;\" data-block=\"true\" data-editor=\"cro57\" data-offset-key=\"b1555-0-0\">\n<div class=\"_1mf _1mj\" data-offset-key=\"b1555-0-0\"><span data-offset-key=\"b1555-0-0\">\u00a0<\/span><\/div>\n<\/div>\n<div class=\"\" style=\"text-align: justify;\" data-block=\"true\" data-editor=\"cro57\" data-offset-key=\"eohik-0-0\">\n<div class=\"_1mf _1mj\" data-offset-key=\"eohik-0-0\"><span data-offset-key=\"eohik-0-0\">Fue la presidenta de la asociaci\u00f3n vecinos del barrio El Manglito, Marisol Aranda L\u00f3pez, quien agradeci\u00f3 la donaci\u00f3n del terreno por parte de la Secretaria de Marina, lo cual permitir\u00e1 dar continuidad a los tr\u00e1mites para el proyecto ejecutivo, posterior licitaci\u00f3n y ejecuci\u00f3n de la obra del parque en menci\u00f3n.<\/span><\/div>\n<\/div>\n<div class=\"\" style=\"text-align: justify;\" data-block=\"true\" data-editor=\"cro57\" data-offset-key=\"duscp-0-0\">\n<div class=\"_1mf _1mj\" data-offset-key=\"duscp-0-0\"><span data-offset-key=\"duscp-0-0\">\u00a0<\/span><\/div>\n<\/div>\n<div class=\"\" style=\"text-align: justify;\" data-block=\"true\" data-editor=\"cro57\" data-offset-key=\"d14n5-0-0\">\n<div class=\"_1mf _1mj\" data-offset-key=\"d14n5-0-0\"><span data-offset-key=\"d14n5-0-0\">La lider vecinal resalt\u00f3, que para la conformaci\u00f3n del parque fueron escuchadas todas las voces de los vecinos, quienes opinaron sobre las necesidades para la conformaci\u00f3n de dicho parque.<\/span><\/div>\n<\/div>\n<div data-offset-key=\"d14n5-0-0\"><\/div>\n<div data-offset-key=\"d14n5-0-0\"><img loading=\"lazy\" decoding=\"async\" class=\"size-medium wp-image-81552 aligncenter\" src=\"https:\/\/nbcs.mx\/wp-content\/uploads\/2021\/01\/17255d9d-d19e-426f-8df4-92c88a5e7f51-657x492.jpeg\" alt=\"\" width=\"657\" height=\"492\" \/><\/div>\n<div class=\"\" style=\"text-align: justify;\" data-block=\"true\" data-editor=\"cro57\" data-offset-key=\"e81rl-0-0\">\n<div data-offset-key=\"e81rl-0-0\"><\/div>\n<div class=\"_1mf _1mj\" data-offset-key=\"e81rl-0-0\"><span data-offset-key=\"e81rl-0-0\">Dicha obra se preve tenga una inversi\u00f3n aproximada de 9 millones de pesos, la cual contar\u00e1 con \u00e1rea de ejercitadores, jard\u00edn, \u00e1rea de juegos infantiles, centro comunitario y canchas de f\u00fatbol r\u00e1pido as\u00ed como, de usos m\u00faltiples. <\/span><\/div>\n<\/div>\n<div class=\"\" style=\"text-align: justify;\" data-block=\"true\" data-editor=\"cro57\" data-offset-key=\"7ma3o-0-0\">\n<div class=\"_1mf _1mj\" data-offset-key=\"7ma3o-0-0\"><\/div>\n<\/div>\n<div class=\"\" style=\"text-align: justify;\" data-block=\"true\" data-editor=\"cro57\" data-offset-key=\"27ojt-0-0\">\n<div class=\"_1mf _1mj\" data-offset-key=\"27ojt-0-0\"><span data-offset-key=\"27ojt-0-0\">Finalmente, el primer edil de La Paz, Rub\u00e9n Mu\u00f1oz, expres\u00f3 su agradecimiento y reconocimiento al Almirante Jos\u00e9 Rafael Ojeda Dur\u00e1n, Secretario de Marina, por su disposici\u00f3n y generosidad para colaborar con este importante proyecto.<\/span><\/div>\n<\/div>\n<div class=\"\" style=\"text-align: justify;\" data-block=\"true\" data-editor=\"cro57\" data-offset-key=\"bb17t-0-0\">\n<div class=\"_1mf _1mj\" data-offset-key=\"bb17t-0-0\"><span data-offset-key=\"bb17t-0-0\">\u00a0<\/span><\/div>\n<\/div>\n<div class=\"\" style=\"text-align: justify;\" data-block=\"true\" data-editor=\"cro57\" data-offset-key=\"dgc6g-0-0\">\n<div class=\"_1mf _1mj\" data-offset-key=\"dgc6g-0-0\"><span data-offset-key=\"dgc6g-0-0\">El evento cont\u00f3 con la presencia del Comandante de la II Zona Naval, el Vicealmirante Luis Javier Robinson Portillo Villanueva, as\u00ed como, del Secretario General Alejandro Mota Trasvi\u00f1a y la S\u00edndica Municipal Martha Judith P\u00e1ez.<\/span><\/div>\n<\/div>\n<div class=\"\" style=\"text-align: justify;\" data-block=\"true\" data-editor=\"cro57\" data-offset-key=\"5ip14-0-0\">\n<div class=\"_1mf _1mj\" data-offset-key=\"5ip14-0-0\"><span data-offset-key=\"5ip14-0-0\">\u00a0<\/span><\/div>\n<\/div>\n<div class=\"\" style=\"text-align: justify;\" data-block=\"true\" data-editor=\"cro57\" data-offset-key=\"b7eg6-0-0\">\n<div class=\"_1mf _1mj\" data-offset-key=\"b7eg6-0-0\"><span data-offset-key=\"b7eg6-0-0\"><img loading=\"lazy\" decoding=\"async\" class=\"size-medium wp-image-81551 aligncenter\" src=\"https:\/\/nbcs.mx\/wp-content\/uploads\/2021\/01\/102be73f-bcfb-4b83-9538-12e7e2448e8f-657x492.jpeg\" alt=\"\" width=\"657\" height=\"492\" \/><\/span><\/div>\n<\/div>\n<div class=\"\" style=\"text-align: justify;\" data-block=\"true\" data-editor=\"cro57\" data-offset-key=\"2nu89-0-0\"><\/div>\n","protected":false},"excerpt":{"rendered":"<p>La Paz, Baja California Sur.- Vecinos del barrio El Manglito, agradecieron a la Secretaria de Marina, su apoyo para que<\/p>\n","protected":false},"author":1,"featured_media":0,"comment_status":"open","ping_status":"closed","sticky":false,"template":"","format":"standard","meta":{"colormag_page_container_layout":"default_layout","colormag_page_sidebar_layout":"default_layout","_jetpack_newsletter_access":"","_jetpack_dont_email_post_to_subs":false,"_jetpack_newsletter_tier_id":0,"_jetpack_memberships_contains_paywalled_content":false,"_jetpack_feature_clip_id":0,"_jetpack_memberships_contains_paid_content":false,"footnotes":"","jetpack_publicize_message":"","jetpack_publicize_feature_enabled":true,"jetpack_social_post_already_shared":true,"jetpack_social_options":{"image_generator_settings":{"template":"highway","default_image_id":0,"font":"","enabled":false},"version":2},"jetpack_post_was_ever_published":false},"categories":[1],"tags":[],"class_list":["post-81550","post","type-post","status-publish","format-standard","hentry","category-noticias"],"yoast_head":"<!-- This site is optimized with the Yoast SEO plugin v28.3 - https:\/\/yoast.com\/product\/yoast-seo-wordpress\/ -->\n<title>Agradecen vecinos apoyo de Semar para la construcci\u00f3n del parque de El Manglito - NBCS Noticias<\/title>\n<meta name=\"robots\" content=\"index, follow, max-snippet:-1, max-image-preview:large, max-video-preview:-1\" \/>\n<link rel=\"canonical\" href=\"https:\/\/nbcs.mx\/?p=81550\" \/>\n<meta property=\"og:locale\" content=\"es_ES\" \/>\n<meta property=\"og:type\" content=\"article\" \/>\n<meta property=\"og:title\" content=\"Agradecen vecinos apoyo de Semar para la construcci\u00f3n del parque de El Manglito - NBCS Noticias\" \/>\n<meta property=\"og:description\" content=\"La Paz, Baja California Sur.- Vecinos del barrio El Manglito, agradecieron a la Secretaria de Marina, su apoyo para que\" \/>\n<meta property=\"og:url\" content=\"https:\/\/nbcs.mx\/?p=81550\" \/>\n<meta property=\"og:site_name\" content=\"NBCS Noticias\" \/>\n<meta property=\"article:publisher\" content=\"https:\/\/www.facebook.com\/NBCSnoticias\" \/>\n<meta property=\"article:author\" content=\"https:\/\/www.facebook.com\/NBCSnoticias\" \/>\n<meta property=\"article:published_time\" content=\"2021-01-26T00:47:21+00:00\" \/>\n<meta property=\"og:image\" content=\"https:\/\/nbcs.mx\/wp-content\/uploads\/2021\/01\/f2b509dd-e797-46f1-b6eb-a1480891a0de-657x492.jpeg\" \/>\n<meta name=\"author\" content=\"NBCS Noticias\" \/>\n<meta name=\"twitter:card\" content=\"summary_large_image\" \/>\n<meta name=\"twitter:creator\" content=\"@https:\/\/twitter.com\/NBCSnoticias\" \/>\n<meta name=\"twitter:site\" content=\"@NBCSnoticias\" \/>\n<meta name=\"twitter:label1\" content=\"Escrito por\" \/>\n\t<meta name=\"twitter:data1\" content=\"NBCS Noticias\" \/>\n\t<meta name=\"twitter:label2\" content=\"Tiempo de lectura\" \/>\n\t<meta name=\"twitter:data2\" content=\"2 minutos\" \/>\n<script type=\"application\/ld+json\" class=\"yoast-schema-graph\">{\"@context\":\"https:\\\/\\\/schema.org\",\"@graph\":[{\"@type\":\"Article\",\"@id\":\"https:\\\/\\\/nbcs.mx\\\/?p=81550#article\",\"isPartOf\":{\"@id\":\"https:\\\/\\\/nbcs.mx\\\/?p=81550\"},\"author\":{\"name\":\"NBCS Noticias\",\"@id\":\"https:\\\/\\\/nbcs.mx\\\/#\\\/schema\\\/person\\\/ece58bab9a7c1e87a4d28ec9ecd79ff4\"},\"headline\":\"Agradecen vecinos apoyo de Semar para la construcci\u00f3n del parque de El Manglito\",\"datePublished\":\"2021-01-26T00:47:21+00:00\",\"mainEntityOfPage\":{\"@id\":\"https:\\\/\\\/nbcs.mx\\\/?p=81550\"},\"wordCount\":266,\"commentCount\":0,\"publisher\":{\"@id\":\"https:\\\/\\\/nbcs.mx\\\/#organization\"},\"image\":{\"@id\":\"https:\\\/\\\/nbcs.mx\\\/?p=81550#primaryimage\"},\"thumbnailUrl\":\"https:\\\/\\\/nbcs.mx\\\/wp-content\\\/uploads\\\/2021\\\/01\\\/f2b509dd-e797-46f1-b6eb-a1480891a0de-657x492.jpeg\",\"articleSection\":[\"Noticias\"],\"inLanguage\":\"es\",\"potentialAction\":[{\"@type\":\"CommentAction\",\"name\":\"Comment\",\"target\":[\"https:\\\/\\\/nbcs.mx\\\/?p=81550#respond\"]}]},{\"@type\":\"WebPage\",\"@id\":\"https:\\\/\\\/nbcs.mx\\\/?p=81550\",\"url\":\"https:\\\/\\\/nbcs.mx\\\/?p=81550\",\"name\":\"Agradecen vecinos apoyo de Semar para la construcci\u00f3n del parque de El Manglito - NBCS Noticias\",\"isPartOf\":{\"@id\":\"https:\\\/\\\/nbcs.mx\\\/#website\"},\"primaryImageOfPage\":{\"@id\":\"https:\\\/\\\/nbcs.mx\\\/?p=81550#primaryimage\"},\"image\":{\"@id\":\"https:\\\/\\\/nbcs.mx\\\/?p=81550#primaryimage\"},\"thumbnailUrl\":\"https:\\\/\\\/nbcs.mx\\\/wp-content\\\/uploads\\\/2021\\\/01\\\/f2b509dd-e797-46f1-b6eb-a1480891a0de-657x492.jpeg\",\"datePublished\":\"2021-01-26T00:47:21+00:00\",\"breadcrumb\":{\"@id\":\"https:\\\/\\\/nbcs.mx\\\/?p=81550#breadcrumb\"},\"inLanguage\":\"es\",\"potentialAction\":[{\"@type\":\"ReadAction\",\"target\":[\"https:\\\/\\\/nbcs.mx\\\/?p=81550\"]}]},{\"@type\":\"ImageObject\",\"inLanguage\":\"es\",\"@id\":\"https:\\\/\\\/nbcs.mx\\\/?p=81550#primaryimage\",\"url\":\"https:\\\/\\\/nbcs.mx\\\/wp-content\\\/uploads\\\/2021\\\/01\\\/f2b509dd-e797-46f1-b6eb-a1480891a0de-657x492.jpeg\",\"contentUrl\":\"https:\\\/\\\/nbcs.mx\\\/wp-content\\\/uploads\\\/2021\\\/01\\\/f2b509dd-e797-46f1-b6eb-a1480891a0de-657x492.jpeg\"},{\"@type\":\"BreadcrumbList\",\"@id\":\"https:\\\/\\\/nbcs.mx\\\/?p=81550#breadcrumb\",\"itemListElement\":[{\"@type\":\"ListItem\",\"position\":1,\"name\":\"Portada\",\"item\":\"https:\\\/\\\/nbcs.mx\\\/\"},{\"@type\":\"ListItem\",\"position\":2,\"name\":\"Agradecen vecinos apoyo de Semar para la construcci\u00f3n del parque de El Manglito\"}]},{\"@type\":\"WebSite\",\"@id\":\"https:\\\/\\\/nbcs.mx\\\/#website\",\"url\":\"https:\\\/\\\/nbcs.mx\\\/\",\"name\":\"NBCS Noticias\",\"description\":\"Sitio web de noticias en Baja California Sur\",\"publisher\":{\"@id\":\"https:\\\/\\\/nbcs.mx\\\/#organization\"},\"potentialAction\":[{\"@type\":\"SearchAction\",\"target\":{\"@type\":\"EntryPoint\",\"urlTemplate\":\"https:\\\/\\\/nbcs.mx\\\/?s={search_term_string}\"},\"query-input\":{\"@type\":\"PropertyValueSpecification\",\"valueRequired\":true,\"valueName\":\"search_term_string\"}}],\"inLanguage\":\"es\"},{\"@type\":\"Organization\",\"@id\":\"https:\\\/\\\/nbcs.mx\\\/#organization\",\"name\":\"NBCS Noticias\",\"url\":\"https:\\\/\\\/nbcs.mx\\\/\",\"logo\":{\"@type\":\"ImageObject\",\"inLanguage\":\"es\",\"@id\":\"https:\\\/\\\/nbcs.mx\\\/#\\\/schema\\\/logo\\\/image\\\/\",\"url\":\"https:\\\/\\\/nbcs.mx\\\/wp-content\\\/uploads\\\/2018\\\/09\\\/057b69485e93575a5c2b1c1dde2dd297.jpeg\",\"contentUrl\":\"https:\\\/\\\/nbcs.mx\\\/wp-content\\\/uploads\\\/2018\\\/09\\\/057b69485e93575a5c2b1c1dde2dd297.jpeg\",\"width\":64,\"height\":64,\"caption\":\"NBCS Noticias\"},\"image\":{\"@id\":\"https:\\\/\\\/nbcs.mx\\\/#\\\/schema\\\/logo\\\/image\\\/\"},\"sameAs\":[\"https:\\\/\\\/www.facebook.com\\\/NBCSnoticias\",\"https:\\\/\\\/x.com\\\/NBCSnoticias\"]},{\"@type\":\"Person\",\"@id\":\"https:\\\/\\\/nbcs.mx\\\/#\\\/schema\\\/person\\\/ece58bab9a7c1e87a4d28ec9ecd79ff4\",\"name\":\"NBCS Noticias\",\"image\":{\"@type\":\"ImageObject\",\"inLanguage\":\"es\",\"@id\":\"https:\\\/\\\/secure.gravatar.com\\\/avatar\\\/4e52110cad1c4054b43271a0d14bbe9e2ea76aecd0e1097edfc670798d9ca1d4?s=96&d=blank&r=g\",\"url\":\"https:\\\/\\\/secure.gravatar.com\\\/avatar\\\/4e52110cad1c4054b43271a0d14bbe9e2ea76aecd0e1097edfc670798d9ca1d4?s=96&d=blank&r=g\",\"contentUrl\":\"https:\\\/\\\/secure.gravatar.com\\\/avatar\\\/4e52110cad1c4054b43271a0d14bbe9e2ea76aecd0e1097edfc670798d9ca1d4?s=96&d=blank&r=g\",\"caption\":\"NBCS Noticias\"},\"description\":\"\u00bfTienes fotos o video de alg\u00fan acto de posible negligencia, corrupci\u00f3n y abuso de autoridad? M\u00e1ndalo al WhatsApp de NBCS Noticias: 612 141 98 08\",\"sameAs\":[\"https:\\\/\\\/www.nbcs.mx\",\"https:\\\/\\\/www.facebook.com\\\/NBCSnoticias\",\"https:\\\/\\\/www.instagram.com\\\/nbcsnoticias\\\/\",\"https:\\\/\\\/x.com\\\/https:\\\/\\\/twitter.com\\\/NBCSnoticias\"]}]}<\/script>\n<!-- \/ Yoast SEO plugin. -->","yoast_head_json":{"title":"Agradecen vecinos apoyo de Semar para la construcci\u00f3n del parque de El Manglito - NBCS Noticias","robots":{"index":"index","follow":"follow","max-snippet":"max-snippet:-1","max-image-preview":"max-image-preview:large","max-video-preview":"max-video-preview:-1"},"canonical":"https:\/\/nbcs.mx\/?p=81550","og_locale":"es_ES","og_type":"article","og_title":"Agradecen vecinos apoyo de Semar para la construcci\u00f3n del parque de El Manglito - NBCS Noticias","og_description":"La Paz, Baja California Sur.- Vecinos del barrio El Manglito, agradecieron a la Secretaria de Marina, su apoyo para que","og_url":"https:\/\/nbcs.mx\/?p=81550","og_site_name":"NBCS Noticias","article_publisher":"https:\/\/www.facebook.com\/NBCSnoticias","article_author":"https:\/\/www.facebook.com\/NBCSnoticias","article_published_time":"2021-01-26T00:47:21+00:00","og_image":[{"url":"https:\/\/nbcs.mx\/wp-content\/uploads\/2021\/01\/f2b509dd-e797-46f1-b6eb-a1480891a0de-657x492.jpeg","type":"","width":"","height":""}],"author":"NBCS Noticias","twitter_card":"summary_large_image","twitter_creator":"@https:\/\/twitter.com\/NBCSnoticias","twitter_site":"@NBCSnoticias","twitter_misc":{"Escrito por":"NBCS Noticias","Tiempo de lectura":"2 minutos"},"schema":{"@context":"https:\/\/schema.org","@graph":[{"@type":"Article","@id":"https:\/\/nbcs.mx\/?p=81550#article","isPartOf":{"@id":"https:\/\/nbcs.mx\/?p=81550"},"author":{"name":"NBCS Noticias","@id":"https:\/\/nbcs.mx\/#\/schema\/person\/ece58bab9a7c1e87a4d28ec9ecd79ff4"},"headline":"Agradecen vecinos apoyo de Semar para la construcci\u00f3n del parque de El Manglito","datePublished":"2021-01-26T00:47:21+00:00","mainEntityOfPage":{"@id":"https:\/\/nbcs.mx\/?p=81550"},"wordCount":266,"commentCount":0,"publisher":{"@id":"https:\/\/nbcs.mx\/#organization"},"image":{"@id":"https:\/\/nbcs.mx\/?p=81550#primaryimage"},"thumbnailUrl":"https:\/\/nbcs.mx\/wp-content\/uploads\/2021\/01\/f2b509dd-e797-46f1-b6eb-a1480891a0de-657x492.jpeg","articleSection":["Noticias"],"inLanguage":"es","potentialAction":[{"@type":"CommentAction","name":"Comment","target":["https:\/\/nbcs.mx\/?p=81550#respond"]}]},{"@type":"WebPage","@id":"https:\/\/nbcs.mx\/?p=81550","url":"https:\/\/nbcs.mx\/?p=81550","name":"Agradecen vecinos apoyo de Semar para la construcci\u00f3n del parque de El Manglito - NBCS Noticias","isPartOf":{"@id":"https:\/\/nbcs.mx\/#website"},"primaryImageOfPage":{"@id":"https:\/\/nbcs.mx\/?p=81550#primaryimage"},"image":{"@id":"https:\/\/nbcs.mx\/?p=81550#primaryimage"},"thumbnailUrl":"https:\/\/nbcs.mx\/wp-content\/uploads\/2021\/01\/f2b509dd-e797-46f1-b6eb-a1480891a0de-657x492.jpeg","datePublished":"2021-01-26T00:47:21+00:00","breadcrumb":{"@id":"https:\/\/nbcs.mx\/?p=81550#breadcrumb"},"inLanguage":"es","potentialAction":[{"@type":"ReadAction","target":["https:\/\/nbcs.mx\/?p=81550"]}]},{"@type":"ImageObject","inLanguage":"es","@id":"https:\/\/nbcs.mx\/?p=81550#primaryimage","url":"https:\/\/nbcs.mx\/wp-content\/uploads\/2021\/01\/f2b509dd-e797-46f1-b6eb-a1480891a0de-657x492.jpeg","contentUrl":"https:\/\/nbcs.mx\/wp-content\/uploads\/2021\/01\/f2b509dd-e797-46f1-b6eb-a1480891a0de-657x492.jpeg"},{"@type":"BreadcrumbList","@id":"https:\/\/nbcs.mx\/?p=81550#breadcrumb","itemListElement":[{"@type":"ListItem","position":1,"name":"Portada","item":"https:\/\/nbcs.mx\/"},{"@type":"ListItem","position":2,"name":"Agradecen vecinos apoyo de Semar para la construcci\u00f3n del parque de El Manglito"}]},{"@type":"WebSite","@id":"https:\/\/nbcs.mx\/#website","url":"https:\/\/nbcs.mx\/","name":"NBCS Noticias","description":"Sitio web de noticias en Baja California Sur","publisher":{"@id":"https:\/\/nbcs.mx\/#organization"},"potentialAction":[{"@type":"SearchAction","target":{"@type":"EntryPoint","urlTemplate":"https:\/\/nbcs.mx\/?s={search_term_string}"},"query-input":{"@type":"PropertyValueSpecification","valueRequired":true,"valueName":"search_term_string"}}],"inLanguage":"es"},{"@type":"Organization","@id":"https:\/\/nbcs.mx\/#organization","name":"NBCS Noticias","url":"https:\/\/nbcs.mx\/","logo":{"@type":"ImageObject","inLanguage":"es","@id":"https:\/\/nbcs.mx\/#\/schema\/logo\/image\/","url":"https:\/\/nbcs.mx\/wp-content\/uploads\/2018\/09\/057b69485e93575a5c2b1c1dde2dd297.jpeg","contentUrl":"https:\/\/nbcs.mx\/wp-content\/uploads\/2018\/09\/057b69485e93575a5c2b1c1dde2dd297.jpeg","width":64,"height":64,"caption":"NBCS Noticias"},"image":{"@id":"https:\/\/nbcs.mx\/#\/schema\/logo\/image\/"},"sameAs":["https:\/\/www.facebook.com\/NBCSnoticias","https:\/\/x.com\/NBCSnoticias"]},{"@type":"Person","@id":"https:\/\/nbcs.mx\/#\/schema\/person\/ece58bab9a7c1e87a4d28ec9ecd79ff4","name":"NBCS Noticias","image":{"@type":"ImageObject","inLanguage":"es","@id":"https:\/\/secure.gravatar.com\/avatar\/4e52110cad1c4054b43271a0d14bbe9e2ea76aecd0e1097edfc670798d9ca1d4?s=96&d=blank&r=g","url":"https:\/\/secure.gravatar.com\/avatar\/4e52110cad1c4054b43271a0d14bbe9e2ea76aecd0e1097edfc670798d9ca1d4?s=96&d=blank&r=g","contentUrl":"https:\/\/secure.gravatar.com\/avatar\/4e52110cad1c4054b43271a0d14bbe9e2ea76aecd0e1097edfc670798d9ca1d4?s=96&d=blank&r=g","caption":"NBCS Noticias"},"description":"\u00bfTienes fotos o video de alg\u00fan acto de posible negligencia, corrupci\u00f3n y abuso de autoridad? M\u00e1ndalo al WhatsApp de NBCS Noticias: 612 141 98 08","sameAs":["https:\/\/www.nbcs.mx","https:\/\/www.facebook.com\/NBCSnoticias","https:\/\/www.instagram.com\/nbcsnoticias\/","https:\/\/x.com\/https:\/\/twitter.com\/NBCSnoticias"]}]}},"jetpack_publicize_connections":[],"jetpack_sharing_enabled":true,"jetpack_featured_media_url":"","_links":{"self":[{"href":"https:\/\/nbcs.mx\/index.php?rest_route=\/wp\/v2\/posts\/81550","targetHints":{"allow":["GET"]}}],"collection":[{"href":"https:\/\/nbcs.mx\/index.php?rest_route=\/wp\/v2\/posts"}],"about":[{"href":"https:\/\/nbcs.mx\/index.php?rest_route=\/wp\/v2\/types\/post"}],"author":[{"embeddable":true,"href":"https:\/\/nbcs.mx\/index.php?rest_route=\/wp\/v2\/users\/1"}],"replies":[{"embeddable":true,"href":"https:\/\/nbcs.mx\/index.php?rest_route=%2Fwp%2Fv2%2Fcomments&post=81550"}],"version-history":[{"count":1,"href":"https:\/\/nbcs.mx\/index.php?rest_route=\/wp\/v2\/posts\/81550\/revisions"}],"predecessor-version":[{"id":81554,"href":"https:\/\/nbcs.mx\/index.php?rest_route=\/wp\/v2\/posts\/81550\/revisions\/81554"}],"wp:attachment":[{"href":"https:\/\/nbcs.mx\/index.php?rest_route=%2Fwp%2Fv2%2Fmedia&parent=81550"}],"wp:term":[{"taxonomy":"category","embeddable":true,"href":"https:\/\/nbcs.mx\/index.php?rest_route=%2Fwp%2Fv2%2Fcategories&post=81550"},{"taxonomy":"post_tag","embeddable":true,"href":"https:\/\/nbcs.mx\/index.php?rest_route=%2Fwp%2Fv2%2Ftags&post=81550"}],"curies":[{"name":"wp","href":"https:\/\/api.w.org\/{rel}","templated":true}]}}