{"id":81698,"date":"2021-01-27T15:12:47","date_gmt":"2021-01-27T22:12:47","guid":{"rendered":"https:\/\/nbcs.mx\/?p=81698"},"modified":"2021-01-27T15:12:47","modified_gmt":"2021-01-27T22:12:47","slug":"este-viernes-daran-a-conocer-los-resultados-de-las-becas-internas-en-la-uabcs","status":"publish","type":"post","link":"https:\/\/nbcs.mx\/?p=81698","title":{"rendered":"Este viernes dar\u00e1n a conocer los resultados de las becas internas en la UABCS"},"content":{"rendered":"<p style=\"font-weight: 400; text-align: justify;\"><img loading=\"lazy\" decoding=\"async\" class=\"size-full wp-image-81699 alignleft\" src=\"https:\/\/nbcs.mx\/wp-content\/uploads\/2021\/01\/unnamed.jpg\" alt=\"\" width=\"300\" height=\"296\" \/>La Paz, Baja California Sur.-\u00a0El pr\u00f3ximo viernes 29 de enero se dar\u00e1n a conocer los resultados del Programa de Becas Internas que ofrece la Universidad Aut\u00f3noma de Baja California Sur (UABCS) a sus estudiantes, as\u00ed lo informo el responsable del \u00c1rea de Becas de la Universidad Mtro. Alberto Monroy Cese\u00f1a.<\/p>\n<p style=\"font-weight: 400; text-align: justify;\">A trav\u00e9s de un comunicado, explico que quienes deseen saber si resultaron beneficiados en la convocatoria 2021-I, que tuvo su proceso de solicitud a finales del periodo escolar pasado, s\u00f3lo deben ingresar a la p\u00e1gina web de la Universidad,\u00a0<a href=\"http:\/\/www.uabcs.mx\/\" data-saferedirecturl=\"https:\/\/www.google.com\/url?q=http:\/\/www.uabcs.mx&amp;source=gmail&amp;ust=1611871447691000&amp;usg=AFQjCNGeRU9o3lzeq1-gLj5C0JKfANcoWQ\">www.uabcs.mx<\/a>, donde estar\u00e1n disponibles las listas.<\/p>\n<p style=\"font-weight: 400; text-align: justify;\">Para este semestre, la UABCS ofreci\u00f3 las becas \u201cSocioecon\u00f3mica\u201d, \u201cDe excelencia\u201d y \u201cReconocimiento a la participaci\u00f3n\u201d, las cuales consisten en la exenci\u00f3n del pago semestral total o parcial.<\/p>\n<p style=\"font-weight: 400; text-align: justify;\">Su objetivo principal es apoyar a estudiantes del nivel licenciatura y t\u00e9cnico superior universitario que sean de bajos recursos, al igual que estimular a quienes trascienden en los \u00e1mbitos acad\u00e9mico, deportivo, art\u00edstico-cultural o por alguna actividad de participaci\u00f3n comunitaria.<\/p>\n<p style=\"font-weight: 400; text-align: justify;\">Referente a la socioecon\u00f3mica, el funcionario puntualiz\u00f3 que por reglamento se otorga al 4% de la matr\u00edcula total inscrita en el periodo lectivo anterior, que en este caso fue el 2020-II; aunque, por el amplio n\u00famero de solicitudes, en esta ocasi\u00f3n se ajust\u00f3 para apoyar a un n\u00famero mayor de alumnos y alumnas que cumplieran con los requisitos.<\/p>\n<p style=\"font-weight: 400; text-align: justify;\">Como un punto importante, el Mtro. Alberto Monroy hizo hincapi\u00e9 en que las personas beneficiadas no deben olvidar que entre el 8 y el 12 de febrero tienen que realizar su reinscripci\u00f3n de acuerdo al proceso publicado en el portal oficial de la Universidad, pues s\u00f3lo durante este periodo, y al concluir con la totalidad de los pasos, podr\u00e1 aplicarse el apoyo por el concepto de beca.<\/p>\n<p style=\"font-weight: 400; text-align: justify;\">Asimismo, invit\u00f3 al resto del estudiantado a estar al pendiente de la siguiente convocatoria, que generalmente se publica hacia el mes de mayo y dura varias semanas abierta, sobre todo para que tengan ocasi\u00f3n de reunir la documentaci\u00f3n requerida y determinen bien a cu\u00e1l beca pueden aplicar.<\/p>\n<p style=\"font-weight: 400; text-align: justify;\">Para quienes deseen obtener mayores detalles acerca de \u00e9ste y otros servicios relacionados con apoyos a estudiantes, dijo que pueden dirigirse al correo\u00a0infbecas@uabcs.mx\u00a0o bien a la p\u00e1gina de Facebook, UABCS \/ Departamento de Servicios Estudiantiles.<\/p>\n","protected":false},"excerpt":{"rendered":"<p>La Paz, Baja California Sur.-\u00a0El pr\u00f3ximo viernes 29 de enero se dar\u00e1n a conocer los resultados del Programa de Becas<\/p>\n","protected":false},"author":1,"featured_media":0,"comment_status":"open","ping_status":"closed","sticky":false,"template":"","format":"standard","meta":{"colormag_page_container_layout":"default_layout","colormag_page_sidebar_layout":"default_layout","_jetpack_memberships_contains_paid_content":false,"footnotes":"","jetpack_publicize_message":"#Noticias Este viernes dar\u00e1n a conocer los resultados de las becas internas en la @UABCSoficial","jetpack_publicize_feature_enabled":true,"jetpack_social_post_already_shared":true,"jetpack_social_options":{"image_generator_settings":{"template":"highway","default_image_id":0,"font":"","enabled":false},"version":2}},"categories":[1],"tags":[],"class_list":["post-81698","post","type-post","status-publish","format-standard","hentry","category-noticias"],"yoast_head":"<!-- This site is optimized with the Yoast SEO plugin v27.5 - https:\/\/yoast.com\/product\/yoast-seo-wordpress\/ -->\n<title>Este viernes dar\u00e1n a conocer los resultados de las becas internas en la UABCS - NBCS Noticias<\/title>\n<meta name=\"robots\" content=\"index, follow, max-snippet:-1, max-image-preview:large, max-video-preview:-1\" \/>\n<link rel=\"canonical\" href=\"https:\/\/nbcs.mx\/?p=81698\" \/>\n<meta property=\"og:locale\" content=\"es_ES\" \/>\n<meta property=\"og:type\" content=\"article\" \/>\n<meta property=\"og:title\" content=\"Este viernes dar\u00e1n a conocer los resultados de las becas internas en la UABCS - NBCS Noticias\" \/>\n<meta property=\"og:description\" content=\"La Paz, Baja California Sur.-\u00a0El pr\u00f3ximo viernes 29 de enero se dar\u00e1n a conocer los resultados del Programa de Becas\" \/>\n<meta property=\"og:url\" content=\"https:\/\/nbcs.mx\/?p=81698\" \/>\n<meta property=\"og:site_name\" content=\"NBCS Noticias\" \/>\n<meta property=\"article:publisher\" content=\"https:\/\/www.facebook.com\/NBCSnoticias\" \/>\n<meta property=\"article:author\" content=\"https:\/\/www.facebook.com\/NBCSnoticias\" \/>\n<meta property=\"article:published_time\" content=\"2021-01-27T22:12:47+00:00\" \/>\n<meta property=\"og:image\" content=\"https:\/\/nbcs.mx\/wp-content\/uploads\/2020\/08\/becas-mexico-estudia-universidad-uabcs-2017-2018.jpg\" \/>\n\t<meta property=\"og:image:width\" content=\"1024\" \/>\n\t<meta property=\"og:image:height\" content=\"684\" \/>\n\t<meta property=\"og:image:type\" content=\"image\/jpeg\" \/>\n<meta name=\"author\" content=\"NBCS Noticias\" \/>\n<meta name=\"twitter:card\" content=\"summary_large_image\" \/>\n<meta name=\"twitter:creator\" content=\"@https:\/\/twitter.com\/NBCSnoticias\" \/>\n<meta name=\"twitter:site\" content=\"@NBCSnoticias\" \/>\n<meta name=\"twitter:label1\" content=\"Escrito por\" \/>\n\t<meta name=\"twitter:data1\" content=\"NBCS Noticias\" \/>\n\t<meta name=\"twitter:label2\" content=\"Tiempo de lectura\" \/>\n\t<meta name=\"twitter:data2\" content=\"2 minutos\" \/>\n<script type=\"application\/ld+json\" class=\"yoast-schema-graph\">{\"@context\":\"https:\\\/\\\/schema.org\",\"@graph\":[{\"@type\":\"Article\",\"@id\":\"https:\\\/\\\/nbcs.mx\\\/?p=81698#article\",\"isPartOf\":{\"@id\":\"https:\\\/\\\/nbcs.mx\\\/?p=81698\"},\"author\":{\"name\":\"NBCS Noticias\",\"@id\":\"https:\\\/\\\/nbcs.mx\\\/#\\\/schema\\\/person\\\/ece58bab9a7c1e87a4d28ec9ecd79ff4\"},\"headline\":\"Este viernes dar\u00e1n a conocer los resultados de las becas internas en la UABCS\",\"datePublished\":\"2021-01-27T22:12:47+00:00\",\"mainEntityOfPage\":{\"@id\":\"https:\\\/\\\/nbcs.mx\\\/?p=81698\"},\"wordCount\":413,\"commentCount\":0,\"publisher\":{\"@id\":\"https:\\\/\\\/nbcs.mx\\\/#organization\"},\"image\":{\"@id\":\"https:\\\/\\\/nbcs.mx\\\/?p=81698#primaryimage\"},\"thumbnailUrl\":\"https:\\\/\\\/nbcs.mx\\\/wp-content\\\/uploads\\\/2021\\\/01\\\/unnamed.jpg\",\"articleSection\":[\"Noticias\"],\"inLanguage\":\"es\",\"potentialAction\":[{\"@type\":\"CommentAction\",\"name\":\"Comment\",\"target\":[\"https:\\\/\\\/nbcs.mx\\\/?p=81698#respond\"]}]},{\"@type\":\"WebPage\",\"@id\":\"https:\\\/\\\/nbcs.mx\\\/?p=81698\",\"url\":\"https:\\\/\\\/nbcs.mx\\\/?p=81698\",\"name\":\"Este viernes dar\u00e1n a conocer los resultados de las becas internas en la UABCS - NBCS Noticias\",\"isPartOf\":{\"@id\":\"https:\\\/\\\/nbcs.mx\\\/#website\"},\"primaryImageOfPage\":{\"@id\":\"https:\\\/\\\/nbcs.mx\\\/?p=81698#primaryimage\"},\"image\":{\"@id\":\"https:\\\/\\\/nbcs.mx\\\/?p=81698#primaryimage\"},\"thumbnailUrl\":\"https:\\\/\\\/nbcs.mx\\\/wp-content\\\/uploads\\\/2021\\\/01\\\/unnamed.jpg\",\"datePublished\":\"2021-01-27T22:12:47+00:00\",\"breadcrumb\":{\"@id\":\"https:\\\/\\\/nbcs.mx\\\/?p=81698#breadcrumb\"},\"inLanguage\":\"es\",\"potentialAction\":[{\"@type\":\"ReadAction\",\"target\":[\"https:\\\/\\\/nbcs.mx\\\/?p=81698\"]}]},{\"@type\":\"ImageObject\",\"inLanguage\":\"es\",\"@id\":\"https:\\\/\\\/nbcs.mx\\\/?p=81698#primaryimage\",\"url\":\"https:\\\/\\\/nbcs.mx\\\/wp-content\\\/uploads\\\/2021\\\/01\\\/unnamed.jpg\",\"contentUrl\":\"https:\\\/\\\/nbcs.mx\\\/wp-content\\\/uploads\\\/2021\\\/01\\\/unnamed.jpg\"},{\"@type\":\"BreadcrumbList\",\"@id\":\"https:\\\/\\\/nbcs.mx\\\/?p=81698#breadcrumb\",\"itemListElement\":[{\"@type\":\"ListItem\",\"position\":1,\"name\":\"Portada\",\"item\":\"https:\\\/\\\/nbcs.mx\\\/\"},{\"@type\":\"ListItem\",\"position\":2,\"name\":\"Este viernes dar\u00e1n a conocer los resultados de las becas internas en la UABCS\"}]},{\"@type\":\"WebSite\",\"@id\":\"https:\\\/\\\/nbcs.mx\\\/#website\",\"url\":\"https:\\\/\\\/nbcs.mx\\\/\",\"name\":\"NBCS Noticias\",\"description\":\"Sitio web de noticias en Baja California Sur\",\"publisher\":{\"@id\":\"https:\\\/\\\/nbcs.mx\\\/#organization\"},\"potentialAction\":[{\"@type\":\"SearchAction\",\"target\":{\"@type\":\"EntryPoint\",\"urlTemplate\":\"https:\\\/\\\/nbcs.mx\\\/?s={search_term_string}\"},\"query-input\":{\"@type\":\"PropertyValueSpecification\",\"valueRequired\":true,\"valueName\":\"search_term_string\"}}],\"inLanguage\":\"es\"},{\"@type\":\"Organization\",\"@id\":\"https:\\\/\\\/nbcs.mx\\\/#organization\",\"name\":\"NBCS Noticias\",\"url\":\"https:\\\/\\\/nbcs.mx\\\/\",\"logo\":{\"@type\":\"ImageObject\",\"inLanguage\":\"es\",\"@id\":\"https:\\\/\\\/nbcs.mx\\\/#\\\/schema\\\/logo\\\/image\\\/\",\"url\":\"https:\\\/\\\/nbcs.mx\\\/wp-content\\\/uploads\\\/2018\\\/09\\\/057b69485e93575a5c2b1c1dde2dd297.jpeg\",\"contentUrl\":\"https:\\\/\\\/nbcs.mx\\\/wp-content\\\/uploads\\\/2018\\\/09\\\/057b69485e93575a5c2b1c1dde2dd297.jpeg\",\"width\":64,\"height\":64,\"caption\":\"NBCS Noticias\"},\"image\":{\"@id\":\"https:\\\/\\\/nbcs.mx\\\/#\\\/schema\\\/logo\\\/image\\\/\"},\"sameAs\":[\"https:\\\/\\\/www.facebook.com\\\/NBCSnoticias\",\"https:\\\/\\\/x.com\\\/NBCSnoticias\"]},{\"@type\":\"Person\",\"@id\":\"https:\\\/\\\/nbcs.mx\\\/#\\\/schema\\\/person\\\/ece58bab9a7c1e87a4d28ec9ecd79ff4\",\"name\":\"NBCS Noticias\",\"image\":{\"@type\":\"ImageObject\",\"inLanguage\":\"es\",\"@id\":\"https:\\\/\\\/secure.gravatar.com\\\/avatar\\\/4e52110cad1c4054b43271a0d14bbe9e2ea76aecd0e1097edfc670798d9ca1d4?s=96&d=blank&r=g\",\"url\":\"https:\\\/\\\/secure.gravatar.com\\\/avatar\\\/4e52110cad1c4054b43271a0d14bbe9e2ea76aecd0e1097edfc670798d9ca1d4?s=96&d=blank&r=g\",\"contentUrl\":\"https:\\\/\\\/secure.gravatar.com\\\/avatar\\\/4e52110cad1c4054b43271a0d14bbe9e2ea76aecd0e1097edfc670798d9ca1d4?s=96&d=blank&r=g\",\"caption\":\"NBCS Noticias\"},\"description\":\"\u00bfTienes fotos o video de alg\u00fan acto de posible negligencia, corrupci\u00f3n y abuso de autoridad? M\u00e1ndalo al WhatsApp de NBCS Noticias: 612 141 98 08\",\"sameAs\":[\"https:\\\/\\\/www.nbcs.mx\",\"https:\\\/\\\/www.facebook.com\\\/NBCSnoticias\",\"https:\\\/\\\/www.instagram.com\\\/nbcsnoticias\\\/\",\"https:\\\/\\\/x.com\\\/https:\\\/\\\/twitter.com\\\/NBCSnoticias\"]}]}<\/script>\n<!-- \/ Yoast SEO plugin. -->","yoast_head_json":{"title":"Este viernes dar\u00e1n a conocer los resultados de las becas internas en la UABCS - NBCS Noticias","robots":{"index":"index","follow":"follow","max-snippet":"max-snippet:-1","max-image-preview":"max-image-preview:large","max-video-preview":"max-video-preview:-1"},"canonical":"https:\/\/nbcs.mx\/?p=81698","og_locale":"es_ES","og_type":"article","og_title":"Este viernes dar\u00e1n a conocer los resultados de las becas internas en la UABCS - NBCS Noticias","og_description":"La Paz, Baja California Sur.-\u00a0El pr\u00f3ximo viernes 29 de enero se dar\u00e1n a conocer los resultados del Programa de Becas","og_url":"https:\/\/nbcs.mx\/?p=81698","og_site_name":"NBCS Noticias","article_publisher":"https:\/\/www.facebook.com\/NBCSnoticias","article_author":"https:\/\/www.facebook.com\/NBCSnoticias","article_published_time":"2021-01-27T22:12:47+00:00","og_image":[{"width":1024,"height":684,"url":"https:\/\/nbcs.mx\/wp-content\/uploads\/2020\/08\/becas-mexico-estudia-universidad-uabcs-2017-2018.jpg","type":"image\/jpeg"}],"author":"NBCS Noticias","twitter_card":"summary_large_image","twitter_creator":"@https:\/\/twitter.com\/NBCSnoticias","twitter_site":"@NBCSnoticias","twitter_misc":{"Escrito por":"NBCS Noticias","Tiempo de lectura":"2 minutos"},"schema":{"@context":"https:\/\/schema.org","@graph":[{"@type":"Article","@id":"https:\/\/nbcs.mx\/?p=81698#article","isPartOf":{"@id":"https:\/\/nbcs.mx\/?p=81698"},"author":{"name":"NBCS Noticias","@id":"https:\/\/nbcs.mx\/#\/schema\/person\/ece58bab9a7c1e87a4d28ec9ecd79ff4"},"headline":"Este viernes dar\u00e1n a conocer los resultados de las becas internas en la UABCS","datePublished":"2021-01-27T22:12:47+00:00","mainEntityOfPage":{"@id":"https:\/\/nbcs.mx\/?p=81698"},"wordCount":413,"commentCount":0,"publisher":{"@id":"https:\/\/nbcs.mx\/#organization"},"image":{"@id":"https:\/\/nbcs.mx\/?p=81698#primaryimage"},"thumbnailUrl":"https:\/\/nbcs.mx\/wp-content\/uploads\/2021\/01\/unnamed.jpg","articleSection":["Noticias"],"inLanguage":"es","potentialAction":[{"@type":"CommentAction","name":"Comment","target":["https:\/\/nbcs.mx\/?p=81698#respond"]}]},{"@type":"WebPage","@id":"https:\/\/nbcs.mx\/?p=81698","url":"https:\/\/nbcs.mx\/?p=81698","name":"Este viernes dar\u00e1n a conocer los resultados de las becas internas en la UABCS - NBCS Noticias","isPartOf":{"@id":"https:\/\/nbcs.mx\/#website"},"primaryImageOfPage":{"@id":"https:\/\/nbcs.mx\/?p=81698#primaryimage"},"image":{"@id":"https:\/\/nbcs.mx\/?p=81698#primaryimage"},"thumbnailUrl":"https:\/\/nbcs.mx\/wp-content\/uploads\/2021\/01\/unnamed.jpg","datePublished":"2021-01-27T22:12:47+00:00","breadcrumb":{"@id":"https:\/\/nbcs.mx\/?p=81698#breadcrumb"},"inLanguage":"es","potentialAction":[{"@type":"ReadAction","target":["https:\/\/nbcs.mx\/?p=81698"]}]},{"@type":"ImageObject","inLanguage":"es","@id":"https:\/\/nbcs.mx\/?p=81698#primaryimage","url":"https:\/\/nbcs.mx\/wp-content\/uploads\/2021\/01\/unnamed.jpg","contentUrl":"https:\/\/nbcs.mx\/wp-content\/uploads\/2021\/01\/unnamed.jpg"},{"@type":"BreadcrumbList","@id":"https:\/\/nbcs.mx\/?p=81698#breadcrumb","itemListElement":[{"@type":"ListItem","position":1,"name":"Portada","item":"https:\/\/nbcs.mx\/"},{"@type":"ListItem","position":2,"name":"Este viernes dar\u00e1n a conocer los resultados de las becas internas en la UABCS"}]},{"@type":"WebSite","@id":"https:\/\/nbcs.mx\/#website","url":"https:\/\/nbcs.mx\/","name":"NBCS Noticias","description":"Sitio web de noticias en Baja California Sur","publisher":{"@id":"https:\/\/nbcs.mx\/#organization"},"potentialAction":[{"@type":"SearchAction","target":{"@type":"EntryPoint","urlTemplate":"https:\/\/nbcs.mx\/?s={search_term_string}"},"query-input":{"@type":"PropertyValueSpecification","valueRequired":true,"valueName":"search_term_string"}}],"inLanguage":"es"},{"@type":"Organization","@id":"https:\/\/nbcs.mx\/#organization","name":"NBCS Noticias","url":"https:\/\/nbcs.mx\/","logo":{"@type":"ImageObject","inLanguage":"es","@id":"https:\/\/nbcs.mx\/#\/schema\/logo\/image\/","url":"https:\/\/nbcs.mx\/wp-content\/uploads\/2018\/09\/057b69485e93575a5c2b1c1dde2dd297.jpeg","contentUrl":"https:\/\/nbcs.mx\/wp-content\/uploads\/2018\/09\/057b69485e93575a5c2b1c1dde2dd297.jpeg","width":64,"height":64,"caption":"NBCS Noticias"},"image":{"@id":"https:\/\/nbcs.mx\/#\/schema\/logo\/image\/"},"sameAs":["https:\/\/www.facebook.com\/NBCSnoticias","https:\/\/x.com\/NBCSnoticias"]},{"@type":"Person","@id":"https:\/\/nbcs.mx\/#\/schema\/person\/ece58bab9a7c1e87a4d28ec9ecd79ff4","name":"NBCS Noticias","image":{"@type":"ImageObject","inLanguage":"es","@id":"https:\/\/secure.gravatar.com\/avatar\/4e52110cad1c4054b43271a0d14bbe9e2ea76aecd0e1097edfc670798d9ca1d4?s=96&d=blank&r=g","url":"https:\/\/secure.gravatar.com\/avatar\/4e52110cad1c4054b43271a0d14bbe9e2ea76aecd0e1097edfc670798d9ca1d4?s=96&d=blank&r=g","contentUrl":"https:\/\/secure.gravatar.com\/avatar\/4e52110cad1c4054b43271a0d14bbe9e2ea76aecd0e1097edfc670798d9ca1d4?s=96&d=blank&r=g","caption":"NBCS Noticias"},"description":"\u00bfTienes fotos o video de alg\u00fan acto de posible negligencia, corrupci\u00f3n y abuso de autoridad? M\u00e1ndalo al WhatsApp de NBCS Noticias: 612 141 98 08","sameAs":["https:\/\/www.nbcs.mx","https:\/\/www.facebook.com\/NBCSnoticias","https:\/\/www.instagram.com\/nbcsnoticias\/","https:\/\/x.com\/https:\/\/twitter.com\/NBCSnoticias"]}]}},"jetpack_publicize_connections":[],"jetpack_featured_media_url":"","jetpack_sharing_enabled":true,"_links":{"self":[{"href":"https:\/\/nbcs.mx\/index.php?rest_route=\/wp\/v2\/posts\/81698","targetHints":{"allow":["GET"]}}],"collection":[{"href":"https:\/\/nbcs.mx\/index.php?rest_route=\/wp\/v2\/posts"}],"about":[{"href":"https:\/\/nbcs.mx\/index.php?rest_route=\/wp\/v2\/types\/post"}],"author":[{"embeddable":true,"href":"https:\/\/nbcs.mx\/index.php?rest_route=\/wp\/v2\/users\/1"}],"replies":[{"embeddable":true,"href":"https:\/\/nbcs.mx\/index.php?rest_route=%2Fwp%2Fv2%2Fcomments&post=81698"}],"version-history":[{"count":1,"href":"https:\/\/nbcs.mx\/index.php?rest_route=\/wp\/v2\/posts\/81698\/revisions"}],"predecessor-version":[{"id":81700,"href":"https:\/\/nbcs.mx\/index.php?rest_route=\/wp\/v2\/posts\/81698\/revisions\/81700"}],"wp:attachment":[{"href":"https:\/\/nbcs.mx\/index.php?rest_route=%2Fwp%2Fv2%2Fmedia&parent=81698"}],"wp:term":[{"taxonomy":"category","embeddable":true,"href":"https:\/\/nbcs.mx\/index.php?rest_route=%2Fwp%2Fv2%2Fcategories&post=81698"},{"taxonomy":"post_tag","embeddable":true,"href":"https:\/\/nbcs.mx\/index.php?rest_route=%2Fwp%2Fv2%2Ftags&post=81698"}],"curies":[{"name":"wp","href":"https:\/\/api.w.org\/{rel}","templated":true}]}}