{"id":82527,"date":"2021-02-12T17:00:24","date_gmt":"2021-02-13T00:00:24","guid":{"rendered":"https:\/\/nbcs.mx\/?p=82527"},"modified":"2021-02-12T17:00:24","modified_gmt":"2021-02-13T00:00:24","slug":"los-cabos-ejemplo-de-trabajo-en-beneficio-de-las-personas-con-discapacidad","status":"publish","type":"post","link":"https:\/\/nbcs.mx\/?p=82527","title":{"rendered":"Los Cabos ejemplo de trabajo en beneficio de las personas con discapacidad"},"content":{"rendered":"<p style=\"text-align: justify;\"><img loading=\"lazy\" decoding=\"async\" class=\" wp-image-82528 alignleft\" src=\"https:\/\/nbcs.mx\/wp-content\/uploads\/2021\/02\/03-Los-Cabos-es-ejemplo-por-trabajar-en-beneficio-de-las-personas-con-discapacidad-5-755x406.jpeg\" alt=\"\" width=\"387\" height=\"208\" srcset=\"https:\/\/nbcs.mx\/wp-content\/uploads\/2021\/02\/03-Los-Cabos-es-ejemplo-por-trabajar-en-beneficio-de-las-personas-con-discapacidad-5-755x406.jpeg 755w, https:\/\/nbcs.mx\/wp-content\/uploads\/2021\/02\/03-Los-Cabos-es-ejemplo-por-trabajar-en-beneficio-de-las-personas-con-discapacidad-5-1024x551.jpeg 1024w, https:\/\/nbcs.mx\/wp-content\/uploads\/2021\/02\/03-Los-Cabos-es-ejemplo-por-trabajar-en-beneficio-de-las-personas-con-discapacidad-5-150x81.jpeg 150w, https:\/\/nbcs.mx\/wp-content\/uploads\/2021\/02\/03-Los-Cabos-es-ejemplo-por-trabajar-en-beneficio-de-las-personas-con-discapacidad-5-768x413.jpeg 768w, https:\/\/nbcs.mx\/wp-content\/uploads\/2021\/02\/03-Los-Cabos-es-ejemplo-por-trabajar-en-beneficio-de-las-personas-con-discapacidad-5.jpeg 1216w\" sizes=\"auto, (max-width: 387px) 100vw, 387px\" \/>Los Cabos, Baja California Sur.\u2013 Como parte de los logros del Gobierno que preside Armida Castro Guzm\u00e1n,\u00a0 Los Cabos es el segundo Municipio en obtener\u00a0 la medalla a la inclusi\u00f3n \u201cGilberto Rinc\u00f3n Gallardo \u2013 Telet\u00f3n 2020\u201d, lo que posiciona al destino tur\u00edstico como el primer lugar en avances en la promoci\u00f3n de los derechos de las personas con discapacidad.<\/p>\n<p style=\"text-align: justify;\">\n<p style=\"text-align: justify;\">Cabe destacar que para que un municipio pueda ser acreedor a dicha medalla tiene que cumplir los ejes de: discriminaci\u00f3n cero, salud, turismo, empleo, reglamento, arte, deporte y trabajos realizados para los derechos y la protecci\u00f3n de personas con discapacidad durante la contingencia sanitaria.<\/p>\n<p style=\"text-align: justify;\">\n<p style=\"text-align: justify;\">Al respecto, la directora general del Instituto Municipal para el Desarrollo e Inclusi\u00f3n de Personas con Discapacidad en Los Cabos (IMDIS), Mar\u00eda del Socorro Togo G\u00f3mez, coment\u00f3 que gracias al trabajo realizado por las distintas dependencias municipales, como: ZOFEMAT y el Sistema DIF Los Cabos, se pudo participar por la medalla a la inclusi\u00f3n organizada por las fundaciones \u201cTelet\u00f3n\u201d y \u201cGilberto Rinc\u00f3n Gallardo A.C.\u201d.<\/p>\n<p style=\"text-align: justify;\">\n<p style=\"text-align: justify;\">Por otra parte, inform\u00f3 para que el municipio de Los Cabos pudiera ser acreedor a dicho reconocimiento se evaluaron todas las acciones, programas y estrategias realizadas por parte de la XIII Administraci\u00f3n; en ese sentido destac\u00f3 que un claro ejemplo son las 5 playas equipadas con rampas y sillas anfibias, -por mencionar algunas estructuras-, para que las personas con discapacidad puedan hacer uso de ellas, as\u00ed como talleres de lenguajes de se\u00f1as para servidores p\u00fablicos y la entrega de despensas durante la contingencia sanitaria.<\/p>\n<p style=\"text-align: justify;\">\n<p style=\"text-align: justify;\">Asimismo, la directora general Mar\u00eda del Socorro Togo G\u00f3mez puntualiz\u00f3 que desde inicios de la XIII Administraci\u00f3n que preside la alcaldesa, Armida Castro Guzm\u00e1n se han generado empleos para las personas con discapacidad a trav\u00e9s del programa \u00abEmprender Sin Barreras\u201d, con el objetivo de lograr que sean independientes y tengan un ingreso para sus familias.<\/p>\n","protected":false},"excerpt":{"rendered":"<p>Los Cabos, Baja California Sur.\u2013 Como parte de los logros del Gobierno que preside Armida Castro Guzm\u00e1n,\u00a0 Los Cabos es<\/p>\n","protected":false},"author":1,"featured_media":82528,"comment_status":"open","ping_status":"closed","sticky":false,"template":"","format":"standard","meta":{"colormag_page_container_layout":"default_layout","colormag_page_sidebar_layout":"default_layout","_jetpack_memberships_contains_paid_content":false,"footnotes":"","jetpack_publicize_message":"","jetpack_publicize_feature_enabled":true,"jetpack_social_post_already_shared":true,"jetpack_social_options":{"image_generator_settings":{"template":"highway","default_image_id":0,"font":"","enabled":false},"version":2}},"categories":[40],"tags":[],"class_list":["post-82527","post","type-post","status-publish","format-standard","has-post-thumbnail","hentry","category-municipios"],"yoast_head":"<!-- This site is optimized with the Yoast SEO plugin v27.5 - https:\/\/yoast.com\/product\/yoast-seo-wordpress\/ -->\n<title>Los Cabos ejemplo de trabajo en beneficio de las personas con discapacidad - NBCS Noticias<\/title>\n<meta name=\"robots\" content=\"index, follow, max-snippet:-1, max-image-preview:large, max-video-preview:-1\" \/>\n<link rel=\"canonical\" href=\"https:\/\/nbcs.mx\/?p=82527\" \/>\n<meta property=\"og:locale\" content=\"es_ES\" \/>\n<meta property=\"og:type\" content=\"article\" \/>\n<meta property=\"og:title\" content=\"Los Cabos ejemplo de trabajo en beneficio de las personas con discapacidad - NBCS Noticias\" \/>\n<meta property=\"og:description\" content=\"Los Cabos, Baja California Sur.\u2013 Como parte de los logros del Gobierno que preside Armida Castro Guzm\u00e1n,\u00a0 Los Cabos es\" \/>\n<meta property=\"og:url\" content=\"https:\/\/nbcs.mx\/?p=82527\" \/>\n<meta property=\"og:site_name\" content=\"NBCS Noticias\" \/>\n<meta property=\"article:publisher\" content=\"https:\/\/www.facebook.com\/NBCSnoticias\" \/>\n<meta property=\"article:author\" content=\"https:\/\/www.facebook.com\/NBCSnoticias\" \/>\n<meta property=\"article:published_time\" content=\"2021-02-13T00:00:24+00:00\" \/>\n<meta property=\"og:image\" content=\"https:\/\/nbcs.mx\/wp-content\/uploads\/2021\/02\/03-Los-Cabos-es-ejemplo-por-trabajar-en-beneficio-de-las-personas-con-discapacidad-5.jpeg\" \/>\n\t<meta property=\"og:image:width\" content=\"1216\" \/>\n\t<meta property=\"og:image:height\" content=\"654\" \/>\n\t<meta property=\"og:image:type\" content=\"image\/jpeg\" \/>\n<meta name=\"author\" content=\"NBCS Noticias\" \/>\n<meta name=\"twitter:card\" content=\"summary_large_image\" \/>\n<meta name=\"twitter:creator\" content=\"@https:\/\/twitter.com\/NBCSnoticias\" \/>\n<meta name=\"twitter:site\" content=\"@NBCSnoticias\" \/>\n<meta name=\"twitter:label1\" content=\"Escrito por\" \/>\n\t<meta name=\"twitter:data1\" content=\"NBCS Noticias\" \/>\n\t<meta name=\"twitter:label2\" content=\"Tiempo de lectura\" \/>\n\t<meta name=\"twitter:data2\" content=\"2 minutos\" \/>\n<script type=\"application\/ld+json\" class=\"yoast-schema-graph\">{\"@context\":\"https:\\\/\\\/schema.org\",\"@graph\":[{\"@type\":\"Article\",\"@id\":\"https:\\\/\\\/nbcs.mx\\\/?p=82527#article\",\"isPartOf\":{\"@id\":\"https:\\\/\\\/nbcs.mx\\\/?p=82527\"},\"author\":{\"name\":\"NBCS Noticias\",\"@id\":\"https:\\\/\\\/nbcs.mx\\\/#\\\/schema\\\/person\\\/ece58bab9a7c1e87a4d28ec9ecd79ff4\"},\"headline\":\"Los Cabos ejemplo de trabajo en beneficio de las personas con discapacidad\",\"datePublished\":\"2021-02-13T00:00:24+00:00\",\"mainEntityOfPage\":{\"@id\":\"https:\\\/\\\/nbcs.mx\\\/?p=82527\"},\"wordCount\":338,\"commentCount\":0,\"publisher\":{\"@id\":\"https:\\\/\\\/nbcs.mx\\\/#organization\"},\"image\":{\"@id\":\"https:\\\/\\\/nbcs.mx\\\/?p=82527#primaryimage\"},\"thumbnailUrl\":\"https:\\\/\\\/nbcs.mx\\\/wp-content\\\/uploads\\\/2021\\\/02\\\/03-Los-Cabos-es-ejemplo-por-trabajar-en-beneficio-de-las-personas-con-discapacidad-5.jpeg\",\"articleSection\":[\"Municipios\"],\"inLanguage\":\"es\",\"potentialAction\":[{\"@type\":\"CommentAction\",\"name\":\"Comment\",\"target\":[\"https:\\\/\\\/nbcs.mx\\\/?p=82527#respond\"]}]},{\"@type\":\"WebPage\",\"@id\":\"https:\\\/\\\/nbcs.mx\\\/?p=82527\",\"url\":\"https:\\\/\\\/nbcs.mx\\\/?p=82527\",\"name\":\"Los Cabos ejemplo de trabajo en beneficio de las personas con discapacidad - NBCS Noticias\",\"isPartOf\":{\"@id\":\"https:\\\/\\\/nbcs.mx\\\/#website\"},\"primaryImageOfPage\":{\"@id\":\"https:\\\/\\\/nbcs.mx\\\/?p=82527#primaryimage\"},\"image\":{\"@id\":\"https:\\\/\\\/nbcs.mx\\\/?p=82527#primaryimage\"},\"thumbnailUrl\":\"https:\\\/\\\/nbcs.mx\\\/wp-content\\\/uploads\\\/2021\\\/02\\\/03-Los-Cabos-es-ejemplo-por-trabajar-en-beneficio-de-las-personas-con-discapacidad-5.jpeg\",\"datePublished\":\"2021-02-13T00:00:24+00:00\",\"breadcrumb\":{\"@id\":\"https:\\\/\\\/nbcs.mx\\\/?p=82527#breadcrumb\"},\"inLanguage\":\"es\",\"potentialAction\":[{\"@type\":\"ReadAction\",\"target\":[\"https:\\\/\\\/nbcs.mx\\\/?p=82527\"]}]},{\"@type\":\"ImageObject\",\"inLanguage\":\"es\",\"@id\":\"https:\\\/\\\/nbcs.mx\\\/?p=82527#primaryimage\",\"url\":\"https:\\\/\\\/nbcs.mx\\\/wp-content\\\/uploads\\\/2021\\\/02\\\/03-Los-Cabos-es-ejemplo-por-trabajar-en-beneficio-de-las-personas-con-discapacidad-5.jpeg\",\"contentUrl\":\"https:\\\/\\\/nbcs.mx\\\/wp-content\\\/uploads\\\/2021\\\/02\\\/03-Los-Cabos-es-ejemplo-por-trabajar-en-beneficio-de-las-personas-con-discapacidad-5.jpeg\",\"width\":1216,\"height\":654},{\"@type\":\"BreadcrumbList\",\"@id\":\"https:\\\/\\\/nbcs.mx\\\/?p=82527#breadcrumb\",\"itemListElement\":[{\"@type\":\"ListItem\",\"position\":1,\"name\":\"Portada\",\"item\":\"https:\\\/\\\/nbcs.mx\\\/\"},{\"@type\":\"ListItem\",\"position\":2,\"name\":\"Los Cabos ejemplo de trabajo en beneficio de las personas con discapacidad\"}]},{\"@type\":\"WebSite\",\"@id\":\"https:\\\/\\\/nbcs.mx\\\/#website\",\"url\":\"https:\\\/\\\/nbcs.mx\\\/\",\"name\":\"NBCS Noticias\",\"description\":\"Sitio web de noticias en Baja California Sur\",\"publisher\":{\"@id\":\"https:\\\/\\\/nbcs.mx\\\/#organization\"},\"potentialAction\":[{\"@type\":\"SearchAction\",\"target\":{\"@type\":\"EntryPoint\",\"urlTemplate\":\"https:\\\/\\\/nbcs.mx\\\/?s={search_term_string}\"},\"query-input\":{\"@type\":\"PropertyValueSpecification\",\"valueRequired\":true,\"valueName\":\"search_term_string\"}}],\"inLanguage\":\"es\"},{\"@type\":\"Organization\",\"@id\":\"https:\\\/\\\/nbcs.mx\\\/#organization\",\"name\":\"NBCS Noticias\",\"url\":\"https:\\\/\\\/nbcs.mx\\\/\",\"logo\":{\"@type\":\"ImageObject\",\"inLanguage\":\"es\",\"@id\":\"https:\\\/\\\/nbcs.mx\\\/#\\\/schema\\\/logo\\\/image\\\/\",\"url\":\"https:\\\/\\\/nbcs.mx\\\/wp-content\\\/uploads\\\/2018\\\/09\\\/057b69485e93575a5c2b1c1dde2dd297.jpeg\",\"contentUrl\":\"https:\\\/\\\/nbcs.mx\\\/wp-content\\\/uploads\\\/2018\\\/09\\\/057b69485e93575a5c2b1c1dde2dd297.jpeg\",\"width\":64,\"height\":64,\"caption\":\"NBCS Noticias\"},\"image\":{\"@id\":\"https:\\\/\\\/nbcs.mx\\\/#\\\/schema\\\/logo\\\/image\\\/\"},\"sameAs\":[\"https:\\\/\\\/www.facebook.com\\\/NBCSnoticias\",\"https:\\\/\\\/x.com\\\/NBCSnoticias\"]},{\"@type\":\"Person\",\"@id\":\"https:\\\/\\\/nbcs.mx\\\/#\\\/schema\\\/person\\\/ece58bab9a7c1e87a4d28ec9ecd79ff4\",\"name\":\"NBCS Noticias\",\"image\":{\"@type\":\"ImageObject\",\"inLanguage\":\"es\",\"@id\":\"https:\\\/\\\/secure.gravatar.com\\\/avatar\\\/4e52110cad1c4054b43271a0d14bbe9e2ea76aecd0e1097edfc670798d9ca1d4?s=96&d=blank&r=g\",\"url\":\"https:\\\/\\\/secure.gravatar.com\\\/avatar\\\/4e52110cad1c4054b43271a0d14bbe9e2ea76aecd0e1097edfc670798d9ca1d4?s=96&d=blank&r=g\",\"contentUrl\":\"https:\\\/\\\/secure.gravatar.com\\\/avatar\\\/4e52110cad1c4054b43271a0d14bbe9e2ea76aecd0e1097edfc670798d9ca1d4?s=96&d=blank&r=g\",\"caption\":\"NBCS Noticias\"},\"description\":\"\u00bfTienes fotos o video de alg\u00fan acto de posible negligencia, corrupci\u00f3n y abuso de autoridad? M\u00e1ndalo al WhatsApp de NBCS Noticias: 612 141 98 08\",\"sameAs\":[\"https:\\\/\\\/www.nbcs.mx\",\"https:\\\/\\\/www.facebook.com\\\/NBCSnoticias\",\"https:\\\/\\\/www.instagram.com\\\/nbcsnoticias\\\/\",\"https:\\\/\\\/x.com\\\/https:\\\/\\\/twitter.com\\\/NBCSnoticias\"]}]}<\/script>\n<!-- \/ Yoast SEO plugin. -->","yoast_head_json":{"title":"Los Cabos ejemplo de trabajo en beneficio de las personas con discapacidad - NBCS Noticias","robots":{"index":"index","follow":"follow","max-snippet":"max-snippet:-1","max-image-preview":"max-image-preview:large","max-video-preview":"max-video-preview:-1"},"canonical":"https:\/\/nbcs.mx\/?p=82527","og_locale":"es_ES","og_type":"article","og_title":"Los Cabos ejemplo de trabajo en beneficio de las personas con discapacidad - NBCS Noticias","og_description":"Los Cabos, Baja California Sur.\u2013 Como parte de los logros del Gobierno que preside Armida Castro Guzm\u00e1n,\u00a0 Los Cabos es","og_url":"https:\/\/nbcs.mx\/?p=82527","og_site_name":"NBCS Noticias","article_publisher":"https:\/\/www.facebook.com\/NBCSnoticias","article_author":"https:\/\/www.facebook.com\/NBCSnoticias","article_published_time":"2021-02-13T00:00:24+00:00","og_image":[{"width":1216,"height":654,"url":"https:\/\/nbcs.mx\/wp-content\/uploads\/2021\/02\/03-Los-Cabos-es-ejemplo-por-trabajar-en-beneficio-de-las-personas-con-discapacidad-5.jpeg","type":"image\/jpeg"}],"author":"NBCS Noticias","twitter_card":"summary_large_image","twitter_creator":"@https:\/\/twitter.com\/NBCSnoticias","twitter_site":"@NBCSnoticias","twitter_misc":{"Escrito por":"NBCS Noticias","Tiempo de lectura":"2 minutos"},"schema":{"@context":"https:\/\/schema.org","@graph":[{"@type":"Article","@id":"https:\/\/nbcs.mx\/?p=82527#article","isPartOf":{"@id":"https:\/\/nbcs.mx\/?p=82527"},"author":{"name":"NBCS Noticias","@id":"https:\/\/nbcs.mx\/#\/schema\/person\/ece58bab9a7c1e87a4d28ec9ecd79ff4"},"headline":"Los Cabos ejemplo de trabajo en beneficio de las personas con discapacidad","datePublished":"2021-02-13T00:00:24+00:00","mainEntityOfPage":{"@id":"https:\/\/nbcs.mx\/?p=82527"},"wordCount":338,"commentCount":0,"publisher":{"@id":"https:\/\/nbcs.mx\/#organization"},"image":{"@id":"https:\/\/nbcs.mx\/?p=82527#primaryimage"},"thumbnailUrl":"https:\/\/nbcs.mx\/wp-content\/uploads\/2021\/02\/03-Los-Cabos-es-ejemplo-por-trabajar-en-beneficio-de-las-personas-con-discapacidad-5.jpeg","articleSection":["Municipios"],"inLanguage":"es","potentialAction":[{"@type":"CommentAction","name":"Comment","target":["https:\/\/nbcs.mx\/?p=82527#respond"]}]},{"@type":"WebPage","@id":"https:\/\/nbcs.mx\/?p=82527","url":"https:\/\/nbcs.mx\/?p=82527","name":"Los Cabos ejemplo de trabajo en beneficio de las personas con discapacidad - NBCS Noticias","isPartOf":{"@id":"https:\/\/nbcs.mx\/#website"},"primaryImageOfPage":{"@id":"https:\/\/nbcs.mx\/?p=82527#primaryimage"},"image":{"@id":"https:\/\/nbcs.mx\/?p=82527#primaryimage"},"thumbnailUrl":"https:\/\/nbcs.mx\/wp-content\/uploads\/2021\/02\/03-Los-Cabos-es-ejemplo-por-trabajar-en-beneficio-de-las-personas-con-discapacidad-5.jpeg","datePublished":"2021-02-13T00:00:24+00:00","breadcrumb":{"@id":"https:\/\/nbcs.mx\/?p=82527#breadcrumb"},"inLanguage":"es","potentialAction":[{"@type":"ReadAction","target":["https:\/\/nbcs.mx\/?p=82527"]}]},{"@type":"ImageObject","inLanguage":"es","@id":"https:\/\/nbcs.mx\/?p=82527#primaryimage","url":"https:\/\/nbcs.mx\/wp-content\/uploads\/2021\/02\/03-Los-Cabos-es-ejemplo-por-trabajar-en-beneficio-de-las-personas-con-discapacidad-5.jpeg","contentUrl":"https:\/\/nbcs.mx\/wp-content\/uploads\/2021\/02\/03-Los-Cabos-es-ejemplo-por-trabajar-en-beneficio-de-las-personas-con-discapacidad-5.jpeg","width":1216,"height":654},{"@type":"BreadcrumbList","@id":"https:\/\/nbcs.mx\/?p=82527#breadcrumb","itemListElement":[{"@type":"ListItem","position":1,"name":"Portada","item":"https:\/\/nbcs.mx\/"},{"@type":"ListItem","position":2,"name":"Los Cabos ejemplo de trabajo en beneficio de las personas con discapacidad"}]},{"@type":"WebSite","@id":"https:\/\/nbcs.mx\/#website","url":"https:\/\/nbcs.mx\/","name":"NBCS Noticias","description":"Sitio web de noticias en Baja California Sur","publisher":{"@id":"https:\/\/nbcs.mx\/#organization"},"potentialAction":[{"@type":"SearchAction","target":{"@type":"EntryPoint","urlTemplate":"https:\/\/nbcs.mx\/?s={search_term_string}"},"query-input":{"@type":"PropertyValueSpecification","valueRequired":true,"valueName":"search_term_string"}}],"inLanguage":"es"},{"@type":"Organization","@id":"https:\/\/nbcs.mx\/#organization","name":"NBCS Noticias","url":"https:\/\/nbcs.mx\/","logo":{"@type":"ImageObject","inLanguage":"es","@id":"https:\/\/nbcs.mx\/#\/schema\/logo\/image\/","url":"https:\/\/nbcs.mx\/wp-content\/uploads\/2018\/09\/057b69485e93575a5c2b1c1dde2dd297.jpeg","contentUrl":"https:\/\/nbcs.mx\/wp-content\/uploads\/2018\/09\/057b69485e93575a5c2b1c1dde2dd297.jpeg","width":64,"height":64,"caption":"NBCS Noticias"},"image":{"@id":"https:\/\/nbcs.mx\/#\/schema\/logo\/image\/"},"sameAs":["https:\/\/www.facebook.com\/NBCSnoticias","https:\/\/x.com\/NBCSnoticias"]},{"@type":"Person","@id":"https:\/\/nbcs.mx\/#\/schema\/person\/ece58bab9a7c1e87a4d28ec9ecd79ff4","name":"NBCS Noticias","image":{"@type":"ImageObject","inLanguage":"es","@id":"https:\/\/secure.gravatar.com\/avatar\/4e52110cad1c4054b43271a0d14bbe9e2ea76aecd0e1097edfc670798d9ca1d4?s=96&d=blank&r=g","url":"https:\/\/secure.gravatar.com\/avatar\/4e52110cad1c4054b43271a0d14bbe9e2ea76aecd0e1097edfc670798d9ca1d4?s=96&d=blank&r=g","contentUrl":"https:\/\/secure.gravatar.com\/avatar\/4e52110cad1c4054b43271a0d14bbe9e2ea76aecd0e1097edfc670798d9ca1d4?s=96&d=blank&r=g","caption":"NBCS Noticias"},"description":"\u00bfTienes fotos o video de alg\u00fan acto de posible negligencia, corrupci\u00f3n y abuso de autoridad? M\u00e1ndalo al WhatsApp de NBCS Noticias: 612 141 98 08","sameAs":["https:\/\/www.nbcs.mx","https:\/\/www.facebook.com\/NBCSnoticias","https:\/\/www.instagram.com\/nbcsnoticias\/","https:\/\/x.com\/https:\/\/twitter.com\/NBCSnoticias"]}]}},"jetpack_publicize_connections":[],"jetpack_featured_media_url":"https:\/\/nbcs.mx\/wp-content\/uploads\/2021\/02\/03-Los-Cabos-es-ejemplo-por-trabajar-en-beneficio-de-las-personas-con-discapacidad-5.jpeg","jetpack_sharing_enabled":true,"_links":{"self":[{"href":"https:\/\/nbcs.mx\/index.php?rest_route=\/wp\/v2\/posts\/82527","targetHints":{"allow":["GET"]}}],"collection":[{"href":"https:\/\/nbcs.mx\/index.php?rest_route=\/wp\/v2\/posts"}],"about":[{"href":"https:\/\/nbcs.mx\/index.php?rest_route=\/wp\/v2\/types\/post"}],"author":[{"embeddable":true,"href":"https:\/\/nbcs.mx\/index.php?rest_route=\/wp\/v2\/users\/1"}],"replies":[{"embeddable":true,"href":"https:\/\/nbcs.mx\/index.php?rest_route=%2Fwp%2Fv2%2Fcomments&post=82527"}],"version-history":[{"count":1,"href":"https:\/\/nbcs.mx\/index.php?rest_route=\/wp\/v2\/posts\/82527\/revisions"}],"predecessor-version":[{"id":82529,"href":"https:\/\/nbcs.mx\/index.php?rest_route=\/wp\/v2\/posts\/82527\/revisions\/82529"}],"wp:featuredmedia":[{"embeddable":true,"href":"https:\/\/nbcs.mx\/index.php?rest_route=\/wp\/v2\/media\/82528"}],"wp:attachment":[{"href":"https:\/\/nbcs.mx\/index.php?rest_route=%2Fwp%2Fv2%2Fmedia&parent=82527"}],"wp:term":[{"taxonomy":"category","embeddable":true,"href":"https:\/\/nbcs.mx\/index.php?rest_route=%2Fwp%2Fv2%2Fcategories&post=82527"},{"taxonomy":"post_tag","embeddable":true,"href":"https:\/\/nbcs.mx\/index.php?rest_route=%2Fwp%2Fv2%2Ftags&post=82527"}],"curies":[{"name":"wp","href":"https:\/\/api.w.org\/{rel}","templated":true}]}}