{"id":82632,"date":"2021-02-15T20:36:23","date_gmt":"2021-02-16T03:36:23","guid":{"rendered":"https:\/\/nbcs.mx\/?p=82632"},"modified":"2021-02-15T20:36:23","modified_gmt":"2021-02-16T03:36:23","slug":"reconoce-gobernador-desempeno-de-sectores-primarios-durante-pandemia","status":"publish","type":"post","link":"https:\/\/nbcs.mx\/?p=82632","title":{"rendered":"Reconoce gobernador desempe\u00f1o de sectores primarios durante pandemia"},"content":{"rendered":"<p style=\"text-align: justify;\"><img loading=\"lazy\" decoding=\"async\" class=\" wp-image-82634 alignleft\" src=\"https:\/\/nbcs.mx\/wp-content\/uploads\/2021\/02\/PRINCIPAL-CMD_-GANADERIA-2-739x492.jpeg\" alt=\"\" width=\"383\" height=\"255\" srcset=\"https:\/\/nbcs.mx\/wp-content\/uploads\/2021\/02\/PRINCIPAL-CMD_-GANADERIA-2-739x492.jpeg 739w, https:\/\/nbcs.mx\/wp-content\/uploads\/2021\/02\/PRINCIPAL-CMD_-GANADERIA-2-150x100.jpeg 150w, https:\/\/nbcs.mx\/wp-content\/uploads\/2021\/02\/PRINCIPAL-CMD_-GANADERIA-2-768x512.jpeg 768w, https:\/\/nbcs.mx\/wp-content\/uploads\/2021\/02\/PRINCIPAL-CMD_-GANADERIA-2.jpeg 1024w\" sizes=\"auto, (max-width: 383px) 100vw, 383px\" \/>Guerrero Negro, municipio de Muleg\u00e9.- Al poner en marcha la construcci\u00f3n de corrales de estancia y alimentaci\u00f3n en la zona del Punto de Verificaci\u00f3n Interna (PVI) en Guerrero Negro, en el l\u00edmite entre los estados de Baja California y Baja California Sur (paralelo 28), el gobernador, Carlos Mendoza Davis, reconoci\u00f3 p\u00fablicamente el desempe\u00f1o de los sectores productivos primarios que han mantenido sus actividades durante la pandemia por Covid-19 en favor de las familias sudcalifornianas.<\/p>\n<p style=\"text-align: justify;\">Acompa\u00f1ado por el alcalde de Muleg\u00e9, Felipe Prado Bautista; y, el secretario de Pesca, Acuacultura y Desarrollo Agropecuario (SEPADA), Andr\u00e9s C\u00f3rdova Urrutia, el Mandatario sudcaliforniano destac\u00f3 que, en la presente contingencia sanitaria, los productores han continuado con la producci\u00f3n de alimentos como parte de las actividades esenciales y han generado empleos, lo que ha sido fundamental para que la entidad destaque a nivel nacional en esa materia.<\/p>\n<p style=\"text-align: justify;\">Mendoza Davis enfatiz\u00f3 que dicho esfuerzo es el mejor ejemplo de la importancia de diversificar la econom\u00eda estatal y del papel que juegan los sectores agropecuarios, pesca y acuacultura en la tarea de impulsar el desarrollo y progreso de cada uno de los municipios de la media pen\u00ednsula.<\/p>\n<p><img loading=\"lazy\" decoding=\"async\" class=\"size-medium wp-image-82633 aligncenter\" src=\"https:\/\/nbcs.mx\/wp-content\/uploads\/2021\/02\/PRINCIPAL-CMD_-GANADERIA-1-739x492.jpeg\" alt=\"\" width=\"739\" height=\"492\" srcset=\"https:\/\/nbcs.mx\/wp-content\/uploads\/2021\/02\/PRINCIPAL-CMD_-GANADERIA-1-739x492.jpeg 739w, https:\/\/nbcs.mx\/wp-content\/uploads\/2021\/02\/PRINCIPAL-CMD_-GANADERIA-1-150x100.jpeg 150w, https:\/\/nbcs.mx\/wp-content\/uploads\/2021\/02\/PRINCIPAL-CMD_-GANADERIA-1-768x512.jpeg 768w, https:\/\/nbcs.mx\/wp-content\/uploads\/2021\/02\/PRINCIPAL-CMD_-GANADERIA-1.jpeg 1024w\" sizes=\"auto, (max-width: 739px) 100vw, 739px\" \/><\/p>\n<p style=\"text-align: justify;\">Con estas acciones, como la construcci\u00f3n de corrales de estancia y alimentaci\u00f3n que ascienden al medio mill\u00f3n de pesos, el Gobierno del Estado y la Asociaci\u00f3n Civil Acopiadores y Movilizadores de Baja California Sur atendieron un viejo anhelo de los productores; es decir, contar con instalaciones para el descanso y alimento de sus animales, y que permitir\u00e1 evitar p\u00e9rdidas de peso y valor al llegar a su destino final, ya que con \u00e9stos se atender\u00e1n m\u00e1s de 364 jaulas que, en promedio, movilizan m\u00e1s de 36 mil cabezas de ganado al\u00a0 a\u00f1o hacia el estado de Baja California.<\/p>\n<p style=\"text-align: justify;\">En la gira de trabajo estuvo acompa\u00f1ado tambi\u00e9n de los movilizadores de ganado, Jos\u00e9 Rolando Berm\u00fadez Abril, Jos\u00e9 Antonio P\u00e9rez La Torre y Fernando Berm\u00fadez Abril, a quienes les manifest\u00f3 que estos beneficios se multiplicar\u00e1n cuando BCS logre la certificaci\u00f3n de baja prevalencia de tuberculosis y los ganaderos puedan exportar sus animales al mercado de los Estados Unidos, objetivo en el que autoridades, el Comit\u00e9 Pecuario y el sector productivo est\u00e1n involucrados y que, seguramente, se obtendr\u00e1 en breve.<\/p>\n<p style=\"text-align: justify;\">Finalmente, en este mismo evento, los presidentes del Comit\u00e9 Estatal de Sanidad Vegetal, Dionisio Dom\u00ednguez Gerardo; y, de la Asociaci\u00f3n Civil Acopiadores y Movilizadores de Baja California Sur, Jos\u00e9 Rolando Berm\u00fadez Abril, firmaron el contrato de comodato para concretar la instalaci\u00f3n y operaci\u00f3n de estos corrales que ser\u00e1n de gran beneficio para el sector ganadero sudcaliforniano.<\/p>\n","protected":false},"excerpt":{"rendered":"<p>Guerrero Negro, municipio de Muleg\u00e9.- Al poner en marcha la construcci\u00f3n de corrales de estancia y alimentaci\u00f3n en la zona<\/p>\n","protected":false},"author":1,"featured_media":82633,"comment_status":"open","ping_status":"closed","sticky":false,"template":"","format":"standard","meta":{"colormag_page_container_layout":"default_layout","colormag_page_sidebar_layout":"default_layout","_jetpack_memberships_contains_paid_content":false,"footnotes":"","jetpack_publicize_message":"","jetpack_publicize_feature_enabled":true,"jetpack_social_post_already_shared":true,"jetpack_social_options":{"image_generator_settings":{"template":"highway","default_image_id":0,"font":"","enabled":false},"version":2}},"categories":[1],"tags":[],"class_list":["post-82632","post","type-post","status-publish","format-standard","has-post-thumbnail","hentry","category-noticias"],"yoast_head":"<!-- This site is optimized with the Yoast SEO plugin v27.5 - https:\/\/yoast.com\/product\/yoast-seo-wordpress\/ -->\n<title>Reconoce gobernador desempe\u00f1o de sectores primarios durante pandemia - NBCS Noticias<\/title>\n<meta name=\"robots\" content=\"index, follow, max-snippet:-1, max-image-preview:large, max-video-preview:-1\" \/>\n<link rel=\"canonical\" href=\"https:\/\/nbcs.mx\/?p=82632\" \/>\n<meta property=\"og:locale\" content=\"es_ES\" \/>\n<meta property=\"og:type\" content=\"article\" \/>\n<meta property=\"og:title\" content=\"Reconoce gobernador desempe\u00f1o de sectores primarios durante pandemia - NBCS Noticias\" \/>\n<meta property=\"og:description\" content=\"Guerrero Negro, municipio de Muleg\u00e9.- Al poner en marcha la construcci\u00f3n de corrales de estancia y alimentaci\u00f3n en la zona\" \/>\n<meta property=\"og:url\" content=\"https:\/\/nbcs.mx\/?p=82632\" \/>\n<meta property=\"og:site_name\" content=\"NBCS Noticias\" \/>\n<meta property=\"article:publisher\" content=\"https:\/\/www.facebook.com\/NBCSnoticias\" \/>\n<meta property=\"article:author\" content=\"https:\/\/www.facebook.com\/NBCSnoticias\" \/>\n<meta property=\"article:published_time\" content=\"2021-02-16T03:36:23+00:00\" \/>\n<meta property=\"og:image\" content=\"https:\/\/nbcs.mx\/wp-content\/uploads\/2021\/02\/PRINCIPAL-CMD_-GANADERIA-1.jpeg\" \/>\n\t<meta property=\"og:image:width\" content=\"1024\" \/>\n\t<meta property=\"og:image:height\" content=\"682\" \/>\n\t<meta property=\"og:image:type\" content=\"image\/jpeg\" \/>\n<meta name=\"author\" content=\"NBCS Noticias\" \/>\n<meta name=\"twitter:card\" content=\"summary_large_image\" \/>\n<meta name=\"twitter:creator\" content=\"@https:\/\/twitter.com\/NBCSnoticias\" \/>\n<meta name=\"twitter:site\" content=\"@NBCSnoticias\" \/>\n<meta name=\"twitter:label1\" content=\"Escrito por\" \/>\n\t<meta name=\"twitter:data1\" content=\"NBCS Noticias\" \/>\n\t<meta name=\"twitter:label2\" content=\"Tiempo de lectura\" \/>\n\t<meta name=\"twitter:data2\" content=\"3 minutos\" \/>\n<script type=\"application\/ld+json\" class=\"yoast-schema-graph\">{\"@context\":\"https:\\\/\\\/schema.org\",\"@graph\":[{\"@type\":\"Article\",\"@id\":\"https:\\\/\\\/nbcs.mx\\\/?p=82632#article\",\"isPartOf\":{\"@id\":\"https:\\\/\\\/nbcs.mx\\\/?p=82632\"},\"author\":{\"name\":\"NBCS Noticias\",\"@id\":\"https:\\\/\\\/nbcs.mx\\\/#\\\/schema\\\/person\\\/ece58bab9a7c1e87a4d28ec9ecd79ff4\"},\"headline\":\"Reconoce gobernador desempe\u00f1o de sectores primarios durante pandemia\",\"datePublished\":\"2021-02-16T03:36:23+00:00\",\"mainEntityOfPage\":{\"@id\":\"https:\\\/\\\/nbcs.mx\\\/?p=82632\"},\"wordCount\":464,\"commentCount\":0,\"publisher\":{\"@id\":\"https:\\\/\\\/nbcs.mx\\\/#organization\"},\"image\":{\"@id\":\"https:\\\/\\\/nbcs.mx\\\/?p=82632#primaryimage\"},\"thumbnailUrl\":\"https:\\\/\\\/nbcs.mx\\\/wp-content\\\/uploads\\\/2021\\\/02\\\/PRINCIPAL-CMD_-GANADERIA-1.jpeg\",\"articleSection\":[\"Noticias\"],\"inLanguage\":\"es\",\"potentialAction\":[{\"@type\":\"CommentAction\",\"name\":\"Comment\",\"target\":[\"https:\\\/\\\/nbcs.mx\\\/?p=82632#respond\"]}]},{\"@type\":\"WebPage\",\"@id\":\"https:\\\/\\\/nbcs.mx\\\/?p=82632\",\"url\":\"https:\\\/\\\/nbcs.mx\\\/?p=82632\",\"name\":\"Reconoce gobernador desempe\u00f1o de sectores primarios durante pandemia - NBCS Noticias\",\"isPartOf\":{\"@id\":\"https:\\\/\\\/nbcs.mx\\\/#website\"},\"primaryImageOfPage\":{\"@id\":\"https:\\\/\\\/nbcs.mx\\\/?p=82632#primaryimage\"},\"image\":{\"@id\":\"https:\\\/\\\/nbcs.mx\\\/?p=82632#primaryimage\"},\"thumbnailUrl\":\"https:\\\/\\\/nbcs.mx\\\/wp-content\\\/uploads\\\/2021\\\/02\\\/PRINCIPAL-CMD_-GANADERIA-1.jpeg\",\"datePublished\":\"2021-02-16T03:36:23+00:00\",\"breadcrumb\":{\"@id\":\"https:\\\/\\\/nbcs.mx\\\/?p=82632#breadcrumb\"},\"inLanguage\":\"es\",\"potentialAction\":[{\"@type\":\"ReadAction\",\"target\":[\"https:\\\/\\\/nbcs.mx\\\/?p=82632\"]}]},{\"@type\":\"ImageObject\",\"inLanguage\":\"es\",\"@id\":\"https:\\\/\\\/nbcs.mx\\\/?p=82632#primaryimage\",\"url\":\"https:\\\/\\\/nbcs.mx\\\/wp-content\\\/uploads\\\/2021\\\/02\\\/PRINCIPAL-CMD_-GANADERIA-1.jpeg\",\"contentUrl\":\"https:\\\/\\\/nbcs.mx\\\/wp-content\\\/uploads\\\/2021\\\/02\\\/PRINCIPAL-CMD_-GANADERIA-1.jpeg\",\"width\":1024,\"height\":682},{\"@type\":\"BreadcrumbList\",\"@id\":\"https:\\\/\\\/nbcs.mx\\\/?p=82632#breadcrumb\",\"itemListElement\":[{\"@type\":\"ListItem\",\"position\":1,\"name\":\"Portada\",\"item\":\"https:\\\/\\\/nbcs.mx\\\/\"},{\"@type\":\"ListItem\",\"position\":2,\"name\":\"Reconoce gobernador desempe\u00f1o de sectores primarios durante pandemia\"}]},{\"@type\":\"WebSite\",\"@id\":\"https:\\\/\\\/nbcs.mx\\\/#website\",\"url\":\"https:\\\/\\\/nbcs.mx\\\/\",\"name\":\"NBCS Noticias\",\"description\":\"Sitio web de noticias en Baja California Sur\",\"publisher\":{\"@id\":\"https:\\\/\\\/nbcs.mx\\\/#organization\"},\"potentialAction\":[{\"@type\":\"SearchAction\",\"target\":{\"@type\":\"EntryPoint\",\"urlTemplate\":\"https:\\\/\\\/nbcs.mx\\\/?s={search_term_string}\"},\"query-input\":{\"@type\":\"PropertyValueSpecification\",\"valueRequired\":true,\"valueName\":\"search_term_string\"}}],\"inLanguage\":\"es\"},{\"@type\":\"Organization\",\"@id\":\"https:\\\/\\\/nbcs.mx\\\/#organization\",\"name\":\"NBCS Noticias\",\"url\":\"https:\\\/\\\/nbcs.mx\\\/\",\"logo\":{\"@type\":\"ImageObject\",\"inLanguage\":\"es\",\"@id\":\"https:\\\/\\\/nbcs.mx\\\/#\\\/schema\\\/logo\\\/image\\\/\",\"url\":\"https:\\\/\\\/nbcs.mx\\\/wp-content\\\/uploads\\\/2018\\\/09\\\/057b69485e93575a5c2b1c1dde2dd297.jpeg\",\"contentUrl\":\"https:\\\/\\\/nbcs.mx\\\/wp-content\\\/uploads\\\/2018\\\/09\\\/057b69485e93575a5c2b1c1dde2dd297.jpeg\",\"width\":64,\"height\":64,\"caption\":\"NBCS Noticias\"},\"image\":{\"@id\":\"https:\\\/\\\/nbcs.mx\\\/#\\\/schema\\\/logo\\\/image\\\/\"},\"sameAs\":[\"https:\\\/\\\/www.facebook.com\\\/NBCSnoticias\",\"https:\\\/\\\/x.com\\\/NBCSnoticias\"]},{\"@type\":\"Person\",\"@id\":\"https:\\\/\\\/nbcs.mx\\\/#\\\/schema\\\/person\\\/ece58bab9a7c1e87a4d28ec9ecd79ff4\",\"name\":\"NBCS Noticias\",\"image\":{\"@type\":\"ImageObject\",\"inLanguage\":\"es\",\"@id\":\"https:\\\/\\\/secure.gravatar.com\\\/avatar\\\/4e52110cad1c4054b43271a0d14bbe9e2ea76aecd0e1097edfc670798d9ca1d4?s=96&d=blank&r=g\",\"url\":\"https:\\\/\\\/secure.gravatar.com\\\/avatar\\\/4e52110cad1c4054b43271a0d14bbe9e2ea76aecd0e1097edfc670798d9ca1d4?s=96&d=blank&r=g\",\"contentUrl\":\"https:\\\/\\\/secure.gravatar.com\\\/avatar\\\/4e52110cad1c4054b43271a0d14bbe9e2ea76aecd0e1097edfc670798d9ca1d4?s=96&d=blank&r=g\",\"caption\":\"NBCS Noticias\"},\"description\":\"\u00bfTienes fotos o video de alg\u00fan acto de posible negligencia, corrupci\u00f3n y abuso de autoridad? M\u00e1ndalo al WhatsApp de NBCS Noticias: 612 141 98 08\",\"sameAs\":[\"https:\\\/\\\/www.nbcs.mx\",\"https:\\\/\\\/www.facebook.com\\\/NBCSnoticias\",\"https:\\\/\\\/www.instagram.com\\\/nbcsnoticias\\\/\",\"https:\\\/\\\/x.com\\\/https:\\\/\\\/twitter.com\\\/NBCSnoticias\"]}]}<\/script>\n<!-- \/ Yoast SEO plugin. -->","yoast_head_json":{"title":"Reconoce gobernador desempe\u00f1o de sectores primarios durante pandemia - NBCS Noticias","robots":{"index":"index","follow":"follow","max-snippet":"max-snippet:-1","max-image-preview":"max-image-preview:large","max-video-preview":"max-video-preview:-1"},"canonical":"https:\/\/nbcs.mx\/?p=82632","og_locale":"es_ES","og_type":"article","og_title":"Reconoce gobernador desempe\u00f1o de sectores primarios durante pandemia - NBCS Noticias","og_description":"Guerrero Negro, municipio de Muleg\u00e9.- Al poner en marcha la construcci\u00f3n de corrales de estancia y alimentaci\u00f3n en la zona","og_url":"https:\/\/nbcs.mx\/?p=82632","og_site_name":"NBCS Noticias","article_publisher":"https:\/\/www.facebook.com\/NBCSnoticias","article_author":"https:\/\/www.facebook.com\/NBCSnoticias","article_published_time":"2021-02-16T03:36:23+00:00","og_image":[{"width":1024,"height":682,"url":"https:\/\/nbcs.mx\/wp-content\/uploads\/2021\/02\/PRINCIPAL-CMD_-GANADERIA-1.jpeg","type":"image\/jpeg"}],"author":"NBCS Noticias","twitter_card":"summary_large_image","twitter_creator":"@https:\/\/twitter.com\/NBCSnoticias","twitter_site":"@NBCSnoticias","twitter_misc":{"Escrito por":"NBCS Noticias","Tiempo de lectura":"3 minutos"},"schema":{"@context":"https:\/\/schema.org","@graph":[{"@type":"Article","@id":"https:\/\/nbcs.mx\/?p=82632#article","isPartOf":{"@id":"https:\/\/nbcs.mx\/?p=82632"},"author":{"name":"NBCS Noticias","@id":"https:\/\/nbcs.mx\/#\/schema\/person\/ece58bab9a7c1e87a4d28ec9ecd79ff4"},"headline":"Reconoce gobernador desempe\u00f1o de sectores primarios durante pandemia","datePublished":"2021-02-16T03:36:23+00:00","mainEntityOfPage":{"@id":"https:\/\/nbcs.mx\/?p=82632"},"wordCount":464,"commentCount":0,"publisher":{"@id":"https:\/\/nbcs.mx\/#organization"},"image":{"@id":"https:\/\/nbcs.mx\/?p=82632#primaryimage"},"thumbnailUrl":"https:\/\/nbcs.mx\/wp-content\/uploads\/2021\/02\/PRINCIPAL-CMD_-GANADERIA-1.jpeg","articleSection":["Noticias"],"inLanguage":"es","potentialAction":[{"@type":"CommentAction","name":"Comment","target":["https:\/\/nbcs.mx\/?p=82632#respond"]}]},{"@type":"WebPage","@id":"https:\/\/nbcs.mx\/?p=82632","url":"https:\/\/nbcs.mx\/?p=82632","name":"Reconoce gobernador desempe\u00f1o de sectores primarios durante pandemia - NBCS Noticias","isPartOf":{"@id":"https:\/\/nbcs.mx\/#website"},"primaryImageOfPage":{"@id":"https:\/\/nbcs.mx\/?p=82632#primaryimage"},"image":{"@id":"https:\/\/nbcs.mx\/?p=82632#primaryimage"},"thumbnailUrl":"https:\/\/nbcs.mx\/wp-content\/uploads\/2021\/02\/PRINCIPAL-CMD_-GANADERIA-1.jpeg","datePublished":"2021-02-16T03:36:23+00:00","breadcrumb":{"@id":"https:\/\/nbcs.mx\/?p=82632#breadcrumb"},"inLanguage":"es","potentialAction":[{"@type":"ReadAction","target":["https:\/\/nbcs.mx\/?p=82632"]}]},{"@type":"ImageObject","inLanguage":"es","@id":"https:\/\/nbcs.mx\/?p=82632#primaryimage","url":"https:\/\/nbcs.mx\/wp-content\/uploads\/2021\/02\/PRINCIPAL-CMD_-GANADERIA-1.jpeg","contentUrl":"https:\/\/nbcs.mx\/wp-content\/uploads\/2021\/02\/PRINCIPAL-CMD_-GANADERIA-1.jpeg","width":1024,"height":682},{"@type":"BreadcrumbList","@id":"https:\/\/nbcs.mx\/?p=82632#breadcrumb","itemListElement":[{"@type":"ListItem","position":1,"name":"Portada","item":"https:\/\/nbcs.mx\/"},{"@type":"ListItem","position":2,"name":"Reconoce gobernador desempe\u00f1o de sectores primarios durante pandemia"}]},{"@type":"WebSite","@id":"https:\/\/nbcs.mx\/#website","url":"https:\/\/nbcs.mx\/","name":"NBCS Noticias","description":"Sitio web de noticias en Baja California Sur","publisher":{"@id":"https:\/\/nbcs.mx\/#organization"},"potentialAction":[{"@type":"SearchAction","target":{"@type":"EntryPoint","urlTemplate":"https:\/\/nbcs.mx\/?s={search_term_string}"},"query-input":{"@type":"PropertyValueSpecification","valueRequired":true,"valueName":"search_term_string"}}],"inLanguage":"es"},{"@type":"Organization","@id":"https:\/\/nbcs.mx\/#organization","name":"NBCS Noticias","url":"https:\/\/nbcs.mx\/","logo":{"@type":"ImageObject","inLanguage":"es","@id":"https:\/\/nbcs.mx\/#\/schema\/logo\/image\/","url":"https:\/\/nbcs.mx\/wp-content\/uploads\/2018\/09\/057b69485e93575a5c2b1c1dde2dd297.jpeg","contentUrl":"https:\/\/nbcs.mx\/wp-content\/uploads\/2018\/09\/057b69485e93575a5c2b1c1dde2dd297.jpeg","width":64,"height":64,"caption":"NBCS Noticias"},"image":{"@id":"https:\/\/nbcs.mx\/#\/schema\/logo\/image\/"},"sameAs":["https:\/\/www.facebook.com\/NBCSnoticias","https:\/\/x.com\/NBCSnoticias"]},{"@type":"Person","@id":"https:\/\/nbcs.mx\/#\/schema\/person\/ece58bab9a7c1e87a4d28ec9ecd79ff4","name":"NBCS Noticias","image":{"@type":"ImageObject","inLanguage":"es","@id":"https:\/\/secure.gravatar.com\/avatar\/4e52110cad1c4054b43271a0d14bbe9e2ea76aecd0e1097edfc670798d9ca1d4?s=96&d=blank&r=g","url":"https:\/\/secure.gravatar.com\/avatar\/4e52110cad1c4054b43271a0d14bbe9e2ea76aecd0e1097edfc670798d9ca1d4?s=96&d=blank&r=g","contentUrl":"https:\/\/secure.gravatar.com\/avatar\/4e52110cad1c4054b43271a0d14bbe9e2ea76aecd0e1097edfc670798d9ca1d4?s=96&d=blank&r=g","caption":"NBCS Noticias"},"description":"\u00bfTienes fotos o video de alg\u00fan acto de posible negligencia, corrupci\u00f3n y abuso de autoridad? M\u00e1ndalo al WhatsApp de NBCS Noticias: 612 141 98 08","sameAs":["https:\/\/www.nbcs.mx","https:\/\/www.facebook.com\/NBCSnoticias","https:\/\/www.instagram.com\/nbcsnoticias\/","https:\/\/x.com\/https:\/\/twitter.com\/NBCSnoticias"]}]}},"jetpack_publicize_connections":[],"jetpack_featured_media_url":"https:\/\/nbcs.mx\/wp-content\/uploads\/2021\/02\/PRINCIPAL-CMD_-GANADERIA-1.jpeg","jetpack_sharing_enabled":true,"_links":{"self":[{"href":"https:\/\/nbcs.mx\/index.php?rest_route=\/wp\/v2\/posts\/82632","targetHints":{"allow":["GET"]}}],"collection":[{"href":"https:\/\/nbcs.mx\/index.php?rest_route=\/wp\/v2\/posts"}],"about":[{"href":"https:\/\/nbcs.mx\/index.php?rest_route=\/wp\/v2\/types\/post"}],"author":[{"embeddable":true,"href":"https:\/\/nbcs.mx\/index.php?rest_route=\/wp\/v2\/users\/1"}],"replies":[{"embeddable":true,"href":"https:\/\/nbcs.mx\/index.php?rest_route=%2Fwp%2Fv2%2Fcomments&post=82632"}],"version-history":[{"count":1,"href":"https:\/\/nbcs.mx\/index.php?rest_route=\/wp\/v2\/posts\/82632\/revisions"}],"predecessor-version":[{"id":82635,"href":"https:\/\/nbcs.mx\/index.php?rest_route=\/wp\/v2\/posts\/82632\/revisions\/82635"}],"wp:featuredmedia":[{"embeddable":true,"href":"https:\/\/nbcs.mx\/index.php?rest_route=\/wp\/v2\/media\/82633"}],"wp:attachment":[{"href":"https:\/\/nbcs.mx\/index.php?rest_route=%2Fwp%2Fv2%2Fmedia&parent=82632"}],"wp:term":[{"taxonomy":"category","embeddable":true,"href":"https:\/\/nbcs.mx\/index.php?rest_route=%2Fwp%2Fv2%2Fcategories&post=82632"},{"taxonomy":"post_tag","embeddable":true,"href":"https:\/\/nbcs.mx\/index.php?rest_route=%2Fwp%2Fv2%2Ftags&post=82632"}],"curies":[{"name":"wp","href":"https:\/\/api.w.org\/{rel}","templated":true}]}}