{"id":82950,"date":"2021-02-21T14:39:22","date_gmt":"2021-02-21T21:39:22","guid":{"rendered":"https:\/\/nbcs.mx\/?p=82950"},"modified":"2021-02-21T14:39:22","modified_gmt":"2021-02-21T21:39:22","slug":"inician-amlo-y-gobernador-operacion-de-plantas-de-gas-natural-en-bcs","status":"publish","type":"post","link":"https:\/\/nbcs.mx\/?p=82950","title":{"rendered":"Inician AMLO y Gobernador operaci\u00f3n de plantas de gas natural en BCS"},"content":{"rendered":"<p style=\"text-align: justify;\"><img loading=\"lazy\" decoding=\"async\" class=\" wp-image-82952 alignleft\" src=\"https:\/\/nbcs.mx\/wp-content\/uploads\/2021\/02\/PRINCIPAL_CMD-CFE-3-748x492.jpeg\" alt=\"\" width=\"382\" height=\"251\" srcset=\"https:\/\/nbcs.mx\/wp-content\/uploads\/2021\/02\/PRINCIPAL_CMD-CFE-3-748x492.jpeg 748w, https:\/\/nbcs.mx\/wp-content\/uploads\/2021\/02\/PRINCIPAL_CMD-CFE-3-150x99.jpeg 150w, https:\/\/nbcs.mx\/wp-content\/uploads\/2021\/02\/PRINCIPAL_CMD-CFE-3.jpeg 750w\" sizes=\"auto, (max-width: 382px) 100vw, 382px\" \/>La Paz, Baja California Sur.- Durante la visita a La Paz del presidente de M\u00e9xico, Andr\u00e9s Manuel L\u00f3pez Obrador, donde se pusieron en marcha dos plantas de electricidad m\u00f3viles de turbogas o gas natural que generar\u00e1n 74 megawatts el gobernador del Estado, Carlos Mendoza Davis, destac\u00f3 que \u00e9stas traer\u00e1n grandes beneficios econ\u00f3micos, de medio ambiente y de desarrollo para Baja California Sur.<\/p>\n<p style=\"text-align: justify;\">Durante el evento, expuso que contar con gas natural permitir\u00e1 a la Comisi\u00f3n Federal de Electricidad (CFE), empresas privadas e industria sudcaliforniana generar la electricidad que necesitamos. Hacerlo con gas disminuir\u00e1 costos y la emisi\u00f3n de contaminantes, contribuyendo a la conservaci\u00f3n de nuestra salud y del medioambiente.<\/p>\n<p style=\"text-align: justify;\">Asimismo, en el recorrido hecho por las instalaciones, el Gobierno Federal se comprometi\u00f3 a la instalaci\u00f3n de cuatro nuevas unidades <em>aeroderivadas <\/em>m\u00f3viles, capaces de generar 108 megawatts. \u201cEstaremos en condiciones de resolver con mayor holgura el grave problema de desabasto que enfrentamos de manera recurrente durante el verano\u201d, se\u00f1al\u00f3 el Ejecutivo estatal.<\/p>\n<p><img loading=\"lazy\" decoding=\"async\" class=\"size-full wp-image-82951 aligncenter\" src=\"https:\/\/nbcs.mx\/wp-content\/uploads\/2021\/02\/PRINCIPAL_CMD-CFE-5.jpeg\" alt=\"\" width=\"750\" height=\"458\" srcset=\"https:\/\/nbcs.mx\/wp-content\/uploads\/2021\/02\/PRINCIPAL_CMD-CFE-5.jpeg 750w, https:\/\/nbcs.mx\/wp-content\/uploads\/2021\/02\/PRINCIPAL_CMD-CFE-5-150x92.jpeg 150w\" sizes=\"auto, (max-width: 750px) 100vw, 750px\" \/><\/p>\n<p style=\"text-align: justify;\">Mendoza Davis se\u00f1al\u00f3 que, al ser una planta dual que usa gas natural o di\u00e9sel, resulta menos contaminante, por lo que se garantiza que en el futuro no se da\u00f1e el aire, el suelo, las bellezas naturales con que contamos y, sobre todo, la salud\u201d.<\/p>\n<p style=\"text-align: justify;\">En ese mismo tenor, record\u00f3 que ante los apagones que se registraron en el verano del 2019 por la falta de suministro de fluido el\u00e9ctrico, se pidi\u00f3 la intervenci\u00f3n del presidente, y reconoci\u00f3 que \u00e9sta fue atendida por \u00e9l y por los directivos de CFE. Esta respuesta oportuna, agreg\u00f3, se manifiesta con operaci\u00f3n de estas\u00a0plantas m\u00f3viles de turbogas que crear\u00e1n un 25 por ciento m\u00e1s de energ\u00eda y cubrir\u00e1n la alta demanda de los meses de verano.<\/p>\n<p style=\"text-align: justify;\">Por otro lado, L\u00f3pez Obrador hizo p\u00fablica las gestiones del gobernador Carlos Mendoza Davis para contar con dicha infraestructura y demostr\u00f3 su compromiso con las y los sudcalifornianos. Tambi\u00e9n anunci\u00f3 la construcci\u00f3n de una nueva planta termoel\u00e9ctrica a partir de este a\u00f1o y que se concluir\u00e1 en 2024, que ayudar\u00e1 en las necesidades de crecimiento de la media pen\u00ednsula e ir reduciendo el uso de plantas antiguas que consumen combust\u00f3leo y que es dif\u00edcil reconvertirlas.<\/p>\n<p style=\"text-align: justify;\">El mandatario sudcaliforniano solicit\u00f3 continuar con el proyecto de la planta generadora de energ\u00eda el\u00e9ctrica de ciclo combinado denominada Baja California Sur VI, cuyo proceso de licitaci\u00f3n se suspendi\u00f3 el pasado mes de julio. \u201cAdem\u00e1s de generar m\u00e1s electricidad, es necesario sustituir la planta termoel\u00e9ctrica de Punta Prieta que ha llegado ya al final de su vida \u00fatil, genera mucha contaminaci\u00f3n y, por su antig\u00fcedad, representa un riesgo latente a quienes en ella trabajan\u201d, resalt\u00f3.<\/p>\n<p style=\"text-align: justify;\">Finalmente, realiz\u00f3 una \u00faltima petici\u00f3n, retomar la propuesta de instalaci\u00f3n de un cable submarino que permita interconectar a BCS a la red el\u00e9ctrica nacional y dejar de ser el \u00fanico estado del pa\u00eds que se encuentra el\u00e9ctricamente aislado, con las dificultades que genera el tener que producir aqu\u00ed toda la energ\u00eda que se consume. Esto, a\u00f1adi\u00f3, constituye un gran anhelo de BCS y resolver\u00eda de fondo las necesidades energ\u00e9ticas.<\/p>\n<p style=\"text-align: justify;\">\n","protected":false},"excerpt":{"rendered":"<p>La Paz, Baja California Sur.- Durante la visita a La Paz del presidente de M\u00e9xico, Andr\u00e9s Manuel L\u00f3pez Obrador, donde<\/p>\n","protected":false},"author":1,"featured_media":82935,"comment_status":"open","ping_status":"closed","sticky":false,"template":"","format":"standard","meta":{"colormag_page_container_layout":"default_layout","colormag_page_sidebar_layout":"default_layout","_jetpack_memberships_contains_paid_content":false,"footnotes":"","jetpack_publicize_message":"","jetpack_publicize_feature_enabled":true,"jetpack_social_post_already_shared":true,"jetpack_social_options":{"image_generator_settings":{"template":"highway","default_image_id":0,"font":"","enabled":false},"version":2}},"categories":[1],"tags":[],"class_list":["post-82950","post","type-post","status-publish","format-standard","has-post-thumbnail","hentry","category-noticias"],"yoast_head":"<!-- This site is optimized with the Yoast SEO plugin v27.5 - https:\/\/yoast.com\/product\/yoast-seo-wordpress\/ -->\n<title>Inician AMLO y Gobernador operaci\u00f3n de plantas de gas natural en BCS - NBCS Noticias<\/title>\n<meta name=\"robots\" content=\"index, follow, max-snippet:-1, max-image-preview:large, max-video-preview:-1\" \/>\n<link rel=\"canonical\" href=\"https:\/\/nbcs.mx\/?p=82950\" \/>\n<meta property=\"og:locale\" content=\"es_ES\" \/>\n<meta property=\"og:type\" content=\"article\" \/>\n<meta property=\"og:title\" content=\"Inician AMLO y Gobernador operaci\u00f3n de plantas de gas natural en BCS - NBCS Noticias\" \/>\n<meta property=\"og:description\" content=\"La Paz, Baja California Sur.- Durante la visita a La Paz del presidente de M\u00e9xico, Andr\u00e9s Manuel L\u00f3pez Obrador, donde\" \/>\n<meta property=\"og:url\" content=\"https:\/\/nbcs.mx\/?p=82950\" \/>\n<meta property=\"og:site_name\" content=\"NBCS Noticias\" \/>\n<meta property=\"article:publisher\" content=\"https:\/\/www.facebook.com\/NBCSnoticias\" \/>\n<meta property=\"article:author\" content=\"https:\/\/www.facebook.com\/NBCSnoticias\" \/>\n<meta property=\"article:published_time\" content=\"2021-02-21T21:39:22+00:00\" \/>\n<meta property=\"og:image\" content=\"https:\/\/nbcs.mx\/wp-content\/uploads\/2021\/02\/20210221-Inauguracion-de-unidades-de-turbogas-aeroderivadas-en-la-Central-de-Combustion-Interna-03.jpg\" \/>\n\t<meta property=\"og:image:width\" content=\"1024\" \/>\n\t<meta property=\"og:image:height\" content=\"683\" \/>\n\t<meta property=\"og:image:type\" content=\"image\/jpeg\" \/>\n<meta name=\"author\" content=\"NBCS Noticias\" \/>\n<meta name=\"twitter:card\" content=\"summary_large_image\" \/>\n<meta name=\"twitter:creator\" content=\"@https:\/\/twitter.com\/NBCSnoticias\" \/>\n<meta name=\"twitter:site\" content=\"@NBCSnoticias\" \/>\n<meta name=\"twitter:label1\" content=\"Escrito por\" \/>\n\t<meta name=\"twitter:data1\" content=\"NBCS Noticias\" \/>\n\t<meta name=\"twitter:label2\" content=\"Tiempo de lectura\" \/>\n\t<meta name=\"twitter:data2\" content=\"3 minutos\" \/>\n<script type=\"application\/ld+json\" class=\"yoast-schema-graph\">{\"@context\":\"https:\\\/\\\/schema.org\",\"@graph\":[{\"@type\":\"Article\",\"@id\":\"https:\\\/\\\/nbcs.mx\\\/?p=82950#article\",\"isPartOf\":{\"@id\":\"https:\\\/\\\/nbcs.mx\\\/?p=82950\"},\"author\":{\"name\":\"NBCS Noticias\",\"@id\":\"https:\\\/\\\/nbcs.mx\\\/#\\\/schema\\\/person\\\/ece58bab9a7c1e87a4d28ec9ecd79ff4\"},\"headline\":\"Inician AMLO y Gobernador operaci\u00f3n de plantas de gas natural en BCS\",\"datePublished\":\"2021-02-21T21:39:22+00:00\",\"mainEntityOfPage\":{\"@id\":\"https:\\\/\\\/nbcs.mx\\\/?p=82950\"},\"wordCount\":562,\"commentCount\":0,\"publisher\":{\"@id\":\"https:\\\/\\\/nbcs.mx\\\/#organization\"},\"image\":{\"@id\":\"https:\\\/\\\/nbcs.mx\\\/?p=82950#primaryimage\"},\"thumbnailUrl\":\"https:\\\/\\\/nbcs.mx\\\/wp-content\\\/uploads\\\/2021\\\/02\\\/20210221-Inauguracion-de-unidades-de-turbogas-aeroderivadas-en-la-Central-de-Combustion-Interna-03.jpg\",\"articleSection\":[\"Noticias\"],\"inLanguage\":\"es\",\"potentialAction\":[{\"@type\":\"CommentAction\",\"name\":\"Comment\",\"target\":[\"https:\\\/\\\/nbcs.mx\\\/?p=82950#respond\"]}]},{\"@type\":\"WebPage\",\"@id\":\"https:\\\/\\\/nbcs.mx\\\/?p=82950\",\"url\":\"https:\\\/\\\/nbcs.mx\\\/?p=82950\",\"name\":\"Inician AMLO y Gobernador operaci\u00f3n de plantas de gas natural en BCS - NBCS Noticias\",\"isPartOf\":{\"@id\":\"https:\\\/\\\/nbcs.mx\\\/#website\"},\"primaryImageOfPage\":{\"@id\":\"https:\\\/\\\/nbcs.mx\\\/?p=82950#primaryimage\"},\"image\":{\"@id\":\"https:\\\/\\\/nbcs.mx\\\/?p=82950#primaryimage\"},\"thumbnailUrl\":\"https:\\\/\\\/nbcs.mx\\\/wp-content\\\/uploads\\\/2021\\\/02\\\/20210221-Inauguracion-de-unidades-de-turbogas-aeroderivadas-en-la-Central-de-Combustion-Interna-03.jpg\",\"datePublished\":\"2021-02-21T21:39:22+00:00\",\"breadcrumb\":{\"@id\":\"https:\\\/\\\/nbcs.mx\\\/?p=82950#breadcrumb\"},\"inLanguage\":\"es\",\"potentialAction\":[{\"@type\":\"ReadAction\",\"target\":[\"https:\\\/\\\/nbcs.mx\\\/?p=82950\"]}]},{\"@type\":\"ImageObject\",\"inLanguage\":\"es\",\"@id\":\"https:\\\/\\\/nbcs.mx\\\/?p=82950#primaryimage\",\"url\":\"https:\\\/\\\/nbcs.mx\\\/wp-content\\\/uploads\\\/2021\\\/02\\\/20210221-Inauguracion-de-unidades-de-turbogas-aeroderivadas-en-la-Central-de-Combustion-Interna-03.jpg\",\"contentUrl\":\"https:\\\/\\\/nbcs.mx\\\/wp-content\\\/uploads\\\/2021\\\/02\\\/20210221-Inauguracion-de-unidades-de-turbogas-aeroderivadas-en-la-Central-de-Combustion-Interna-03.jpg\",\"width\":1024,\"height\":683,\"caption\":\"La Paz, Baja California Sur , M\u00e9xico, 21 de febrero de 2021. Andr\u00e9s Manuel L\u00f3pez Obrador, Presidente de M\u00e9xico encabeza Inauguraci\u00f3n de unidades de turbog\u00e1s aeroderivadas en la Central de Combusti\u00f3n Interna Baja California Sur. Lo acompa\u00f1an: Carlos Mendoza Davis,Gobernador de Baja California Sur; Manuel Bartlett D\u00edaz, Director General de la Comisi\u00f3n Federal de Electricidad; Rub\u00e9n Gregorio Mu\u00f1oz \u00c1lvarez,Presidente Municipal de La Paz y Juan Mart\u00edn Patr\u00f3n Carmona, Coordinador Regional del SUTERM en Baja California Sur. Foto: Presidencia\"},{\"@type\":\"BreadcrumbList\",\"@id\":\"https:\\\/\\\/nbcs.mx\\\/?p=82950#breadcrumb\",\"itemListElement\":[{\"@type\":\"ListItem\",\"position\":1,\"name\":\"Portada\",\"item\":\"https:\\\/\\\/nbcs.mx\\\/\"},{\"@type\":\"ListItem\",\"position\":2,\"name\":\"Inician AMLO y Gobernador operaci\u00f3n de plantas de gas natural en BCS\"}]},{\"@type\":\"WebSite\",\"@id\":\"https:\\\/\\\/nbcs.mx\\\/#website\",\"url\":\"https:\\\/\\\/nbcs.mx\\\/\",\"name\":\"NBCS Noticias\",\"description\":\"Sitio web de noticias en Baja California Sur\",\"publisher\":{\"@id\":\"https:\\\/\\\/nbcs.mx\\\/#organization\"},\"potentialAction\":[{\"@type\":\"SearchAction\",\"target\":{\"@type\":\"EntryPoint\",\"urlTemplate\":\"https:\\\/\\\/nbcs.mx\\\/?s={search_term_string}\"},\"query-input\":{\"@type\":\"PropertyValueSpecification\",\"valueRequired\":true,\"valueName\":\"search_term_string\"}}],\"inLanguage\":\"es\"},{\"@type\":\"Organization\",\"@id\":\"https:\\\/\\\/nbcs.mx\\\/#organization\",\"name\":\"NBCS Noticias\",\"url\":\"https:\\\/\\\/nbcs.mx\\\/\",\"logo\":{\"@type\":\"ImageObject\",\"inLanguage\":\"es\",\"@id\":\"https:\\\/\\\/nbcs.mx\\\/#\\\/schema\\\/logo\\\/image\\\/\",\"url\":\"https:\\\/\\\/nbcs.mx\\\/wp-content\\\/uploads\\\/2018\\\/09\\\/057b69485e93575a5c2b1c1dde2dd297.jpeg\",\"contentUrl\":\"https:\\\/\\\/nbcs.mx\\\/wp-content\\\/uploads\\\/2018\\\/09\\\/057b69485e93575a5c2b1c1dde2dd297.jpeg\",\"width\":64,\"height\":64,\"caption\":\"NBCS Noticias\"},\"image\":{\"@id\":\"https:\\\/\\\/nbcs.mx\\\/#\\\/schema\\\/logo\\\/image\\\/\"},\"sameAs\":[\"https:\\\/\\\/www.facebook.com\\\/NBCSnoticias\",\"https:\\\/\\\/x.com\\\/NBCSnoticias\"]},{\"@type\":\"Person\",\"@id\":\"https:\\\/\\\/nbcs.mx\\\/#\\\/schema\\\/person\\\/ece58bab9a7c1e87a4d28ec9ecd79ff4\",\"name\":\"NBCS Noticias\",\"image\":{\"@type\":\"ImageObject\",\"inLanguage\":\"es\",\"@id\":\"https:\\\/\\\/secure.gravatar.com\\\/avatar\\\/4e52110cad1c4054b43271a0d14bbe9e2ea76aecd0e1097edfc670798d9ca1d4?s=96&d=blank&r=g\",\"url\":\"https:\\\/\\\/secure.gravatar.com\\\/avatar\\\/4e52110cad1c4054b43271a0d14bbe9e2ea76aecd0e1097edfc670798d9ca1d4?s=96&d=blank&r=g\",\"contentUrl\":\"https:\\\/\\\/secure.gravatar.com\\\/avatar\\\/4e52110cad1c4054b43271a0d14bbe9e2ea76aecd0e1097edfc670798d9ca1d4?s=96&d=blank&r=g\",\"caption\":\"NBCS Noticias\"},\"description\":\"\u00bfTienes fotos o video de alg\u00fan acto de posible negligencia, corrupci\u00f3n y abuso de autoridad? M\u00e1ndalo al WhatsApp de NBCS Noticias: 612 141 98 08\",\"sameAs\":[\"https:\\\/\\\/www.nbcs.mx\",\"https:\\\/\\\/www.facebook.com\\\/NBCSnoticias\",\"https:\\\/\\\/www.instagram.com\\\/nbcsnoticias\\\/\",\"https:\\\/\\\/x.com\\\/https:\\\/\\\/twitter.com\\\/NBCSnoticias\"]}]}<\/script>\n<!-- \/ Yoast SEO plugin. -->","yoast_head_json":{"title":"Inician AMLO y Gobernador operaci\u00f3n de plantas de gas natural en BCS - NBCS Noticias","robots":{"index":"index","follow":"follow","max-snippet":"max-snippet:-1","max-image-preview":"max-image-preview:large","max-video-preview":"max-video-preview:-1"},"canonical":"https:\/\/nbcs.mx\/?p=82950","og_locale":"es_ES","og_type":"article","og_title":"Inician AMLO y Gobernador operaci\u00f3n de plantas de gas natural en BCS - NBCS Noticias","og_description":"La Paz, Baja California Sur.- Durante la visita a La Paz del presidente de M\u00e9xico, Andr\u00e9s Manuel L\u00f3pez Obrador, donde","og_url":"https:\/\/nbcs.mx\/?p=82950","og_site_name":"NBCS Noticias","article_publisher":"https:\/\/www.facebook.com\/NBCSnoticias","article_author":"https:\/\/www.facebook.com\/NBCSnoticias","article_published_time":"2021-02-21T21:39:22+00:00","og_image":[{"width":1024,"height":683,"url":"https:\/\/nbcs.mx\/wp-content\/uploads\/2021\/02\/20210221-Inauguracion-de-unidades-de-turbogas-aeroderivadas-en-la-Central-de-Combustion-Interna-03.jpg","type":"image\/jpeg"}],"author":"NBCS Noticias","twitter_card":"summary_large_image","twitter_creator":"@https:\/\/twitter.com\/NBCSnoticias","twitter_site":"@NBCSnoticias","twitter_misc":{"Escrito por":"NBCS Noticias","Tiempo de lectura":"3 minutos"},"schema":{"@context":"https:\/\/schema.org","@graph":[{"@type":"Article","@id":"https:\/\/nbcs.mx\/?p=82950#article","isPartOf":{"@id":"https:\/\/nbcs.mx\/?p=82950"},"author":{"name":"NBCS Noticias","@id":"https:\/\/nbcs.mx\/#\/schema\/person\/ece58bab9a7c1e87a4d28ec9ecd79ff4"},"headline":"Inician AMLO y Gobernador operaci\u00f3n de plantas de gas natural en BCS","datePublished":"2021-02-21T21:39:22+00:00","mainEntityOfPage":{"@id":"https:\/\/nbcs.mx\/?p=82950"},"wordCount":562,"commentCount":0,"publisher":{"@id":"https:\/\/nbcs.mx\/#organization"},"image":{"@id":"https:\/\/nbcs.mx\/?p=82950#primaryimage"},"thumbnailUrl":"https:\/\/nbcs.mx\/wp-content\/uploads\/2021\/02\/20210221-Inauguracion-de-unidades-de-turbogas-aeroderivadas-en-la-Central-de-Combustion-Interna-03.jpg","articleSection":["Noticias"],"inLanguage":"es","potentialAction":[{"@type":"CommentAction","name":"Comment","target":["https:\/\/nbcs.mx\/?p=82950#respond"]}]},{"@type":"WebPage","@id":"https:\/\/nbcs.mx\/?p=82950","url":"https:\/\/nbcs.mx\/?p=82950","name":"Inician AMLO y Gobernador operaci\u00f3n de plantas de gas natural en BCS - NBCS Noticias","isPartOf":{"@id":"https:\/\/nbcs.mx\/#website"},"primaryImageOfPage":{"@id":"https:\/\/nbcs.mx\/?p=82950#primaryimage"},"image":{"@id":"https:\/\/nbcs.mx\/?p=82950#primaryimage"},"thumbnailUrl":"https:\/\/nbcs.mx\/wp-content\/uploads\/2021\/02\/20210221-Inauguracion-de-unidades-de-turbogas-aeroderivadas-en-la-Central-de-Combustion-Interna-03.jpg","datePublished":"2021-02-21T21:39:22+00:00","breadcrumb":{"@id":"https:\/\/nbcs.mx\/?p=82950#breadcrumb"},"inLanguage":"es","potentialAction":[{"@type":"ReadAction","target":["https:\/\/nbcs.mx\/?p=82950"]}]},{"@type":"ImageObject","inLanguage":"es","@id":"https:\/\/nbcs.mx\/?p=82950#primaryimage","url":"https:\/\/nbcs.mx\/wp-content\/uploads\/2021\/02\/20210221-Inauguracion-de-unidades-de-turbogas-aeroderivadas-en-la-Central-de-Combustion-Interna-03.jpg","contentUrl":"https:\/\/nbcs.mx\/wp-content\/uploads\/2021\/02\/20210221-Inauguracion-de-unidades-de-turbogas-aeroderivadas-en-la-Central-de-Combustion-Interna-03.jpg","width":1024,"height":683,"caption":"La Paz, Baja California Sur , M\u00e9xico, 21 de febrero de 2021. Andr\u00e9s Manuel L\u00f3pez Obrador, Presidente de M\u00e9xico encabeza Inauguraci\u00f3n de unidades de turbog\u00e1s aeroderivadas en la Central de Combusti\u00f3n Interna Baja California Sur. Lo acompa\u00f1an: Carlos Mendoza Davis,Gobernador de Baja California Sur; Manuel Bartlett D\u00edaz, Director General de la Comisi\u00f3n Federal de Electricidad; Rub\u00e9n Gregorio Mu\u00f1oz \u00c1lvarez,Presidente Municipal de La Paz y Juan Mart\u00edn Patr\u00f3n Carmona, Coordinador Regional del SUTERM en Baja California Sur. Foto: Presidencia"},{"@type":"BreadcrumbList","@id":"https:\/\/nbcs.mx\/?p=82950#breadcrumb","itemListElement":[{"@type":"ListItem","position":1,"name":"Portada","item":"https:\/\/nbcs.mx\/"},{"@type":"ListItem","position":2,"name":"Inician AMLO y Gobernador operaci\u00f3n de plantas de gas natural en BCS"}]},{"@type":"WebSite","@id":"https:\/\/nbcs.mx\/#website","url":"https:\/\/nbcs.mx\/","name":"NBCS Noticias","description":"Sitio web de noticias en Baja California Sur","publisher":{"@id":"https:\/\/nbcs.mx\/#organization"},"potentialAction":[{"@type":"SearchAction","target":{"@type":"EntryPoint","urlTemplate":"https:\/\/nbcs.mx\/?s={search_term_string}"},"query-input":{"@type":"PropertyValueSpecification","valueRequired":true,"valueName":"search_term_string"}}],"inLanguage":"es"},{"@type":"Organization","@id":"https:\/\/nbcs.mx\/#organization","name":"NBCS Noticias","url":"https:\/\/nbcs.mx\/","logo":{"@type":"ImageObject","inLanguage":"es","@id":"https:\/\/nbcs.mx\/#\/schema\/logo\/image\/","url":"https:\/\/nbcs.mx\/wp-content\/uploads\/2018\/09\/057b69485e93575a5c2b1c1dde2dd297.jpeg","contentUrl":"https:\/\/nbcs.mx\/wp-content\/uploads\/2018\/09\/057b69485e93575a5c2b1c1dde2dd297.jpeg","width":64,"height":64,"caption":"NBCS Noticias"},"image":{"@id":"https:\/\/nbcs.mx\/#\/schema\/logo\/image\/"},"sameAs":["https:\/\/www.facebook.com\/NBCSnoticias","https:\/\/x.com\/NBCSnoticias"]},{"@type":"Person","@id":"https:\/\/nbcs.mx\/#\/schema\/person\/ece58bab9a7c1e87a4d28ec9ecd79ff4","name":"NBCS Noticias","image":{"@type":"ImageObject","inLanguage":"es","@id":"https:\/\/secure.gravatar.com\/avatar\/4e52110cad1c4054b43271a0d14bbe9e2ea76aecd0e1097edfc670798d9ca1d4?s=96&d=blank&r=g","url":"https:\/\/secure.gravatar.com\/avatar\/4e52110cad1c4054b43271a0d14bbe9e2ea76aecd0e1097edfc670798d9ca1d4?s=96&d=blank&r=g","contentUrl":"https:\/\/secure.gravatar.com\/avatar\/4e52110cad1c4054b43271a0d14bbe9e2ea76aecd0e1097edfc670798d9ca1d4?s=96&d=blank&r=g","caption":"NBCS Noticias"},"description":"\u00bfTienes fotos o video de alg\u00fan acto de posible negligencia, corrupci\u00f3n y abuso de autoridad? M\u00e1ndalo al WhatsApp de NBCS Noticias: 612 141 98 08","sameAs":["https:\/\/www.nbcs.mx","https:\/\/www.facebook.com\/NBCSnoticias","https:\/\/www.instagram.com\/nbcsnoticias\/","https:\/\/x.com\/https:\/\/twitter.com\/NBCSnoticias"]}]}},"jetpack_publicize_connections":[],"jetpack_featured_media_url":"https:\/\/nbcs.mx\/wp-content\/uploads\/2021\/02\/20210221-Inauguracion-de-unidades-de-turbogas-aeroderivadas-en-la-Central-de-Combustion-Interna-03.jpg","jetpack_sharing_enabled":true,"_links":{"self":[{"href":"https:\/\/nbcs.mx\/index.php?rest_route=\/wp\/v2\/posts\/82950","targetHints":{"allow":["GET"]}}],"collection":[{"href":"https:\/\/nbcs.mx\/index.php?rest_route=\/wp\/v2\/posts"}],"about":[{"href":"https:\/\/nbcs.mx\/index.php?rest_route=\/wp\/v2\/types\/post"}],"author":[{"embeddable":true,"href":"https:\/\/nbcs.mx\/index.php?rest_route=\/wp\/v2\/users\/1"}],"replies":[{"embeddable":true,"href":"https:\/\/nbcs.mx\/index.php?rest_route=%2Fwp%2Fv2%2Fcomments&post=82950"}],"version-history":[{"count":1,"href":"https:\/\/nbcs.mx\/index.php?rest_route=\/wp\/v2\/posts\/82950\/revisions"}],"predecessor-version":[{"id":82953,"href":"https:\/\/nbcs.mx\/index.php?rest_route=\/wp\/v2\/posts\/82950\/revisions\/82953"}],"wp:featuredmedia":[{"embeddable":true,"href":"https:\/\/nbcs.mx\/index.php?rest_route=\/wp\/v2\/media\/82935"}],"wp:attachment":[{"href":"https:\/\/nbcs.mx\/index.php?rest_route=%2Fwp%2Fv2%2Fmedia&parent=82950"}],"wp:term":[{"taxonomy":"category","embeddable":true,"href":"https:\/\/nbcs.mx\/index.php?rest_route=%2Fwp%2Fv2%2Fcategories&post=82950"},{"taxonomy":"post_tag","embeddable":true,"href":"https:\/\/nbcs.mx\/index.php?rest_route=%2Fwp%2Fv2%2Ftags&post=82950"}],"curies":[{"name":"wp","href":"https:\/\/api.w.org\/{rel}","templated":true}]}}