{"id":83869,"date":"2021-03-11T15:20:23","date_gmt":"2021-03-11T22:20:23","guid":{"rendered":"https:\/\/nbcs.mx\/?p=83869"},"modified":"2021-03-11T15:20:23","modified_gmt":"2021-03-11T22:20:23","slug":"invierten-en-bcs-12-mdp-para-rehabilitar-los-centros-de-salud","status":"publish","type":"post","link":"https:\/\/nbcs.mx\/?p=83869","title":{"rendered":"Invierten en BCS 12 mdp para rehabilitar los Centros de Salud"},"content":{"rendered":"<p style=\"text-align: justify;\"><img loading=\"lazy\" decoding=\"async\" class=\" wp-image-83870 alignleft\" src=\"https:\/\/nbcs.mx\/wp-content\/uploads\/2021\/03\/SSA_UNIDADES-755x461.jpg\" alt=\"\" width=\"391\" height=\"239\" srcset=\"https:\/\/nbcs.mx\/wp-content\/uploads\/2021\/03\/SSA_UNIDADES-755x461.jpg 755w, https:\/\/nbcs.mx\/wp-content\/uploads\/2021\/03\/SSA_UNIDADES-150x92.jpg 150w, https:\/\/nbcs.mx\/wp-content\/uploads\/2021\/03\/SSA_UNIDADES-768x469.jpg 768w, https:\/\/nbcs.mx\/wp-content\/uploads\/2021\/03\/SSA_UNIDADES.jpg 800w\" sizes=\"auto, (max-width: 391px) 100vw, 391px\" \/>La Paz, Baja California Sur.- Una inversi\u00f3n superior a los 12 millones de pesos ejerci\u00f3 el Gobierno de Baja California Sur durante el \u00faltimo trimestre de 2020 para llevar a cabo acciones de rehabilitaci\u00f3n general en 19 unidades b\u00e1sicas de salud de Los Cabos, La Paz, Comond\u00fa y Muleg\u00e9 en los que se ofrecen atenciones a personas que no tienen cobertura m\u00e9dica de IMSS o ISSSTE.<\/p>\n<p style=\"text-align: justify;\">\n<p style=\"text-align: justify;\">Estos trabajos que en algunos casos consistieron en mejoras estructurales, en tanto que en otros se efectuaron reparaciones de sistemas el\u00e9ctricos e hidrosanitarias, o bien labores de conservaci\u00f3n en general como pintura e impermeabilizaci\u00f3n de inmuebles, se realizaron como parte de los esfuerzos emprendidos por la administraci\u00f3n estatal para fortalecer la prestaci\u00f3n de servicios de salud a la poblaci\u00f3n m\u00e1s vulnerable, estableci\u00f3 el secretario del ramo, V\u00edctor George Flores.<\/p>\n<p style=\"text-align: justify;\">\n<p style=\"text-align: justify;\">En estas jornadas de mantenimiento, que fueron inspeccionadas por la Subdirecci\u00f3n de Obras de la dependencia estatal, se solventaron las necesidades prioritarias de estos inmuebles, con el objetivo de fortalecer las condiciones de seguridad y funcionalidad en aquellos espacios donde se brindan consultas generales e intervenciones preventivas a las y los sudcalifornianos que carecen de toda derechohabiencia, abund\u00f3.<\/p>\n<p style=\"text-align: justify;\">\n<p style=\"text-align: justify;\">Con estos esfuerzos de mantenimiento se atendieron los centros de salud de La Ribera, Santiago, Miraflores, San Bernab\u00e9, Lomas del Sol, Santa Rosa, El Caribe y Los Venados en Los Cabos. El Centenario, Los Planes, El Sargento, as\u00ed como en los de las colonias 8 de octubre, M\u00e1rquez de Le\u00f3n, Flores Mag\u00f3n y Agua Escondida, en La Paz.<\/p>\n<p style=\"text-align: justify;\">\n<p style=\"text-align: justify;\">La Unidad de Especialidad M\u00e9dica (UNEME) en Salud Mental y el Centro Ambulatorio para la Prevenci\u00f3n y Atenci\u00f3n en SIDA e Infecciones de Transmisi\u00f3n Sexual (CAPASITS) de la capital del estado. El centro de salud de La Poza Grande, en Comond\u00fa y el centro de salud de la Heroica Muleg\u00e9, en el municipio del mismo nombre.<\/p>\n<p style=\"text-align: justify;\">\n<p style=\"text-align: justify;\">En esta administraci\u00f3n estatal se han realizados procesos anuales de rehabilitaci\u00f3n en unidades m\u00e9dicas de nivel b\u00e1sico, para ampliar su vida \u00fatil y optimizar sus condiciones de operatividad, y con esto reducir los elevados costos que puede generar el mantenimiento mayor de un inmueble que no tuvo conservaci\u00f3n previa, dijo finalmente George Flores.<\/p>\n","protected":false},"excerpt":{"rendered":"<p>La Paz, Baja California Sur.- Una inversi\u00f3n superior a los 12 millones de pesos ejerci\u00f3 el Gobierno de Baja California<\/p>\n","protected":false},"author":1,"featured_media":83870,"comment_status":"open","ping_status":"closed","sticky":false,"template":"","format":"standard","meta":{"colormag_page_container_layout":"default_layout","colormag_page_sidebar_layout":"default_layout","_jetpack_memberships_contains_paid_content":false,"footnotes":"","jetpack_publicize_message":"","jetpack_publicize_feature_enabled":true,"jetpack_social_post_already_shared":true,"jetpack_social_options":{"image_generator_settings":{"template":"highway","default_image_id":0,"font":"","enabled":false},"version":2}},"categories":[1],"tags":[],"class_list":["post-83869","post","type-post","status-publish","format-standard","has-post-thumbnail","hentry","category-noticias"],"yoast_head":"<!-- This site is optimized with the Yoast SEO plugin v27.5 - https:\/\/yoast.com\/product\/yoast-seo-wordpress\/ -->\n<title>Invierten en BCS 12 mdp para rehabilitar los Centros de Salud - NBCS Noticias<\/title>\n<meta name=\"robots\" content=\"index, follow, max-snippet:-1, max-image-preview:large, max-video-preview:-1\" \/>\n<link rel=\"canonical\" href=\"https:\/\/nbcs.mx\/?p=83869\" \/>\n<meta property=\"og:locale\" content=\"es_ES\" \/>\n<meta property=\"og:type\" content=\"article\" \/>\n<meta property=\"og:title\" content=\"Invierten en BCS 12 mdp para rehabilitar los Centros de Salud - NBCS Noticias\" \/>\n<meta property=\"og:description\" content=\"La Paz, Baja California Sur.- Una inversi\u00f3n superior a los 12 millones de pesos ejerci\u00f3 el Gobierno de Baja California\" \/>\n<meta property=\"og:url\" content=\"https:\/\/nbcs.mx\/?p=83869\" \/>\n<meta property=\"og:site_name\" content=\"NBCS Noticias\" \/>\n<meta property=\"article:publisher\" content=\"https:\/\/www.facebook.com\/NBCSnoticias\" \/>\n<meta property=\"article:author\" content=\"https:\/\/www.facebook.com\/NBCSnoticias\" \/>\n<meta property=\"article:published_time\" content=\"2021-03-11T22:20:23+00:00\" \/>\n<meta property=\"og:image\" content=\"https:\/\/nbcs.mx\/wp-content\/uploads\/2021\/03\/SSA_UNIDADES.jpg\" \/>\n\t<meta property=\"og:image:width\" content=\"800\" \/>\n\t<meta property=\"og:image:height\" content=\"489\" \/>\n\t<meta property=\"og:image:type\" content=\"image\/jpeg\" \/>\n<meta name=\"author\" content=\"NBCS Noticias\" \/>\n<meta name=\"twitter:card\" content=\"summary_large_image\" \/>\n<meta name=\"twitter:creator\" content=\"@https:\/\/twitter.com\/NBCSnoticias\" \/>\n<meta name=\"twitter:site\" content=\"@NBCSnoticias\" \/>\n<meta name=\"twitter:label1\" content=\"Escrito por\" \/>\n\t<meta name=\"twitter:data1\" content=\"NBCS Noticias\" \/>\n\t<meta name=\"twitter:label2\" content=\"Tiempo de lectura\" \/>\n\t<meta name=\"twitter:data2\" content=\"2 minutos\" \/>\n<script type=\"application\/ld+json\" class=\"yoast-schema-graph\">{\"@context\":\"https:\\\/\\\/schema.org\",\"@graph\":[{\"@type\":\"Article\",\"@id\":\"https:\\\/\\\/nbcs.mx\\\/?p=83869#article\",\"isPartOf\":{\"@id\":\"https:\\\/\\\/nbcs.mx\\\/?p=83869\"},\"author\":{\"name\":\"NBCS Noticias\",\"@id\":\"https:\\\/\\\/nbcs.mx\\\/#\\\/schema\\\/person\\\/ece58bab9a7c1e87a4d28ec9ecd79ff4\"},\"headline\":\"Invierten en BCS 12 mdp para rehabilitar los Centros de Salud\",\"datePublished\":\"2021-03-11T22:20:23+00:00\",\"mainEntityOfPage\":{\"@id\":\"https:\\\/\\\/nbcs.mx\\\/?p=83869\"},\"wordCount\":392,\"commentCount\":0,\"publisher\":{\"@id\":\"https:\\\/\\\/nbcs.mx\\\/#organization\"},\"image\":{\"@id\":\"https:\\\/\\\/nbcs.mx\\\/?p=83869#primaryimage\"},\"thumbnailUrl\":\"https:\\\/\\\/nbcs.mx\\\/wp-content\\\/uploads\\\/2021\\\/03\\\/SSA_UNIDADES.jpg\",\"articleSection\":[\"Noticias\"],\"inLanguage\":\"es\",\"potentialAction\":[{\"@type\":\"CommentAction\",\"name\":\"Comment\",\"target\":[\"https:\\\/\\\/nbcs.mx\\\/?p=83869#respond\"]}]},{\"@type\":\"WebPage\",\"@id\":\"https:\\\/\\\/nbcs.mx\\\/?p=83869\",\"url\":\"https:\\\/\\\/nbcs.mx\\\/?p=83869\",\"name\":\"Invierten en BCS 12 mdp para rehabilitar los Centros de Salud - NBCS Noticias\",\"isPartOf\":{\"@id\":\"https:\\\/\\\/nbcs.mx\\\/#website\"},\"primaryImageOfPage\":{\"@id\":\"https:\\\/\\\/nbcs.mx\\\/?p=83869#primaryimage\"},\"image\":{\"@id\":\"https:\\\/\\\/nbcs.mx\\\/?p=83869#primaryimage\"},\"thumbnailUrl\":\"https:\\\/\\\/nbcs.mx\\\/wp-content\\\/uploads\\\/2021\\\/03\\\/SSA_UNIDADES.jpg\",\"datePublished\":\"2021-03-11T22:20:23+00:00\",\"breadcrumb\":{\"@id\":\"https:\\\/\\\/nbcs.mx\\\/?p=83869#breadcrumb\"},\"inLanguage\":\"es\",\"potentialAction\":[{\"@type\":\"ReadAction\",\"target\":[\"https:\\\/\\\/nbcs.mx\\\/?p=83869\"]}]},{\"@type\":\"ImageObject\",\"inLanguage\":\"es\",\"@id\":\"https:\\\/\\\/nbcs.mx\\\/?p=83869#primaryimage\",\"url\":\"https:\\\/\\\/nbcs.mx\\\/wp-content\\\/uploads\\\/2021\\\/03\\\/SSA_UNIDADES.jpg\",\"contentUrl\":\"https:\\\/\\\/nbcs.mx\\\/wp-content\\\/uploads\\\/2021\\\/03\\\/SSA_UNIDADES.jpg\",\"width\":800,\"height\":489},{\"@type\":\"BreadcrumbList\",\"@id\":\"https:\\\/\\\/nbcs.mx\\\/?p=83869#breadcrumb\",\"itemListElement\":[{\"@type\":\"ListItem\",\"position\":1,\"name\":\"Portada\",\"item\":\"https:\\\/\\\/nbcs.mx\\\/\"},{\"@type\":\"ListItem\",\"position\":2,\"name\":\"Invierten en BCS 12 mdp para rehabilitar los Centros de Salud\"}]},{\"@type\":\"WebSite\",\"@id\":\"https:\\\/\\\/nbcs.mx\\\/#website\",\"url\":\"https:\\\/\\\/nbcs.mx\\\/\",\"name\":\"NBCS Noticias\",\"description\":\"Sitio web de noticias en Baja California Sur\",\"publisher\":{\"@id\":\"https:\\\/\\\/nbcs.mx\\\/#organization\"},\"potentialAction\":[{\"@type\":\"SearchAction\",\"target\":{\"@type\":\"EntryPoint\",\"urlTemplate\":\"https:\\\/\\\/nbcs.mx\\\/?s={search_term_string}\"},\"query-input\":{\"@type\":\"PropertyValueSpecification\",\"valueRequired\":true,\"valueName\":\"search_term_string\"}}],\"inLanguage\":\"es\"},{\"@type\":\"Organization\",\"@id\":\"https:\\\/\\\/nbcs.mx\\\/#organization\",\"name\":\"NBCS Noticias\",\"url\":\"https:\\\/\\\/nbcs.mx\\\/\",\"logo\":{\"@type\":\"ImageObject\",\"inLanguage\":\"es\",\"@id\":\"https:\\\/\\\/nbcs.mx\\\/#\\\/schema\\\/logo\\\/image\\\/\",\"url\":\"https:\\\/\\\/nbcs.mx\\\/wp-content\\\/uploads\\\/2018\\\/09\\\/057b69485e93575a5c2b1c1dde2dd297.jpeg\",\"contentUrl\":\"https:\\\/\\\/nbcs.mx\\\/wp-content\\\/uploads\\\/2018\\\/09\\\/057b69485e93575a5c2b1c1dde2dd297.jpeg\",\"width\":64,\"height\":64,\"caption\":\"NBCS Noticias\"},\"image\":{\"@id\":\"https:\\\/\\\/nbcs.mx\\\/#\\\/schema\\\/logo\\\/image\\\/\"},\"sameAs\":[\"https:\\\/\\\/www.facebook.com\\\/NBCSnoticias\",\"https:\\\/\\\/x.com\\\/NBCSnoticias\"]},{\"@type\":\"Person\",\"@id\":\"https:\\\/\\\/nbcs.mx\\\/#\\\/schema\\\/person\\\/ece58bab9a7c1e87a4d28ec9ecd79ff4\",\"name\":\"NBCS Noticias\",\"image\":{\"@type\":\"ImageObject\",\"inLanguage\":\"es\",\"@id\":\"https:\\\/\\\/secure.gravatar.com\\\/avatar\\\/4e52110cad1c4054b43271a0d14bbe9e2ea76aecd0e1097edfc670798d9ca1d4?s=96&d=blank&r=g\",\"url\":\"https:\\\/\\\/secure.gravatar.com\\\/avatar\\\/4e52110cad1c4054b43271a0d14bbe9e2ea76aecd0e1097edfc670798d9ca1d4?s=96&d=blank&r=g\",\"contentUrl\":\"https:\\\/\\\/secure.gravatar.com\\\/avatar\\\/4e52110cad1c4054b43271a0d14bbe9e2ea76aecd0e1097edfc670798d9ca1d4?s=96&d=blank&r=g\",\"caption\":\"NBCS Noticias\"},\"description\":\"\u00bfTienes fotos o video de alg\u00fan acto de posible negligencia, corrupci\u00f3n y abuso de autoridad? M\u00e1ndalo al WhatsApp de NBCS Noticias: 612 141 98 08\",\"sameAs\":[\"https:\\\/\\\/www.nbcs.mx\",\"https:\\\/\\\/www.facebook.com\\\/NBCSnoticias\",\"https:\\\/\\\/www.instagram.com\\\/nbcsnoticias\\\/\",\"https:\\\/\\\/x.com\\\/https:\\\/\\\/twitter.com\\\/NBCSnoticias\"]}]}<\/script>\n<!-- \/ Yoast SEO plugin. -->","yoast_head_json":{"title":"Invierten en BCS 12 mdp para rehabilitar los Centros de Salud - NBCS Noticias","robots":{"index":"index","follow":"follow","max-snippet":"max-snippet:-1","max-image-preview":"max-image-preview:large","max-video-preview":"max-video-preview:-1"},"canonical":"https:\/\/nbcs.mx\/?p=83869","og_locale":"es_ES","og_type":"article","og_title":"Invierten en BCS 12 mdp para rehabilitar los Centros de Salud - NBCS Noticias","og_description":"La Paz, Baja California Sur.- Una inversi\u00f3n superior a los 12 millones de pesos ejerci\u00f3 el Gobierno de Baja California","og_url":"https:\/\/nbcs.mx\/?p=83869","og_site_name":"NBCS Noticias","article_publisher":"https:\/\/www.facebook.com\/NBCSnoticias","article_author":"https:\/\/www.facebook.com\/NBCSnoticias","article_published_time":"2021-03-11T22:20:23+00:00","og_image":[{"width":800,"height":489,"url":"https:\/\/nbcs.mx\/wp-content\/uploads\/2021\/03\/SSA_UNIDADES.jpg","type":"image\/jpeg"}],"author":"NBCS Noticias","twitter_card":"summary_large_image","twitter_creator":"@https:\/\/twitter.com\/NBCSnoticias","twitter_site":"@NBCSnoticias","twitter_misc":{"Escrito por":"NBCS Noticias","Tiempo de lectura":"2 minutos"},"schema":{"@context":"https:\/\/schema.org","@graph":[{"@type":"Article","@id":"https:\/\/nbcs.mx\/?p=83869#article","isPartOf":{"@id":"https:\/\/nbcs.mx\/?p=83869"},"author":{"name":"NBCS Noticias","@id":"https:\/\/nbcs.mx\/#\/schema\/person\/ece58bab9a7c1e87a4d28ec9ecd79ff4"},"headline":"Invierten en BCS 12 mdp para rehabilitar los Centros de Salud","datePublished":"2021-03-11T22:20:23+00:00","mainEntityOfPage":{"@id":"https:\/\/nbcs.mx\/?p=83869"},"wordCount":392,"commentCount":0,"publisher":{"@id":"https:\/\/nbcs.mx\/#organization"},"image":{"@id":"https:\/\/nbcs.mx\/?p=83869#primaryimage"},"thumbnailUrl":"https:\/\/nbcs.mx\/wp-content\/uploads\/2021\/03\/SSA_UNIDADES.jpg","articleSection":["Noticias"],"inLanguage":"es","potentialAction":[{"@type":"CommentAction","name":"Comment","target":["https:\/\/nbcs.mx\/?p=83869#respond"]}]},{"@type":"WebPage","@id":"https:\/\/nbcs.mx\/?p=83869","url":"https:\/\/nbcs.mx\/?p=83869","name":"Invierten en BCS 12 mdp para rehabilitar los Centros de Salud - NBCS Noticias","isPartOf":{"@id":"https:\/\/nbcs.mx\/#website"},"primaryImageOfPage":{"@id":"https:\/\/nbcs.mx\/?p=83869#primaryimage"},"image":{"@id":"https:\/\/nbcs.mx\/?p=83869#primaryimage"},"thumbnailUrl":"https:\/\/nbcs.mx\/wp-content\/uploads\/2021\/03\/SSA_UNIDADES.jpg","datePublished":"2021-03-11T22:20:23+00:00","breadcrumb":{"@id":"https:\/\/nbcs.mx\/?p=83869#breadcrumb"},"inLanguage":"es","potentialAction":[{"@type":"ReadAction","target":["https:\/\/nbcs.mx\/?p=83869"]}]},{"@type":"ImageObject","inLanguage":"es","@id":"https:\/\/nbcs.mx\/?p=83869#primaryimage","url":"https:\/\/nbcs.mx\/wp-content\/uploads\/2021\/03\/SSA_UNIDADES.jpg","contentUrl":"https:\/\/nbcs.mx\/wp-content\/uploads\/2021\/03\/SSA_UNIDADES.jpg","width":800,"height":489},{"@type":"BreadcrumbList","@id":"https:\/\/nbcs.mx\/?p=83869#breadcrumb","itemListElement":[{"@type":"ListItem","position":1,"name":"Portada","item":"https:\/\/nbcs.mx\/"},{"@type":"ListItem","position":2,"name":"Invierten en BCS 12 mdp para rehabilitar los Centros de Salud"}]},{"@type":"WebSite","@id":"https:\/\/nbcs.mx\/#website","url":"https:\/\/nbcs.mx\/","name":"NBCS Noticias","description":"Sitio web de noticias en Baja California Sur","publisher":{"@id":"https:\/\/nbcs.mx\/#organization"},"potentialAction":[{"@type":"SearchAction","target":{"@type":"EntryPoint","urlTemplate":"https:\/\/nbcs.mx\/?s={search_term_string}"},"query-input":{"@type":"PropertyValueSpecification","valueRequired":true,"valueName":"search_term_string"}}],"inLanguage":"es"},{"@type":"Organization","@id":"https:\/\/nbcs.mx\/#organization","name":"NBCS Noticias","url":"https:\/\/nbcs.mx\/","logo":{"@type":"ImageObject","inLanguage":"es","@id":"https:\/\/nbcs.mx\/#\/schema\/logo\/image\/","url":"https:\/\/nbcs.mx\/wp-content\/uploads\/2018\/09\/057b69485e93575a5c2b1c1dde2dd297.jpeg","contentUrl":"https:\/\/nbcs.mx\/wp-content\/uploads\/2018\/09\/057b69485e93575a5c2b1c1dde2dd297.jpeg","width":64,"height":64,"caption":"NBCS Noticias"},"image":{"@id":"https:\/\/nbcs.mx\/#\/schema\/logo\/image\/"},"sameAs":["https:\/\/www.facebook.com\/NBCSnoticias","https:\/\/x.com\/NBCSnoticias"]},{"@type":"Person","@id":"https:\/\/nbcs.mx\/#\/schema\/person\/ece58bab9a7c1e87a4d28ec9ecd79ff4","name":"NBCS Noticias","image":{"@type":"ImageObject","inLanguage":"es","@id":"https:\/\/secure.gravatar.com\/avatar\/4e52110cad1c4054b43271a0d14bbe9e2ea76aecd0e1097edfc670798d9ca1d4?s=96&d=blank&r=g","url":"https:\/\/secure.gravatar.com\/avatar\/4e52110cad1c4054b43271a0d14bbe9e2ea76aecd0e1097edfc670798d9ca1d4?s=96&d=blank&r=g","contentUrl":"https:\/\/secure.gravatar.com\/avatar\/4e52110cad1c4054b43271a0d14bbe9e2ea76aecd0e1097edfc670798d9ca1d4?s=96&d=blank&r=g","caption":"NBCS Noticias"},"description":"\u00bfTienes fotos o video de alg\u00fan acto de posible negligencia, corrupci\u00f3n y abuso de autoridad? M\u00e1ndalo al WhatsApp de NBCS Noticias: 612 141 98 08","sameAs":["https:\/\/www.nbcs.mx","https:\/\/www.facebook.com\/NBCSnoticias","https:\/\/www.instagram.com\/nbcsnoticias\/","https:\/\/x.com\/https:\/\/twitter.com\/NBCSnoticias"]}]}},"jetpack_publicize_connections":[],"jetpack_featured_media_url":"https:\/\/nbcs.mx\/wp-content\/uploads\/2021\/03\/SSA_UNIDADES.jpg","jetpack_sharing_enabled":true,"_links":{"self":[{"href":"https:\/\/nbcs.mx\/index.php?rest_route=\/wp\/v2\/posts\/83869","targetHints":{"allow":["GET"]}}],"collection":[{"href":"https:\/\/nbcs.mx\/index.php?rest_route=\/wp\/v2\/posts"}],"about":[{"href":"https:\/\/nbcs.mx\/index.php?rest_route=\/wp\/v2\/types\/post"}],"author":[{"embeddable":true,"href":"https:\/\/nbcs.mx\/index.php?rest_route=\/wp\/v2\/users\/1"}],"replies":[{"embeddable":true,"href":"https:\/\/nbcs.mx\/index.php?rest_route=%2Fwp%2Fv2%2Fcomments&post=83869"}],"version-history":[{"count":1,"href":"https:\/\/nbcs.mx\/index.php?rest_route=\/wp\/v2\/posts\/83869\/revisions"}],"predecessor-version":[{"id":83871,"href":"https:\/\/nbcs.mx\/index.php?rest_route=\/wp\/v2\/posts\/83869\/revisions\/83871"}],"wp:featuredmedia":[{"embeddable":true,"href":"https:\/\/nbcs.mx\/index.php?rest_route=\/wp\/v2\/media\/83870"}],"wp:attachment":[{"href":"https:\/\/nbcs.mx\/index.php?rest_route=%2Fwp%2Fv2%2Fmedia&parent=83869"}],"wp:term":[{"taxonomy":"category","embeddable":true,"href":"https:\/\/nbcs.mx\/index.php?rest_route=%2Fwp%2Fv2%2Fcategories&post=83869"},{"taxonomy":"post_tag","embeddable":true,"href":"https:\/\/nbcs.mx\/index.php?rest_route=%2Fwp%2Fv2%2Ftags&post=83869"}],"curies":[{"name":"wp","href":"https:\/\/api.w.org\/{rel}","templated":true}]}}