{"id":84146,"date":"2021-03-17T19:36:14","date_gmt":"2021-03-18T02:36:14","guid":{"rendered":"https:\/\/nbcs.mx\/?p=84146"},"modified":"2021-03-17T19:36:14","modified_gmt":"2021-03-18T02:36:14","slug":"aranza-vazquez-se-concentrara-en-el-cnar-para-la-copa-mundial-de-clavados","status":"publish","type":"post","link":"https:\/\/nbcs.mx\/?p=84146","title":{"rendered":"Aranza Vazquez se concentrar\u00e1 en el CNAR para la Copa Mundial de Clavados"},"content":{"rendered":"<p style=\"text-align: justify;\"><img loading=\"lazy\" decoding=\"async\" class=\" wp-image-84147 alignleft\" src=\"https:\/\/nbcs.mx\/wp-content\/uploads\/2021\/03\/IMG_9251-755x464.jpg\" alt=\"\" width=\"379\" height=\"233\" srcset=\"https:\/\/nbcs.mx\/wp-content\/uploads\/2021\/03\/IMG_9251-755x464.jpg 755w, https:\/\/nbcs.mx\/wp-content\/uploads\/2021\/03\/IMG_9251-150x92.jpg 150w, https:\/\/nbcs.mx\/wp-content\/uploads\/2021\/03\/IMG_9251-768x472.jpg 768w, https:\/\/nbcs.mx\/wp-content\/uploads\/2021\/03\/IMG_9251.jpg 1024w\" sizes=\"auto, (max-width: 379px) 100vw, 379px\" \/>La Paz, Baja California Sur.- Aranza V\u00e1zquez Monta\u00f1o y el entrenador Yohandy N\u00fa\u00f1ez V\u00e1zquez se presentar\u00e1n a partir del 29 de marzo en las instalaciones del Centro Nacional de Alto Rendimiento de la Ciudad de M\u00e9xico, a fin de iniciar la concentraci\u00f3n y preparaci\u00f3n para la Copa Mundial de Clavados que, del 18 al 23 de abril en Tokio, Jap\u00f3n, evento que definir\u00e1 las \u00faltimas plazas para los Juegos Ol\u00edmpicos.<\/p>\n<p style=\"text-align: justify;\">\n<p style=\"text-align: justify;\">V\u00e1zquez Monta\u00f1o se integrar\u00e1 con los dem\u00e1s seleccionados que desde hace dos semanas realizan los entrenamientos en la burbuja, como lo ha dispuesto la Comisi\u00f3n Nacional de Cultura F\u00edsica y deporte (CONADE), con la finalidad de mantenerlos en reserva y con los cuidados adecuados para evitar alguna situaci\u00f3n que pudiera afectar los planes deportivos ya se\u00f1alados.<\/p>\n<p style=\"text-align: justify;\">\n<p style=\"text-align: justify;\">La deportista sudcaliforniana conquist\u00f3 su lugar en la selecci\u00f3n nacional en la prueba de trampol\u00edn durante el clasificatorio que hace un a\u00f1o realiz\u00f3 la Federaci\u00f3n Mexicana de Nataci\u00f3n, teniendo ahora la posibilidad de asistir a la copa del mundo en busca de concretar el sue\u00f1o ol\u00edmpico y representar a M\u00e9xico el pr\u00f3ximo verano en Tokio.<\/p>\n<p style=\"text-align: justify;\">\n<p style=\"text-align: justify;\">Aranza V\u00e1zquez tendr\u00e1 que abandonar el circuito nacional universitario en los Estados Unidos, al que se clasific\u00f3 representando a la Universidad de Carolina del Norte, traslad\u00e1ndose en la fecha se\u00f1alada a la capital del pa\u00eds para su ingreso al CNAR, donde deber\u00e1 presentar los ex\u00e1menes correspondientes al COVID19.<\/p>\n<p style=\"text-align: justify;\">\n<p style=\"text-align: justify;\">Pero no llegar\u00e1 sola, ser\u00e1 acompa\u00f1ada por el entrenador Yohandy N\u00fa\u00f1ez, quien se qued\u00f3 como responsable de su carrera deportiva tras el fallecimiento el a\u00f1o pasado de Yunieski Hern\u00e1ndez S\u00e1nchez, teniendo estas \u00faltimas semanas la oportunidad de vigilar los entrenamientos para que la atleta cumpla con una buena actuaci\u00f3n en Jap\u00f3n y gane para M\u00e9xico una posici\u00f3n en los Juegos Ol\u00edmpicos.<\/p>\n","protected":false},"excerpt":{"rendered":"<p>La Paz, Baja California Sur.- Aranza V\u00e1zquez Monta\u00f1o y el entrenador Yohandy N\u00fa\u00f1ez V\u00e1zquez se presentar\u00e1n a partir del 29<\/p>\n","protected":false},"author":1,"featured_media":84147,"comment_status":"open","ping_status":"closed","sticky":false,"template":"","format":"standard","meta":{"colormag_page_container_layout":"default_layout","colormag_page_sidebar_layout":"default_layout","_jetpack_newsletter_access":"","_jetpack_dont_email_post_to_subs":false,"_jetpack_newsletter_tier_id":0,"_jetpack_memberships_contains_paywalled_content":false,"_jetpack_feature_clip_id":0,"_jetpack_memberships_contains_paid_content":false,"footnotes":"","jetpack_publicize_message":"","jetpack_publicize_feature_enabled":true,"jetpack_social_post_already_shared":true,"jetpack_social_options":{"image_generator_settings":{"template":"highway","default_image_id":0,"font":"","enabled":false},"version":2},"jetpack_post_was_ever_published":false},"categories":[23],"tags":[],"class_list":["post-84146","post","type-post","status-publish","format-standard","has-post-thumbnail","hentry","category-deportes"],"yoast_head":"<!-- This site is optimized with the Yoast SEO plugin v28.4 - https:\/\/yoast.com\/product\/yoast-seo-wordpress\/ -->\n<title>Aranza Vazquez se concentrar\u00e1 en el CNAR para la Copa Mundial de Clavados - NBCS Noticias<\/title>\n<meta name=\"robots\" content=\"index, follow, max-snippet:-1, max-image-preview:large, max-video-preview:-1\" \/>\n<link rel=\"canonical\" href=\"https:\/\/nbcs.mx\/?p=84146\" \/>\n<meta property=\"og:locale\" content=\"es_ES\" \/>\n<meta property=\"og:type\" content=\"article\" \/>\n<meta property=\"og:title\" content=\"Aranza Vazquez se concentrar\u00e1 en el CNAR para la Copa Mundial de Clavados - NBCS Noticias\" \/>\n<meta property=\"og:description\" content=\"La Paz, Baja California Sur.- Aranza V\u00e1zquez Monta\u00f1o y el entrenador Yohandy N\u00fa\u00f1ez V\u00e1zquez se presentar\u00e1n a partir del 29\" \/>\n<meta property=\"og:url\" content=\"https:\/\/nbcs.mx\/?p=84146\" \/>\n<meta property=\"og:site_name\" content=\"NBCS Noticias\" \/>\n<meta property=\"article:publisher\" content=\"https:\/\/www.facebook.com\/NBCSnoticias\" \/>\n<meta property=\"article:author\" content=\"https:\/\/www.facebook.com\/NBCSnoticias\" \/>\n<meta property=\"article:published_time\" content=\"2021-03-18T02:36:14+00:00\" \/>\n<meta property=\"og:image\" content=\"https:\/\/nbcs.mx\/wp-content\/uploads\/2021\/03\/IMG_9251.jpg\" \/>\n\t<meta property=\"og:image:width\" content=\"1024\" \/>\n\t<meta property=\"og:image:height\" content=\"629\" \/>\n\t<meta property=\"og:image:type\" content=\"image\/jpeg\" \/>\n<meta name=\"author\" content=\"NBCS Noticias\" \/>\n<meta name=\"twitter:card\" content=\"summary_large_image\" \/>\n<meta name=\"twitter:creator\" content=\"@https:\/\/twitter.com\/NBCSnoticias\" \/>\n<meta name=\"twitter:site\" content=\"@NBCSnoticias\" \/>\n<meta name=\"twitter:label1\" content=\"Escrito por\" \/>\n\t<meta name=\"twitter:data1\" content=\"NBCS Noticias\" \/>\n\t<meta name=\"twitter:label2\" content=\"Tiempo de lectura\" \/>\n\t<meta name=\"twitter:data2\" content=\"2 minutos\" \/>\n<script type=\"application\/ld+json\" class=\"yoast-schema-graph\">{\"@context\":\"https:\\\/\\\/schema.org\",\"@graph\":[{\"@type\":\"Article\",\"@id\":\"https:\\\/\\\/nbcs.mx\\\/?p=84146#article\",\"isPartOf\":{\"@id\":\"https:\\\/\\\/nbcs.mx\\\/?p=84146\"},\"author\":{\"name\":\"NBCS Noticias\",\"@id\":\"https:\\\/\\\/nbcs.mx\\\/#\\\/schema\\\/person\\\/ece58bab9a7c1e87a4d28ec9ecd79ff4\"},\"headline\":\"Aranza Vazquez se concentrar\u00e1 en el CNAR para la Copa Mundial de Clavados\",\"datePublished\":\"2021-03-18T02:36:14+00:00\",\"mainEntityOfPage\":{\"@id\":\"https:\\\/\\\/nbcs.mx\\\/?p=84146\"},\"wordCount\":342,\"commentCount\":0,\"publisher\":{\"@id\":\"https:\\\/\\\/nbcs.mx\\\/#organization\"},\"image\":{\"@id\":\"https:\\\/\\\/nbcs.mx\\\/?p=84146#primaryimage\"},\"thumbnailUrl\":\"https:\\\/\\\/nbcs.mx\\\/wp-content\\\/uploads\\\/2021\\\/03\\\/IMG_9251.jpg\",\"articleSection\":[\"Deportes\"],\"inLanguage\":\"es\",\"potentialAction\":[{\"@type\":\"CommentAction\",\"name\":\"Comment\",\"target\":[\"https:\\\/\\\/nbcs.mx\\\/?p=84146#respond\"]}]},{\"@type\":\"WebPage\",\"@id\":\"https:\\\/\\\/nbcs.mx\\\/?p=84146\",\"url\":\"https:\\\/\\\/nbcs.mx\\\/?p=84146\",\"name\":\"Aranza Vazquez se concentrar\u00e1 en el CNAR para la Copa Mundial de Clavados - NBCS Noticias\",\"isPartOf\":{\"@id\":\"https:\\\/\\\/nbcs.mx\\\/#website\"},\"primaryImageOfPage\":{\"@id\":\"https:\\\/\\\/nbcs.mx\\\/?p=84146#primaryimage\"},\"image\":{\"@id\":\"https:\\\/\\\/nbcs.mx\\\/?p=84146#primaryimage\"},\"thumbnailUrl\":\"https:\\\/\\\/nbcs.mx\\\/wp-content\\\/uploads\\\/2021\\\/03\\\/IMG_9251.jpg\",\"datePublished\":\"2021-03-18T02:36:14+00:00\",\"breadcrumb\":{\"@id\":\"https:\\\/\\\/nbcs.mx\\\/?p=84146#breadcrumb\"},\"inLanguage\":\"es\",\"potentialAction\":[{\"@type\":\"ReadAction\",\"target\":[\"https:\\\/\\\/nbcs.mx\\\/?p=84146\"]}]},{\"@type\":\"ImageObject\",\"inLanguage\":\"es\",\"@id\":\"https:\\\/\\\/nbcs.mx\\\/?p=84146#primaryimage\",\"url\":\"https:\\\/\\\/nbcs.mx\\\/wp-content\\\/uploads\\\/2021\\\/03\\\/IMG_9251.jpg\",\"contentUrl\":\"https:\\\/\\\/nbcs.mx\\\/wp-content\\\/uploads\\\/2021\\\/03\\\/IMG_9251.jpg\",\"width\":1024,\"height\":629},{\"@type\":\"BreadcrumbList\",\"@id\":\"https:\\\/\\\/nbcs.mx\\\/?p=84146#breadcrumb\",\"itemListElement\":[{\"@type\":\"ListItem\",\"position\":1,\"name\":\"Portada\",\"item\":\"https:\\\/\\\/nbcs.mx\\\/\"},{\"@type\":\"ListItem\",\"position\":2,\"name\":\"Aranza Vazquez se concentrar\u00e1 en el CNAR para la Copa Mundial de Clavados\"}]},{\"@type\":\"WebSite\",\"@id\":\"https:\\\/\\\/nbcs.mx\\\/#website\",\"url\":\"https:\\\/\\\/nbcs.mx\\\/\",\"name\":\"NBCS Noticias\",\"description\":\"Sitio web de noticias en Baja California Sur\",\"publisher\":{\"@id\":\"https:\\\/\\\/nbcs.mx\\\/#organization\"},\"potentialAction\":[{\"@type\":\"SearchAction\",\"target\":{\"@type\":\"EntryPoint\",\"urlTemplate\":\"https:\\\/\\\/nbcs.mx\\\/?s={search_term_string}\"},\"query-input\":{\"@type\":\"PropertyValueSpecification\",\"valueRequired\":true,\"valueName\":\"search_term_string\"}}],\"inLanguage\":\"es\"},{\"@type\":\"Organization\",\"@id\":\"https:\\\/\\\/nbcs.mx\\\/#organization\",\"name\":\"NBCS Noticias\",\"url\":\"https:\\\/\\\/nbcs.mx\\\/\",\"logo\":{\"@type\":\"ImageObject\",\"inLanguage\":\"es\",\"@id\":\"https:\\\/\\\/nbcs.mx\\\/#\\\/schema\\\/logo\\\/image\\\/\",\"url\":\"https:\\\/\\\/nbcs.mx\\\/wp-content\\\/uploads\\\/2018\\\/09\\\/057b69485e93575a5c2b1c1dde2dd297.jpeg\",\"contentUrl\":\"https:\\\/\\\/nbcs.mx\\\/wp-content\\\/uploads\\\/2018\\\/09\\\/057b69485e93575a5c2b1c1dde2dd297.jpeg\",\"width\":64,\"height\":64,\"caption\":\"NBCS Noticias\"},\"image\":{\"@id\":\"https:\\\/\\\/nbcs.mx\\\/#\\\/schema\\\/logo\\\/image\\\/\"},\"sameAs\":[\"https:\\\/\\\/www.facebook.com\\\/NBCSnoticias\",\"https:\\\/\\\/x.com\\\/NBCSnoticias\"]},{\"@type\":\"Person\",\"@id\":\"https:\\\/\\\/nbcs.mx\\\/#\\\/schema\\\/person\\\/ece58bab9a7c1e87a4d28ec9ecd79ff4\",\"name\":\"NBCS Noticias\",\"image\":{\"@type\":\"ImageObject\",\"inLanguage\":\"es\",\"@id\":\"https:\\\/\\\/secure.gravatar.com\\\/avatar\\\/4e52110cad1c4054b43271a0d14bbe9e2ea76aecd0e1097edfc670798d9ca1d4?s=96&d=blank&r=g\",\"url\":\"https:\\\/\\\/secure.gravatar.com\\\/avatar\\\/4e52110cad1c4054b43271a0d14bbe9e2ea76aecd0e1097edfc670798d9ca1d4?s=96&d=blank&r=g\",\"contentUrl\":\"https:\\\/\\\/secure.gravatar.com\\\/avatar\\\/4e52110cad1c4054b43271a0d14bbe9e2ea76aecd0e1097edfc670798d9ca1d4?s=96&d=blank&r=g\",\"caption\":\"NBCS Noticias\"},\"description\":\"\u00bfTienes fotos o video de alg\u00fan acto de posible negligencia, corrupci\u00f3n y abuso de autoridad? M\u00e1ndalo al WhatsApp de NBCS Noticias: 612 141 98 08\",\"sameAs\":[\"https:\\\/\\\/www.nbcs.mx\",\"https:\\\/\\\/www.facebook.com\\\/NBCSnoticias\",\"https:\\\/\\\/www.instagram.com\\\/nbcsnoticias\\\/\",\"https:\\\/\\\/x.com\\\/https:\\\/\\\/twitter.com\\\/NBCSnoticias\"]}]}<\/script>\n<!-- \/ Yoast SEO plugin. -->","yoast_head_json":{"title":"Aranza Vazquez se concentrar\u00e1 en el CNAR para la Copa Mundial de Clavados - NBCS Noticias","robots":{"index":"index","follow":"follow","max-snippet":"max-snippet:-1","max-image-preview":"max-image-preview:large","max-video-preview":"max-video-preview:-1"},"canonical":"https:\/\/nbcs.mx\/?p=84146","og_locale":"es_ES","og_type":"article","og_title":"Aranza Vazquez se concentrar\u00e1 en el CNAR para la Copa Mundial de Clavados - NBCS Noticias","og_description":"La Paz, Baja California Sur.- Aranza V\u00e1zquez Monta\u00f1o y el entrenador Yohandy N\u00fa\u00f1ez V\u00e1zquez se presentar\u00e1n a partir del 29","og_url":"https:\/\/nbcs.mx\/?p=84146","og_site_name":"NBCS Noticias","article_publisher":"https:\/\/www.facebook.com\/NBCSnoticias","article_author":"https:\/\/www.facebook.com\/NBCSnoticias","article_published_time":"2021-03-18T02:36:14+00:00","og_image":[{"width":1024,"height":629,"url":"https:\/\/nbcs.mx\/wp-content\/uploads\/2021\/03\/IMG_9251.jpg","type":"image\/jpeg"}],"author":"NBCS Noticias","twitter_card":"summary_large_image","twitter_creator":"@https:\/\/twitter.com\/NBCSnoticias","twitter_site":"@NBCSnoticias","twitter_misc":{"Escrito por":"NBCS Noticias","Tiempo de lectura":"2 minutos"},"schema":{"@context":"https:\/\/schema.org","@graph":[{"@type":"Article","@id":"https:\/\/nbcs.mx\/?p=84146#article","isPartOf":{"@id":"https:\/\/nbcs.mx\/?p=84146"},"author":{"name":"NBCS Noticias","@id":"https:\/\/nbcs.mx\/#\/schema\/person\/ece58bab9a7c1e87a4d28ec9ecd79ff4"},"headline":"Aranza Vazquez se concentrar\u00e1 en el CNAR para la Copa Mundial de Clavados","datePublished":"2021-03-18T02:36:14+00:00","mainEntityOfPage":{"@id":"https:\/\/nbcs.mx\/?p=84146"},"wordCount":342,"commentCount":0,"publisher":{"@id":"https:\/\/nbcs.mx\/#organization"},"image":{"@id":"https:\/\/nbcs.mx\/?p=84146#primaryimage"},"thumbnailUrl":"https:\/\/nbcs.mx\/wp-content\/uploads\/2021\/03\/IMG_9251.jpg","articleSection":["Deportes"],"inLanguage":"es","potentialAction":[{"@type":"CommentAction","name":"Comment","target":["https:\/\/nbcs.mx\/?p=84146#respond"]}]},{"@type":"WebPage","@id":"https:\/\/nbcs.mx\/?p=84146","url":"https:\/\/nbcs.mx\/?p=84146","name":"Aranza Vazquez se concentrar\u00e1 en el CNAR para la Copa Mundial de Clavados - NBCS Noticias","isPartOf":{"@id":"https:\/\/nbcs.mx\/#website"},"primaryImageOfPage":{"@id":"https:\/\/nbcs.mx\/?p=84146#primaryimage"},"image":{"@id":"https:\/\/nbcs.mx\/?p=84146#primaryimage"},"thumbnailUrl":"https:\/\/nbcs.mx\/wp-content\/uploads\/2021\/03\/IMG_9251.jpg","datePublished":"2021-03-18T02:36:14+00:00","breadcrumb":{"@id":"https:\/\/nbcs.mx\/?p=84146#breadcrumb"},"inLanguage":"es","potentialAction":[{"@type":"ReadAction","target":["https:\/\/nbcs.mx\/?p=84146"]}]},{"@type":"ImageObject","inLanguage":"es","@id":"https:\/\/nbcs.mx\/?p=84146#primaryimage","url":"https:\/\/nbcs.mx\/wp-content\/uploads\/2021\/03\/IMG_9251.jpg","contentUrl":"https:\/\/nbcs.mx\/wp-content\/uploads\/2021\/03\/IMG_9251.jpg","width":1024,"height":629},{"@type":"BreadcrumbList","@id":"https:\/\/nbcs.mx\/?p=84146#breadcrumb","itemListElement":[{"@type":"ListItem","position":1,"name":"Portada","item":"https:\/\/nbcs.mx\/"},{"@type":"ListItem","position":2,"name":"Aranza Vazquez se concentrar\u00e1 en el CNAR para la Copa Mundial de Clavados"}]},{"@type":"WebSite","@id":"https:\/\/nbcs.mx\/#website","url":"https:\/\/nbcs.mx\/","name":"NBCS Noticias","description":"Sitio web de noticias en Baja California Sur","publisher":{"@id":"https:\/\/nbcs.mx\/#organization"},"potentialAction":[{"@type":"SearchAction","target":{"@type":"EntryPoint","urlTemplate":"https:\/\/nbcs.mx\/?s={search_term_string}"},"query-input":{"@type":"PropertyValueSpecification","valueRequired":true,"valueName":"search_term_string"}}],"inLanguage":"es"},{"@type":"Organization","@id":"https:\/\/nbcs.mx\/#organization","name":"NBCS Noticias","url":"https:\/\/nbcs.mx\/","logo":{"@type":"ImageObject","inLanguage":"es","@id":"https:\/\/nbcs.mx\/#\/schema\/logo\/image\/","url":"https:\/\/nbcs.mx\/wp-content\/uploads\/2018\/09\/057b69485e93575a5c2b1c1dde2dd297.jpeg","contentUrl":"https:\/\/nbcs.mx\/wp-content\/uploads\/2018\/09\/057b69485e93575a5c2b1c1dde2dd297.jpeg","width":64,"height":64,"caption":"NBCS Noticias"},"image":{"@id":"https:\/\/nbcs.mx\/#\/schema\/logo\/image\/"},"sameAs":["https:\/\/www.facebook.com\/NBCSnoticias","https:\/\/x.com\/NBCSnoticias"]},{"@type":"Person","@id":"https:\/\/nbcs.mx\/#\/schema\/person\/ece58bab9a7c1e87a4d28ec9ecd79ff4","name":"NBCS Noticias","image":{"@type":"ImageObject","inLanguage":"es","@id":"https:\/\/secure.gravatar.com\/avatar\/4e52110cad1c4054b43271a0d14bbe9e2ea76aecd0e1097edfc670798d9ca1d4?s=96&d=blank&r=g","url":"https:\/\/secure.gravatar.com\/avatar\/4e52110cad1c4054b43271a0d14bbe9e2ea76aecd0e1097edfc670798d9ca1d4?s=96&d=blank&r=g","contentUrl":"https:\/\/secure.gravatar.com\/avatar\/4e52110cad1c4054b43271a0d14bbe9e2ea76aecd0e1097edfc670798d9ca1d4?s=96&d=blank&r=g","caption":"NBCS Noticias"},"description":"\u00bfTienes fotos o video de alg\u00fan acto de posible negligencia, corrupci\u00f3n y abuso de autoridad? M\u00e1ndalo al WhatsApp de NBCS Noticias: 612 141 98 08","sameAs":["https:\/\/www.nbcs.mx","https:\/\/www.facebook.com\/NBCSnoticias","https:\/\/www.instagram.com\/nbcsnoticias\/","https:\/\/x.com\/https:\/\/twitter.com\/NBCSnoticias"]}]}},"jetpack_publicize_connections":[],"jetpack_sharing_enabled":true,"jetpack_featured_media_url":"https:\/\/nbcs.mx\/wp-content\/uploads\/2021\/03\/IMG_9251.jpg","_links":{"self":[{"href":"https:\/\/nbcs.mx\/index.php?rest_route=\/wp\/v2\/posts\/84146","targetHints":{"allow":["GET"]}}],"collection":[{"href":"https:\/\/nbcs.mx\/index.php?rest_route=\/wp\/v2\/posts"}],"about":[{"href":"https:\/\/nbcs.mx\/index.php?rest_route=\/wp\/v2\/types\/post"}],"author":[{"embeddable":true,"href":"https:\/\/nbcs.mx\/index.php?rest_route=\/wp\/v2\/users\/1"}],"replies":[{"embeddable":true,"href":"https:\/\/nbcs.mx\/index.php?rest_route=%2Fwp%2Fv2%2Fcomments&post=84146"}],"version-history":[{"count":1,"href":"https:\/\/nbcs.mx\/index.php?rest_route=\/wp\/v2\/posts\/84146\/revisions"}],"predecessor-version":[{"id":84148,"href":"https:\/\/nbcs.mx\/index.php?rest_route=\/wp\/v2\/posts\/84146\/revisions\/84148"}],"wp:featuredmedia":[{"embeddable":true,"href":"https:\/\/nbcs.mx\/index.php?rest_route=\/wp\/v2\/media\/84147"}],"wp:attachment":[{"href":"https:\/\/nbcs.mx\/index.php?rest_route=%2Fwp%2Fv2%2Fmedia&parent=84146"}],"wp:term":[{"taxonomy":"category","embeddable":true,"href":"https:\/\/nbcs.mx\/index.php?rest_route=%2Fwp%2Fv2%2Fcategories&post=84146"},{"taxonomy":"post_tag","embeddable":true,"href":"https:\/\/nbcs.mx\/index.php?rest_route=%2Fwp%2Fv2%2Ftags&post=84146"}],"curies":[{"name":"wp","href":"https:\/\/api.w.org\/{rel}","templated":true}]}}