{"id":84149,"date":"2021-03-17T20:36:04","date_gmt":"2021-03-18T03:36:04","guid":{"rendered":"https:\/\/nbcs.mx\/?p=84149"},"modified":"2021-03-17T20:36:04","modified_gmt":"2021-03-18T03:36:04","slug":"entrega-gobernador-remodelacion-de-la-casa-de-cultura-en-el-triunfo","status":"publish","type":"post","link":"https:\/\/nbcs.mx\/?p=84149","title":{"rendered":"Entrega gobernador remodelaci\u00f3n de la Casa de Cultura en El Triunfo"},"content":{"rendered":"<p style=\"text-align: justify;\"><img loading=\"lazy\" decoding=\"async\" class=\" wp-image-84151 alignleft\" src=\"https:\/\/nbcs.mx\/wp-content\/uploads\/2021\/03\/PRINCIPAL_CMD-ILUMINACION-EL-TRIUNFO-5-739x492.jpeg\" alt=\"\" width=\"380\" height=\"253\" srcset=\"https:\/\/nbcs.mx\/wp-content\/uploads\/2021\/03\/PRINCIPAL_CMD-ILUMINACION-EL-TRIUNFO-5-739x492.jpeg 739w, https:\/\/nbcs.mx\/wp-content\/uploads\/2021\/03\/PRINCIPAL_CMD-ILUMINACION-EL-TRIUNFO-5-150x100.jpeg 150w, https:\/\/nbcs.mx\/wp-content\/uploads\/2021\/03\/PRINCIPAL_CMD-ILUMINACION-EL-TRIUNFO-5-768x512.jpeg 768w, https:\/\/nbcs.mx\/wp-content\/uploads\/2021\/03\/PRINCIPAL_CMD-ILUMINACION-EL-TRIUNFO-5.jpeg 1024w\" sizes=\"auto, (max-width: 380px) 100vw, 380px\" \/>El Triunfo, Baja California Sur.- En visita de trabajo a la comunidad de El Triunfo para hacer entrega de la remodelaci\u00f3n de la ahora Casa de Cultura, en las instalaciones de la Antigua Casa Municipal y C\u00e1rcel P\u00fablica, el gobernador Carlos Mendoza Davis se\u00f1al\u00f3 que \u201ccon la entrega de estas obras, se est\u00e1 dando seguimiento a la estrategia de recuperar y darle vida a espacios p\u00fablicos que estaban olvidados para que puedan ser aprovechados y se conviertan en un atractivo m\u00e1s para locales y visitantes\u201d.<\/p>\n<p style=\"text-align: justify;\">\n<p style=\"text-align: justify;\">Acompa\u00f1ado por la presidenta del Sistema Estatal DIF, se\u00f1ora Gabriela Vel\u00e1zquez, del alcalde de La Paz, Rub\u00e9n Mu\u00f1oz y de la presidenta del DIF municipal Rosita Cordero y del el titular de la Secretar\u00eda de Planeaci\u00f3n Urbana, Infraestructura y Movilidad (SEPUIM), Erick Morales, del titular de la SETUES, Fernando Ojeda y del secretario de Educaci\u00f3n, Gustavo Cruz, resalt\u00f3 la importancia de resguardar el legado hist\u00f3rico, adem\u00e1s de fortalecer las actividades econ\u00f3micas, recreativas y culturales, lo que abona significativamente al desarrollo de comunidades que tienen un amplio legado hist\u00f3rico.<\/p>\n<p style=\"text-align: justify;\"><img loading=\"lazy\" decoding=\"async\" class=\" wp-image-84152 aligncenter\" src=\"https:\/\/nbcs.mx\/wp-content\/uploads\/2021\/03\/PRINCIPAL_CMD-ILUMINACION-EL-TRIUNFO-2-738x492.jpeg\" alt=\"\" width=\"588\" height=\"392\" srcset=\"https:\/\/nbcs.mx\/wp-content\/uploads\/2021\/03\/PRINCIPAL_CMD-ILUMINACION-EL-TRIUNFO-2-738x492.jpeg 738w, https:\/\/nbcs.mx\/wp-content\/uploads\/2021\/03\/PRINCIPAL_CMD-ILUMINACION-EL-TRIUNFO-2-150x100.jpeg 150w, https:\/\/nbcs.mx\/wp-content\/uploads\/2021\/03\/PRINCIPAL_CMD-ILUMINACION-EL-TRIUNFO-2-768x512.jpeg 768w, https:\/\/nbcs.mx\/wp-content\/uploads\/2021\/03\/PRINCIPAL_CMD-ILUMINACION-EL-TRIUNFO-2.jpeg 1000w\" sizes=\"auto, (max-width: 588px) 100vw, 588px\" \/><\/p>\n<p style=\"text-align: justify;\">\u201cCon estas obras, el Triunfo se suma a los pueblos de Santiago, San Miguel de Comond\u00fa, San Javier, Heroica Muleg\u00e9, San Ignacio y Santa Rosal\u00eda que gozan ya de la distinci\u00f3n de Pueblo Hist\u00f3rico de Baja California Sur. Estoy seguro que la vida de los habitantes de estos pueblos cambiar\u00e1 para bien, experimentando un resurgimiento y forjando un mejor futuro\u201d, coment\u00f3 el mandatario sudcaliforniano.<\/p>\n<p style=\"text-align: justify;\">El gobernador Mendoza Davis puso en funcionamiento el nuevo sistema de alumbrado con luminarias LED en la calle Ayuntamiento, y la restauraci\u00f3n de la antigua c\u00e1rcel, la cual conserva la arquitectura y muros originales.<\/p>\n<p><img loading=\"lazy\" decoding=\"async\" class=\" wp-image-84153 aligncenter\" src=\"https:\/\/nbcs.mx\/wp-content\/uploads\/2021\/03\/PRINCIPAL_CMD-ILUMINACION-EL-TRIUNFO-9-738x492.jpeg\" alt=\"\" width=\"560\" height=\"373\" srcset=\"https:\/\/nbcs.mx\/wp-content\/uploads\/2021\/03\/PRINCIPAL_CMD-ILUMINACION-EL-TRIUNFO-9-738x492.jpeg 738w, https:\/\/nbcs.mx\/wp-content\/uploads\/2021\/03\/PRINCIPAL_CMD-ILUMINACION-EL-TRIUNFO-9-150x100.jpeg 150w, https:\/\/nbcs.mx\/wp-content\/uploads\/2021\/03\/PRINCIPAL_CMD-ILUMINACION-EL-TRIUNFO-9-768x512.jpeg 768w, https:\/\/nbcs.mx\/wp-content\/uploads\/2021\/03\/PRINCIPAL_CMD-ILUMINACION-EL-TRIUNFO-9.jpeg 1024w\" sizes=\"auto, (max-width: 560px) 100vw, 560px\" \/><\/p>\n<p style=\"text-align: justify;\">\n<p style=\"text-align: justify;\">El ejecutivo estatal record\u00f3 que este inmueble es un patrimonio de la comunidad que estaba pr\u00e1cticamente en ruinas; por ello, en la primera etapa de su remodelaci\u00f3n se rehabilit\u00f3 el edificio principal que conforman la delegaci\u00f3n y biblioteca, y se restaur\u00f3 el reloj original de la construcci\u00f3n.<\/p>\n<p style=\"text-align: justify;\">\u201cHoy cumplo mi palabra de impulsar el crecimiento econ\u00f3mico de El Triunfo, y vamos de la mano sociedad y gobierno para cuidar de nuestro patrimonio y a la vez impulsarlo en el mercado tur\u00edstico, que genere empleos y desarrollo social en cada comunidad\u201d, finaliz\u00f3 el gobernador Mendoza Davis.<\/p>\n<p style=\"text-align: justify;\">\n","protected":false},"excerpt":{"rendered":"<p>El Triunfo, Baja California Sur.- En visita de trabajo a la comunidad de El Triunfo para hacer entrega de la<\/p>\n","protected":false},"author":1,"featured_media":84151,"comment_status":"open","ping_status":"closed","sticky":false,"template":"","format":"standard","meta":{"colormag_page_container_layout":"default_layout","colormag_page_sidebar_layout":"default_layout","_jetpack_newsletter_access":"","_jetpack_dont_email_post_to_subs":false,"_jetpack_newsletter_tier_id":0,"_jetpack_memberships_contains_paywalled_content":false,"_jetpack_feature_clip_id":0,"_jetpack_memberships_contains_paid_content":false,"footnotes":"","jetpack_publicize_message":"","jetpack_publicize_feature_enabled":true,"jetpack_social_post_already_shared":true,"jetpack_social_options":{"image_generator_settings":{"template":"highway","default_image_id":0,"font":"","enabled":false},"version":2},"jetpack_post_was_ever_published":false},"categories":[1],"tags":[],"class_list":["post-84149","post","type-post","status-publish","format-standard","has-post-thumbnail","hentry","category-noticias"],"yoast_head":"<!-- This site is optimized with the Yoast SEO plugin v28.3 - https:\/\/yoast.com\/product\/yoast-seo-wordpress\/ -->\n<title>Entrega gobernador remodelaci\u00f3n de la Casa de Cultura en El Triunfo - NBCS Noticias<\/title>\n<meta name=\"robots\" content=\"index, follow, max-snippet:-1, max-image-preview:large, max-video-preview:-1\" \/>\n<link rel=\"canonical\" href=\"https:\/\/nbcs.mx\/?p=84149\" \/>\n<meta property=\"og:locale\" content=\"es_ES\" \/>\n<meta property=\"og:type\" content=\"article\" \/>\n<meta property=\"og:title\" content=\"Entrega gobernador remodelaci\u00f3n de la Casa de Cultura en El Triunfo - NBCS Noticias\" \/>\n<meta property=\"og:description\" content=\"El Triunfo, Baja California Sur.- En visita de trabajo a la comunidad de El Triunfo para hacer entrega de la\" \/>\n<meta property=\"og:url\" content=\"https:\/\/nbcs.mx\/?p=84149\" \/>\n<meta property=\"og:site_name\" content=\"NBCS Noticias\" \/>\n<meta property=\"article:publisher\" content=\"https:\/\/www.facebook.com\/NBCSnoticias\" \/>\n<meta property=\"article:author\" content=\"https:\/\/www.facebook.com\/NBCSnoticias\" \/>\n<meta property=\"article:published_time\" content=\"2021-03-18T03:36:04+00:00\" \/>\n<meta property=\"og:image\" content=\"https:\/\/nbcs.mx\/wp-content\/uploads\/2021\/03\/PRINCIPAL_CMD-ILUMINACION-EL-TRIUNFO-5.jpeg\" \/>\n\t<meta property=\"og:image:width\" content=\"1024\" \/>\n\t<meta property=\"og:image:height\" content=\"682\" \/>\n\t<meta property=\"og:image:type\" content=\"image\/jpeg\" \/>\n<meta name=\"author\" content=\"NBCS Noticias\" \/>\n<meta name=\"twitter:card\" content=\"summary_large_image\" \/>\n<meta name=\"twitter:creator\" content=\"@https:\/\/twitter.com\/NBCSnoticias\" \/>\n<meta name=\"twitter:site\" content=\"@NBCSnoticias\" \/>\n<meta name=\"twitter:label1\" content=\"Escrito por\" \/>\n\t<meta name=\"twitter:data1\" content=\"NBCS Noticias\" \/>\n\t<meta name=\"twitter:label2\" content=\"Tiempo de lectura\" \/>\n\t<meta name=\"twitter:data2\" content=\"3 minutos\" \/>\n<script type=\"application\/ld+json\" class=\"yoast-schema-graph\">{\"@context\":\"https:\\\/\\\/schema.org\",\"@graph\":[{\"@type\":\"Article\",\"@id\":\"https:\\\/\\\/nbcs.mx\\\/?p=84149#article\",\"isPartOf\":{\"@id\":\"https:\\\/\\\/nbcs.mx\\\/?p=84149\"},\"author\":{\"name\":\"NBCS Noticias\",\"@id\":\"https:\\\/\\\/nbcs.mx\\\/#\\\/schema\\\/person\\\/ece58bab9a7c1e87a4d28ec9ecd79ff4\"},\"headline\":\"Entrega gobernador remodelaci\u00f3n de la Casa de Cultura en El Triunfo\",\"datePublished\":\"2021-03-18T03:36:04+00:00\",\"mainEntityOfPage\":{\"@id\":\"https:\\\/\\\/nbcs.mx\\\/?p=84149\"},\"wordCount\":408,\"commentCount\":0,\"publisher\":{\"@id\":\"https:\\\/\\\/nbcs.mx\\\/#organization\"},\"image\":{\"@id\":\"https:\\\/\\\/nbcs.mx\\\/?p=84149#primaryimage\"},\"thumbnailUrl\":\"https:\\\/\\\/nbcs.mx\\\/wp-content\\\/uploads\\\/2021\\\/03\\\/PRINCIPAL_CMD-ILUMINACION-EL-TRIUNFO-5.jpeg\",\"articleSection\":[\"Noticias\"],\"inLanguage\":\"es\",\"potentialAction\":[{\"@type\":\"CommentAction\",\"name\":\"Comment\",\"target\":[\"https:\\\/\\\/nbcs.mx\\\/?p=84149#respond\"]}]},{\"@type\":\"WebPage\",\"@id\":\"https:\\\/\\\/nbcs.mx\\\/?p=84149\",\"url\":\"https:\\\/\\\/nbcs.mx\\\/?p=84149\",\"name\":\"Entrega gobernador remodelaci\u00f3n de la Casa de Cultura en El Triunfo - NBCS Noticias\",\"isPartOf\":{\"@id\":\"https:\\\/\\\/nbcs.mx\\\/#website\"},\"primaryImageOfPage\":{\"@id\":\"https:\\\/\\\/nbcs.mx\\\/?p=84149#primaryimage\"},\"image\":{\"@id\":\"https:\\\/\\\/nbcs.mx\\\/?p=84149#primaryimage\"},\"thumbnailUrl\":\"https:\\\/\\\/nbcs.mx\\\/wp-content\\\/uploads\\\/2021\\\/03\\\/PRINCIPAL_CMD-ILUMINACION-EL-TRIUNFO-5.jpeg\",\"datePublished\":\"2021-03-18T03:36:04+00:00\",\"breadcrumb\":{\"@id\":\"https:\\\/\\\/nbcs.mx\\\/?p=84149#breadcrumb\"},\"inLanguage\":\"es\",\"potentialAction\":[{\"@type\":\"ReadAction\",\"target\":[\"https:\\\/\\\/nbcs.mx\\\/?p=84149\"]}]},{\"@type\":\"ImageObject\",\"inLanguage\":\"es\",\"@id\":\"https:\\\/\\\/nbcs.mx\\\/?p=84149#primaryimage\",\"url\":\"https:\\\/\\\/nbcs.mx\\\/wp-content\\\/uploads\\\/2021\\\/03\\\/PRINCIPAL_CMD-ILUMINACION-EL-TRIUNFO-5.jpeg\",\"contentUrl\":\"https:\\\/\\\/nbcs.mx\\\/wp-content\\\/uploads\\\/2021\\\/03\\\/PRINCIPAL_CMD-ILUMINACION-EL-TRIUNFO-5.jpeg\",\"width\":1024,\"height\":682},{\"@type\":\"BreadcrumbList\",\"@id\":\"https:\\\/\\\/nbcs.mx\\\/?p=84149#breadcrumb\",\"itemListElement\":[{\"@type\":\"ListItem\",\"position\":1,\"name\":\"Portada\",\"item\":\"https:\\\/\\\/nbcs.mx\\\/\"},{\"@type\":\"ListItem\",\"position\":2,\"name\":\"Entrega gobernador remodelaci\u00f3n de la Casa de Cultura en El Triunfo\"}]},{\"@type\":\"WebSite\",\"@id\":\"https:\\\/\\\/nbcs.mx\\\/#website\",\"url\":\"https:\\\/\\\/nbcs.mx\\\/\",\"name\":\"NBCS Noticias\",\"description\":\"Sitio web de noticias en Baja California Sur\",\"publisher\":{\"@id\":\"https:\\\/\\\/nbcs.mx\\\/#organization\"},\"potentialAction\":[{\"@type\":\"SearchAction\",\"target\":{\"@type\":\"EntryPoint\",\"urlTemplate\":\"https:\\\/\\\/nbcs.mx\\\/?s={search_term_string}\"},\"query-input\":{\"@type\":\"PropertyValueSpecification\",\"valueRequired\":true,\"valueName\":\"search_term_string\"}}],\"inLanguage\":\"es\"},{\"@type\":\"Organization\",\"@id\":\"https:\\\/\\\/nbcs.mx\\\/#organization\",\"name\":\"NBCS Noticias\",\"url\":\"https:\\\/\\\/nbcs.mx\\\/\",\"logo\":{\"@type\":\"ImageObject\",\"inLanguage\":\"es\",\"@id\":\"https:\\\/\\\/nbcs.mx\\\/#\\\/schema\\\/logo\\\/image\\\/\",\"url\":\"https:\\\/\\\/nbcs.mx\\\/wp-content\\\/uploads\\\/2018\\\/09\\\/057b69485e93575a5c2b1c1dde2dd297.jpeg\",\"contentUrl\":\"https:\\\/\\\/nbcs.mx\\\/wp-content\\\/uploads\\\/2018\\\/09\\\/057b69485e93575a5c2b1c1dde2dd297.jpeg\",\"width\":64,\"height\":64,\"caption\":\"NBCS Noticias\"},\"image\":{\"@id\":\"https:\\\/\\\/nbcs.mx\\\/#\\\/schema\\\/logo\\\/image\\\/\"},\"sameAs\":[\"https:\\\/\\\/www.facebook.com\\\/NBCSnoticias\",\"https:\\\/\\\/x.com\\\/NBCSnoticias\"]},{\"@type\":\"Person\",\"@id\":\"https:\\\/\\\/nbcs.mx\\\/#\\\/schema\\\/person\\\/ece58bab9a7c1e87a4d28ec9ecd79ff4\",\"name\":\"NBCS Noticias\",\"image\":{\"@type\":\"ImageObject\",\"inLanguage\":\"es\",\"@id\":\"https:\\\/\\\/secure.gravatar.com\\\/avatar\\\/4e52110cad1c4054b43271a0d14bbe9e2ea76aecd0e1097edfc670798d9ca1d4?s=96&d=blank&r=g\",\"url\":\"https:\\\/\\\/secure.gravatar.com\\\/avatar\\\/4e52110cad1c4054b43271a0d14bbe9e2ea76aecd0e1097edfc670798d9ca1d4?s=96&d=blank&r=g\",\"contentUrl\":\"https:\\\/\\\/secure.gravatar.com\\\/avatar\\\/4e52110cad1c4054b43271a0d14bbe9e2ea76aecd0e1097edfc670798d9ca1d4?s=96&d=blank&r=g\",\"caption\":\"NBCS Noticias\"},\"description\":\"\u00bfTienes fotos o video de alg\u00fan acto de posible negligencia, corrupci\u00f3n y abuso de autoridad? M\u00e1ndalo al WhatsApp de NBCS Noticias: 612 141 98 08\",\"sameAs\":[\"https:\\\/\\\/www.nbcs.mx\",\"https:\\\/\\\/www.facebook.com\\\/NBCSnoticias\",\"https:\\\/\\\/www.instagram.com\\\/nbcsnoticias\\\/\",\"https:\\\/\\\/x.com\\\/https:\\\/\\\/twitter.com\\\/NBCSnoticias\"]}]}<\/script>\n<!-- \/ Yoast SEO plugin. -->","yoast_head_json":{"title":"Entrega gobernador remodelaci\u00f3n de la Casa de Cultura en El Triunfo - NBCS Noticias","robots":{"index":"index","follow":"follow","max-snippet":"max-snippet:-1","max-image-preview":"max-image-preview:large","max-video-preview":"max-video-preview:-1"},"canonical":"https:\/\/nbcs.mx\/?p=84149","og_locale":"es_ES","og_type":"article","og_title":"Entrega gobernador remodelaci\u00f3n de la Casa de Cultura en El Triunfo - NBCS Noticias","og_description":"El Triunfo, Baja California Sur.- En visita de trabajo a la comunidad de El Triunfo para hacer entrega de la","og_url":"https:\/\/nbcs.mx\/?p=84149","og_site_name":"NBCS Noticias","article_publisher":"https:\/\/www.facebook.com\/NBCSnoticias","article_author":"https:\/\/www.facebook.com\/NBCSnoticias","article_published_time":"2021-03-18T03:36:04+00:00","og_image":[{"width":1024,"height":682,"url":"https:\/\/nbcs.mx\/wp-content\/uploads\/2021\/03\/PRINCIPAL_CMD-ILUMINACION-EL-TRIUNFO-5.jpeg","type":"image\/jpeg"}],"author":"NBCS Noticias","twitter_card":"summary_large_image","twitter_creator":"@https:\/\/twitter.com\/NBCSnoticias","twitter_site":"@NBCSnoticias","twitter_misc":{"Escrito por":"NBCS Noticias","Tiempo de lectura":"3 minutos"},"schema":{"@context":"https:\/\/schema.org","@graph":[{"@type":"Article","@id":"https:\/\/nbcs.mx\/?p=84149#article","isPartOf":{"@id":"https:\/\/nbcs.mx\/?p=84149"},"author":{"name":"NBCS Noticias","@id":"https:\/\/nbcs.mx\/#\/schema\/person\/ece58bab9a7c1e87a4d28ec9ecd79ff4"},"headline":"Entrega gobernador remodelaci\u00f3n de la Casa de Cultura en El Triunfo","datePublished":"2021-03-18T03:36:04+00:00","mainEntityOfPage":{"@id":"https:\/\/nbcs.mx\/?p=84149"},"wordCount":408,"commentCount":0,"publisher":{"@id":"https:\/\/nbcs.mx\/#organization"},"image":{"@id":"https:\/\/nbcs.mx\/?p=84149#primaryimage"},"thumbnailUrl":"https:\/\/nbcs.mx\/wp-content\/uploads\/2021\/03\/PRINCIPAL_CMD-ILUMINACION-EL-TRIUNFO-5.jpeg","articleSection":["Noticias"],"inLanguage":"es","potentialAction":[{"@type":"CommentAction","name":"Comment","target":["https:\/\/nbcs.mx\/?p=84149#respond"]}]},{"@type":"WebPage","@id":"https:\/\/nbcs.mx\/?p=84149","url":"https:\/\/nbcs.mx\/?p=84149","name":"Entrega gobernador remodelaci\u00f3n de la Casa de Cultura en El Triunfo - NBCS Noticias","isPartOf":{"@id":"https:\/\/nbcs.mx\/#website"},"primaryImageOfPage":{"@id":"https:\/\/nbcs.mx\/?p=84149#primaryimage"},"image":{"@id":"https:\/\/nbcs.mx\/?p=84149#primaryimage"},"thumbnailUrl":"https:\/\/nbcs.mx\/wp-content\/uploads\/2021\/03\/PRINCIPAL_CMD-ILUMINACION-EL-TRIUNFO-5.jpeg","datePublished":"2021-03-18T03:36:04+00:00","breadcrumb":{"@id":"https:\/\/nbcs.mx\/?p=84149#breadcrumb"},"inLanguage":"es","potentialAction":[{"@type":"ReadAction","target":["https:\/\/nbcs.mx\/?p=84149"]}]},{"@type":"ImageObject","inLanguage":"es","@id":"https:\/\/nbcs.mx\/?p=84149#primaryimage","url":"https:\/\/nbcs.mx\/wp-content\/uploads\/2021\/03\/PRINCIPAL_CMD-ILUMINACION-EL-TRIUNFO-5.jpeg","contentUrl":"https:\/\/nbcs.mx\/wp-content\/uploads\/2021\/03\/PRINCIPAL_CMD-ILUMINACION-EL-TRIUNFO-5.jpeg","width":1024,"height":682},{"@type":"BreadcrumbList","@id":"https:\/\/nbcs.mx\/?p=84149#breadcrumb","itemListElement":[{"@type":"ListItem","position":1,"name":"Portada","item":"https:\/\/nbcs.mx\/"},{"@type":"ListItem","position":2,"name":"Entrega gobernador remodelaci\u00f3n de la Casa de Cultura en El Triunfo"}]},{"@type":"WebSite","@id":"https:\/\/nbcs.mx\/#website","url":"https:\/\/nbcs.mx\/","name":"NBCS Noticias","description":"Sitio web de noticias en Baja California Sur","publisher":{"@id":"https:\/\/nbcs.mx\/#organization"},"potentialAction":[{"@type":"SearchAction","target":{"@type":"EntryPoint","urlTemplate":"https:\/\/nbcs.mx\/?s={search_term_string}"},"query-input":{"@type":"PropertyValueSpecification","valueRequired":true,"valueName":"search_term_string"}}],"inLanguage":"es"},{"@type":"Organization","@id":"https:\/\/nbcs.mx\/#organization","name":"NBCS Noticias","url":"https:\/\/nbcs.mx\/","logo":{"@type":"ImageObject","inLanguage":"es","@id":"https:\/\/nbcs.mx\/#\/schema\/logo\/image\/","url":"https:\/\/nbcs.mx\/wp-content\/uploads\/2018\/09\/057b69485e93575a5c2b1c1dde2dd297.jpeg","contentUrl":"https:\/\/nbcs.mx\/wp-content\/uploads\/2018\/09\/057b69485e93575a5c2b1c1dde2dd297.jpeg","width":64,"height":64,"caption":"NBCS Noticias"},"image":{"@id":"https:\/\/nbcs.mx\/#\/schema\/logo\/image\/"},"sameAs":["https:\/\/www.facebook.com\/NBCSnoticias","https:\/\/x.com\/NBCSnoticias"]},{"@type":"Person","@id":"https:\/\/nbcs.mx\/#\/schema\/person\/ece58bab9a7c1e87a4d28ec9ecd79ff4","name":"NBCS Noticias","image":{"@type":"ImageObject","inLanguage":"es","@id":"https:\/\/secure.gravatar.com\/avatar\/4e52110cad1c4054b43271a0d14bbe9e2ea76aecd0e1097edfc670798d9ca1d4?s=96&d=blank&r=g","url":"https:\/\/secure.gravatar.com\/avatar\/4e52110cad1c4054b43271a0d14bbe9e2ea76aecd0e1097edfc670798d9ca1d4?s=96&d=blank&r=g","contentUrl":"https:\/\/secure.gravatar.com\/avatar\/4e52110cad1c4054b43271a0d14bbe9e2ea76aecd0e1097edfc670798d9ca1d4?s=96&d=blank&r=g","caption":"NBCS Noticias"},"description":"\u00bfTienes fotos o video de alg\u00fan acto de posible negligencia, corrupci\u00f3n y abuso de autoridad? M\u00e1ndalo al WhatsApp de NBCS Noticias: 612 141 98 08","sameAs":["https:\/\/www.nbcs.mx","https:\/\/www.facebook.com\/NBCSnoticias","https:\/\/www.instagram.com\/nbcsnoticias\/","https:\/\/x.com\/https:\/\/twitter.com\/NBCSnoticias"]}]}},"jetpack_publicize_connections":[],"jetpack_sharing_enabled":true,"jetpack_featured_media_url":"https:\/\/nbcs.mx\/wp-content\/uploads\/2021\/03\/PRINCIPAL_CMD-ILUMINACION-EL-TRIUNFO-5.jpeg","_links":{"self":[{"href":"https:\/\/nbcs.mx\/index.php?rest_route=\/wp\/v2\/posts\/84149","targetHints":{"allow":["GET"]}}],"collection":[{"href":"https:\/\/nbcs.mx\/index.php?rest_route=\/wp\/v2\/posts"}],"about":[{"href":"https:\/\/nbcs.mx\/index.php?rest_route=\/wp\/v2\/types\/post"}],"author":[{"embeddable":true,"href":"https:\/\/nbcs.mx\/index.php?rest_route=\/wp\/v2\/users\/1"}],"replies":[{"embeddable":true,"href":"https:\/\/nbcs.mx\/index.php?rest_route=%2Fwp%2Fv2%2Fcomments&post=84149"}],"version-history":[{"count":1,"href":"https:\/\/nbcs.mx\/index.php?rest_route=\/wp\/v2\/posts\/84149\/revisions"}],"predecessor-version":[{"id":84154,"href":"https:\/\/nbcs.mx\/index.php?rest_route=\/wp\/v2\/posts\/84149\/revisions\/84154"}],"wp:featuredmedia":[{"embeddable":true,"href":"https:\/\/nbcs.mx\/index.php?rest_route=\/wp\/v2\/media\/84151"}],"wp:attachment":[{"href":"https:\/\/nbcs.mx\/index.php?rest_route=%2Fwp%2Fv2%2Fmedia&parent=84149"}],"wp:term":[{"taxonomy":"category","embeddable":true,"href":"https:\/\/nbcs.mx\/index.php?rest_route=%2Fwp%2Fv2%2Fcategories&post=84149"},{"taxonomy":"post_tag","embeddable":true,"href":"https:\/\/nbcs.mx\/index.php?rest_route=%2Fwp%2Fv2%2Ftags&post=84149"}],"curies":[{"name":"wp","href":"https:\/\/api.w.org\/{rel}","templated":true}]}}