{"id":84257,"date":"2021-03-19T16:14:07","date_gmt":"2021-03-19T23:14:07","guid":{"rendered":"https:\/\/nbcs.mx\/?p=84257"},"modified":"2021-03-19T17:53:22","modified_gmt":"2021-03-20T00:53:22","slug":"entregan-nuevas-aulas-en-escuela-primaria-de-la-colonia-perlas-del-golfo","status":"publish","type":"post","link":"https:\/\/nbcs.mx\/?p=84257","title":{"rendered":"Entregan nuevas aulas en Escuela Primaria de la colonia Perlas del Golfo"},"content":{"rendered":"<p style=\"text-align: justify;\"><img loading=\"lazy\" decoding=\"async\" class=\" wp-image-84259 alignleft\" src=\"https:\/\/nbcs.mx\/wp-content\/uploads\/2021\/03\/PRINCIPAL-CMD-I-739x492.jpeg\" alt=\"\" width=\"376\" height=\"250\" srcset=\"https:\/\/nbcs.mx\/wp-content\/uploads\/2021\/03\/PRINCIPAL-CMD-I-739x492.jpeg 739w, https:\/\/nbcs.mx\/wp-content\/uploads\/2021\/03\/PRINCIPAL-CMD-I-1024x682.jpeg 1024w, https:\/\/nbcs.mx\/wp-content\/uploads\/2021\/03\/PRINCIPAL-CMD-I-150x100.jpeg 150w, https:\/\/nbcs.mx\/wp-content\/uploads\/2021\/03\/PRINCIPAL-CMD-I-768x511.jpeg 768w, https:\/\/nbcs.mx\/wp-content\/uploads\/2021\/03\/PRINCIPAL-CMD-I.jpeg 1280w\" sizes=\"auto, (max-width: 376px) 100vw, 376px\" \/>La Paz, Baja California Sur.-\u00a0Al hacer entrega de dos nuevas aulas en la escuela primaria de nueva creaci\u00f3n de la colonia Perlas del Golfo, el gobernador Carlos Mendoza Davis dijo que al ser la educaci\u00f3n uno de los pilares de su administraci\u00f3n, ha sido una tarea permanente atender la necesidad de infraestructura, no s\u00f3lo generando nuevos centros; sino tambi\u00e9n, atendiendo aqu\u00e9llos espacios que requieren de una rehabilitaci\u00f3n,<\/p>\n<p style=\"text-align: justify;\">Acompa\u00f1ado por el secretario de Educaci\u00f3n P\u00fablica, Gustavo Rodolfo Cruz Ch\u00e1vez, y por el difrector del Instituto Sudcaliforniano de Infraestructura F\u00edsica Educativa, Carlos Rivas Lizaola, el ejecutivo estatal apunt\u00f3 que \u201ccada peso que se invierte en materia educativa es un peso bien invertido, porque eso es el mejor futuro de Baja California Sur\u201d.<\/p>\n<p style=\"text-align: justify;\">En este sentido, el gobernador Mendoza Davis mencion\u00f3 que para el presente ciclo escolar se construyeron estas dos aulas did\u00e1cticas m\u00e1s, con lo que se concluye esta escuela primaria en la que, en total, se invirtieron 14.7 millones de pesos y que atiende a m\u00e1s de 200 alumnos.<\/p>\n<p style=\"text-align: justify;\">\n<p style=\"text-align: justify;\">Durante el recorrido por las nuevas instalaciones, Mendoza Davis expres\u00f3 que el crecimiento de la matr\u00edcula escolar es un reto que a\u00f1o tras a\u00f1o enfrenta su administraci\u00f3n, y que por tercer a\u00f1o consecutivo se ha logrado superar con la construcci\u00f3n de aulas como las que hoy se entregan.<\/p>\n<p style=\"text-align: justify;\">\n<p style=\"text-align: justify;\">El mandatario sudcaliforniano destac\u00f3 que el gobierno estatal trabaja de manera permanente para dar respuesta a las necesidades de la poblaci\u00f3n, por lo que expres\u00f3 que hoy con gran orgullo entrega obras que beneficiar\u00e1n directamente a los alumnos que cursan sus estudios de primaria.<\/p>\n<p style=\"text-align: justify;\">Mendoza Davis reiter\u00f3 que la educaci\u00f3n es la mejor manera de alcanzar un mejor futuro para la ni\u00f1ez sudcaliforniana; \u201ccon maestros capacitados, espacios dignos y suficientes para que todos los alumnos tengan un lugar donde aprender, estoy seguro que en Baja California Sur lo estamos logrando\u201d.<\/p>\n<p style=\"text-align: justify;\">Durante su visita, el mandatario estatal inaugur\u00f3 dos aulas m\u00e1s que se suman a las cuatro de la primera etapa, en donde adem\u00e1s se construy\u00f3 un n\u00facleo de servicios sanitarios, plaza c\u00edvica, plaza de acceso principal, cancha de usos m\u00faltiples, techumbre, cisterna, red el\u00e9ctrica e hidrosanitaria y el suministro e instalaci\u00f3n de mobiliario en aulas y direcci\u00f3n.<\/p>\n<p><img loading=\"lazy\" decoding=\"async\" class=\"size-medium wp-image-84258 alignnone\" src=\"https:\/\/nbcs.mx\/wp-content\/uploads\/2021\/03\/PRINCIPAL-CMD-AULAS-739x492.jpeg\" alt=\"\" width=\"739\" height=\"492\" srcset=\"https:\/\/nbcs.mx\/wp-content\/uploads\/2021\/03\/PRINCIPAL-CMD-AULAS-739x492.jpeg 739w, https:\/\/nbcs.mx\/wp-content\/uploads\/2021\/03\/PRINCIPAL-CMD-AULAS-1024x682.jpeg 1024w, https:\/\/nbcs.mx\/wp-content\/uploads\/2021\/03\/PRINCIPAL-CMD-AULAS-150x100.jpeg 150w, https:\/\/nbcs.mx\/wp-content\/uploads\/2021\/03\/PRINCIPAL-CMD-AULAS-768x511.jpeg 768w, https:\/\/nbcs.mx\/wp-content\/uploads\/2021\/03\/PRINCIPAL-CMD-AULAS.jpeg 1280w\" sizes=\"auto, (max-width: 739px) 100vw, 739px\" \/><\/p>\n<p style=\"text-align: justify;\">\n","protected":false},"excerpt":{"rendered":"<p>La Paz, Baja California Sur.-\u00a0Al hacer entrega de dos nuevas aulas en la escuela primaria de nueva creaci\u00f3n de la<\/p>\n","protected":false},"author":1,"featured_media":84258,"comment_status":"open","ping_status":"closed","sticky":false,"template":"","format":"standard","meta":{"colormag_page_container_layout":"default_layout","colormag_page_sidebar_layout":"default_layout","_jetpack_newsletter_access":"","_jetpack_dont_email_post_to_subs":false,"_jetpack_newsletter_tier_id":0,"_jetpack_memberships_contains_paywalled_content":false,"_jetpack_feature_clip_id":0,"_jetpack_memberships_contains_paid_content":false,"footnotes":"","jetpack_publicize_message":"","jetpack_publicize_feature_enabled":true,"jetpack_social_post_already_shared":true,"jetpack_social_options":{"image_generator_settings":{"template":"highway","default_image_id":0,"font":"","enabled":false},"version":2},"jetpack_post_was_ever_published":false},"categories":[1],"tags":[],"class_list":["post-84257","post","type-post","status-publish","format-standard","has-post-thumbnail","hentry","category-noticias"],"yoast_head":"<!-- This site is optimized with the Yoast SEO plugin v28.4 - https:\/\/yoast.com\/product\/yoast-seo-wordpress\/ -->\n<title>Entregan nuevas aulas en Escuela Primaria de la colonia Perlas del Golfo - NBCS Noticias<\/title>\n<meta name=\"robots\" content=\"index, follow, max-snippet:-1, max-image-preview:large, max-video-preview:-1\" \/>\n<link rel=\"canonical\" href=\"https:\/\/nbcs.mx\/?p=84257\" \/>\n<meta property=\"og:locale\" content=\"es_ES\" \/>\n<meta property=\"og:type\" content=\"article\" \/>\n<meta property=\"og:title\" content=\"Entregan nuevas aulas en Escuela Primaria de la colonia Perlas del Golfo - NBCS Noticias\" \/>\n<meta property=\"og:description\" content=\"La Paz, Baja California Sur.-\u00a0Al hacer entrega de dos nuevas aulas en la escuela primaria de nueva creaci\u00f3n de la\" \/>\n<meta property=\"og:url\" content=\"https:\/\/nbcs.mx\/?p=84257\" \/>\n<meta property=\"og:site_name\" content=\"NBCS Noticias\" \/>\n<meta property=\"article:publisher\" content=\"https:\/\/www.facebook.com\/NBCSnoticias\" \/>\n<meta property=\"article:author\" content=\"https:\/\/www.facebook.com\/NBCSnoticias\" \/>\n<meta property=\"article:published_time\" content=\"2021-03-19T23:14:07+00:00\" \/>\n<meta property=\"article:modified_time\" content=\"2021-03-20T00:53:22+00:00\" \/>\n<meta property=\"og:image\" content=\"https:\/\/nbcs.mx\/wp-content\/uploads\/2021\/03\/PRINCIPAL-CMD-AULAS.jpeg\" \/>\n\t<meta property=\"og:image:width\" content=\"1280\" \/>\n\t<meta property=\"og:image:height\" content=\"852\" \/>\n\t<meta property=\"og:image:type\" content=\"image\/jpeg\" \/>\n<meta name=\"author\" content=\"NBCS Noticias\" \/>\n<meta name=\"twitter:card\" content=\"summary_large_image\" \/>\n<meta name=\"twitter:creator\" content=\"@https:\/\/twitter.com\/NBCSnoticias\" \/>\n<meta name=\"twitter:site\" content=\"@NBCSnoticias\" \/>\n<meta name=\"twitter:label1\" content=\"Escrito por\" \/>\n\t<meta name=\"twitter:data1\" content=\"NBCS Noticias\" \/>\n\t<meta name=\"twitter:label2\" content=\"Tiempo de lectura\" \/>\n\t<meta name=\"twitter:data2\" content=\"2 minutos\" \/>\n<script type=\"application\/ld+json\" class=\"yoast-schema-graph\">{\"@context\":\"https:\\\/\\\/schema.org\",\"@graph\":[{\"@type\":\"Article\",\"@id\":\"https:\\\/\\\/nbcs.mx\\\/?p=84257#article\",\"isPartOf\":{\"@id\":\"https:\\\/\\\/nbcs.mx\\\/?p=84257\"},\"author\":{\"name\":\"NBCS Noticias\",\"@id\":\"https:\\\/\\\/nbcs.mx\\\/#\\\/schema\\\/person\\\/ece58bab9a7c1e87a4d28ec9ecd79ff4\"},\"headline\":\"Entregan nuevas aulas en Escuela Primaria de la colonia Perlas del Golfo\",\"datePublished\":\"2021-03-19T23:14:07+00:00\",\"dateModified\":\"2021-03-20T00:53:22+00:00\",\"mainEntityOfPage\":{\"@id\":\"https:\\\/\\\/nbcs.mx\\\/?p=84257\"},\"wordCount\":408,\"commentCount\":0,\"publisher\":{\"@id\":\"https:\\\/\\\/nbcs.mx\\\/#organization\"},\"image\":{\"@id\":\"https:\\\/\\\/nbcs.mx\\\/?p=84257#primaryimage\"},\"thumbnailUrl\":\"https:\\\/\\\/nbcs.mx\\\/wp-content\\\/uploads\\\/2021\\\/03\\\/PRINCIPAL-CMD-AULAS.jpeg\",\"articleSection\":[\"Noticias\"],\"inLanguage\":\"es\",\"potentialAction\":[{\"@type\":\"CommentAction\",\"name\":\"Comment\",\"target\":[\"https:\\\/\\\/nbcs.mx\\\/?p=84257#respond\"]}]},{\"@type\":\"WebPage\",\"@id\":\"https:\\\/\\\/nbcs.mx\\\/?p=84257\",\"url\":\"https:\\\/\\\/nbcs.mx\\\/?p=84257\",\"name\":\"Entregan nuevas aulas en Escuela Primaria de la colonia Perlas del Golfo - NBCS Noticias\",\"isPartOf\":{\"@id\":\"https:\\\/\\\/nbcs.mx\\\/#website\"},\"primaryImageOfPage\":{\"@id\":\"https:\\\/\\\/nbcs.mx\\\/?p=84257#primaryimage\"},\"image\":{\"@id\":\"https:\\\/\\\/nbcs.mx\\\/?p=84257#primaryimage\"},\"thumbnailUrl\":\"https:\\\/\\\/nbcs.mx\\\/wp-content\\\/uploads\\\/2021\\\/03\\\/PRINCIPAL-CMD-AULAS.jpeg\",\"datePublished\":\"2021-03-19T23:14:07+00:00\",\"dateModified\":\"2021-03-20T00:53:22+00:00\",\"breadcrumb\":{\"@id\":\"https:\\\/\\\/nbcs.mx\\\/?p=84257#breadcrumb\"},\"inLanguage\":\"es\",\"potentialAction\":[{\"@type\":\"ReadAction\",\"target\":[\"https:\\\/\\\/nbcs.mx\\\/?p=84257\"]}]},{\"@type\":\"ImageObject\",\"inLanguage\":\"es\",\"@id\":\"https:\\\/\\\/nbcs.mx\\\/?p=84257#primaryimage\",\"url\":\"https:\\\/\\\/nbcs.mx\\\/wp-content\\\/uploads\\\/2021\\\/03\\\/PRINCIPAL-CMD-AULAS.jpeg\",\"contentUrl\":\"https:\\\/\\\/nbcs.mx\\\/wp-content\\\/uploads\\\/2021\\\/03\\\/PRINCIPAL-CMD-AULAS.jpeg\",\"width\":1280,\"height\":852},{\"@type\":\"BreadcrumbList\",\"@id\":\"https:\\\/\\\/nbcs.mx\\\/?p=84257#breadcrumb\",\"itemListElement\":[{\"@type\":\"ListItem\",\"position\":1,\"name\":\"Portada\",\"item\":\"https:\\\/\\\/nbcs.mx\\\/\"},{\"@type\":\"ListItem\",\"position\":2,\"name\":\"Entregan nuevas aulas en Escuela Primaria de la colonia Perlas del Golfo\"}]},{\"@type\":\"WebSite\",\"@id\":\"https:\\\/\\\/nbcs.mx\\\/#website\",\"url\":\"https:\\\/\\\/nbcs.mx\\\/\",\"name\":\"NBCS Noticias\",\"description\":\"Sitio web de noticias en Baja California Sur\",\"publisher\":{\"@id\":\"https:\\\/\\\/nbcs.mx\\\/#organization\"},\"potentialAction\":[{\"@type\":\"SearchAction\",\"target\":{\"@type\":\"EntryPoint\",\"urlTemplate\":\"https:\\\/\\\/nbcs.mx\\\/?s={search_term_string}\"},\"query-input\":{\"@type\":\"PropertyValueSpecification\",\"valueRequired\":true,\"valueName\":\"search_term_string\"}}],\"inLanguage\":\"es\"},{\"@type\":\"Organization\",\"@id\":\"https:\\\/\\\/nbcs.mx\\\/#organization\",\"name\":\"NBCS Noticias\",\"url\":\"https:\\\/\\\/nbcs.mx\\\/\",\"logo\":{\"@type\":\"ImageObject\",\"inLanguage\":\"es\",\"@id\":\"https:\\\/\\\/nbcs.mx\\\/#\\\/schema\\\/logo\\\/image\\\/\",\"url\":\"https:\\\/\\\/nbcs.mx\\\/wp-content\\\/uploads\\\/2018\\\/09\\\/057b69485e93575a5c2b1c1dde2dd297.jpeg\",\"contentUrl\":\"https:\\\/\\\/nbcs.mx\\\/wp-content\\\/uploads\\\/2018\\\/09\\\/057b69485e93575a5c2b1c1dde2dd297.jpeg\",\"width\":64,\"height\":64,\"caption\":\"NBCS Noticias\"},\"image\":{\"@id\":\"https:\\\/\\\/nbcs.mx\\\/#\\\/schema\\\/logo\\\/image\\\/\"},\"sameAs\":[\"https:\\\/\\\/www.facebook.com\\\/NBCSnoticias\",\"https:\\\/\\\/x.com\\\/NBCSnoticias\"]},{\"@type\":\"Person\",\"@id\":\"https:\\\/\\\/nbcs.mx\\\/#\\\/schema\\\/person\\\/ece58bab9a7c1e87a4d28ec9ecd79ff4\",\"name\":\"NBCS Noticias\",\"image\":{\"@type\":\"ImageObject\",\"inLanguage\":\"es\",\"@id\":\"https:\\\/\\\/secure.gravatar.com\\\/avatar\\\/4e52110cad1c4054b43271a0d14bbe9e2ea76aecd0e1097edfc670798d9ca1d4?s=96&d=blank&r=g\",\"url\":\"https:\\\/\\\/secure.gravatar.com\\\/avatar\\\/4e52110cad1c4054b43271a0d14bbe9e2ea76aecd0e1097edfc670798d9ca1d4?s=96&d=blank&r=g\",\"contentUrl\":\"https:\\\/\\\/secure.gravatar.com\\\/avatar\\\/4e52110cad1c4054b43271a0d14bbe9e2ea76aecd0e1097edfc670798d9ca1d4?s=96&d=blank&r=g\",\"caption\":\"NBCS Noticias\"},\"description\":\"\u00bfTienes fotos o video de alg\u00fan acto de posible negligencia, corrupci\u00f3n y abuso de autoridad? M\u00e1ndalo al WhatsApp de NBCS Noticias: 612 141 98 08\",\"sameAs\":[\"https:\\\/\\\/www.nbcs.mx\",\"https:\\\/\\\/www.facebook.com\\\/NBCSnoticias\",\"https:\\\/\\\/www.instagram.com\\\/nbcsnoticias\\\/\",\"https:\\\/\\\/x.com\\\/https:\\\/\\\/twitter.com\\\/NBCSnoticias\"]}]}<\/script>\n<!-- \/ Yoast SEO plugin. -->","yoast_head_json":{"title":"Entregan nuevas aulas en Escuela Primaria de la colonia Perlas del Golfo - NBCS Noticias","robots":{"index":"index","follow":"follow","max-snippet":"max-snippet:-1","max-image-preview":"max-image-preview:large","max-video-preview":"max-video-preview:-1"},"canonical":"https:\/\/nbcs.mx\/?p=84257","og_locale":"es_ES","og_type":"article","og_title":"Entregan nuevas aulas en Escuela Primaria de la colonia Perlas del Golfo - NBCS Noticias","og_description":"La Paz, Baja California Sur.-\u00a0Al hacer entrega de dos nuevas aulas en la escuela primaria de nueva creaci\u00f3n de la","og_url":"https:\/\/nbcs.mx\/?p=84257","og_site_name":"NBCS Noticias","article_publisher":"https:\/\/www.facebook.com\/NBCSnoticias","article_author":"https:\/\/www.facebook.com\/NBCSnoticias","article_published_time":"2021-03-19T23:14:07+00:00","article_modified_time":"2021-03-20T00:53:22+00:00","og_image":[{"width":1280,"height":852,"url":"https:\/\/nbcs.mx\/wp-content\/uploads\/2021\/03\/PRINCIPAL-CMD-AULAS.jpeg","type":"image\/jpeg"}],"author":"NBCS Noticias","twitter_card":"summary_large_image","twitter_creator":"@https:\/\/twitter.com\/NBCSnoticias","twitter_site":"@NBCSnoticias","twitter_misc":{"Escrito por":"NBCS Noticias","Tiempo de lectura":"2 minutos"},"schema":{"@context":"https:\/\/schema.org","@graph":[{"@type":"Article","@id":"https:\/\/nbcs.mx\/?p=84257#article","isPartOf":{"@id":"https:\/\/nbcs.mx\/?p=84257"},"author":{"name":"NBCS Noticias","@id":"https:\/\/nbcs.mx\/#\/schema\/person\/ece58bab9a7c1e87a4d28ec9ecd79ff4"},"headline":"Entregan nuevas aulas en Escuela Primaria de la colonia Perlas del Golfo","datePublished":"2021-03-19T23:14:07+00:00","dateModified":"2021-03-20T00:53:22+00:00","mainEntityOfPage":{"@id":"https:\/\/nbcs.mx\/?p=84257"},"wordCount":408,"commentCount":0,"publisher":{"@id":"https:\/\/nbcs.mx\/#organization"},"image":{"@id":"https:\/\/nbcs.mx\/?p=84257#primaryimage"},"thumbnailUrl":"https:\/\/nbcs.mx\/wp-content\/uploads\/2021\/03\/PRINCIPAL-CMD-AULAS.jpeg","articleSection":["Noticias"],"inLanguage":"es","potentialAction":[{"@type":"CommentAction","name":"Comment","target":["https:\/\/nbcs.mx\/?p=84257#respond"]}]},{"@type":"WebPage","@id":"https:\/\/nbcs.mx\/?p=84257","url":"https:\/\/nbcs.mx\/?p=84257","name":"Entregan nuevas aulas en Escuela Primaria de la colonia Perlas del Golfo - NBCS Noticias","isPartOf":{"@id":"https:\/\/nbcs.mx\/#website"},"primaryImageOfPage":{"@id":"https:\/\/nbcs.mx\/?p=84257#primaryimage"},"image":{"@id":"https:\/\/nbcs.mx\/?p=84257#primaryimage"},"thumbnailUrl":"https:\/\/nbcs.mx\/wp-content\/uploads\/2021\/03\/PRINCIPAL-CMD-AULAS.jpeg","datePublished":"2021-03-19T23:14:07+00:00","dateModified":"2021-03-20T00:53:22+00:00","breadcrumb":{"@id":"https:\/\/nbcs.mx\/?p=84257#breadcrumb"},"inLanguage":"es","potentialAction":[{"@type":"ReadAction","target":["https:\/\/nbcs.mx\/?p=84257"]}]},{"@type":"ImageObject","inLanguage":"es","@id":"https:\/\/nbcs.mx\/?p=84257#primaryimage","url":"https:\/\/nbcs.mx\/wp-content\/uploads\/2021\/03\/PRINCIPAL-CMD-AULAS.jpeg","contentUrl":"https:\/\/nbcs.mx\/wp-content\/uploads\/2021\/03\/PRINCIPAL-CMD-AULAS.jpeg","width":1280,"height":852},{"@type":"BreadcrumbList","@id":"https:\/\/nbcs.mx\/?p=84257#breadcrumb","itemListElement":[{"@type":"ListItem","position":1,"name":"Portada","item":"https:\/\/nbcs.mx\/"},{"@type":"ListItem","position":2,"name":"Entregan nuevas aulas en Escuela Primaria de la colonia Perlas del Golfo"}]},{"@type":"WebSite","@id":"https:\/\/nbcs.mx\/#website","url":"https:\/\/nbcs.mx\/","name":"NBCS Noticias","description":"Sitio web de noticias en Baja California Sur","publisher":{"@id":"https:\/\/nbcs.mx\/#organization"},"potentialAction":[{"@type":"SearchAction","target":{"@type":"EntryPoint","urlTemplate":"https:\/\/nbcs.mx\/?s={search_term_string}"},"query-input":{"@type":"PropertyValueSpecification","valueRequired":true,"valueName":"search_term_string"}}],"inLanguage":"es"},{"@type":"Organization","@id":"https:\/\/nbcs.mx\/#organization","name":"NBCS Noticias","url":"https:\/\/nbcs.mx\/","logo":{"@type":"ImageObject","inLanguage":"es","@id":"https:\/\/nbcs.mx\/#\/schema\/logo\/image\/","url":"https:\/\/nbcs.mx\/wp-content\/uploads\/2018\/09\/057b69485e93575a5c2b1c1dde2dd297.jpeg","contentUrl":"https:\/\/nbcs.mx\/wp-content\/uploads\/2018\/09\/057b69485e93575a5c2b1c1dde2dd297.jpeg","width":64,"height":64,"caption":"NBCS Noticias"},"image":{"@id":"https:\/\/nbcs.mx\/#\/schema\/logo\/image\/"},"sameAs":["https:\/\/www.facebook.com\/NBCSnoticias","https:\/\/x.com\/NBCSnoticias"]},{"@type":"Person","@id":"https:\/\/nbcs.mx\/#\/schema\/person\/ece58bab9a7c1e87a4d28ec9ecd79ff4","name":"NBCS Noticias","image":{"@type":"ImageObject","inLanguage":"es","@id":"https:\/\/secure.gravatar.com\/avatar\/4e52110cad1c4054b43271a0d14bbe9e2ea76aecd0e1097edfc670798d9ca1d4?s=96&d=blank&r=g","url":"https:\/\/secure.gravatar.com\/avatar\/4e52110cad1c4054b43271a0d14bbe9e2ea76aecd0e1097edfc670798d9ca1d4?s=96&d=blank&r=g","contentUrl":"https:\/\/secure.gravatar.com\/avatar\/4e52110cad1c4054b43271a0d14bbe9e2ea76aecd0e1097edfc670798d9ca1d4?s=96&d=blank&r=g","caption":"NBCS Noticias"},"description":"\u00bfTienes fotos o video de alg\u00fan acto de posible negligencia, corrupci\u00f3n y abuso de autoridad? M\u00e1ndalo al WhatsApp de NBCS Noticias: 612 141 98 08","sameAs":["https:\/\/www.nbcs.mx","https:\/\/www.facebook.com\/NBCSnoticias","https:\/\/www.instagram.com\/nbcsnoticias\/","https:\/\/x.com\/https:\/\/twitter.com\/NBCSnoticias"]}]}},"jetpack_publicize_connections":[],"jetpack_sharing_enabled":true,"jetpack_featured_media_url":"https:\/\/nbcs.mx\/wp-content\/uploads\/2021\/03\/PRINCIPAL-CMD-AULAS.jpeg","_links":{"self":[{"href":"https:\/\/nbcs.mx\/index.php?rest_route=\/wp\/v2\/posts\/84257","targetHints":{"allow":["GET"]}}],"collection":[{"href":"https:\/\/nbcs.mx\/index.php?rest_route=\/wp\/v2\/posts"}],"about":[{"href":"https:\/\/nbcs.mx\/index.php?rest_route=\/wp\/v2\/types\/post"}],"author":[{"embeddable":true,"href":"https:\/\/nbcs.mx\/index.php?rest_route=\/wp\/v2\/users\/1"}],"replies":[{"embeddable":true,"href":"https:\/\/nbcs.mx\/index.php?rest_route=%2Fwp%2Fv2%2Fcomments&post=84257"}],"version-history":[{"count":2,"href":"https:\/\/nbcs.mx\/index.php?rest_route=\/wp\/v2\/posts\/84257\/revisions"}],"predecessor-version":[{"id":84265,"href":"https:\/\/nbcs.mx\/index.php?rest_route=\/wp\/v2\/posts\/84257\/revisions\/84265"}],"wp:featuredmedia":[{"embeddable":true,"href":"https:\/\/nbcs.mx\/index.php?rest_route=\/wp\/v2\/media\/84258"}],"wp:attachment":[{"href":"https:\/\/nbcs.mx\/index.php?rest_route=%2Fwp%2Fv2%2Fmedia&parent=84257"}],"wp:term":[{"taxonomy":"category","embeddable":true,"href":"https:\/\/nbcs.mx\/index.php?rest_route=%2Fwp%2Fv2%2Fcategories&post=84257"},{"taxonomy":"post_tag","embeddable":true,"href":"https:\/\/nbcs.mx\/index.php?rest_route=%2Fwp%2Fv2%2Ftags&post=84257"}],"curies":[{"name":"wp","href":"https:\/\/api.w.org\/{rel}","templated":true}]}}