{"id":84360,"date":"2021-03-22T14:41:20","date_gmt":"2021-03-22T21:41:20","guid":{"rendered":"https:\/\/nbcs.mx\/?p=84360"},"modified":"2021-03-22T14:41:20","modified_gmt":"2021-03-22T21:41:20","slug":"dignificar-las-pensiones-de-los-adultos-mayores-debe-ser-prioridad-rigo-mares","status":"publish","type":"post","link":"https:\/\/nbcs.mx\/?p=84360","title":{"rendered":"Dignificar las pensiones de los adultos mayores debe ser prioridad: Rigo Mares"},"content":{"rendered":"<div>\n<p class=\"CuerpoC\" style=\"text-align: justify;\"><span class=\"Ninguno\"><span lang=\"ES-TRAD\"><img loading=\"lazy\" decoding=\"async\" class=\" wp-image-84361 alignleft\" src=\"https:\/\/nbcs.mx\/wp-content\/uploads\/2021\/03\/IMG_0500-738x492.jpg\" alt=\"\" width=\"398\" height=\"265\" srcset=\"https:\/\/nbcs.mx\/wp-content\/uploads\/2021\/03\/IMG_0500-738x492.jpg 738w, https:\/\/nbcs.mx\/wp-content\/uploads\/2021\/03\/IMG_0500-150x100.jpg 150w, https:\/\/nbcs.mx\/wp-content\/uploads\/2021\/03\/IMG_0500-768x512.jpg 768w, https:\/\/nbcs.mx\/wp-content\/uploads\/2021\/03\/IMG_0500.jpg 1024w\" sizes=\"auto, (max-width: 398px) 100vw, 398px\" \/>La Paz, B<\/span><\/span><span class=\"Ninguno\"><span lang=\"ES-TRAD\">a<\/span><\/span><span class=\"Ninguno\"><span lang=\"ES-TRAD\">ja California Sur.- El diputado Rigo Mares celebr\u00f3 que el gobierno federal haya rectificado aquella decisi\u00f3n que tom\u00f3 en 2018 al inicio de su gesti\u00f3n cuando subi\u00f3 de 65 a 68 a\u00f1os, la edad para recibir la pensi\u00f3n universal. <\/span><\/span><\/p>\n<\/div>\n<div style=\"text-align: justify;\">\n<p class=\"CuerpoC\"><span class=\"Ninguno\"><span lang=\"ES-TRAD\">\u00a0<\/span><\/span><\/p>\n<\/div>\n<div style=\"text-align: justify;\">\n<p class=\"CuerpoC\"><span class=\"Ninguno\"><span lang=\"ES-TRAD\">Reconocemos que el presidente haya anunciado que de nuevo se otorgar\u00e1 la pensi\u00f3n universal a partir de los 65 a\u00f1os, pues con esto corrige el error que su gobierno cometi\u00f3 hace casi tres a\u00f1os y que desde Acci\u00f3n Nacional se\u00f1alamos que afectar\u00eda a muchos adultos mayores que por esa modificaci\u00f3n no pudieron acceder a este programa.<\/span><\/span><\/p>\n<\/div>\n<div style=\"text-align: justify;\">\n<p class=\"CuerpoC\"><span class=\"Ninguno\"><span lang=\"ES-TRAD\">\u00a0<\/span><\/span><\/p>\n<\/div>\n<div style=\"text-align: justify;\">\n<p class=\"CuerpoC\"><span class=\"Ninguno\"><span lang=\"ES-TRAD\">\u201cEn mis recorridos por La Paz he tenido muchas entrevistas con familias y parejas de adultos mayores, a quienes vemos que se les dificulta much\u00edsimo adquirir sus insumos b\u00e1sicos para subsistir, por lo que ahora, no tendr\u00e1n que esperar tanto para tener una pensi\u00f3n universal\u201d. <\/span><\/span><\/p>\n<\/div>\n<div style=\"text-align: justify;\">\n<p class=\"CuerpoC\"><span class=\"Ninguno\"><span lang=\"ES-TRAD\">\u00a0<\/span><\/span><\/p>\n<\/div>\n<div style=\"text-align: justify;\">\n<p class=\"CuerpoC\"><span class=\"Ninguno\"><span lang=\"ES-TRAD\">El diputado Mares se\u00f1al\u00f3 que ha llevado todas y cada una de las exigencias de sus vecinos de Baja California Sur a la C\u00e1mara de Diputados, pero hay ocasiones que MORENA y sus amigos diputados votan por el sistem\u00e1tico \u201cno\u201d sin analizar y mucho menos razonar la naturaleza de los instrumentos legislativos, \u201cpor ejemplo en materia de pensiones no han querido entrar a la discusi\u00f3n de mi iniciativa para establecer que las pensiones deben ser calculadas con base en salarios m\u00ednimos y no en UMA\u00b4s, otra medida para dignificar las pensiones que muchos adultos mayores solicitan\u201d, se\u00f1al\u00f3 el diputado federal. <\/span><\/span><\/p>\n<\/div>\n<div style=\"text-align: justify;\">\n<p class=\"CuerpoC\"><span class=\"Ninguno\"><span lang=\"ES-TRAD\">\u00a0<\/span><\/span><\/p>\n<\/div>\n<div style=\"text-align: justify;\">\n<p class=\"CuerpoC\"><span class=\"Ninguno\"><span lang=\"ES-TRAD\">\u201cHa sido dif\u00edcil batallar con MORENA estos a\u00f1os en el Legislativo, no debaten, no opinan y echan atr\u00e1s lo que en a\u00f1os le cost\u00f3 a M\u00e9xico construir para tener instituciones y leyes fuertes, adem\u00e1s de s\u00f3lidas para los mexicanos\u201d.<\/span><\/span><\/p>\n<\/div>\n<div style=\"text-align: justify;\">\n<p class=\"CuerpoC\"><span class=\"Ninguno\"><span lang=\"ES-TRAD\">\u00a0<\/span><\/span><\/p>\n<\/div>\n<div style=\"text-align: justify;\">\n<p class=\"CuerpoC\"><span class=\"Ninguno\"><span lang=\"ES-TRAD\">Hablando de adultos mayores, abund\u00f3 que no son los m\u00e1s privilegiados para el Estado, ya que hubo una etapa de este gobierno de la 4T en donde se les neg\u00f3 el derecho humano a la salud, al reducir presupuestos para sus medicinas, as\u00ed como una pausa grave en la entrega de apoyos y vivienda, bajo el esquema de una mal llamada austeridad. <\/span><\/span><\/p>\n<\/div>\n<div style=\"text-align: justify;\">\n<p class=\"CuerpoC\"><span class=\"Ninguno\"><span lang=\"ES-TRAD\">\u00a0<\/span><\/span><\/p>\n<\/div>\n<div style=\"text-align: justify;\">\n<p class=\"CuerpoC\"><span class=\"Ninguno\"><span lang=\"ES-TRAD\">\u201cNo queremos ser mal pensados y creer que el gobierno de Morena mira a los adultos mayores con intereses electorales, sino que hay una clara opci\u00f3n de darles progreso social y humano con el anuncio de m\u00e1s dinero a las pensiones\u201d. <\/span><\/span><\/p>\n<\/div>\n<div style=\"text-align: justify;\">\n<p class=\"CuerpoC\"><span class=\"Ninguno\"><span lang=\"ES-TRAD\">\u00a0<\/span><\/span><\/p>\n<\/div>\n<div style=\"text-align: justify;\">\n<p class=\"CuerpoC\"><span class=\"Ninguno\"><span lang=\"ES-TRAD\">Algo que, agreg\u00f3, no debe quedar ah\u00ed sino tambi\u00e9n darles oportunidades de desarrollo profesional y terapias de envejecimiento digno, para que sean felices en este proceso y no discriminados. <\/span><\/span><\/p>\n<\/div>\n<div style=\"text-align: justify;\">\n<p class=\"CuerpoC\"><span class=\"Ninguno\"><span lang=\"ES-TRAD\">\u00a0<\/span><\/span><\/p>\n<\/div>\n<div>\n<p class=\"CuerpoC\" style=\"text-align: justify;\"><span class=\"Ninguno\"><span lang=\"ES-TRAD\">\u201cNos hace falta m\u00e1s pol\u00edtica p\u00fablica para ellos, reformas para que no los abandonen ni maltraten, es un trabajo que hemos venido realizando desde la oposici\u00f3n y esperemos que tambi\u00e9n se tenga un eco en el Gobierno\u201d. <\/span><\/span><\/p>\n<\/div>\n","protected":false},"excerpt":{"rendered":"<p>La Paz, Baja California Sur.- El diputado Rigo Mares celebr\u00f3 que el gobierno federal haya rectificado aquella decisi\u00f3n que tom\u00f3<\/p>\n","protected":false},"author":1,"featured_media":84361,"comment_status":"open","ping_status":"closed","sticky":false,"template":"","format":"standard","meta":{"colormag_page_container_layout":"default_layout","colormag_page_sidebar_layout":"default_layout","_jetpack_memberships_contains_paid_content":false,"footnotes":"","jetpack_publicize_message":"Dignificar las pensiones de los adultos mayores debe ser prioridad: @RigoMares","jetpack_publicize_feature_enabled":true,"jetpack_social_post_already_shared":true,"jetpack_social_options":{"image_generator_settings":{"template":"highway","default_image_id":0,"font":"","enabled":false},"version":2}},"categories":[1],"tags":[],"class_list":["post-84360","post","type-post","status-publish","format-standard","has-post-thumbnail","hentry","category-noticias"],"yoast_head":"<!-- This site is optimized with the Yoast SEO plugin v27.5 - https:\/\/yoast.com\/product\/yoast-seo-wordpress\/ -->\n<title>Dignificar las pensiones de los adultos mayores debe ser prioridad: Rigo Mares - NBCS Noticias<\/title>\n<meta name=\"robots\" content=\"index, follow, max-snippet:-1, max-image-preview:large, max-video-preview:-1\" \/>\n<link rel=\"canonical\" href=\"https:\/\/nbcs.mx\/?p=84360\" \/>\n<meta property=\"og:locale\" content=\"es_ES\" \/>\n<meta property=\"og:type\" content=\"article\" \/>\n<meta property=\"og:title\" content=\"Dignificar las pensiones de los adultos mayores debe ser prioridad: Rigo Mares - NBCS Noticias\" \/>\n<meta property=\"og:description\" content=\"La Paz, Baja California Sur.- El diputado Rigo Mares celebr\u00f3 que el gobierno federal haya rectificado aquella decisi\u00f3n que tom\u00f3\" \/>\n<meta property=\"og:url\" content=\"https:\/\/nbcs.mx\/?p=84360\" \/>\n<meta property=\"og:site_name\" content=\"NBCS Noticias\" \/>\n<meta property=\"article:publisher\" content=\"https:\/\/www.facebook.com\/NBCSnoticias\" \/>\n<meta property=\"article:author\" content=\"https:\/\/www.facebook.com\/NBCSnoticias\" \/>\n<meta property=\"article:published_time\" content=\"2021-03-22T21:41:20+00:00\" \/>\n<meta property=\"og:image\" content=\"https:\/\/nbcs.mx\/wp-content\/uploads\/2021\/03\/IMG_0500.jpg\" \/>\n\t<meta property=\"og:image:width\" content=\"1024\" \/>\n\t<meta property=\"og:image:height\" content=\"683\" \/>\n\t<meta property=\"og:image:type\" content=\"image\/jpeg\" \/>\n<meta name=\"author\" content=\"NBCS Noticias\" \/>\n<meta name=\"twitter:card\" content=\"summary_large_image\" \/>\n<meta name=\"twitter:creator\" content=\"@https:\/\/twitter.com\/NBCSnoticias\" \/>\n<meta name=\"twitter:site\" content=\"@NBCSnoticias\" \/>\n<meta name=\"twitter:label1\" content=\"Escrito por\" \/>\n\t<meta name=\"twitter:data1\" content=\"NBCS Noticias\" \/>\n\t<meta name=\"twitter:label2\" content=\"Tiempo de lectura\" \/>\n\t<meta name=\"twitter:data2\" content=\"3 minutos\" \/>\n<script type=\"application\/ld+json\" class=\"yoast-schema-graph\">{\"@context\":\"https:\\\/\\\/schema.org\",\"@graph\":[{\"@type\":\"Article\",\"@id\":\"https:\\\/\\\/nbcs.mx\\\/?p=84360#article\",\"isPartOf\":{\"@id\":\"https:\\\/\\\/nbcs.mx\\\/?p=84360\"},\"author\":{\"name\":\"NBCS Noticias\",\"@id\":\"https:\\\/\\\/nbcs.mx\\\/#\\\/schema\\\/person\\\/ece58bab9a7c1e87a4d28ec9ecd79ff4\"},\"headline\":\"Dignificar las pensiones de los adultos mayores debe ser prioridad: Rigo Mares\",\"datePublished\":\"2021-03-22T21:41:20+00:00\",\"mainEntityOfPage\":{\"@id\":\"https:\\\/\\\/nbcs.mx\\\/?p=84360\"},\"wordCount\":499,\"commentCount\":0,\"publisher\":{\"@id\":\"https:\\\/\\\/nbcs.mx\\\/#organization\"},\"image\":{\"@id\":\"https:\\\/\\\/nbcs.mx\\\/?p=84360#primaryimage\"},\"thumbnailUrl\":\"https:\\\/\\\/nbcs.mx\\\/wp-content\\\/uploads\\\/2021\\\/03\\\/IMG_0500.jpg\",\"articleSection\":[\"Noticias\"],\"inLanguage\":\"es\",\"potentialAction\":[{\"@type\":\"CommentAction\",\"name\":\"Comment\",\"target\":[\"https:\\\/\\\/nbcs.mx\\\/?p=84360#respond\"]}]},{\"@type\":\"WebPage\",\"@id\":\"https:\\\/\\\/nbcs.mx\\\/?p=84360\",\"url\":\"https:\\\/\\\/nbcs.mx\\\/?p=84360\",\"name\":\"Dignificar las pensiones de los adultos mayores debe ser prioridad: Rigo Mares - NBCS Noticias\",\"isPartOf\":{\"@id\":\"https:\\\/\\\/nbcs.mx\\\/#website\"},\"primaryImageOfPage\":{\"@id\":\"https:\\\/\\\/nbcs.mx\\\/?p=84360#primaryimage\"},\"image\":{\"@id\":\"https:\\\/\\\/nbcs.mx\\\/?p=84360#primaryimage\"},\"thumbnailUrl\":\"https:\\\/\\\/nbcs.mx\\\/wp-content\\\/uploads\\\/2021\\\/03\\\/IMG_0500.jpg\",\"datePublished\":\"2021-03-22T21:41:20+00:00\",\"breadcrumb\":{\"@id\":\"https:\\\/\\\/nbcs.mx\\\/?p=84360#breadcrumb\"},\"inLanguage\":\"es\",\"potentialAction\":[{\"@type\":\"ReadAction\",\"target\":[\"https:\\\/\\\/nbcs.mx\\\/?p=84360\"]}]},{\"@type\":\"ImageObject\",\"inLanguage\":\"es\",\"@id\":\"https:\\\/\\\/nbcs.mx\\\/?p=84360#primaryimage\",\"url\":\"https:\\\/\\\/nbcs.mx\\\/wp-content\\\/uploads\\\/2021\\\/03\\\/IMG_0500.jpg\",\"contentUrl\":\"https:\\\/\\\/nbcs.mx\\\/wp-content\\\/uploads\\\/2021\\\/03\\\/IMG_0500.jpg\",\"width\":1024,\"height\":683},{\"@type\":\"BreadcrumbList\",\"@id\":\"https:\\\/\\\/nbcs.mx\\\/?p=84360#breadcrumb\",\"itemListElement\":[{\"@type\":\"ListItem\",\"position\":1,\"name\":\"Portada\",\"item\":\"https:\\\/\\\/nbcs.mx\\\/\"},{\"@type\":\"ListItem\",\"position\":2,\"name\":\"Dignificar las pensiones de los adultos mayores debe ser prioridad: Rigo Mares\"}]},{\"@type\":\"WebSite\",\"@id\":\"https:\\\/\\\/nbcs.mx\\\/#website\",\"url\":\"https:\\\/\\\/nbcs.mx\\\/\",\"name\":\"NBCS Noticias\",\"description\":\"Sitio web de noticias en Baja California Sur\",\"publisher\":{\"@id\":\"https:\\\/\\\/nbcs.mx\\\/#organization\"},\"potentialAction\":[{\"@type\":\"SearchAction\",\"target\":{\"@type\":\"EntryPoint\",\"urlTemplate\":\"https:\\\/\\\/nbcs.mx\\\/?s={search_term_string}\"},\"query-input\":{\"@type\":\"PropertyValueSpecification\",\"valueRequired\":true,\"valueName\":\"search_term_string\"}}],\"inLanguage\":\"es\"},{\"@type\":\"Organization\",\"@id\":\"https:\\\/\\\/nbcs.mx\\\/#organization\",\"name\":\"NBCS Noticias\",\"url\":\"https:\\\/\\\/nbcs.mx\\\/\",\"logo\":{\"@type\":\"ImageObject\",\"inLanguage\":\"es\",\"@id\":\"https:\\\/\\\/nbcs.mx\\\/#\\\/schema\\\/logo\\\/image\\\/\",\"url\":\"https:\\\/\\\/nbcs.mx\\\/wp-content\\\/uploads\\\/2018\\\/09\\\/057b69485e93575a5c2b1c1dde2dd297.jpeg\",\"contentUrl\":\"https:\\\/\\\/nbcs.mx\\\/wp-content\\\/uploads\\\/2018\\\/09\\\/057b69485e93575a5c2b1c1dde2dd297.jpeg\",\"width\":64,\"height\":64,\"caption\":\"NBCS Noticias\"},\"image\":{\"@id\":\"https:\\\/\\\/nbcs.mx\\\/#\\\/schema\\\/logo\\\/image\\\/\"},\"sameAs\":[\"https:\\\/\\\/www.facebook.com\\\/NBCSnoticias\",\"https:\\\/\\\/x.com\\\/NBCSnoticias\"]},{\"@type\":\"Person\",\"@id\":\"https:\\\/\\\/nbcs.mx\\\/#\\\/schema\\\/person\\\/ece58bab9a7c1e87a4d28ec9ecd79ff4\",\"name\":\"NBCS Noticias\",\"image\":{\"@type\":\"ImageObject\",\"inLanguage\":\"es\",\"@id\":\"https:\\\/\\\/secure.gravatar.com\\\/avatar\\\/4e52110cad1c4054b43271a0d14bbe9e2ea76aecd0e1097edfc670798d9ca1d4?s=96&d=blank&r=g\",\"url\":\"https:\\\/\\\/secure.gravatar.com\\\/avatar\\\/4e52110cad1c4054b43271a0d14bbe9e2ea76aecd0e1097edfc670798d9ca1d4?s=96&d=blank&r=g\",\"contentUrl\":\"https:\\\/\\\/secure.gravatar.com\\\/avatar\\\/4e52110cad1c4054b43271a0d14bbe9e2ea76aecd0e1097edfc670798d9ca1d4?s=96&d=blank&r=g\",\"caption\":\"NBCS Noticias\"},\"description\":\"\u00bfTienes fotos o video de alg\u00fan acto de posible negligencia, corrupci\u00f3n y abuso de autoridad? M\u00e1ndalo al WhatsApp de NBCS Noticias: 612 141 98 08\",\"sameAs\":[\"https:\\\/\\\/www.nbcs.mx\",\"https:\\\/\\\/www.facebook.com\\\/NBCSnoticias\",\"https:\\\/\\\/www.instagram.com\\\/nbcsnoticias\\\/\",\"https:\\\/\\\/x.com\\\/https:\\\/\\\/twitter.com\\\/NBCSnoticias\"]}]}<\/script>\n<!-- \/ Yoast SEO plugin. -->","yoast_head_json":{"title":"Dignificar las pensiones de los adultos mayores debe ser prioridad: Rigo Mares - NBCS Noticias","robots":{"index":"index","follow":"follow","max-snippet":"max-snippet:-1","max-image-preview":"max-image-preview:large","max-video-preview":"max-video-preview:-1"},"canonical":"https:\/\/nbcs.mx\/?p=84360","og_locale":"es_ES","og_type":"article","og_title":"Dignificar las pensiones de los adultos mayores debe ser prioridad: Rigo Mares - NBCS Noticias","og_description":"La Paz, Baja California Sur.- El diputado Rigo Mares celebr\u00f3 que el gobierno federal haya rectificado aquella decisi\u00f3n que tom\u00f3","og_url":"https:\/\/nbcs.mx\/?p=84360","og_site_name":"NBCS Noticias","article_publisher":"https:\/\/www.facebook.com\/NBCSnoticias","article_author":"https:\/\/www.facebook.com\/NBCSnoticias","article_published_time":"2021-03-22T21:41:20+00:00","og_image":[{"width":1024,"height":683,"url":"https:\/\/nbcs.mx\/wp-content\/uploads\/2021\/03\/IMG_0500.jpg","type":"image\/jpeg"}],"author":"NBCS Noticias","twitter_card":"summary_large_image","twitter_creator":"@https:\/\/twitter.com\/NBCSnoticias","twitter_site":"@NBCSnoticias","twitter_misc":{"Escrito por":"NBCS Noticias","Tiempo de lectura":"3 minutos"},"schema":{"@context":"https:\/\/schema.org","@graph":[{"@type":"Article","@id":"https:\/\/nbcs.mx\/?p=84360#article","isPartOf":{"@id":"https:\/\/nbcs.mx\/?p=84360"},"author":{"name":"NBCS Noticias","@id":"https:\/\/nbcs.mx\/#\/schema\/person\/ece58bab9a7c1e87a4d28ec9ecd79ff4"},"headline":"Dignificar las pensiones de los adultos mayores debe ser prioridad: Rigo Mares","datePublished":"2021-03-22T21:41:20+00:00","mainEntityOfPage":{"@id":"https:\/\/nbcs.mx\/?p=84360"},"wordCount":499,"commentCount":0,"publisher":{"@id":"https:\/\/nbcs.mx\/#organization"},"image":{"@id":"https:\/\/nbcs.mx\/?p=84360#primaryimage"},"thumbnailUrl":"https:\/\/nbcs.mx\/wp-content\/uploads\/2021\/03\/IMG_0500.jpg","articleSection":["Noticias"],"inLanguage":"es","potentialAction":[{"@type":"CommentAction","name":"Comment","target":["https:\/\/nbcs.mx\/?p=84360#respond"]}]},{"@type":"WebPage","@id":"https:\/\/nbcs.mx\/?p=84360","url":"https:\/\/nbcs.mx\/?p=84360","name":"Dignificar las pensiones de los adultos mayores debe ser prioridad: Rigo Mares - NBCS Noticias","isPartOf":{"@id":"https:\/\/nbcs.mx\/#website"},"primaryImageOfPage":{"@id":"https:\/\/nbcs.mx\/?p=84360#primaryimage"},"image":{"@id":"https:\/\/nbcs.mx\/?p=84360#primaryimage"},"thumbnailUrl":"https:\/\/nbcs.mx\/wp-content\/uploads\/2021\/03\/IMG_0500.jpg","datePublished":"2021-03-22T21:41:20+00:00","breadcrumb":{"@id":"https:\/\/nbcs.mx\/?p=84360#breadcrumb"},"inLanguage":"es","potentialAction":[{"@type":"ReadAction","target":["https:\/\/nbcs.mx\/?p=84360"]}]},{"@type":"ImageObject","inLanguage":"es","@id":"https:\/\/nbcs.mx\/?p=84360#primaryimage","url":"https:\/\/nbcs.mx\/wp-content\/uploads\/2021\/03\/IMG_0500.jpg","contentUrl":"https:\/\/nbcs.mx\/wp-content\/uploads\/2021\/03\/IMG_0500.jpg","width":1024,"height":683},{"@type":"BreadcrumbList","@id":"https:\/\/nbcs.mx\/?p=84360#breadcrumb","itemListElement":[{"@type":"ListItem","position":1,"name":"Portada","item":"https:\/\/nbcs.mx\/"},{"@type":"ListItem","position":2,"name":"Dignificar las pensiones de los adultos mayores debe ser prioridad: Rigo Mares"}]},{"@type":"WebSite","@id":"https:\/\/nbcs.mx\/#website","url":"https:\/\/nbcs.mx\/","name":"NBCS Noticias","description":"Sitio web de noticias en Baja California Sur","publisher":{"@id":"https:\/\/nbcs.mx\/#organization"},"potentialAction":[{"@type":"SearchAction","target":{"@type":"EntryPoint","urlTemplate":"https:\/\/nbcs.mx\/?s={search_term_string}"},"query-input":{"@type":"PropertyValueSpecification","valueRequired":true,"valueName":"search_term_string"}}],"inLanguage":"es"},{"@type":"Organization","@id":"https:\/\/nbcs.mx\/#organization","name":"NBCS Noticias","url":"https:\/\/nbcs.mx\/","logo":{"@type":"ImageObject","inLanguage":"es","@id":"https:\/\/nbcs.mx\/#\/schema\/logo\/image\/","url":"https:\/\/nbcs.mx\/wp-content\/uploads\/2018\/09\/057b69485e93575a5c2b1c1dde2dd297.jpeg","contentUrl":"https:\/\/nbcs.mx\/wp-content\/uploads\/2018\/09\/057b69485e93575a5c2b1c1dde2dd297.jpeg","width":64,"height":64,"caption":"NBCS Noticias"},"image":{"@id":"https:\/\/nbcs.mx\/#\/schema\/logo\/image\/"},"sameAs":["https:\/\/www.facebook.com\/NBCSnoticias","https:\/\/x.com\/NBCSnoticias"]},{"@type":"Person","@id":"https:\/\/nbcs.mx\/#\/schema\/person\/ece58bab9a7c1e87a4d28ec9ecd79ff4","name":"NBCS Noticias","image":{"@type":"ImageObject","inLanguage":"es","@id":"https:\/\/secure.gravatar.com\/avatar\/4e52110cad1c4054b43271a0d14bbe9e2ea76aecd0e1097edfc670798d9ca1d4?s=96&d=blank&r=g","url":"https:\/\/secure.gravatar.com\/avatar\/4e52110cad1c4054b43271a0d14bbe9e2ea76aecd0e1097edfc670798d9ca1d4?s=96&d=blank&r=g","contentUrl":"https:\/\/secure.gravatar.com\/avatar\/4e52110cad1c4054b43271a0d14bbe9e2ea76aecd0e1097edfc670798d9ca1d4?s=96&d=blank&r=g","caption":"NBCS Noticias"},"description":"\u00bfTienes fotos o video de alg\u00fan acto de posible negligencia, corrupci\u00f3n y abuso de autoridad? M\u00e1ndalo al WhatsApp de NBCS Noticias: 612 141 98 08","sameAs":["https:\/\/www.nbcs.mx","https:\/\/www.facebook.com\/NBCSnoticias","https:\/\/www.instagram.com\/nbcsnoticias\/","https:\/\/x.com\/https:\/\/twitter.com\/NBCSnoticias"]}]}},"jetpack_publicize_connections":[],"jetpack_featured_media_url":"https:\/\/nbcs.mx\/wp-content\/uploads\/2021\/03\/IMG_0500.jpg","jetpack_sharing_enabled":true,"_links":{"self":[{"href":"https:\/\/nbcs.mx\/index.php?rest_route=\/wp\/v2\/posts\/84360","targetHints":{"allow":["GET"]}}],"collection":[{"href":"https:\/\/nbcs.mx\/index.php?rest_route=\/wp\/v2\/posts"}],"about":[{"href":"https:\/\/nbcs.mx\/index.php?rest_route=\/wp\/v2\/types\/post"}],"author":[{"embeddable":true,"href":"https:\/\/nbcs.mx\/index.php?rest_route=\/wp\/v2\/users\/1"}],"replies":[{"embeddable":true,"href":"https:\/\/nbcs.mx\/index.php?rest_route=%2Fwp%2Fv2%2Fcomments&post=84360"}],"version-history":[{"count":1,"href":"https:\/\/nbcs.mx\/index.php?rest_route=\/wp\/v2\/posts\/84360\/revisions"}],"predecessor-version":[{"id":84362,"href":"https:\/\/nbcs.mx\/index.php?rest_route=\/wp\/v2\/posts\/84360\/revisions\/84362"}],"wp:featuredmedia":[{"embeddable":true,"href":"https:\/\/nbcs.mx\/index.php?rest_route=\/wp\/v2\/media\/84361"}],"wp:attachment":[{"href":"https:\/\/nbcs.mx\/index.php?rest_route=%2Fwp%2Fv2%2Fmedia&parent=84360"}],"wp:term":[{"taxonomy":"category","embeddable":true,"href":"https:\/\/nbcs.mx\/index.php?rest_route=%2Fwp%2Fv2%2Fcategories&post=84360"},{"taxonomy":"post_tag","embeddable":true,"href":"https:\/\/nbcs.mx\/index.php?rest_route=%2Fwp%2Fv2%2Ftags&post=84360"}],"curies":[{"name":"wp","href":"https:\/\/api.w.org\/{rel}","templated":true}]}}