{"id":84635,"date":"2021-03-25T20:33:02","date_gmt":"2021-03-26T03:33:02","guid":{"rendered":"https:\/\/nbcs.mx\/?p=84635"},"modified":"2021-03-25T20:33:02","modified_gmt":"2021-03-26T03:33:02","slug":"vacunacion-contra-covid-en-la-paz-atendera-a-personas-de-80-anos-y-mas","status":"publish","type":"post","link":"https:\/\/nbcs.mx\/?p=84635","title":{"rendered":"Vacunaci\u00f3n contra Covid en La Paz atender\u00e1 a personas de 80 a\u00f1os y m\u00e1s"},"content":{"rendered":"<p style=\"text-align: justify;\"><img loading=\"lazy\" decoding=\"async\" class=\" wp-image-84636 alignleft\" src=\"https:\/\/nbcs.mx\/wp-content\/uploads\/2021\/03\/SSA_PrimeraEtapa_VacunacioenLaPaz_01-720x492.jpg\" alt=\"\" width=\"383\" height=\"262\" srcset=\"https:\/\/nbcs.mx\/wp-content\/uploads\/2021\/03\/SSA_PrimeraEtapa_VacunacioenLaPaz_01-720x492.jpg 720w, https:\/\/nbcs.mx\/wp-content\/uploads\/2021\/03\/SSA_PrimeraEtapa_VacunacioenLaPaz_01-150x103.jpg 150w, https:\/\/nbcs.mx\/wp-content\/uploads\/2021\/03\/SSA_PrimeraEtapa_VacunacioenLaPaz_01-768x525.jpg 768w, https:\/\/nbcs.mx\/wp-content\/uploads\/2021\/03\/SSA_PrimeraEtapa_VacunacioenLaPaz_01-130x90.jpg 130w, https:\/\/nbcs.mx\/wp-content\/uploads\/2021\/03\/SSA_PrimeraEtapa_VacunacioenLaPaz_01.jpg 1024w\" sizes=\"auto, (max-width: 383px) 100vw, 383px\" \/>La Paz, Baja California Sur.- El Consejo Estatal de Vacunaci\u00f3n (COEVA) acord\u00f3 con la Coordinaci\u00f3n General de Vacunaci\u00f3n contra Covid-19 en BCS, que est\u00e1 a cargo de la Teniente de Nav\u00edo, Yesica Ibet Cruz Casta\u00f1eda, que las personas de 80 a\u00f1os y m\u00e1s sean atendidas durante la primera fase de inmunizaci\u00f3n a realizarse en la Ciudad de La Paz.<\/p>\n<p style=\"text-align: justify;\">\n<p style=\"text-align: justify;\">La fecha para el arranque de esta vacunaci\u00f3n se determinar\u00e1 una vez que llegue el pr\u00f3ximo lote de biol\u00f3gicos. La proyecci\u00f3n es que el embarque arribe al estado este viernes, pero la convocatoria no se realizar\u00e1 hasta ya tener el inmunizante en territorio sudcaliforniano, dijo el secretario de Salud en la entidad, V\u00edctor George Flores.<\/p>\n<p style=\"text-align: justify;\">\n<p style=\"text-align: justify;\">En la sesi\u00f3n del COEVA que se llev\u00f3 a cabo este jueves, los representantes de las Fuerzas Armadas informaron que el siguiente embarque de vacuna contra Covid-19 a recibir por el estado ser\u00e1 de alrededor de tres mil dosis, que es una cantidad de alrededor del 10 por ciento del total de poblaci\u00f3n mayor de 60 a\u00f1os que se tiene en la Ciudad de La Paz.<\/p>\n<p style=\"text-align: justify;\">\n<p style=\"text-align: justify;\">Como se espera un n\u00famero de dosis reducido, se tom\u00f3 la determinaci\u00f3n de vacunar primero a la gente de 80 a\u00f1os y m\u00e1s, que por su propia edad est\u00e1 m\u00e1s vulnerable al pat\u00f3geno que causa esta enfermedad. Esta campa\u00f1a, reiter\u00f3 George Flores, iniciar\u00e1 en cuanto llegue a la entidad el citado embarque.<\/p>\n<p style=\"text-align: justify;\">\n<p style=\"text-align: justify;\">En esta reuni\u00f3n, a la que acudieron autoridades del IMSS, ISSSTE, SEDENA, SEMAR y Secretar\u00eda de Bienestar, se estableci\u00f3 que ser\u00e1 esta \u00faltima instituci\u00f3n la encargada de hacer la convocatoria telef\u00f3nica de las personas de 80 a\u00f1os y m\u00e1s de la Ciudad de La Paz, esto con base en los padrones arrojados por el portal de internet <a href=\"https:\/\/mivacuna.salud.gob.mx\/index.php\">https:\/\/mivacuna.salud.gob.mx\/index.php<\/a> que para tal efecto habilit\u00f3 desde semanas atr\u00e1s la administraci\u00f3n federal.<\/p>\n<p style=\"text-align: justify;\">\n<p style=\"text-align: justify;\">\n<p style=\"text-align: justify;\">\n<p style=\"text-align: justify;\">\n","protected":false},"excerpt":{"rendered":"<p>La Paz, Baja California Sur.- El Consejo Estatal de Vacunaci\u00f3n (COEVA) acord\u00f3 con la Coordinaci\u00f3n General de Vacunaci\u00f3n contra Covid-19<\/p>\n","protected":false},"author":1,"featured_media":84636,"comment_status":"open","ping_status":"closed","sticky":false,"template":"","format":"standard","meta":{"colormag_page_container_layout":"default_layout","colormag_page_sidebar_layout":"default_layout","_jetpack_newsletter_access":"","_jetpack_dont_email_post_to_subs":false,"_jetpack_newsletter_tier_id":0,"_jetpack_memberships_contains_paywalled_content":false,"_jetpack_feature_clip_id":0,"_jetpack_memberships_contains_paid_content":false,"footnotes":"","jetpack_publicize_message":"","jetpack_publicize_feature_enabled":true,"jetpack_social_post_already_shared":true,"jetpack_social_options":{"image_generator_settings":{"template":"highway","default_image_id":0,"font":"","enabled":false},"version":2},"jetpack_post_was_ever_published":false},"categories":[1],"tags":[],"class_list":["post-84635","post","type-post","status-publish","format-standard","has-post-thumbnail","hentry","category-noticias"],"yoast_head":"<!-- This site is optimized with the Yoast SEO plugin v28.4 - https:\/\/yoast.com\/product\/yoast-seo-wordpress\/ -->\n<title>Vacunaci\u00f3n contra Covid en La Paz atender\u00e1 a personas de 80 a\u00f1os y m\u00e1s - NBCS Noticias<\/title>\n<meta name=\"robots\" content=\"index, follow, max-snippet:-1, max-image-preview:large, max-video-preview:-1\" \/>\n<link rel=\"canonical\" href=\"https:\/\/nbcs.mx\/?p=84635\" \/>\n<meta property=\"og:locale\" content=\"es_ES\" \/>\n<meta property=\"og:type\" content=\"article\" \/>\n<meta property=\"og:title\" content=\"Vacunaci\u00f3n contra Covid en La Paz atender\u00e1 a personas de 80 a\u00f1os y m\u00e1s - NBCS Noticias\" \/>\n<meta property=\"og:description\" content=\"La Paz, Baja California Sur.- El Consejo Estatal de Vacunaci\u00f3n (COEVA) acord\u00f3 con la Coordinaci\u00f3n General de Vacunaci\u00f3n contra Covid-19\" \/>\n<meta property=\"og:url\" content=\"https:\/\/nbcs.mx\/?p=84635\" \/>\n<meta property=\"og:site_name\" content=\"NBCS Noticias\" \/>\n<meta property=\"article:publisher\" content=\"https:\/\/www.facebook.com\/NBCSnoticias\" \/>\n<meta property=\"article:author\" content=\"https:\/\/www.facebook.com\/NBCSnoticias\" \/>\n<meta property=\"article:published_time\" content=\"2021-03-26T03:33:02+00:00\" \/>\n<meta property=\"og:image\" content=\"https:\/\/nbcs.mx\/wp-content\/uploads\/2021\/03\/SSA_PrimeraEtapa_VacunacioenLaPaz_01.jpg\" \/>\n\t<meta property=\"og:image:width\" content=\"1024\" \/>\n\t<meta property=\"og:image:height\" content=\"700\" \/>\n\t<meta property=\"og:image:type\" content=\"image\/jpeg\" \/>\n<meta name=\"author\" content=\"NBCS Noticias\" \/>\n<meta name=\"twitter:card\" content=\"summary_large_image\" \/>\n<meta name=\"twitter:creator\" content=\"@https:\/\/twitter.com\/NBCSnoticias\" \/>\n<meta name=\"twitter:site\" content=\"@NBCSnoticias\" \/>\n<meta name=\"twitter:label1\" content=\"Escrito por\" \/>\n\t<meta name=\"twitter:data1\" content=\"NBCS Noticias\" \/>\n\t<meta name=\"twitter:label2\" content=\"Tiempo de lectura\" \/>\n\t<meta name=\"twitter:data2\" content=\"2 minutos\" \/>\n<script type=\"application\/ld+json\" class=\"yoast-schema-graph\">{\"@context\":\"https:\\\/\\\/schema.org\",\"@graph\":[{\"@type\":\"Article\",\"@id\":\"https:\\\/\\\/nbcs.mx\\\/?p=84635#article\",\"isPartOf\":{\"@id\":\"https:\\\/\\\/nbcs.mx\\\/?p=84635\"},\"author\":{\"name\":\"NBCS Noticias\",\"@id\":\"https:\\\/\\\/nbcs.mx\\\/#\\\/schema\\\/person\\\/ece58bab9a7c1e87a4d28ec9ecd79ff4\"},\"headline\":\"Vacunaci\u00f3n contra Covid en La Paz atender\u00e1 a personas de 80 a\u00f1os y m\u00e1s\",\"datePublished\":\"2021-03-26T03:33:02+00:00\",\"mainEntityOfPage\":{\"@id\":\"https:\\\/\\\/nbcs.mx\\\/?p=84635\"},\"wordCount\":350,\"commentCount\":0,\"publisher\":{\"@id\":\"https:\\\/\\\/nbcs.mx\\\/#organization\"},\"image\":{\"@id\":\"https:\\\/\\\/nbcs.mx\\\/?p=84635#primaryimage\"},\"thumbnailUrl\":\"https:\\\/\\\/nbcs.mx\\\/wp-content\\\/uploads\\\/2021\\\/03\\\/SSA_PrimeraEtapa_VacunacioenLaPaz_01.jpg\",\"articleSection\":[\"Noticias\"],\"inLanguage\":\"es\",\"potentialAction\":[{\"@type\":\"CommentAction\",\"name\":\"Comment\",\"target\":[\"https:\\\/\\\/nbcs.mx\\\/?p=84635#respond\"]}]},{\"@type\":\"WebPage\",\"@id\":\"https:\\\/\\\/nbcs.mx\\\/?p=84635\",\"url\":\"https:\\\/\\\/nbcs.mx\\\/?p=84635\",\"name\":\"Vacunaci\u00f3n contra Covid en La Paz atender\u00e1 a personas de 80 a\u00f1os y m\u00e1s - NBCS Noticias\",\"isPartOf\":{\"@id\":\"https:\\\/\\\/nbcs.mx\\\/#website\"},\"primaryImageOfPage\":{\"@id\":\"https:\\\/\\\/nbcs.mx\\\/?p=84635#primaryimage\"},\"image\":{\"@id\":\"https:\\\/\\\/nbcs.mx\\\/?p=84635#primaryimage\"},\"thumbnailUrl\":\"https:\\\/\\\/nbcs.mx\\\/wp-content\\\/uploads\\\/2021\\\/03\\\/SSA_PrimeraEtapa_VacunacioenLaPaz_01.jpg\",\"datePublished\":\"2021-03-26T03:33:02+00:00\",\"breadcrumb\":{\"@id\":\"https:\\\/\\\/nbcs.mx\\\/?p=84635#breadcrumb\"},\"inLanguage\":\"es\",\"potentialAction\":[{\"@type\":\"ReadAction\",\"target\":[\"https:\\\/\\\/nbcs.mx\\\/?p=84635\"]}]},{\"@type\":\"ImageObject\",\"inLanguage\":\"es\",\"@id\":\"https:\\\/\\\/nbcs.mx\\\/?p=84635#primaryimage\",\"url\":\"https:\\\/\\\/nbcs.mx\\\/wp-content\\\/uploads\\\/2021\\\/03\\\/SSA_PrimeraEtapa_VacunacioenLaPaz_01.jpg\",\"contentUrl\":\"https:\\\/\\\/nbcs.mx\\\/wp-content\\\/uploads\\\/2021\\\/03\\\/SSA_PrimeraEtapa_VacunacioenLaPaz_01.jpg\",\"width\":1024,\"height\":700},{\"@type\":\"BreadcrumbList\",\"@id\":\"https:\\\/\\\/nbcs.mx\\\/?p=84635#breadcrumb\",\"itemListElement\":[{\"@type\":\"ListItem\",\"position\":1,\"name\":\"Portada\",\"item\":\"https:\\\/\\\/nbcs.mx\\\/\"},{\"@type\":\"ListItem\",\"position\":2,\"name\":\"Vacunaci\u00f3n contra Covid en La Paz atender\u00e1 a personas de 80 a\u00f1os y m\u00e1s\"}]},{\"@type\":\"WebSite\",\"@id\":\"https:\\\/\\\/nbcs.mx\\\/#website\",\"url\":\"https:\\\/\\\/nbcs.mx\\\/\",\"name\":\"NBCS Noticias\",\"description\":\"Sitio web de noticias en Baja California Sur\",\"publisher\":{\"@id\":\"https:\\\/\\\/nbcs.mx\\\/#organization\"},\"potentialAction\":[{\"@type\":\"SearchAction\",\"target\":{\"@type\":\"EntryPoint\",\"urlTemplate\":\"https:\\\/\\\/nbcs.mx\\\/?s={search_term_string}\"},\"query-input\":{\"@type\":\"PropertyValueSpecification\",\"valueRequired\":true,\"valueName\":\"search_term_string\"}}],\"inLanguage\":\"es\"},{\"@type\":\"Organization\",\"@id\":\"https:\\\/\\\/nbcs.mx\\\/#organization\",\"name\":\"NBCS Noticias\",\"url\":\"https:\\\/\\\/nbcs.mx\\\/\",\"logo\":{\"@type\":\"ImageObject\",\"inLanguage\":\"es\",\"@id\":\"https:\\\/\\\/nbcs.mx\\\/#\\\/schema\\\/logo\\\/image\\\/\",\"url\":\"https:\\\/\\\/nbcs.mx\\\/wp-content\\\/uploads\\\/2018\\\/09\\\/057b69485e93575a5c2b1c1dde2dd297.jpeg\",\"contentUrl\":\"https:\\\/\\\/nbcs.mx\\\/wp-content\\\/uploads\\\/2018\\\/09\\\/057b69485e93575a5c2b1c1dde2dd297.jpeg\",\"width\":64,\"height\":64,\"caption\":\"NBCS Noticias\"},\"image\":{\"@id\":\"https:\\\/\\\/nbcs.mx\\\/#\\\/schema\\\/logo\\\/image\\\/\"},\"sameAs\":[\"https:\\\/\\\/www.facebook.com\\\/NBCSnoticias\",\"https:\\\/\\\/x.com\\\/NBCSnoticias\"]},{\"@type\":\"Person\",\"@id\":\"https:\\\/\\\/nbcs.mx\\\/#\\\/schema\\\/person\\\/ece58bab9a7c1e87a4d28ec9ecd79ff4\",\"name\":\"NBCS Noticias\",\"image\":{\"@type\":\"ImageObject\",\"inLanguage\":\"es\",\"@id\":\"https:\\\/\\\/secure.gravatar.com\\\/avatar\\\/4e52110cad1c4054b43271a0d14bbe9e2ea76aecd0e1097edfc670798d9ca1d4?s=96&d=blank&r=g\",\"url\":\"https:\\\/\\\/secure.gravatar.com\\\/avatar\\\/4e52110cad1c4054b43271a0d14bbe9e2ea76aecd0e1097edfc670798d9ca1d4?s=96&d=blank&r=g\",\"contentUrl\":\"https:\\\/\\\/secure.gravatar.com\\\/avatar\\\/4e52110cad1c4054b43271a0d14bbe9e2ea76aecd0e1097edfc670798d9ca1d4?s=96&d=blank&r=g\",\"caption\":\"NBCS Noticias\"},\"description\":\"\u00bfTienes fotos o video de alg\u00fan acto de posible negligencia, corrupci\u00f3n y abuso de autoridad? M\u00e1ndalo al WhatsApp de NBCS Noticias: 612 141 98 08\",\"sameAs\":[\"https:\\\/\\\/www.nbcs.mx\",\"https:\\\/\\\/www.facebook.com\\\/NBCSnoticias\",\"https:\\\/\\\/www.instagram.com\\\/nbcsnoticias\\\/\",\"https:\\\/\\\/x.com\\\/https:\\\/\\\/twitter.com\\\/NBCSnoticias\"]}]}<\/script>\n<!-- \/ Yoast SEO plugin. -->","yoast_head_json":{"title":"Vacunaci\u00f3n contra Covid en La Paz atender\u00e1 a personas de 80 a\u00f1os y m\u00e1s - NBCS Noticias","robots":{"index":"index","follow":"follow","max-snippet":"max-snippet:-1","max-image-preview":"max-image-preview:large","max-video-preview":"max-video-preview:-1"},"canonical":"https:\/\/nbcs.mx\/?p=84635","og_locale":"es_ES","og_type":"article","og_title":"Vacunaci\u00f3n contra Covid en La Paz atender\u00e1 a personas de 80 a\u00f1os y m\u00e1s - NBCS Noticias","og_description":"La Paz, Baja California Sur.- El Consejo Estatal de Vacunaci\u00f3n (COEVA) acord\u00f3 con la Coordinaci\u00f3n General de Vacunaci\u00f3n contra Covid-19","og_url":"https:\/\/nbcs.mx\/?p=84635","og_site_name":"NBCS Noticias","article_publisher":"https:\/\/www.facebook.com\/NBCSnoticias","article_author":"https:\/\/www.facebook.com\/NBCSnoticias","article_published_time":"2021-03-26T03:33:02+00:00","og_image":[{"width":1024,"height":700,"url":"https:\/\/nbcs.mx\/wp-content\/uploads\/2021\/03\/SSA_PrimeraEtapa_VacunacioenLaPaz_01.jpg","type":"image\/jpeg"}],"author":"NBCS Noticias","twitter_card":"summary_large_image","twitter_creator":"@https:\/\/twitter.com\/NBCSnoticias","twitter_site":"@NBCSnoticias","twitter_misc":{"Escrito por":"NBCS Noticias","Tiempo de lectura":"2 minutos"},"schema":{"@context":"https:\/\/schema.org","@graph":[{"@type":"Article","@id":"https:\/\/nbcs.mx\/?p=84635#article","isPartOf":{"@id":"https:\/\/nbcs.mx\/?p=84635"},"author":{"name":"NBCS Noticias","@id":"https:\/\/nbcs.mx\/#\/schema\/person\/ece58bab9a7c1e87a4d28ec9ecd79ff4"},"headline":"Vacunaci\u00f3n contra Covid en La Paz atender\u00e1 a personas de 80 a\u00f1os y m\u00e1s","datePublished":"2021-03-26T03:33:02+00:00","mainEntityOfPage":{"@id":"https:\/\/nbcs.mx\/?p=84635"},"wordCount":350,"commentCount":0,"publisher":{"@id":"https:\/\/nbcs.mx\/#organization"},"image":{"@id":"https:\/\/nbcs.mx\/?p=84635#primaryimage"},"thumbnailUrl":"https:\/\/nbcs.mx\/wp-content\/uploads\/2021\/03\/SSA_PrimeraEtapa_VacunacioenLaPaz_01.jpg","articleSection":["Noticias"],"inLanguage":"es","potentialAction":[{"@type":"CommentAction","name":"Comment","target":["https:\/\/nbcs.mx\/?p=84635#respond"]}]},{"@type":"WebPage","@id":"https:\/\/nbcs.mx\/?p=84635","url":"https:\/\/nbcs.mx\/?p=84635","name":"Vacunaci\u00f3n contra Covid en La Paz atender\u00e1 a personas de 80 a\u00f1os y m\u00e1s - NBCS Noticias","isPartOf":{"@id":"https:\/\/nbcs.mx\/#website"},"primaryImageOfPage":{"@id":"https:\/\/nbcs.mx\/?p=84635#primaryimage"},"image":{"@id":"https:\/\/nbcs.mx\/?p=84635#primaryimage"},"thumbnailUrl":"https:\/\/nbcs.mx\/wp-content\/uploads\/2021\/03\/SSA_PrimeraEtapa_VacunacioenLaPaz_01.jpg","datePublished":"2021-03-26T03:33:02+00:00","breadcrumb":{"@id":"https:\/\/nbcs.mx\/?p=84635#breadcrumb"},"inLanguage":"es","potentialAction":[{"@type":"ReadAction","target":["https:\/\/nbcs.mx\/?p=84635"]}]},{"@type":"ImageObject","inLanguage":"es","@id":"https:\/\/nbcs.mx\/?p=84635#primaryimage","url":"https:\/\/nbcs.mx\/wp-content\/uploads\/2021\/03\/SSA_PrimeraEtapa_VacunacioenLaPaz_01.jpg","contentUrl":"https:\/\/nbcs.mx\/wp-content\/uploads\/2021\/03\/SSA_PrimeraEtapa_VacunacioenLaPaz_01.jpg","width":1024,"height":700},{"@type":"BreadcrumbList","@id":"https:\/\/nbcs.mx\/?p=84635#breadcrumb","itemListElement":[{"@type":"ListItem","position":1,"name":"Portada","item":"https:\/\/nbcs.mx\/"},{"@type":"ListItem","position":2,"name":"Vacunaci\u00f3n contra Covid en La Paz atender\u00e1 a personas de 80 a\u00f1os y m\u00e1s"}]},{"@type":"WebSite","@id":"https:\/\/nbcs.mx\/#website","url":"https:\/\/nbcs.mx\/","name":"NBCS Noticias","description":"Sitio web de noticias en Baja California Sur","publisher":{"@id":"https:\/\/nbcs.mx\/#organization"},"potentialAction":[{"@type":"SearchAction","target":{"@type":"EntryPoint","urlTemplate":"https:\/\/nbcs.mx\/?s={search_term_string}"},"query-input":{"@type":"PropertyValueSpecification","valueRequired":true,"valueName":"search_term_string"}}],"inLanguage":"es"},{"@type":"Organization","@id":"https:\/\/nbcs.mx\/#organization","name":"NBCS Noticias","url":"https:\/\/nbcs.mx\/","logo":{"@type":"ImageObject","inLanguage":"es","@id":"https:\/\/nbcs.mx\/#\/schema\/logo\/image\/","url":"https:\/\/nbcs.mx\/wp-content\/uploads\/2018\/09\/057b69485e93575a5c2b1c1dde2dd297.jpeg","contentUrl":"https:\/\/nbcs.mx\/wp-content\/uploads\/2018\/09\/057b69485e93575a5c2b1c1dde2dd297.jpeg","width":64,"height":64,"caption":"NBCS Noticias"},"image":{"@id":"https:\/\/nbcs.mx\/#\/schema\/logo\/image\/"},"sameAs":["https:\/\/www.facebook.com\/NBCSnoticias","https:\/\/x.com\/NBCSnoticias"]},{"@type":"Person","@id":"https:\/\/nbcs.mx\/#\/schema\/person\/ece58bab9a7c1e87a4d28ec9ecd79ff4","name":"NBCS Noticias","image":{"@type":"ImageObject","inLanguage":"es","@id":"https:\/\/secure.gravatar.com\/avatar\/4e52110cad1c4054b43271a0d14bbe9e2ea76aecd0e1097edfc670798d9ca1d4?s=96&d=blank&r=g","url":"https:\/\/secure.gravatar.com\/avatar\/4e52110cad1c4054b43271a0d14bbe9e2ea76aecd0e1097edfc670798d9ca1d4?s=96&d=blank&r=g","contentUrl":"https:\/\/secure.gravatar.com\/avatar\/4e52110cad1c4054b43271a0d14bbe9e2ea76aecd0e1097edfc670798d9ca1d4?s=96&d=blank&r=g","caption":"NBCS Noticias"},"description":"\u00bfTienes fotos o video de alg\u00fan acto de posible negligencia, corrupci\u00f3n y abuso de autoridad? M\u00e1ndalo al WhatsApp de NBCS Noticias: 612 141 98 08","sameAs":["https:\/\/www.nbcs.mx","https:\/\/www.facebook.com\/NBCSnoticias","https:\/\/www.instagram.com\/nbcsnoticias\/","https:\/\/x.com\/https:\/\/twitter.com\/NBCSnoticias"]}]}},"jetpack_publicize_connections":[],"jetpack_sharing_enabled":true,"jetpack_featured_media_url":"https:\/\/nbcs.mx\/wp-content\/uploads\/2021\/03\/SSA_PrimeraEtapa_VacunacioenLaPaz_01.jpg","_links":{"self":[{"href":"https:\/\/nbcs.mx\/index.php?rest_route=\/wp\/v2\/posts\/84635","targetHints":{"allow":["GET"]}}],"collection":[{"href":"https:\/\/nbcs.mx\/index.php?rest_route=\/wp\/v2\/posts"}],"about":[{"href":"https:\/\/nbcs.mx\/index.php?rest_route=\/wp\/v2\/types\/post"}],"author":[{"embeddable":true,"href":"https:\/\/nbcs.mx\/index.php?rest_route=\/wp\/v2\/users\/1"}],"replies":[{"embeddable":true,"href":"https:\/\/nbcs.mx\/index.php?rest_route=%2Fwp%2Fv2%2Fcomments&post=84635"}],"version-history":[{"count":1,"href":"https:\/\/nbcs.mx\/index.php?rest_route=\/wp\/v2\/posts\/84635\/revisions"}],"predecessor-version":[{"id":84637,"href":"https:\/\/nbcs.mx\/index.php?rest_route=\/wp\/v2\/posts\/84635\/revisions\/84637"}],"wp:featuredmedia":[{"embeddable":true,"href":"https:\/\/nbcs.mx\/index.php?rest_route=\/wp\/v2\/media\/84636"}],"wp:attachment":[{"href":"https:\/\/nbcs.mx\/index.php?rest_route=%2Fwp%2Fv2%2Fmedia&parent=84635"}],"wp:term":[{"taxonomy":"category","embeddable":true,"href":"https:\/\/nbcs.mx\/index.php?rest_route=%2Fwp%2Fv2%2Fcategories&post=84635"},{"taxonomy":"post_tag","embeddable":true,"href":"https:\/\/nbcs.mx\/index.php?rest_route=%2Fwp%2Fv2%2Ftags&post=84635"}],"curies":[{"name":"wp","href":"https:\/\/api.w.org\/{rel}","templated":true}]}}