{"id":85318,"date":"2021-04-08T09:09:02","date_gmt":"2021-04-08T15:09:02","guid":{"rendered":"https:\/\/nbcs.mx\/?p=85318"},"modified":"2021-04-08T09:09:02","modified_gmt":"2021-04-08T15:09:02","slug":"es-tiempo-de-hacer-justicia-al-magisterio-cabeno-lupita-saldana","status":"publish","type":"post","link":"https:\/\/nbcs.mx\/?p=85318","title":{"rendered":"Es tiempo de hacer justicia al magisterio cabe\u00f1o: Lupita Salda\u00f1a"},"content":{"rendered":"<div>\n<p class=\"Body\" style=\"text-align: justify;\"><img loading=\"lazy\" decoding=\"async\" class=\" wp-image-85319 alignleft\" src=\"https:\/\/nbcs.mx\/wp-content\/uploads\/2021\/04\/MAGISTERIO-4-755x425.jpeg\" alt=\"\" width=\"377\" height=\"212\" \/>Los Cabos, Baja California Sur. &#8211; Lupita Salda\u00f1a, candidata a la Presidencia Municipal de Los Cabos afirm\u00f3 que ya es tiempo que se haga justicia a los trabajadores de la educaci\u00f3n en Los Cabos.<\/p>\n<\/div>\n<div style=\"text-align: justify;\">\n<p class=\"Body\">\n<\/div>\n<div style=\"text-align: justify;\">\n<p class=\"Body\">Al reunirse con el magisterio cabe\u00f1o, la abanderada de la alianza Unidos Contigo manifest\u00f3 que se tiene un gran reto en este sector, ante la falta de certeza laboral de m\u00e1s de mil compensados.<\/p>\n<\/div>\n<div style=\"text-align: justify;\">\n<p class=\"Body\">\n<\/div>\n<div style=\"text-align: justify;\">\n<p class=\"Body\">En el encuentro, donde estuvo presente el candidato a gobernador, Pancho Pelayo, mencion\u00f3 que los maestros de Los Cabos trabajan con el doble de alumnado, y m\u00e1s de mil trabajadores son compensados o eventuales, ganan lo m\u00ednimo y no tienen certeza laboral.<\/p>\n<\/div>\n<div style=\"text-align: justify;\">\n<p class=\"Body\">\n<\/div>\n<div style=\"text-align: justify;\">\n<p class=\"Body\">Dijo que urge que haya m\u00e1s infraestructura educativa, m\u00e1s plazas y se realicen las adecuaciones en las escuelas para recibir a los alumnos con alguna discapacidad motriz.<\/p>\n<\/div>\n<div style=\"text-align: justify;\">\n<p class=\"Body\">\n<\/div>\n<div style=\"text-align: justify;\">\n<p class=\"Body\">Enfatiz\u00f3 que como Presidenta Municipal atender\u00e1 estos temas en un trabajo conjunto con Pancho Pelayo como gobernador y los maestros y maestras que est\u00e1n altamente comprometidos con la educaci\u00f3n.<\/p>\n<\/div>\n<div style=\"text-align: justify;\">\n<p class=\"Body\">\n<\/div>\n<div>\n<p class=\"Body\" style=\"text-align: justify;\">Recalc\u00f3 que el magisterio cuenta con la profesora Lupita Salda\u00f1a, que ser\u00e1 aliada del sector educativo en la Presidencia Municipal, y precis\u00f3 que en su administraci\u00f3n se visitar\u00e1n las escuelas y se coadyuvar\u00e1 en su mantenimiento.<\/p>\n<\/div>\n","protected":false},"excerpt":{"rendered":"<p>Los Cabos, Baja California Sur. &#8211; Lupita Salda\u00f1a, candidata a la Presidencia Municipal de Los Cabos afirm\u00f3 que ya es<\/p>\n","protected":false},"author":1,"featured_media":0,"comment_status":"open","ping_status":"closed","sticky":false,"template":"","format":"standard","meta":{"colormag_page_container_layout":"default_layout","colormag_page_sidebar_layout":"default_layout","_jetpack_memberships_contains_paid_content":false,"footnotes":"","jetpack_publicize_message":"","jetpack_publicize_feature_enabled":true,"jetpack_social_post_already_shared":true,"jetpack_social_options":{"image_generator_settings":{"template":"highway","default_image_id":0,"font":"","enabled":false},"version":2}},"categories":[45],"tags":[],"class_list":["post-85318","post","type-post","status-publish","format-standard","hentry","category-elecciones-2024"],"yoast_head":"<!-- This site is optimized with the Yoast SEO plugin v27.5 - https:\/\/yoast.com\/product\/yoast-seo-wordpress\/ -->\n<title>Es tiempo de hacer justicia al magisterio cabe\u00f1o: Lupita Salda\u00f1a - NBCS Noticias<\/title>\n<meta name=\"robots\" content=\"index, follow, max-snippet:-1, max-image-preview:large, max-video-preview:-1\" \/>\n<link rel=\"canonical\" href=\"https:\/\/nbcs.mx\/?p=85318\" \/>\n<meta property=\"og:locale\" content=\"es_ES\" \/>\n<meta property=\"og:type\" content=\"article\" \/>\n<meta property=\"og:title\" content=\"Es tiempo de hacer justicia al magisterio cabe\u00f1o: Lupita Salda\u00f1a - NBCS Noticias\" \/>\n<meta property=\"og:description\" content=\"Los Cabos, Baja California Sur. &#8211; Lupita Salda\u00f1a, candidata a la Presidencia Municipal de Los Cabos afirm\u00f3 que ya es\" \/>\n<meta property=\"og:url\" content=\"https:\/\/nbcs.mx\/?p=85318\" \/>\n<meta property=\"og:site_name\" content=\"NBCS Noticias\" \/>\n<meta property=\"article:publisher\" content=\"https:\/\/www.facebook.com\/NBCSnoticias\" \/>\n<meta property=\"article:author\" content=\"https:\/\/www.facebook.com\/NBCSnoticias\" \/>\n<meta property=\"article:published_time\" content=\"2021-04-08T15:09:02+00:00\" \/>\n<meta property=\"og:image\" content=\"https:\/\/nbcs.mx\/wp-content\/uploads\/2021\/04\/MAGISTERIO-4-755x425.jpeg\" \/>\n<meta name=\"author\" content=\"NBCS Noticias\" \/>\n<meta name=\"twitter:card\" content=\"summary_large_image\" \/>\n<meta name=\"twitter:creator\" content=\"@https:\/\/twitter.com\/NBCSnoticias\" \/>\n<meta name=\"twitter:site\" content=\"@NBCSnoticias\" \/>\n<meta name=\"twitter:label1\" content=\"Escrito por\" \/>\n\t<meta name=\"twitter:data1\" content=\"NBCS Noticias\" \/>\n\t<meta name=\"twitter:label2\" content=\"Tiempo de lectura\" \/>\n\t<meta name=\"twitter:data2\" content=\"2 minutos\" \/>\n<script type=\"application\/ld+json\" class=\"yoast-schema-graph\">{\"@context\":\"https:\\\/\\\/schema.org\",\"@graph\":[{\"@type\":\"Article\",\"@id\":\"https:\\\/\\\/nbcs.mx\\\/?p=85318#article\",\"isPartOf\":{\"@id\":\"https:\\\/\\\/nbcs.mx\\\/?p=85318\"},\"author\":{\"name\":\"NBCS Noticias\",\"@id\":\"https:\\\/\\\/nbcs.mx\\\/#\\\/schema\\\/person\\\/ece58bab9a7c1e87a4d28ec9ecd79ff4\"},\"headline\":\"Es tiempo de hacer justicia al magisterio cabe\u00f1o: Lupita Salda\u00f1a\",\"datePublished\":\"2021-04-08T15:09:02+00:00\",\"mainEntityOfPage\":{\"@id\":\"https:\\\/\\\/nbcs.mx\\\/?p=85318\"},\"wordCount\":227,\"commentCount\":0,\"publisher\":{\"@id\":\"https:\\\/\\\/nbcs.mx\\\/#organization\"},\"image\":{\"@id\":\"https:\\\/\\\/nbcs.mx\\\/?p=85318#primaryimage\"},\"thumbnailUrl\":\"https:\\\/\\\/nbcs.mx\\\/wp-content\\\/uploads\\\/2021\\\/04\\\/MAGISTERIO-4-755x425.jpeg\",\"articleSection\":[\"Elecciones 2024\"],\"inLanguage\":\"es\",\"potentialAction\":[{\"@type\":\"CommentAction\",\"name\":\"Comment\",\"target\":[\"https:\\\/\\\/nbcs.mx\\\/?p=85318#respond\"]}]},{\"@type\":\"WebPage\",\"@id\":\"https:\\\/\\\/nbcs.mx\\\/?p=85318\",\"url\":\"https:\\\/\\\/nbcs.mx\\\/?p=85318\",\"name\":\"Es tiempo de hacer justicia al magisterio cabe\u00f1o: Lupita Salda\u00f1a - NBCS Noticias\",\"isPartOf\":{\"@id\":\"https:\\\/\\\/nbcs.mx\\\/#website\"},\"primaryImageOfPage\":{\"@id\":\"https:\\\/\\\/nbcs.mx\\\/?p=85318#primaryimage\"},\"image\":{\"@id\":\"https:\\\/\\\/nbcs.mx\\\/?p=85318#primaryimage\"},\"thumbnailUrl\":\"https:\\\/\\\/nbcs.mx\\\/wp-content\\\/uploads\\\/2021\\\/04\\\/MAGISTERIO-4-755x425.jpeg\",\"datePublished\":\"2021-04-08T15:09:02+00:00\",\"breadcrumb\":{\"@id\":\"https:\\\/\\\/nbcs.mx\\\/?p=85318#breadcrumb\"},\"inLanguage\":\"es\",\"potentialAction\":[{\"@type\":\"ReadAction\",\"target\":[\"https:\\\/\\\/nbcs.mx\\\/?p=85318\"]}]},{\"@type\":\"ImageObject\",\"inLanguage\":\"es\",\"@id\":\"https:\\\/\\\/nbcs.mx\\\/?p=85318#primaryimage\",\"url\":\"https:\\\/\\\/nbcs.mx\\\/wp-content\\\/uploads\\\/2021\\\/04\\\/MAGISTERIO-4-755x425.jpeg\",\"contentUrl\":\"https:\\\/\\\/nbcs.mx\\\/wp-content\\\/uploads\\\/2021\\\/04\\\/MAGISTERIO-4-755x425.jpeg\"},{\"@type\":\"BreadcrumbList\",\"@id\":\"https:\\\/\\\/nbcs.mx\\\/?p=85318#breadcrumb\",\"itemListElement\":[{\"@type\":\"ListItem\",\"position\":1,\"name\":\"Portada\",\"item\":\"https:\\\/\\\/nbcs.mx\\\/\"},{\"@type\":\"ListItem\",\"position\":2,\"name\":\"Es tiempo de hacer justicia al magisterio cabe\u00f1o: Lupita Salda\u00f1a\"}]},{\"@type\":\"WebSite\",\"@id\":\"https:\\\/\\\/nbcs.mx\\\/#website\",\"url\":\"https:\\\/\\\/nbcs.mx\\\/\",\"name\":\"NBCS Noticias\",\"description\":\"Sitio web de noticias en Baja California Sur\",\"publisher\":{\"@id\":\"https:\\\/\\\/nbcs.mx\\\/#organization\"},\"potentialAction\":[{\"@type\":\"SearchAction\",\"target\":{\"@type\":\"EntryPoint\",\"urlTemplate\":\"https:\\\/\\\/nbcs.mx\\\/?s={search_term_string}\"},\"query-input\":{\"@type\":\"PropertyValueSpecification\",\"valueRequired\":true,\"valueName\":\"search_term_string\"}}],\"inLanguage\":\"es\"},{\"@type\":\"Organization\",\"@id\":\"https:\\\/\\\/nbcs.mx\\\/#organization\",\"name\":\"NBCS Noticias\",\"url\":\"https:\\\/\\\/nbcs.mx\\\/\",\"logo\":{\"@type\":\"ImageObject\",\"inLanguage\":\"es\",\"@id\":\"https:\\\/\\\/nbcs.mx\\\/#\\\/schema\\\/logo\\\/image\\\/\",\"url\":\"https:\\\/\\\/nbcs.mx\\\/wp-content\\\/uploads\\\/2018\\\/09\\\/057b69485e93575a5c2b1c1dde2dd297.jpeg\",\"contentUrl\":\"https:\\\/\\\/nbcs.mx\\\/wp-content\\\/uploads\\\/2018\\\/09\\\/057b69485e93575a5c2b1c1dde2dd297.jpeg\",\"width\":64,\"height\":64,\"caption\":\"NBCS Noticias\"},\"image\":{\"@id\":\"https:\\\/\\\/nbcs.mx\\\/#\\\/schema\\\/logo\\\/image\\\/\"},\"sameAs\":[\"https:\\\/\\\/www.facebook.com\\\/NBCSnoticias\",\"https:\\\/\\\/x.com\\\/NBCSnoticias\"]},{\"@type\":\"Person\",\"@id\":\"https:\\\/\\\/nbcs.mx\\\/#\\\/schema\\\/person\\\/ece58bab9a7c1e87a4d28ec9ecd79ff4\",\"name\":\"NBCS Noticias\",\"image\":{\"@type\":\"ImageObject\",\"inLanguage\":\"es\",\"@id\":\"https:\\\/\\\/secure.gravatar.com\\\/avatar\\\/4e52110cad1c4054b43271a0d14bbe9e2ea76aecd0e1097edfc670798d9ca1d4?s=96&d=blank&r=g\",\"url\":\"https:\\\/\\\/secure.gravatar.com\\\/avatar\\\/4e52110cad1c4054b43271a0d14bbe9e2ea76aecd0e1097edfc670798d9ca1d4?s=96&d=blank&r=g\",\"contentUrl\":\"https:\\\/\\\/secure.gravatar.com\\\/avatar\\\/4e52110cad1c4054b43271a0d14bbe9e2ea76aecd0e1097edfc670798d9ca1d4?s=96&d=blank&r=g\",\"caption\":\"NBCS Noticias\"},\"description\":\"\u00bfTienes fotos o video de alg\u00fan acto de posible negligencia, corrupci\u00f3n y abuso de autoridad? M\u00e1ndalo al WhatsApp de NBCS Noticias: 612 141 98 08\",\"sameAs\":[\"https:\\\/\\\/www.nbcs.mx\",\"https:\\\/\\\/www.facebook.com\\\/NBCSnoticias\",\"https:\\\/\\\/www.instagram.com\\\/nbcsnoticias\\\/\",\"https:\\\/\\\/x.com\\\/https:\\\/\\\/twitter.com\\\/NBCSnoticias\"]}]}<\/script>\n<!-- \/ Yoast SEO plugin. -->","yoast_head_json":{"title":"Es tiempo de hacer justicia al magisterio cabe\u00f1o: Lupita Salda\u00f1a - NBCS Noticias","robots":{"index":"index","follow":"follow","max-snippet":"max-snippet:-1","max-image-preview":"max-image-preview:large","max-video-preview":"max-video-preview:-1"},"canonical":"https:\/\/nbcs.mx\/?p=85318","og_locale":"es_ES","og_type":"article","og_title":"Es tiempo de hacer justicia al magisterio cabe\u00f1o: Lupita Salda\u00f1a - NBCS Noticias","og_description":"Los Cabos, Baja California Sur. &#8211; Lupita Salda\u00f1a, candidata a la Presidencia Municipal de Los Cabos afirm\u00f3 que ya es","og_url":"https:\/\/nbcs.mx\/?p=85318","og_site_name":"NBCS Noticias","article_publisher":"https:\/\/www.facebook.com\/NBCSnoticias","article_author":"https:\/\/www.facebook.com\/NBCSnoticias","article_published_time":"2021-04-08T15:09:02+00:00","og_image":[{"url":"https:\/\/nbcs.mx\/wp-content\/uploads\/2021\/04\/MAGISTERIO-4-755x425.jpeg","type":"","width":"","height":""}],"author":"NBCS Noticias","twitter_card":"summary_large_image","twitter_creator":"@https:\/\/twitter.com\/NBCSnoticias","twitter_site":"@NBCSnoticias","twitter_misc":{"Escrito por":"NBCS Noticias","Tiempo de lectura":"2 minutos"},"schema":{"@context":"https:\/\/schema.org","@graph":[{"@type":"Article","@id":"https:\/\/nbcs.mx\/?p=85318#article","isPartOf":{"@id":"https:\/\/nbcs.mx\/?p=85318"},"author":{"name":"NBCS Noticias","@id":"https:\/\/nbcs.mx\/#\/schema\/person\/ece58bab9a7c1e87a4d28ec9ecd79ff4"},"headline":"Es tiempo de hacer justicia al magisterio cabe\u00f1o: Lupita Salda\u00f1a","datePublished":"2021-04-08T15:09:02+00:00","mainEntityOfPage":{"@id":"https:\/\/nbcs.mx\/?p=85318"},"wordCount":227,"commentCount":0,"publisher":{"@id":"https:\/\/nbcs.mx\/#organization"},"image":{"@id":"https:\/\/nbcs.mx\/?p=85318#primaryimage"},"thumbnailUrl":"https:\/\/nbcs.mx\/wp-content\/uploads\/2021\/04\/MAGISTERIO-4-755x425.jpeg","articleSection":["Elecciones 2024"],"inLanguage":"es","potentialAction":[{"@type":"CommentAction","name":"Comment","target":["https:\/\/nbcs.mx\/?p=85318#respond"]}]},{"@type":"WebPage","@id":"https:\/\/nbcs.mx\/?p=85318","url":"https:\/\/nbcs.mx\/?p=85318","name":"Es tiempo de hacer justicia al magisterio cabe\u00f1o: Lupita Salda\u00f1a - NBCS Noticias","isPartOf":{"@id":"https:\/\/nbcs.mx\/#website"},"primaryImageOfPage":{"@id":"https:\/\/nbcs.mx\/?p=85318#primaryimage"},"image":{"@id":"https:\/\/nbcs.mx\/?p=85318#primaryimage"},"thumbnailUrl":"https:\/\/nbcs.mx\/wp-content\/uploads\/2021\/04\/MAGISTERIO-4-755x425.jpeg","datePublished":"2021-04-08T15:09:02+00:00","breadcrumb":{"@id":"https:\/\/nbcs.mx\/?p=85318#breadcrumb"},"inLanguage":"es","potentialAction":[{"@type":"ReadAction","target":["https:\/\/nbcs.mx\/?p=85318"]}]},{"@type":"ImageObject","inLanguage":"es","@id":"https:\/\/nbcs.mx\/?p=85318#primaryimage","url":"https:\/\/nbcs.mx\/wp-content\/uploads\/2021\/04\/MAGISTERIO-4-755x425.jpeg","contentUrl":"https:\/\/nbcs.mx\/wp-content\/uploads\/2021\/04\/MAGISTERIO-4-755x425.jpeg"},{"@type":"BreadcrumbList","@id":"https:\/\/nbcs.mx\/?p=85318#breadcrumb","itemListElement":[{"@type":"ListItem","position":1,"name":"Portada","item":"https:\/\/nbcs.mx\/"},{"@type":"ListItem","position":2,"name":"Es tiempo de hacer justicia al magisterio cabe\u00f1o: Lupita Salda\u00f1a"}]},{"@type":"WebSite","@id":"https:\/\/nbcs.mx\/#website","url":"https:\/\/nbcs.mx\/","name":"NBCS Noticias","description":"Sitio web de noticias en Baja California Sur","publisher":{"@id":"https:\/\/nbcs.mx\/#organization"},"potentialAction":[{"@type":"SearchAction","target":{"@type":"EntryPoint","urlTemplate":"https:\/\/nbcs.mx\/?s={search_term_string}"},"query-input":{"@type":"PropertyValueSpecification","valueRequired":true,"valueName":"search_term_string"}}],"inLanguage":"es"},{"@type":"Organization","@id":"https:\/\/nbcs.mx\/#organization","name":"NBCS Noticias","url":"https:\/\/nbcs.mx\/","logo":{"@type":"ImageObject","inLanguage":"es","@id":"https:\/\/nbcs.mx\/#\/schema\/logo\/image\/","url":"https:\/\/nbcs.mx\/wp-content\/uploads\/2018\/09\/057b69485e93575a5c2b1c1dde2dd297.jpeg","contentUrl":"https:\/\/nbcs.mx\/wp-content\/uploads\/2018\/09\/057b69485e93575a5c2b1c1dde2dd297.jpeg","width":64,"height":64,"caption":"NBCS Noticias"},"image":{"@id":"https:\/\/nbcs.mx\/#\/schema\/logo\/image\/"},"sameAs":["https:\/\/www.facebook.com\/NBCSnoticias","https:\/\/x.com\/NBCSnoticias"]},{"@type":"Person","@id":"https:\/\/nbcs.mx\/#\/schema\/person\/ece58bab9a7c1e87a4d28ec9ecd79ff4","name":"NBCS Noticias","image":{"@type":"ImageObject","inLanguage":"es","@id":"https:\/\/secure.gravatar.com\/avatar\/4e52110cad1c4054b43271a0d14bbe9e2ea76aecd0e1097edfc670798d9ca1d4?s=96&d=blank&r=g","url":"https:\/\/secure.gravatar.com\/avatar\/4e52110cad1c4054b43271a0d14bbe9e2ea76aecd0e1097edfc670798d9ca1d4?s=96&d=blank&r=g","contentUrl":"https:\/\/secure.gravatar.com\/avatar\/4e52110cad1c4054b43271a0d14bbe9e2ea76aecd0e1097edfc670798d9ca1d4?s=96&d=blank&r=g","caption":"NBCS Noticias"},"description":"\u00bfTienes fotos o video de alg\u00fan acto de posible negligencia, corrupci\u00f3n y abuso de autoridad? M\u00e1ndalo al WhatsApp de NBCS Noticias: 612 141 98 08","sameAs":["https:\/\/www.nbcs.mx","https:\/\/www.facebook.com\/NBCSnoticias","https:\/\/www.instagram.com\/nbcsnoticias\/","https:\/\/x.com\/https:\/\/twitter.com\/NBCSnoticias"]}]}},"jetpack_publicize_connections":[],"jetpack_featured_media_url":"","jetpack_sharing_enabled":true,"_links":{"self":[{"href":"https:\/\/nbcs.mx\/index.php?rest_route=\/wp\/v2\/posts\/85318","targetHints":{"allow":["GET"]}}],"collection":[{"href":"https:\/\/nbcs.mx\/index.php?rest_route=\/wp\/v2\/posts"}],"about":[{"href":"https:\/\/nbcs.mx\/index.php?rest_route=\/wp\/v2\/types\/post"}],"author":[{"embeddable":true,"href":"https:\/\/nbcs.mx\/index.php?rest_route=\/wp\/v2\/users\/1"}],"replies":[{"embeddable":true,"href":"https:\/\/nbcs.mx\/index.php?rest_route=%2Fwp%2Fv2%2Fcomments&post=85318"}],"version-history":[{"count":1,"href":"https:\/\/nbcs.mx\/index.php?rest_route=\/wp\/v2\/posts\/85318\/revisions"}],"predecessor-version":[{"id":85320,"href":"https:\/\/nbcs.mx\/index.php?rest_route=\/wp\/v2\/posts\/85318\/revisions\/85320"}],"wp:attachment":[{"href":"https:\/\/nbcs.mx\/index.php?rest_route=%2Fwp%2Fv2%2Fmedia&parent=85318"}],"wp:term":[{"taxonomy":"category","embeddable":true,"href":"https:\/\/nbcs.mx\/index.php?rest_route=%2Fwp%2Fv2%2Fcategories&post=85318"},{"taxonomy":"post_tag","embeddable":true,"href":"https:\/\/nbcs.mx\/index.php?rest_route=%2Fwp%2Fv2%2Ftags&post=85318"}],"curies":[{"name":"wp","href":"https:\/\/api.w.org\/{rel}","templated":true}]}}