{"id":85321,"date":"2021-04-08T09:13:40","date_gmt":"2021-04-08T15:13:40","guid":{"rendered":"https:\/\/nbcs.mx\/?p=85321"},"modified":"2021-04-08T09:13:40","modified_gmt":"2021-04-08T15:13:40","slug":"haremos-valer-los-derechos-humanos-de-la-comunidad-indigena-adonai-carreon","status":"publish","type":"post","link":"https:\/\/nbcs.mx\/?p=85321","title":{"rendered":"Haremos valer los derechos humanos de la comunidad ind\u00edgena: Adonai Carre\u00f3n"},"content":{"rendered":"<p style=\"text-align: justify;\"><img loading=\"lazy\" decoding=\"async\" class=\" wp-image-85322 alignleft\" src=\"https:\/\/nbcs.mx\/wp-content\/uploads\/2021\/04\/PHOTO-2021-04-07-20-16-48-738x492.jpg\" alt=\"\" width=\"384\" height=\"256\" \/>Vizca\u00edno, Baja California Sur.- Adonai Carre\u00f3n, candidato a gobernador de Baja California Sur por el Partido Encuentro Solidario (PES), en compa\u00f1\u00eda de Gerardo Enr\u00edquez, candidato a la Alcald\u00eda de Muleg\u00e9 por el mismo partido, sostuvo un encuentro con la comunidad ind\u00edgena asentada en el Valle de Vizca\u00edno, a quienes dijo que se promover\u00e1n y har\u00e1n valer derechos humanos para todo aquel que habite en BCS.<\/p>\n<p style=\"text-align: justify;\">\n<p style=\"text-align: justify;\">Como una de sus propuestas de campa\u00f1a, el abanderado por el PES explic\u00f3 que se implementar\u00e1 un registro para la migraci\u00f3n ordenada y humanitaria para que quienes decidan asentarse en la entidad, puedan ser reconocidos y con ello detectar alguna categor\u00eda de vulnerabilidad que se pueda tratar.<\/p>\n<p style=\"text-align: justify;\">\n<p style=\"text-align: justify;\">En ese sentido, detall\u00f3: \u201cNuestro estado est\u00e1 entre los primeros lugares en cuanto a migraci\u00f3n de personas, siendo Los Cabos y Muleg\u00e9 los municipios m\u00e1s receptores, con esta medida, queremos un crecimiento ordenado, identificar las necesidades que traigan quienes llegan a hacer de esta tierra su hogar, para poder satisfacerlas, y garantizar sus derechos humanos y ciudadanos para que vivan bien\u201d, expres\u00f3.<\/p>\n<p style=\"text-align: justify;\">\n<p style=\"text-align: justify;\">Bajo esta premisa, Geraro Enr\u00edquez candidato a la Alcald\u00eda de Muleg\u00e9 se\u00f1al\u00f3 que hizo de Muleg\u00e9 su casa y con ese amor va a trabajar por el, siendo la comunidad ind\u00edgena uno de los motores que lo impulsa a generar un municipio de igualdad, en donde se hagan valer los derechos de todas y todos.<\/p>\n<p style=\"text-align: justify;\">\n<p style=\"text-align: justify;\">As\u00ed lo se\u00f1al\u00f3: \u201cEn Muleg\u00e9 es necesario acabar con la desigualdad, mejorar la calidad de vida par quienes vienen en busca de trabajo, que en su mayor\u00eda son de la comunidad ind\u00edgena; que tengan servicios b\u00e1sicos, acceso a la educaci\u00f3n y la salud. As\u00ed como apoyar a los empresarios para generar empleos, fortalecer a los sectores: agropecuario y pesquero, porque aqu\u00ed tambi\u00e9n vamos a vibrar alto\u201d.<\/p>\n","protected":false},"excerpt":{"rendered":"<p>Vizca\u00edno, Baja California Sur.- Adonai Carre\u00f3n, candidato a gobernador de Baja California Sur por el Partido Encuentro Solidario (PES), en<\/p>\n","protected":false},"author":1,"featured_media":0,"comment_status":"open","ping_status":"closed","sticky":false,"template":"","format":"standard","meta":{"colormag_page_container_layout":"default_layout","colormag_page_sidebar_layout":"default_layout","_jetpack_memberships_contains_paid_content":false,"footnotes":"","jetpack_publicize_message":"#Elecciones2021 #BCS Haremos valer los derechos humanos de la comunidad ind\u00edgena: @adonai_carreon","jetpack_publicize_feature_enabled":true,"jetpack_social_post_already_shared":true,"jetpack_social_options":{"image_generator_settings":{"template":"highway","default_image_id":0,"font":"","enabled":false},"version":2}},"categories":[45],"tags":[],"class_list":["post-85321","post","type-post","status-publish","format-standard","hentry","category-elecciones-2024"],"yoast_head":"<!-- This site is optimized with the Yoast SEO plugin v27.5 - https:\/\/yoast.com\/product\/yoast-seo-wordpress\/ -->\n<title>Haremos valer los derechos humanos de la comunidad ind\u00edgena: Adonai Carre\u00f3n - NBCS Noticias<\/title>\n<meta name=\"robots\" content=\"index, follow, max-snippet:-1, max-image-preview:large, max-video-preview:-1\" \/>\n<link rel=\"canonical\" href=\"https:\/\/nbcs.mx\/?p=85321\" \/>\n<meta property=\"og:locale\" content=\"es_ES\" \/>\n<meta property=\"og:type\" content=\"article\" \/>\n<meta property=\"og:title\" content=\"Haremos valer los derechos humanos de la comunidad ind\u00edgena: Adonai Carre\u00f3n - NBCS Noticias\" \/>\n<meta property=\"og:description\" content=\"Vizca\u00edno, Baja California Sur.- Adonai Carre\u00f3n, candidato a gobernador de Baja California Sur por el Partido Encuentro Solidario (PES), en\" \/>\n<meta property=\"og:url\" content=\"https:\/\/nbcs.mx\/?p=85321\" \/>\n<meta property=\"og:site_name\" content=\"NBCS Noticias\" \/>\n<meta property=\"article:publisher\" content=\"https:\/\/www.facebook.com\/NBCSnoticias\" \/>\n<meta property=\"article:author\" content=\"https:\/\/www.facebook.com\/NBCSnoticias\" \/>\n<meta property=\"article:published_time\" content=\"2021-04-08T15:13:40+00:00\" \/>\n<meta property=\"og:image\" content=\"https:\/\/nbcs.mx\/wp-content\/uploads\/2021\/04\/PHOTO-2021-04-07-20-16-48-738x492.jpg\" \/>\n<meta name=\"author\" content=\"NBCS Noticias\" \/>\n<meta name=\"twitter:card\" content=\"summary_large_image\" \/>\n<meta name=\"twitter:creator\" content=\"@https:\/\/twitter.com\/NBCSnoticias\" \/>\n<meta name=\"twitter:site\" content=\"@NBCSnoticias\" \/>\n<meta name=\"twitter:label1\" content=\"Escrito por\" \/>\n\t<meta name=\"twitter:data1\" content=\"NBCS Noticias\" \/>\n\t<meta name=\"twitter:label2\" content=\"Tiempo de lectura\" \/>\n\t<meta name=\"twitter:data2\" content=\"2 minutos\" \/>\n<script type=\"application\/ld+json\" class=\"yoast-schema-graph\">{\"@context\":\"https:\\\/\\\/schema.org\",\"@graph\":[{\"@type\":\"Article\",\"@id\":\"https:\\\/\\\/nbcs.mx\\\/?p=85321#article\",\"isPartOf\":{\"@id\":\"https:\\\/\\\/nbcs.mx\\\/?p=85321\"},\"author\":{\"name\":\"NBCS Noticias\",\"@id\":\"https:\\\/\\\/nbcs.mx\\\/#\\\/schema\\\/person\\\/ece58bab9a7c1e87a4d28ec9ecd79ff4\"},\"headline\":\"Haremos valer los derechos humanos de la comunidad ind\u00edgena: Adonai Carre\u00f3n\",\"datePublished\":\"2021-04-08T15:13:40+00:00\",\"mainEntityOfPage\":{\"@id\":\"https:\\\/\\\/nbcs.mx\\\/?p=85321\"},\"wordCount\":333,\"commentCount\":0,\"publisher\":{\"@id\":\"https:\\\/\\\/nbcs.mx\\\/#organization\"},\"image\":{\"@id\":\"https:\\\/\\\/nbcs.mx\\\/?p=85321#primaryimage\"},\"thumbnailUrl\":\"https:\\\/\\\/nbcs.mx\\\/wp-content\\\/uploads\\\/2021\\\/04\\\/PHOTO-2021-04-07-20-16-48-738x492.jpg\",\"articleSection\":[\"Elecciones 2024\"],\"inLanguage\":\"es\",\"potentialAction\":[{\"@type\":\"CommentAction\",\"name\":\"Comment\",\"target\":[\"https:\\\/\\\/nbcs.mx\\\/?p=85321#respond\"]}]},{\"@type\":\"WebPage\",\"@id\":\"https:\\\/\\\/nbcs.mx\\\/?p=85321\",\"url\":\"https:\\\/\\\/nbcs.mx\\\/?p=85321\",\"name\":\"Haremos valer los derechos humanos de la comunidad ind\u00edgena: Adonai Carre\u00f3n - NBCS Noticias\",\"isPartOf\":{\"@id\":\"https:\\\/\\\/nbcs.mx\\\/#website\"},\"primaryImageOfPage\":{\"@id\":\"https:\\\/\\\/nbcs.mx\\\/?p=85321#primaryimage\"},\"image\":{\"@id\":\"https:\\\/\\\/nbcs.mx\\\/?p=85321#primaryimage\"},\"thumbnailUrl\":\"https:\\\/\\\/nbcs.mx\\\/wp-content\\\/uploads\\\/2021\\\/04\\\/PHOTO-2021-04-07-20-16-48-738x492.jpg\",\"datePublished\":\"2021-04-08T15:13:40+00:00\",\"breadcrumb\":{\"@id\":\"https:\\\/\\\/nbcs.mx\\\/?p=85321#breadcrumb\"},\"inLanguage\":\"es\",\"potentialAction\":[{\"@type\":\"ReadAction\",\"target\":[\"https:\\\/\\\/nbcs.mx\\\/?p=85321\"]}]},{\"@type\":\"ImageObject\",\"inLanguage\":\"es\",\"@id\":\"https:\\\/\\\/nbcs.mx\\\/?p=85321#primaryimage\",\"url\":\"https:\\\/\\\/nbcs.mx\\\/wp-content\\\/uploads\\\/2021\\\/04\\\/PHOTO-2021-04-07-20-16-48-738x492.jpg\",\"contentUrl\":\"https:\\\/\\\/nbcs.mx\\\/wp-content\\\/uploads\\\/2021\\\/04\\\/PHOTO-2021-04-07-20-16-48-738x492.jpg\"},{\"@type\":\"BreadcrumbList\",\"@id\":\"https:\\\/\\\/nbcs.mx\\\/?p=85321#breadcrumb\",\"itemListElement\":[{\"@type\":\"ListItem\",\"position\":1,\"name\":\"Portada\",\"item\":\"https:\\\/\\\/nbcs.mx\\\/\"},{\"@type\":\"ListItem\",\"position\":2,\"name\":\"Haremos valer los derechos humanos de la comunidad ind\u00edgena: Adonai Carre\u00f3n\"}]},{\"@type\":\"WebSite\",\"@id\":\"https:\\\/\\\/nbcs.mx\\\/#website\",\"url\":\"https:\\\/\\\/nbcs.mx\\\/\",\"name\":\"NBCS Noticias\",\"description\":\"Sitio web de noticias en Baja California Sur\",\"publisher\":{\"@id\":\"https:\\\/\\\/nbcs.mx\\\/#organization\"},\"potentialAction\":[{\"@type\":\"SearchAction\",\"target\":{\"@type\":\"EntryPoint\",\"urlTemplate\":\"https:\\\/\\\/nbcs.mx\\\/?s={search_term_string}\"},\"query-input\":{\"@type\":\"PropertyValueSpecification\",\"valueRequired\":true,\"valueName\":\"search_term_string\"}}],\"inLanguage\":\"es\"},{\"@type\":\"Organization\",\"@id\":\"https:\\\/\\\/nbcs.mx\\\/#organization\",\"name\":\"NBCS Noticias\",\"url\":\"https:\\\/\\\/nbcs.mx\\\/\",\"logo\":{\"@type\":\"ImageObject\",\"inLanguage\":\"es\",\"@id\":\"https:\\\/\\\/nbcs.mx\\\/#\\\/schema\\\/logo\\\/image\\\/\",\"url\":\"https:\\\/\\\/nbcs.mx\\\/wp-content\\\/uploads\\\/2018\\\/09\\\/057b69485e93575a5c2b1c1dde2dd297.jpeg\",\"contentUrl\":\"https:\\\/\\\/nbcs.mx\\\/wp-content\\\/uploads\\\/2018\\\/09\\\/057b69485e93575a5c2b1c1dde2dd297.jpeg\",\"width\":64,\"height\":64,\"caption\":\"NBCS Noticias\"},\"image\":{\"@id\":\"https:\\\/\\\/nbcs.mx\\\/#\\\/schema\\\/logo\\\/image\\\/\"},\"sameAs\":[\"https:\\\/\\\/www.facebook.com\\\/NBCSnoticias\",\"https:\\\/\\\/x.com\\\/NBCSnoticias\"]},{\"@type\":\"Person\",\"@id\":\"https:\\\/\\\/nbcs.mx\\\/#\\\/schema\\\/person\\\/ece58bab9a7c1e87a4d28ec9ecd79ff4\",\"name\":\"NBCS Noticias\",\"image\":{\"@type\":\"ImageObject\",\"inLanguage\":\"es\",\"@id\":\"https:\\\/\\\/secure.gravatar.com\\\/avatar\\\/4e52110cad1c4054b43271a0d14bbe9e2ea76aecd0e1097edfc670798d9ca1d4?s=96&d=blank&r=g\",\"url\":\"https:\\\/\\\/secure.gravatar.com\\\/avatar\\\/4e52110cad1c4054b43271a0d14bbe9e2ea76aecd0e1097edfc670798d9ca1d4?s=96&d=blank&r=g\",\"contentUrl\":\"https:\\\/\\\/secure.gravatar.com\\\/avatar\\\/4e52110cad1c4054b43271a0d14bbe9e2ea76aecd0e1097edfc670798d9ca1d4?s=96&d=blank&r=g\",\"caption\":\"NBCS Noticias\"},\"description\":\"\u00bfTienes fotos o video de alg\u00fan acto de posible negligencia, corrupci\u00f3n y abuso de autoridad? M\u00e1ndalo al WhatsApp de NBCS Noticias: 612 141 98 08\",\"sameAs\":[\"https:\\\/\\\/www.nbcs.mx\",\"https:\\\/\\\/www.facebook.com\\\/NBCSnoticias\",\"https:\\\/\\\/www.instagram.com\\\/nbcsnoticias\\\/\",\"https:\\\/\\\/x.com\\\/https:\\\/\\\/twitter.com\\\/NBCSnoticias\"]}]}<\/script>\n<!-- \/ Yoast SEO plugin. -->","yoast_head_json":{"title":"Haremos valer los derechos humanos de la comunidad ind\u00edgena: Adonai Carre\u00f3n - NBCS Noticias","robots":{"index":"index","follow":"follow","max-snippet":"max-snippet:-1","max-image-preview":"max-image-preview:large","max-video-preview":"max-video-preview:-1"},"canonical":"https:\/\/nbcs.mx\/?p=85321","og_locale":"es_ES","og_type":"article","og_title":"Haremos valer los derechos humanos de la comunidad ind\u00edgena: Adonai Carre\u00f3n - NBCS Noticias","og_description":"Vizca\u00edno, Baja California Sur.- Adonai Carre\u00f3n, candidato a gobernador de Baja California Sur por el Partido Encuentro Solidario (PES), en","og_url":"https:\/\/nbcs.mx\/?p=85321","og_site_name":"NBCS Noticias","article_publisher":"https:\/\/www.facebook.com\/NBCSnoticias","article_author":"https:\/\/www.facebook.com\/NBCSnoticias","article_published_time":"2021-04-08T15:13:40+00:00","og_image":[{"url":"https:\/\/nbcs.mx\/wp-content\/uploads\/2021\/04\/PHOTO-2021-04-07-20-16-48-738x492.jpg","type":"","width":"","height":""}],"author":"NBCS Noticias","twitter_card":"summary_large_image","twitter_creator":"@https:\/\/twitter.com\/NBCSnoticias","twitter_site":"@NBCSnoticias","twitter_misc":{"Escrito por":"NBCS Noticias","Tiempo de lectura":"2 minutos"},"schema":{"@context":"https:\/\/schema.org","@graph":[{"@type":"Article","@id":"https:\/\/nbcs.mx\/?p=85321#article","isPartOf":{"@id":"https:\/\/nbcs.mx\/?p=85321"},"author":{"name":"NBCS Noticias","@id":"https:\/\/nbcs.mx\/#\/schema\/person\/ece58bab9a7c1e87a4d28ec9ecd79ff4"},"headline":"Haremos valer los derechos humanos de la comunidad ind\u00edgena: Adonai Carre\u00f3n","datePublished":"2021-04-08T15:13:40+00:00","mainEntityOfPage":{"@id":"https:\/\/nbcs.mx\/?p=85321"},"wordCount":333,"commentCount":0,"publisher":{"@id":"https:\/\/nbcs.mx\/#organization"},"image":{"@id":"https:\/\/nbcs.mx\/?p=85321#primaryimage"},"thumbnailUrl":"https:\/\/nbcs.mx\/wp-content\/uploads\/2021\/04\/PHOTO-2021-04-07-20-16-48-738x492.jpg","articleSection":["Elecciones 2024"],"inLanguage":"es","potentialAction":[{"@type":"CommentAction","name":"Comment","target":["https:\/\/nbcs.mx\/?p=85321#respond"]}]},{"@type":"WebPage","@id":"https:\/\/nbcs.mx\/?p=85321","url":"https:\/\/nbcs.mx\/?p=85321","name":"Haremos valer los derechos humanos de la comunidad ind\u00edgena: Adonai Carre\u00f3n - NBCS Noticias","isPartOf":{"@id":"https:\/\/nbcs.mx\/#website"},"primaryImageOfPage":{"@id":"https:\/\/nbcs.mx\/?p=85321#primaryimage"},"image":{"@id":"https:\/\/nbcs.mx\/?p=85321#primaryimage"},"thumbnailUrl":"https:\/\/nbcs.mx\/wp-content\/uploads\/2021\/04\/PHOTO-2021-04-07-20-16-48-738x492.jpg","datePublished":"2021-04-08T15:13:40+00:00","breadcrumb":{"@id":"https:\/\/nbcs.mx\/?p=85321#breadcrumb"},"inLanguage":"es","potentialAction":[{"@type":"ReadAction","target":["https:\/\/nbcs.mx\/?p=85321"]}]},{"@type":"ImageObject","inLanguage":"es","@id":"https:\/\/nbcs.mx\/?p=85321#primaryimage","url":"https:\/\/nbcs.mx\/wp-content\/uploads\/2021\/04\/PHOTO-2021-04-07-20-16-48-738x492.jpg","contentUrl":"https:\/\/nbcs.mx\/wp-content\/uploads\/2021\/04\/PHOTO-2021-04-07-20-16-48-738x492.jpg"},{"@type":"BreadcrumbList","@id":"https:\/\/nbcs.mx\/?p=85321#breadcrumb","itemListElement":[{"@type":"ListItem","position":1,"name":"Portada","item":"https:\/\/nbcs.mx\/"},{"@type":"ListItem","position":2,"name":"Haremos valer los derechos humanos de la comunidad ind\u00edgena: Adonai Carre\u00f3n"}]},{"@type":"WebSite","@id":"https:\/\/nbcs.mx\/#website","url":"https:\/\/nbcs.mx\/","name":"NBCS Noticias","description":"Sitio web de noticias en Baja California Sur","publisher":{"@id":"https:\/\/nbcs.mx\/#organization"},"potentialAction":[{"@type":"SearchAction","target":{"@type":"EntryPoint","urlTemplate":"https:\/\/nbcs.mx\/?s={search_term_string}"},"query-input":{"@type":"PropertyValueSpecification","valueRequired":true,"valueName":"search_term_string"}}],"inLanguage":"es"},{"@type":"Organization","@id":"https:\/\/nbcs.mx\/#organization","name":"NBCS Noticias","url":"https:\/\/nbcs.mx\/","logo":{"@type":"ImageObject","inLanguage":"es","@id":"https:\/\/nbcs.mx\/#\/schema\/logo\/image\/","url":"https:\/\/nbcs.mx\/wp-content\/uploads\/2018\/09\/057b69485e93575a5c2b1c1dde2dd297.jpeg","contentUrl":"https:\/\/nbcs.mx\/wp-content\/uploads\/2018\/09\/057b69485e93575a5c2b1c1dde2dd297.jpeg","width":64,"height":64,"caption":"NBCS Noticias"},"image":{"@id":"https:\/\/nbcs.mx\/#\/schema\/logo\/image\/"},"sameAs":["https:\/\/www.facebook.com\/NBCSnoticias","https:\/\/x.com\/NBCSnoticias"]},{"@type":"Person","@id":"https:\/\/nbcs.mx\/#\/schema\/person\/ece58bab9a7c1e87a4d28ec9ecd79ff4","name":"NBCS Noticias","image":{"@type":"ImageObject","inLanguage":"es","@id":"https:\/\/secure.gravatar.com\/avatar\/4e52110cad1c4054b43271a0d14bbe9e2ea76aecd0e1097edfc670798d9ca1d4?s=96&d=blank&r=g","url":"https:\/\/secure.gravatar.com\/avatar\/4e52110cad1c4054b43271a0d14bbe9e2ea76aecd0e1097edfc670798d9ca1d4?s=96&d=blank&r=g","contentUrl":"https:\/\/secure.gravatar.com\/avatar\/4e52110cad1c4054b43271a0d14bbe9e2ea76aecd0e1097edfc670798d9ca1d4?s=96&d=blank&r=g","caption":"NBCS Noticias"},"description":"\u00bfTienes fotos o video de alg\u00fan acto de posible negligencia, corrupci\u00f3n y abuso de autoridad? M\u00e1ndalo al WhatsApp de NBCS Noticias: 612 141 98 08","sameAs":["https:\/\/www.nbcs.mx","https:\/\/www.facebook.com\/NBCSnoticias","https:\/\/www.instagram.com\/nbcsnoticias\/","https:\/\/x.com\/https:\/\/twitter.com\/NBCSnoticias"]}]}},"jetpack_publicize_connections":[],"jetpack_featured_media_url":"","jetpack_sharing_enabled":true,"_links":{"self":[{"href":"https:\/\/nbcs.mx\/index.php?rest_route=\/wp\/v2\/posts\/85321","targetHints":{"allow":["GET"]}}],"collection":[{"href":"https:\/\/nbcs.mx\/index.php?rest_route=\/wp\/v2\/posts"}],"about":[{"href":"https:\/\/nbcs.mx\/index.php?rest_route=\/wp\/v2\/types\/post"}],"author":[{"embeddable":true,"href":"https:\/\/nbcs.mx\/index.php?rest_route=\/wp\/v2\/users\/1"}],"replies":[{"embeddable":true,"href":"https:\/\/nbcs.mx\/index.php?rest_route=%2Fwp%2Fv2%2Fcomments&post=85321"}],"version-history":[{"count":1,"href":"https:\/\/nbcs.mx\/index.php?rest_route=\/wp\/v2\/posts\/85321\/revisions"}],"predecessor-version":[{"id":85323,"href":"https:\/\/nbcs.mx\/index.php?rest_route=\/wp\/v2\/posts\/85321\/revisions\/85323"}],"wp:attachment":[{"href":"https:\/\/nbcs.mx\/index.php?rest_route=%2Fwp%2Fv2%2Fmedia&parent=85321"}],"wp:term":[{"taxonomy":"category","embeddable":true,"href":"https:\/\/nbcs.mx\/index.php?rest_route=%2Fwp%2Fv2%2Fcategories&post=85321"},{"taxonomy":"post_tag","embeddable":true,"href":"https:\/\/nbcs.mx\/index.php?rest_route=%2Fwp%2Fv2%2Ftags&post=85321"}],"curies":[{"name":"wp","href":"https:\/\/api.w.org\/{rel}","templated":true}]}}