{"id":86802,"date":"2021-04-30T08:44:52","date_gmt":"2021-04-30T14:44:52","guid":{"rendered":"https:\/\/nbcs.mx\/?p=86802"},"modified":"2021-04-30T08:44:52","modified_gmt":"2021-04-30T14:44:52","slug":"va-rigo-mares-por-una-movilidad-verde-y-proyectos-urbanos-amigables","status":"publish","type":"post","link":"https:\/\/nbcs.mx\/?p=86802","title":{"rendered":"Va Rigo Mares por una movilidad \u201cverde\u201d y proyectos urbanos amigables"},"content":{"rendered":"<p style=\"text-align: justify;\"><img loading=\"lazy\" decoding=\"async\" class=\" wp-image-86803 alignleft\" src=\"https:\/\/nbcs.mx\/wp-content\/uploads\/2021\/04\/BCSicletos-740x492.jpeg\" alt=\"\" width=\"385\" height=\"256\" \/>La Paz, Baja California Sur.- Bajo la premisa de la seguridad, conectividad y movilidad sana para BCS, Rigo Mares, candidato a diputado local, afirm\u00f3 ante colectivo, activistas e integrantes de la asociaci\u00f3n civil BCSicletos, que habr\u00e1 eco desde la pr\u00f3xima Legislatura en materia de desarrollo urbano sustentable.<\/p>\n<p style=\"text-align: justify;\">Ello, se ejecutar\u00e1 desde la esfera ciudadana para que los vecinos y sociedad civil, hagan uso de los mecanismos de participaci\u00f3n y sean ellos quienes aporten, construyan y aprueben los planes o programas de movilidad, con soporte t\u00e9cnico y especializado, dando las condiciones s\u00f3lidas en cada proyecto.<\/p>\n<p style=\"text-align: justify;\">El aspirante a una curul en el Congreso local por la coalici\u00f3n \u201cUnidos Contigo\u201d hacia el distrito 15, firm\u00f3 el convenio\u00a0<a href=\"https:\/\/www.facebook.com\/hashtag\/yoreduzco?__eep__=6&amp;__cft__%5B0%5D=AZVOlec2CERQ8u_Ejn2tXY-PhJaCJjDQlrj328TPLxO95rrRAxmIHcCbgSIIuQ_1BHsesvTRuEKW9uLf3SXKuBUK8wSuKjJ5yerJ42t0uFV5xnMF7PQsQSX2SM3YUFa7EHSNXoCqQx1BBOcfQgowodw9GaWLGw1Kopb8aOI1KDOi2w&amp;__tn__=*NK-R\" target=\"_blank\" rel=\"noopener\" data-saferedirecturl=\"https:\/\/www.google.com\/url?q=https:\/\/www.facebook.com\/hashtag\/yoreduzco?__eep__%3D6%26__cft__%255B0%255D%3DAZVOlec2CERQ8u_Ejn2tXY-PhJaCJjDQlrj328TPLxO95rrRAxmIHcCbgSIIuQ_1BHsesvTRuEKW9uLf3SXKuBUK8wSuKjJ5yerJ42t0uFV5xnMF7PQsQSX2SM3YUFa7EHSNXoCqQx1BBOcfQgowodw9GaWLGw1Kopb8aOI1KDOi2w%26__tn__%3D*NK-R&amp;source=gmail&amp;ust=1619880150852000&amp;usg=AFQjCNFIynyDG2xa11jVD7-srCPZkZokzQ\">#YoReduzco<\/a>\u00a0+\u00a0<a href=\"https:\/\/www.facebook.com\/hashtag\/yomemuevo?__eep__=6&amp;__cft__%5B0%5D=AZVOlec2CERQ8u_Ejn2tXY-PhJaCJjDQlrj328TPLxO95rrRAxmIHcCbgSIIuQ_1BHsesvTRuEKW9uLf3SXKuBUK8wSuKjJ5yerJ42t0uFV5xnMF7PQsQSX2SM3YUFa7EHSNXoCqQx1BBOcfQgowodw9GaWLGw1Kopb8aOI1KDOi2w&amp;__tn__=*NK-R\" target=\"_blank\" rel=\"noopener\" data-saferedirecturl=\"https:\/\/www.google.com\/url?q=https:\/\/www.facebook.com\/hashtag\/yomemuevo?__eep__%3D6%26__cft__%255B0%255D%3DAZVOlec2CERQ8u_Ejn2tXY-PhJaCJjDQlrj328TPLxO95rrRAxmIHcCbgSIIuQ_1BHsesvTRuEKW9uLf3SXKuBUK8wSuKjJ5yerJ42t0uFV5xnMF7PQsQSX2SM3YUFa7EHSNXoCqQx1BBOcfQgowodw9GaWLGw1Kopb8aOI1KDOi2w%26__tn__%3D*NK-R&amp;source=gmail&amp;ust=1619880150852000&amp;usg=AFQjCNH7B3TJP0M_SaYq9DjFsOKh9nQH2w\">#YoMeMuevo<\/a>\u00a0para la seguridad vial y la calidad del aire<\/p>\n<p style=\"text-align: justify;\">Se comprometi\u00f3 a una agenda de movilidad multimodal y sustentable, ampliando el espacio p\u00fablico para peatones, as\u00ed como el increment\u00f3 al n\u00famero de kil\u00f3metros de la red de ciclov\u00edas que hay actualmente, con objeto de mejorar la calidad, frecuencia, seguridad y conectividad del transporte p\u00fablico, garantizando tambi\u00e9n los derechos peatonales junto con \u00e1reas de automovilistas comunes.<\/p>\n<p style=\"text-align: justify;\">En la reuni\u00f3n, expuso, como antecedente que en los \u00faltimos 30 a\u00f1os se ha impulsado un modelo de desarrollo urbano que ha privilegiado la dispersi\u00f3n urbana, que implica un alto consumo de suelo.<\/p>\n<p style=\"text-align: justify;\">Mencion\u00f3 tambi\u00e9n que se han construido desarrollos de vivienda cerrados, alejados del peque\u00f1o comercio y cuyo modo de acceso se centra en el uso del autom\u00f3vil, lo que debe cambiar o en su caso, revertir para m\u00e1s acceso al peat\u00f3n o m\u00e9todos sustentables de transporte colectivo.<\/p>\n<p style=\"text-align: justify;\">\u201cSi queremos abonar a la mitigaci\u00f3n del cambio clim\u00e1tico, debemos empezar porque nuestra ciudad cuente con un modelo de desarrollo urbano sustentable, en el cual se privilegie una ciudad compacta, polic\u00e9ntrica, con mezcla de usos de suelo, movilidad que privilegie las cero emisiones, es decir, caminar y andar en bicicleta, para que el autom\u00f3vil deje de tener preponderancia.<\/p>\n","protected":false},"excerpt":{"rendered":"<p>La Paz, Baja California Sur.- Bajo la premisa de la seguridad, conectividad y movilidad sana para BCS, Rigo Mares, candidato<\/p>\n","protected":false},"author":1,"featured_media":0,"comment_status":"open","ping_status":"closed","sticky":false,"template":"","format":"standard","meta":{"colormag_page_container_layout":"default_layout","colormag_page_sidebar_layout":"default_layout","_jetpack_memberships_contains_paid_content":false,"footnotes":"","jetpack_publicize_message":"#Elecciones2021 Va @RigoMares por una movilidad \u201cverde\u201d y proyectos urbanos amigables","jetpack_publicize_feature_enabled":true,"jetpack_social_post_already_shared":true,"jetpack_social_options":{"image_generator_settings":{"template":"highway","default_image_id":0,"font":"","enabled":false},"version":2}},"categories":[45],"tags":[],"class_list":["post-86802","post","type-post","status-publish","format-standard","hentry","category-elecciones-2024"],"yoast_head":"<!-- This site is optimized with the Yoast SEO plugin v27.5 - https:\/\/yoast.com\/product\/yoast-seo-wordpress\/ -->\n<title>Va Rigo Mares por una movilidad \u201cverde\u201d y proyectos urbanos amigables - NBCS Noticias<\/title>\n<meta name=\"robots\" content=\"index, follow, max-snippet:-1, max-image-preview:large, max-video-preview:-1\" \/>\n<link rel=\"canonical\" href=\"https:\/\/nbcs.mx\/?p=86802\" \/>\n<meta property=\"og:locale\" content=\"es_ES\" \/>\n<meta property=\"og:type\" content=\"article\" \/>\n<meta property=\"og:title\" content=\"Va Rigo Mares por una movilidad \u201cverde\u201d y proyectos urbanos amigables - NBCS Noticias\" \/>\n<meta property=\"og:description\" content=\"La Paz, Baja California Sur.- Bajo la premisa de la seguridad, conectividad y movilidad sana para BCS, Rigo Mares, candidato\" \/>\n<meta property=\"og:url\" content=\"https:\/\/nbcs.mx\/?p=86802\" \/>\n<meta property=\"og:site_name\" content=\"NBCS Noticias\" \/>\n<meta property=\"article:publisher\" content=\"https:\/\/www.facebook.com\/NBCSnoticias\" \/>\n<meta property=\"article:author\" content=\"https:\/\/www.facebook.com\/NBCSnoticias\" \/>\n<meta property=\"article:published_time\" content=\"2021-04-30T14:44:52+00:00\" \/>\n<meta property=\"og:image\" content=\"https:\/\/nbcs.mx\/wp-content\/uploads\/2021\/04\/BCSicletos-740x492.jpeg\" \/>\n<meta name=\"author\" content=\"NBCS Noticias\" \/>\n<meta name=\"twitter:card\" content=\"summary_large_image\" \/>\n<meta name=\"twitter:creator\" content=\"@https:\/\/twitter.com\/NBCSnoticias\" \/>\n<meta name=\"twitter:site\" content=\"@NBCSnoticias\" \/>\n<meta name=\"twitter:label1\" content=\"Escrito por\" \/>\n\t<meta name=\"twitter:data1\" content=\"NBCS Noticias\" \/>\n\t<meta name=\"twitter:label2\" content=\"Tiempo de lectura\" \/>\n\t<meta name=\"twitter:data2\" content=\"2 minutos\" \/>\n<script type=\"application\/ld+json\" class=\"yoast-schema-graph\">{\"@context\":\"https:\\\/\\\/schema.org\",\"@graph\":[{\"@type\":\"Article\",\"@id\":\"https:\\\/\\\/nbcs.mx\\\/?p=86802#article\",\"isPartOf\":{\"@id\":\"https:\\\/\\\/nbcs.mx\\\/?p=86802\"},\"author\":{\"name\":\"NBCS Noticias\",\"@id\":\"https:\\\/\\\/nbcs.mx\\\/#\\\/schema\\\/person\\\/ece58bab9a7c1e87a4d28ec9ecd79ff4\"},\"headline\":\"Va Rigo Mares por una movilidad \u201cverde\u201d y proyectos urbanos amigables\",\"datePublished\":\"2021-04-30T14:44:52+00:00\",\"mainEntityOfPage\":{\"@id\":\"https:\\\/\\\/nbcs.mx\\\/?p=86802\"},\"wordCount\":354,\"commentCount\":0,\"publisher\":{\"@id\":\"https:\\\/\\\/nbcs.mx\\\/#organization\"},\"image\":{\"@id\":\"https:\\\/\\\/nbcs.mx\\\/?p=86802#primaryimage\"},\"thumbnailUrl\":\"https:\\\/\\\/nbcs.mx\\\/wp-content\\\/uploads\\\/2021\\\/04\\\/BCSicletos-740x492.jpeg\",\"articleSection\":[\"Elecciones 2024\"],\"inLanguage\":\"es\",\"potentialAction\":[{\"@type\":\"CommentAction\",\"name\":\"Comment\",\"target\":[\"https:\\\/\\\/nbcs.mx\\\/?p=86802#respond\"]}]},{\"@type\":\"WebPage\",\"@id\":\"https:\\\/\\\/nbcs.mx\\\/?p=86802\",\"url\":\"https:\\\/\\\/nbcs.mx\\\/?p=86802\",\"name\":\"Va Rigo Mares por una movilidad \u201cverde\u201d y proyectos urbanos amigables - NBCS Noticias\",\"isPartOf\":{\"@id\":\"https:\\\/\\\/nbcs.mx\\\/#website\"},\"primaryImageOfPage\":{\"@id\":\"https:\\\/\\\/nbcs.mx\\\/?p=86802#primaryimage\"},\"image\":{\"@id\":\"https:\\\/\\\/nbcs.mx\\\/?p=86802#primaryimage\"},\"thumbnailUrl\":\"https:\\\/\\\/nbcs.mx\\\/wp-content\\\/uploads\\\/2021\\\/04\\\/BCSicletos-740x492.jpeg\",\"datePublished\":\"2021-04-30T14:44:52+00:00\",\"breadcrumb\":{\"@id\":\"https:\\\/\\\/nbcs.mx\\\/?p=86802#breadcrumb\"},\"inLanguage\":\"es\",\"potentialAction\":[{\"@type\":\"ReadAction\",\"target\":[\"https:\\\/\\\/nbcs.mx\\\/?p=86802\"]}]},{\"@type\":\"ImageObject\",\"inLanguage\":\"es\",\"@id\":\"https:\\\/\\\/nbcs.mx\\\/?p=86802#primaryimage\",\"url\":\"https:\\\/\\\/nbcs.mx\\\/wp-content\\\/uploads\\\/2021\\\/04\\\/BCSicletos-740x492.jpeg\",\"contentUrl\":\"https:\\\/\\\/nbcs.mx\\\/wp-content\\\/uploads\\\/2021\\\/04\\\/BCSicletos-740x492.jpeg\"},{\"@type\":\"BreadcrumbList\",\"@id\":\"https:\\\/\\\/nbcs.mx\\\/?p=86802#breadcrumb\",\"itemListElement\":[{\"@type\":\"ListItem\",\"position\":1,\"name\":\"Portada\",\"item\":\"https:\\\/\\\/nbcs.mx\\\/\"},{\"@type\":\"ListItem\",\"position\":2,\"name\":\"Va Rigo Mares por una movilidad \u201cverde\u201d y proyectos urbanos amigables\"}]},{\"@type\":\"WebSite\",\"@id\":\"https:\\\/\\\/nbcs.mx\\\/#website\",\"url\":\"https:\\\/\\\/nbcs.mx\\\/\",\"name\":\"NBCS Noticias\",\"description\":\"Sitio web de noticias en Baja California Sur\",\"publisher\":{\"@id\":\"https:\\\/\\\/nbcs.mx\\\/#organization\"},\"potentialAction\":[{\"@type\":\"SearchAction\",\"target\":{\"@type\":\"EntryPoint\",\"urlTemplate\":\"https:\\\/\\\/nbcs.mx\\\/?s={search_term_string}\"},\"query-input\":{\"@type\":\"PropertyValueSpecification\",\"valueRequired\":true,\"valueName\":\"search_term_string\"}}],\"inLanguage\":\"es\"},{\"@type\":\"Organization\",\"@id\":\"https:\\\/\\\/nbcs.mx\\\/#organization\",\"name\":\"NBCS Noticias\",\"url\":\"https:\\\/\\\/nbcs.mx\\\/\",\"logo\":{\"@type\":\"ImageObject\",\"inLanguage\":\"es\",\"@id\":\"https:\\\/\\\/nbcs.mx\\\/#\\\/schema\\\/logo\\\/image\\\/\",\"url\":\"https:\\\/\\\/nbcs.mx\\\/wp-content\\\/uploads\\\/2018\\\/09\\\/057b69485e93575a5c2b1c1dde2dd297.jpeg\",\"contentUrl\":\"https:\\\/\\\/nbcs.mx\\\/wp-content\\\/uploads\\\/2018\\\/09\\\/057b69485e93575a5c2b1c1dde2dd297.jpeg\",\"width\":64,\"height\":64,\"caption\":\"NBCS Noticias\"},\"image\":{\"@id\":\"https:\\\/\\\/nbcs.mx\\\/#\\\/schema\\\/logo\\\/image\\\/\"},\"sameAs\":[\"https:\\\/\\\/www.facebook.com\\\/NBCSnoticias\",\"https:\\\/\\\/x.com\\\/NBCSnoticias\"]},{\"@type\":\"Person\",\"@id\":\"https:\\\/\\\/nbcs.mx\\\/#\\\/schema\\\/person\\\/ece58bab9a7c1e87a4d28ec9ecd79ff4\",\"name\":\"NBCS Noticias\",\"image\":{\"@type\":\"ImageObject\",\"inLanguage\":\"es\",\"@id\":\"https:\\\/\\\/secure.gravatar.com\\\/avatar\\\/4e52110cad1c4054b43271a0d14bbe9e2ea76aecd0e1097edfc670798d9ca1d4?s=96&d=blank&r=g\",\"url\":\"https:\\\/\\\/secure.gravatar.com\\\/avatar\\\/4e52110cad1c4054b43271a0d14bbe9e2ea76aecd0e1097edfc670798d9ca1d4?s=96&d=blank&r=g\",\"contentUrl\":\"https:\\\/\\\/secure.gravatar.com\\\/avatar\\\/4e52110cad1c4054b43271a0d14bbe9e2ea76aecd0e1097edfc670798d9ca1d4?s=96&d=blank&r=g\",\"caption\":\"NBCS Noticias\"},\"description\":\"\u00bfTienes fotos o video de alg\u00fan acto de posible negligencia, corrupci\u00f3n y abuso de autoridad? M\u00e1ndalo al WhatsApp de NBCS Noticias: 612 141 98 08\",\"sameAs\":[\"https:\\\/\\\/www.nbcs.mx\",\"https:\\\/\\\/www.facebook.com\\\/NBCSnoticias\",\"https:\\\/\\\/www.instagram.com\\\/nbcsnoticias\\\/\",\"https:\\\/\\\/x.com\\\/https:\\\/\\\/twitter.com\\\/NBCSnoticias\"]}]}<\/script>\n<!-- \/ Yoast SEO plugin. -->","yoast_head_json":{"title":"Va Rigo Mares por una movilidad \u201cverde\u201d y proyectos urbanos amigables - NBCS Noticias","robots":{"index":"index","follow":"follow","max-snippet":"max-snippet:-1","max-image-preview":"max-image-preview:large","max-video-preview":"max-video-preview:-1"},"canonical":"https:\/\/nbcs.mx\/?p=86802","og_locale":"es_ES","og_type":"article","og_title":"Va Rigo Mares por una movilidad \u201cverde\u201d y proyectos urbanos amigables - NBCS Noticias","og_description":"La Paz, Baja California Sur.- Bajo la premisa de la seguridad, conectividad y movilidad sana para BCS, Rigo Mares, candidato","og_url":"https:\/\/nbcs.mx\/?p=86802","og_site_name":"NBCS Noticias","article_publisher":"https:\/\/www.facebook.com\/NBCSnoticias","article_author":"https:\/\/www.facebook.com\/NBCSnoticias","article_published_time":"2021-04-30T14:44:52+00:00","og_image":[{"url":"https:\/\/nbcs.mx\/wp-content\/uploads\/2021\/04\/BCSicletos-740x492.jpeg","type":"","width":"","height":""}],"author":"NBCS Noticias","twitter_card":"summary_large_image","twitter_creator":"@https:\/\/twitter.com\/NBCSnoticias","twitter_site":"@NBCSnoticias","twitter_misc":{"Escrito por":"NBCS Noticias","Tiempo de lectura":"2 minutos"},"schema":{"@context":"https:\/\/schema.org","@graph":[{"@type":"Article","@id":"https:\/\/nbcs.mx\/?p=86802#article","isPartOf":{"@id":"https:\/\/nbcs.mx\/?p=86802"},"author":{"name":"NBCS Noticias","@id":"https:\/\/nbcs.mx\/#\/schema\/person\/ece58bab9a7c1e87a4d28ec9ecd79ff4"},"headline":"Va Rigo Mares por una movilidad \u201cverde\u201d y proyectos urbanos amigables","datePublished":"2021-04-30T14:44:52+00:00","mainEntityOfPage":{"@id":"https:\/\/nbcs.mx\/?p=86802"},"wordCount":354,"commentCount":0,"publisher":{"@id":"https:\/\/nbcs.mx\/#organization"},"image":{"@id":"https:\/\/nbcs.mx\/?p=86802#primaryimage"},"thumbnailUrl":"https:\/\/nbcs.mx\/wp-content\/uploads\/2021\/04\/BCSicletos-740x492.jpeg","articleSection":["Elecciones 2024"],"inLanguage":"es","potentialAction":[{"@type":"CommentAction","name":"Comment","target":["https:\/\/nbcs.mx\/?p=86802#respond"]}]},{"@type":"WebPage","@id":"https:\/\/nbcs.mx\/?p=86802","url":"https:\/\/nbcs.mx\/?p=86802","name":"Va Rigo Mares por una movilidad \u201cverde\u201d y proyectos urbanos amigables - NBCS Noticias","isPartOf":{"@id":"https:\/\/nbcs.mx\/#website"},"primaryImageOfPage":{"@id":"https:\/\/nbcs.mx\/?p=86802#primaryimage"},"image":{"@id":"https:\/\/nbcs.mx\/?p=86802#primaryimage"},"thumbnailUrl":"https:\/\/nbcs.mx\/wp-content\/uploads\/2021\/04\/BCSicletos-740x492.jpeg","datePublished":"2021-04-30T14:44:52+00:00","breadcrumb":{"@id":"https:\/\/nbcs.mx\/?p=86802#breadcrumb"},"inLanguage":"es","potentialAction":[{"@type":"ReadAction","target":["https:\/\/nbcs.mx\/?p=86802"]}]},{"@type":"ImageObject","inLanguage":"es","@id":"https:\/\/nbcs.mx\/?p=86802#primaryimage","url":"https:\/\/nbcs.mx\/wp-content\/uploads\/2021\/04\/BCSicletos-740x492.jpeg","contentUrl":"https:\/\/nbcs.mx\/wp-content\/uploads\/2021\/04\/BCSicletos-740x492.jpeg"},{"@type":"BreadcrumbList","@id":"https:\/\/nbcs.mx\/?p=86802#breadcrumb","itemListElement":[{"@type":"ListItem","position":1,"name":"Portada","item":"https:\/\/nbcs.mx\/"},{"@type":"ListItem","position":2,"name":"Va Rigo Mares por una movilidad \u201cverde\u201d y proyectos urbanos amigables"}]},{"@type":"WebSite","@id":"https:\/\/nbcs.mx\/#website","url":"https:\/\/nbcs.mx\/","name":"NBCS Noticias","description":"Sitio web de noticias en Baja California Sur","publisher":{"@id":"https:\/\/nbcs.mx\/#organization"},"potentialAction":[{"@type":"SearchAction","target":{"@type":"EntryPoint","urlTemplate":"https:\/\/nbcs.mx\/?s={search_term_string}"},"query-input":{"@type":"PropertyValueSpecification","valueRequired":true,"valueName":"search_term_string"}}],"inLanguage":"es"},{"@type":"Organization","@id":"https:\/\/nbcs.mx\/#organization","name":"NBCS Noticias","url":"https:\/\/nbcs.mx\/","logo":{"@type":"ImageObject","inLanguage":"es","@id":"https:\/\/nbcs.mx\/#\/schema\/logo\/image\/","url":"https:\/\/nbcs.mx\/wp-content\/uploads\/2018\/09\/057b69485e93575a5c2b1c1dde2dd297.jpeg","contentUrl":"https:\/\/nbcs.mx\/wp-content\/uploads\/2018\/09\/057b69485e93575a5c2b1c1dde2dd297.jpeg","width":64,"height":64,"caption":"NBCS Noticias"},"image":{"@id":"https:\/\/nbcs.mx\/#\/schema\/logo\/image\/"},"sameAs":["https:\/\/www.facebook.com\/NBCSnoticias","https:\/\/x.com\/NBCSnoticias"]},{"@type":"Person","@id":"https:\/\/nbcs.mx\/#\/schema\/person\/ece58bab9a7c1e87a4d28ec9ecd79ff4","name":"NBCS Noticias","image":{"@type":"ImageObject","inLanguage":"es","@id":"https:\/\/secure.gravatar.com\/avatar\/4e52110cad1c4054b43271a0d14bbe9e2ea76aecd0e1097edfc670798d9ca1d4?s=96&d=blank&r=g","url":"https:\/\/secure.gravatar.com\/avatar\/4e52110cad1c4054b43271a0d14bbe9e2ea76aecd0e1097edfc670798d9ca1d4?s=96&d=blank&r=g","contentUrl":"https:\/\/secure.gravatar.com\/avatar\/4e52110cad1c4054b43271a0d14bbe9e2ea76aecd0e1097edfc670798d9ca1d4?s=96&d=blank&r=g","caption":"NBCS Noticias"},"description":"\u00bfTienes fotos o video de alg\u00fan acto de posible negligencia, corrupci\u00f3n y abuso de autoridad? M\u00e1ndalo al WhatsApp de NBCS Noticias: 612 141 98 08","sameAs":["https:\/\/www.nbcs.mx","https:\/\/www.facebook.com\/NBCSnoticias","https:\/\/www.instagram.com\/nbcsnoticias\/","https:\/\/x.com\/https:\/\/twitter.com\/NBCSnoticias"]}]}},"jetpack_publicize_connections":[],"jetpack_featured_media_url":"","jetpack_sharing_enabled":true,"_links":{"self":[{"href":"https:\/\/nbcs.mx\/index.php?rest_route=\/wp\/v2\/posts\/86802","targetHints":{"allow":["GET"]}}],"collection":[{"href":"https:\/\/nbcs.mx\/index.php?rest_route=\/wp\/v2\/posts"}],"about":[{"href":"https:\/\/nbcs.mx\/index.php?rest_route=\/wp\/v2\/types\/post"}],"author":[{"embeddable":true,"href":"https:\/\/nbcs.mx\/index.php?rest_route=\/wp\/v2\/users\/1"}],"replies":[{"embeddable":true,"href":"https:\/\/nbcs.mx\/index.php?rest_route=%2Fwp%2Fv2%2Fcomments&post=86802"}],"version-history":[{"count":1,"href":"https:\/\/nbcs.mx\/index.php?rest_route=\/wp\/v2\/posts\/86802\/revisions"}],"predecessor-version":[{"id":86804,"href":"https:\/\/nbcs.mx\/index.php?rest_route=\/wp\/v2\/posts\/86802\/revisions\/86804"}],"wp:attachment":[{"href":"https:\/\/nbcs.mx\/index.php?rest_route=%2Fwp%2Fv2%2Fmedia&parent=86802"}],"wp:term":[{"taxonomy":"category","embeddable":true,"href":"https:\/\/nbcs.mx\/index.php?rest_route=%2Fwp%2Fv2%2Fcategories&post=86802"},{"taxonomy":"post_tag","embeddable":true,"href":"https:\/\/nbcs.mx\/index.php?rest_route=%2Fwp%2Fv2%2Ftags&post=86802"}],"curies":[{"name":"wp","href":"https:\/\/api.w.org\/{rel}","templated":true}]}}