{"id":87461,"date":"2021-05-10T18:36:29","date_gmt":"2021-05-11T00:36:29","guid":{"rendered":"https:\/\/nbcs.mx\/?p=87461"},"modified":"2021-05-10T18:36:29","modified_gmt":"2021-05-11T00:36:29","slug":"llevan-campana-de-vacunacion-contra-rubeola-y-sarampion-a-zonas-rurales","status":"publish","type":"post","link":"https:\/\/nbcs.mx\/?p=87461","title":{"rendered":"Llevan campa\u00f1a de vacunaci\u00f3n contra rub\u00e9ola y sarampi\u00f3n a zonas rurales"},"content":{"rendered":"<p style=\"text-align: justify;\"><img loading=\"lazy\" decoding=\"async\" class=\" wp-image-87462 alignleft\" src=\"https:\/\/nbcs.mx\/wp-content\/uploads\/2021\/05\/campana-vacunacion-sarampion-rubeola.jpeg\" alt=\"\" width=\"375\" height=\"249\" srcset=\"https:\/\/nbcs.mx\/wp-content\/uploads\/2021\/05\/campana-vacunacion-sarampion-rubeola.jpeg 715w, https:\/\/nbcs.mx\/wp-content\/uploads\/2021\/05\/campana-vacunacion-sarampion-rubeola-150x100.jpeg 150w\" sizes=\"auto, (max-width: 375px) 100vw, 375px\" \/>La Paz, Baja California Sur.- A trav\u00e9s de su Programa de Fortalecimiento a la Atenci\u00f3n M\u00e9dica, la Secretar\u00eda de Salud de Baja California Sur acerca la vacunaci\u00f3n contra rub\u00e9ola y sarampi\u00f3n a ni\u00f1as y ni\u00f1os de uno a cuatro a\u00f1os de edad de comunidades rurales de los cinco municipios, a fin de que est\u00e9n debidamente protegidos contra estas enfermedades que pueden generar severas complicaciones.<\/p>\n<p style=\"text-align: justify;\">\n<p style=\"text-align: justify;\">Esta labor se lleva a cabo mediante veh\u00edculos utilitarios, tambi\u00e9n conocidos como caravanas de la salud, en los que profesionales de medicina, enfermer\u00eda y odontolog\u00eda se trasladan a comunidades distantes y de dif\u00edcil acceso para dar atenciones a las y los habitantes, con un enfoque prioritario de prevenci\u00f3n, como es el suministro de vacunas del cuadro b\u00e1sico, dijo el secretario del ramo, V\u00edctor George Flores.<\/p>\n<p style=\"text-align: justify;\">\n<p style=\"text-align: justify;\">Las nueve unidades m\u00f3viles con que labora este programa visitan 85 localidades, pero sus servicios tienen un impacto favorable en m\u00e1s de 580 comunidades, ya que las vecinas y vecinos de las rancher\u00edas aleda\u00f1as acuden a los puntos de consulta para evitar los gastos de traslado hasta las cabeceras municipales, abund\u00f3.<\/p>\n<p style=\"text-align: justify;\">\n<p style=\"text-align: justify;\">Durante los recorridos que estas caravanas efectuaron en el mes de abril comenz\u00f3 a suministrarse las dosis de tipo SR, tambi\u00e9n conocidas como doble viral, a los peque\u00f1os de entre uno y cuatro a\u00f1os, para que refuercen la respuesta de su sistema inmunol\u00f3gico contra los virus que causan estos padecimientos, a\u00f1adi\u00f3.<\/p>\n<p style=\"text-align: justify;\">\n<p style=\"text-align: justify;\">Esta labor, que contin\u00faa durante este mes de mayo para lograr la mayor cobertura posible en la poblaci\u00f3n infantil, forma parte de los esfuerzos que se realizan para dar servicios b\u00e1sicos de salud a las familias que se encuentran en las zonas m\u00e1s apartadas de la geograf\u00eda estatal, dijo finalmente.<\/p>\n<p style=\"text-align: justify;\">\n<p style=\"text-align: justify;\">\n<p style=\"text-align: justify;\">\n<p style=\"text-align: justify;\">\n","protected":false},"excerpt":{"rendered":"<p>La Paz, Baja California Sur.- A trav\u00e9s de su Programa de Fortalecimiento a la Atenci\u00f3n M\u00e9dica, la Secretar\u00eda de Salud<\/p>\n","protected":false},"author":1,"featured_media":87462,"comment_status":"open","ping_status":"closed","sticky":false,"template":"","format":"standard","meta":{"colormag_page_container_layout":"default_layout","colormag_page_sidebar_layout":"default_layout","_jetpack_memberships_contains_paid_content":false,"footnotes":"","jetpack_publicize_message":"","jetpack_publicize_feature_enabled":true,"jetpack_social_post_already_shared":true,"jetpack_social_options":{"image_generator_settings":{"template":"highway","default_image_id":0,"font":"","enabled":false},"version":2}},"categories":[1],"tags":[],"class_list":["post-87461","post","type-post","status-publish","format-standard","has-post-thumbnail","hentry","category-noticias"],"yoast_head":"<!-- This site is optimized with the Yoast SEO plugin v27.4 - https:\/\/yoast.com\/product\/yoast-seo-wordpress\/ -->\n<title>Llevan campa\u00f1a de vacunaci\u00f3n contra rub\u00e9ola y sarampi\u00f3n a zonas rurales - NBCS Noticias<\/title>\n<meta name=\"robots\" content=\"index, follow, max-snippet:-1, max-image-preview:large, max-video-preview:-1\" \/>\n<link rel=\"canonical\" href=\"https:\/\/nbcs.mx\/?p=87461\" \/>\n<meta property=\"og:locale\" content=\"es_ES\" \/>\n<meta property=\"og:type\" content=\"article\" \/>\n<meta property=\"og:title\" content=\"Llevan campa\u00f1a de vacunaci\u00f3n contra rub\u00e9ola y sarampi\u00f3n a zonas rurales - NBCS Noticias\" \/>\n<meta property=\"og:description\" content=\"La Paz, Baja California Sur.- A trav\u00e9s de su Programa de Fortalecimiento a la Atenci\u00f3n M\u00e9dica, la Secretar\u00eda de Salud\" \/>\n<meta property=\"og:url\" content=\"https:\/\/nbcs.mx\/?p=87461\" \/>\n<meta property=\"og:site_name\" content=\"NBCS Noticias\" \/>\n<meta property=\"article:publisher\" content=\"https:\/\/www.facebook.com\/NBCSnoticias\" \/>\n<meta property=\"article:author\" content=\"https:\/\/www.facebook.com\/NBCSnoticias\" \/>\n<meta property=\"article:published_time\" content=\"2021-05-11T00:36:29+00:00\" \/>\n<meta property=\"og:image\" content=\"https:\/\/nbcs.mx\/wp-content\/uploads\/2021\/05\/campana-vacunacion-sarampion-rubeola.jpeg\" \/>\n\t<meta property=\"og:image:width\" content=\"715\" \/>\n\t<meta property=\"og:image:height\" content=\"475\" \/>\n\t<meta property=\"og:image:type\" content=\"image\/jpeg\" \/>\n<meta name=\"author\" content=\"NBCS Noticias\" \/>\n<meta name=\"twitter:card\" content=\"summary_large_image\" \/>\n<meta name=\"twitter:creator\" content=\"@https:\/\/twitter.com\/NBCSnoticias\" \/>\n<meta name=\"twitter:site\" content=\"@NBCSnoticias\" \/>\n<meta name=\"twitter:label1\" content=\"Escrito por\" \/>\n\t<meta name=\"twitter:data1\" content=\"NBCS Noticias\" \/>\n\t<meta name=\"twitter:label2\" content=\"Tiempo de lectura\" \/>\n\t<meta name=\"twitter:data2\" content=\"2 minutos\" \/>\n<script type=\"application\/ld+json\" class=\"yoast-schema-graph\">{\"@context\":\"https:\\\/\\\/schema.org\",\"@graph\":[{\"@type\":\"Article\",\"@id\":\"https:\\\/\\\/nbcs.mx\\\/?p=87461#article\",\"isPartOf\":{\"@id\":\"https:\\\/\\\/nbcs.mx\\\/?p=87461\"},\"author\":{\"name\":\"NBCS Noticias\",\"@id\":\"https:\\\/\\\/nbcs.mx\\\/#\\\/schema\\\/person\\\/ece58bab9a7c1e87a4d28ec9ecd79ff4\"},\"headline\":\"Llevan campa\u00f1a de vacunaci\u00f3n contra rub\u00e9ola y sarampi\u00f3n a zonas rurales\",\"datePublished\":\"2021-05-11T00:36:29+00:00\",\"mainEntityOfPage\":{\"@id\":\"https:\\\/\\\/nbcs.mx\\\/?p=87461\"},\"wordCount\":328,\"commentCount\":0,\"publisher\":{\"@id\":\"https:\\\/\\\/nbcs.mx\\\/#organization\"},\"image\":{\"@id\":\"https:\\\/\\\/nbcs.mx\\\/?p=87461#primaryimage\"},\"thumbnailUrl\":\"https:\\\/\\\/nbcs.mx\\\/wp-content\\\/uploads\\\/2021\\\/05\\\/campana-vacunacion-sarampion-rubeola.jpeg\",\"articleSection\":[\"Noticias\"],\"inLanguage\":\"es\",\"potentialAction\":[{\"@type\":\"CommentAction\",\"name\":\"Comment\",\"target\":[\"https:\\\/\\\/nbcs.mx\\\/?p=87461#respond\"]}]},{\"@type\":\"WebPage\",\"@id\":\"https:\\\/\\\/nbcs.mx\\\/?p=87461\",\"url\":\"https:\\\/\\\/nbcs.mx\\\/?p=87461\",\"name\":\"Llevan campa\u00f1a de vacunaci\u00f3n contra rub\u00e9ola y sarampi\u00f3n a zonas rurales - NBCS Noticias\",\"isPartOf\":{\"@id\":\"https:\\\/\\\/nbcs.mx\\\/#website\"},\"primaryImageOfPage\":{\"@id\":\"https:\\\/\\\/nbcs.mx\\\/?p=87461#primaryimage\"},\"image\":{\"@id\":\"https:\\\/\\\/nbcs.mx\\\/?p=87461#primaryimage\"},\"thumbnailUrl\":\"https:\\\/\\\/nbcs.mx\\\/wp-content\\\/uploads\\\/2021\\\/05\\\/campana-vacunacion-sarampion-rubeola.jpeg\",\"datePublished\":\"2021-05-11T00:36:29+00:00\",\"breadcrumb\":{\"@id\":\"https:\\\/\\\/nbcs.mx\\\/?p=87461#breadcrumb\"},\"inLanguage\":\"es\",\"potentialAction\":[{\"@type\":\"ReadAction\",\"target\":[\"https:\\\/\\\/nbcs.mx\\\/?p=87461\"]}]},{\"@type\":\"ImageObject\",\"inLanguage\":\"es\",\"@id\":\"https:\\\/\\\/nbcs.mx\\\/?p=87461#primaryimage\",\"url\":\"https:\\\/\\\/nbcs.mx\\\/wp-content\\\/uploads\\\/2021\\\/05\\\/campana-vacunacion-sarampion-rubeola.jpeg\",\"contentUrl\":\"https:\\\/\\\/nbcs.mx\\\/wp-content\\\/uploads\\\/2021\\\/05\\\/campana-vacunacion-sarampion-rubeola.jpeg\",\"width\":715,\"height\":475},{\"@type\":\"BreadcrumbList\",\"@id\":\"https:\\\/\\\/nbcs.mx\\\/?p=87461#breadcrumb\",\"itemListElement\":[{\"@type\":\"ListItem\",\"position\":1,\"name\":\"Portada\",\"item\":\"https:\\\/\\\/nbcs.mx\\\/\"},{\"@type\":\"ListItem\",\"position\":2,\"name\":\"Llevan campa\u00f1a de vacunaci\u00f3n contra rub\u00e9ola y sarampi\u00f3n a zonas rurales\"}]},{\"@type\":\"WebSite\",\"@id\":\"https:\\\/\\\/nbcs.mx\\\/#website\",\"url\":\"https:\\\/\\\/nbcs.mx\\\/\",\"name\":\"NBCS Noticias\",\"description\":\"Sitio web de noticias en Baja California Sur\",\"publisher\":{\"@id\":\"https:\\\/\\\/nbcs.mx\\\/#organization\"},\"potentialAction\":[{\"@type\":\"SearchAction\",\"target\":{\"@type\":\"EntryPoint\",\"urlTemplate\":\"https:\\\/\\\/nbcs.mx\\\/?s={search_term_string}\"},\"query-input\":{\"@type\":\"PropertyValueSpecification\",\"valueRequired\":true,\"valueName\":\"search_term_string\"}}],\"inLanguage\":\"es\"},{\"@type\":\"Organization\",\"@id\":\"https:\\\/\\\/nbcs.mx\\\/#organization\",\"name\":\"NBCS Noticias\",\"url\":\"https:\\\/\\\/nbcs.mx\\\/\",\"logo\":{\"@type\":\"ImageObject\",\"inLanguage\":\"es\",\"@id\":\"https:\\\/\\\/nbcs.mx\\\/#\\\/schema\\\/logo\\\/image\\\/\",\"url\":\"https:\\\/\\\/nbcs.mx\\\/wp-content\\\/uploads\\\/2018\\\/09\\\/057b69485e93575a5c2b1c1dde2dd297.jpeg\",\"contentUrl\":\"https:\\\/\\\/nbcs.mx\\\/wp-content\\\/uploads\\\/2018\\\/09\\\/057b69485e93575a5c2b1c1dde2dd297.jpeg\",\"width\":64,\"height\":64,\"caption\":\"NBCS Noticias\"},\"image\":{\"@id\":\"https:\\\/\\\/nbcs.mx\\\/#\\\/schema\\\/logo\\\/image\\\/\"},\"sameAs\":[\"https:\\\/\\\/www.facebook.com\\\/NBCSnoticias\",\"https:\\\/\\\/x.com\\\/NBCSnoticias\"]},{\"@type\":\"Person\",\"@id\":\"https:\\\/\\\/nbcs.mx\\\/#\\\/schema\\\/person\\\/ece58bab9a7c1e87a4d28ec9ecd79ff4\",\"name\":\"NBCS Noticias\",\"image\":{\"@type\":\"ImageObject\",\"inLanguage\":\"es\",\"@id\":\"https:\\\/\\\/secure.gravatar.com\\\/avatar\\\/4e52110cad1c4054b43271a0d14bbe9e2ea76aecd0e1097edfc670798d9ca1d4?s=96&d=blank&r=g\",\"url\":\"https:\\\/\\\/secure.gravatar.com\\\/avatar\\\/4e52110cad1c4054b43271a0d14bbe9e2ea76aecd0e1097edfc670798d9ca1d4?s=96&d=blank&r=g\",\"contentUrl\":\"https:\\\/\\\/secure.gravatar.com\\\/avatar\\\/4e52110cad1c4054b43271a0d14bbe9e2ea76aecd0e1097edfc670798d9ca1d4?s=96&d=blank&r=g\",\"caption\":\"NBCS Noticias\"},\"description\":\"\u00bfTienes fotos o video de alg\u00fan acto de posible negligencia, corrupci\u00f3n y abuso de autoridad? M\u00e1ndalo al WhatsApp de NBCS Noticias: 612 141 98 08\",\"sameAs\":[\"https:\\\/\\\/www.nbcs.mx\",\"https:\\\/\\\/www.facebook.com\\\/NBCSnoticias\",\"https:\\\/\\\/www.instagram.com\\\/nbcsnoticias\\\/\",\"https:\\\/\\\/x.com\\\/https:\\\/\\\/twitter.com\\\/NBCSnoticias\"]}]}<\/script>\n<!-- \/ Yoast SEO plugin. -->","yoast_head_json":{"title":"Llevan campa\u00f1a de vacunaci\u00f3n contra rub\u00e9ola y sarampi\u00f3n a zonas rurales - NBCS Noticias","robots":{"index":"index","follow":"follow","max-snippet":"max-snippet:-1","max-image-preview":"max-image-preview:large","max-video-preview":"max-video-preview:-1"},"canonical":"https:\/\/nbcs.mx\/?p=87461","og_locale":"es_ES","og_type":"article","og_title":"Llevan campa\u00f1a de vacunaci\u00f3n contra rub\u00e9ola y sarampi\u00f3n a zonas rurales - NBCS Noticias","og_description":"La Paz, Baja California Sur.- A trav\u00e9s de su Programa de Fortalecimiento a la Atenci\u00f3n M\u00e9dica, la Secretar\u00eda de Salud","og_url":"https:\/\/nbcs.mx\/?p=87461","og_site_name":"NBCS Noticias","article_publisher":"https:\/\/www.facebook.com\/NBCSnoticias","article_author":"https:\/\/www.facebook.com\/NBCSnoticias","article_published_time":"2021-05-11T00:36:29+00:00","og_image":[{"width":715,"height":475,"url":"https:\/\/nbcs.mx\/wp-content\/uploads\/2021\/05\/campana-vacunacion-sarampion-rubeola.jpeg","type":"image\/jpeg"}],"author":"NBCS Noticias","twitter_card":"summary_large_image","twitter_creator":"@https:\/\/twitter.com\/NBCSnoticias","twitter_site":"@NBCSnoticias","twitter_misc":{"Escrito por":"NBCS Noticias","Tiempo de lectura":"2 minutos"},"schema":{"@context":"https:\/\/schema.org","@graph":[{"@type":"Article","@id":"https:\/\/nbcs.mx\/?p=87461#article","isPartOf":{"@id":"https:\/\/nbcs.mx\/?p=87461"},"author":{"name":"NBCS Noticias","@id":"https:\/\/nbcs.mx\/#\/schema\/person\/ece58bab9a7c1e87a4d28ec9ecd79ff4"},"headline":"Llevan campa\u00f1a de vacunaci\u00f3n contra rub\u00e9ola y sarampi\u00f3n a zonas rurales","datePublished":"2021-05-11T00:36:29+00:00","mainEntityOfPage":{"@id":"https:\/\/nbcs.mx\/?p=87461"},"wordCount":328,"commentCount":0,"publisher":{"@id":"https:\/\/nbcs.mx\/#organization"},"image":{"@id":"https:\/\/nbcs.mx\/?p=87461#primaryimage"},"thumbnailUrl":"https:\/\/nbcs.mx\/wp-content\/uploads\/2021\/05\/campana-vacunacion-sarampion-rubeola.jpeg","articleSection":["Noticias"],"inLanguage":"es","potentialAction":[{"@type":"CommentAction","name":"Comment","target":["https:\/\/nbcs.mx\/?p=87461#respond"]}]},{"@type":"WebPage","@id":"https:\/\/nbcs.mx\/?p=87461","url":"https:\/\/nbcs.mx\/?p=87461","name":"Llevan campa\u00f1a de vacunaci\u00f3n contra rub\u00e9ola y sarampi\u00f3n a zonas rurales - NBCS Noticias","isPartOf":{"@id":"https:\/\/nbcs.mx\/#website"},"primaryImageOfPage":{"@id":"https:\/\/nbcs.mx\/?p=87461#primaryimage"},"image":{"@id":"https:\/\/nbcs.mx\/?p=87461#primaryimage"},"thumbnailUrl":"https:\/\/nbcs.mx\/wp-content\/uploads\/2021\/05\/campana-vacunacion-sarampion-rubeola.jpeg","datePublished":"2021-05-11T00:36:29+00:00","breadcrumb":{"@id":"https:\/\/nbcs.mx\/?p=87461#breadcrumb"},"inLanguage":"es","potentialAction":[{"@type":"ReadAction","target":["https:\/\/nbcs.mx\/?p=87461"]}]},{"@type":"ImageObject","inLanguage":"es","@id":"https:\/\/nbcs.mx\/?p=87461#primaryimage","url":"https:\/\/nbcs.mx\/wp-content\/uploads\/2021\/05\/campana-vacunacion-sarampion-rubeola.jpeg","contentUrl":"https:\/\/nbcs.mx\/wp-content\/uploads\/2021\/05\/campana-vacunacion-sarampion-rubeola.jpeg","width":715,"height":475},{"@type":"BreadcrumbList","@id":"https:\/\/nbcs.mx\/?p=87461#breadcrumb","itemListElement":[{"@type":"ListItem","position":1,"name":"Portada","item":"https:\/\/nbcs.mx\/"},{"@type":"ListItem","position":2,"name":"Llevan campa\u00f1a de vacunaci\u00f3n contra rub\u00e9ola y sarampi\u00f3n a zonas rurales"}]},{"@type":"WebSite","@id":"https:\/\/nbcs.mx\/#website","url":"https:\/\/nbcs.mx\/","name":"NBCS Noticias","description":"Sitio web de noticias en Baja California Sur","publisher":{"@id":"https:\/\/nbcs.mx\/#organization"},"potentialAction":[{"@type":"SearchAction","target":{"@type":"EntryPoint","urlTemplate":"https:\/\/nbcs.mx\/?s={search_term_string}"},"query-input":{"@type":"PropertyValueSpecification","valueRequired":true,"valueName":"search_term_string"}}],"inLanguage":"es"},{"@type":"Organization","@id":"https:\/\/nbcs.mx\/#organization","name":"NBCS Noticias","url":"https:\/\/nbcs.mx\/","logo":{"@type":"ImageObject","inLanguage":"es","@id":"https:\/\/nbcs.mx\/#\/schema\/logo\/image\/","url":"https:\/\/nbcs.mx\/wp-content\/uploads\/2018\/09\/057b69485e93575a5c2b1c1dde2dd297.jpeg","contentUrl":"https:\/\/nbcs.mx\/wp-content\/uploads\/2018\/09\/057b69485e93575a5c2b1c1dde2dd297.jpeg","width":64,"height":64,"caption":"NBCS Noticias"},"image":{"@id":"https:\/\/nbcs.mx\/#\/schema\/logo\/image\/"},"sameAs":["https:\/\/www.facebook.com\/NBCSnoticias","https:\/\/x.com\/NBCSnoticias"]},{"@type":"Person","@id":"https:\/\/nbcs.mx\/#\/schema\/person\/ece58bab9a7c1e87a4d28ec9ecd79ff4","name":"NBCS Noticias","image":{"@type":"ImageObject","inLanguage":"es","@id":"https:\/\/secure.gravatar.com\/avatar\/4e52110cad1c4054b43271a0d14bbe9e2ea76aecd0e1097edfc670798d9ca1d4?s=96&d=blank&r=g","url":"https:\/\/secure.gravatar.com\/avatar\/4e52110cad1c4054b43271a0d14bbe9e2ea76aecd0e1097edfc670798d9ca1d4?s=96&d=blank&r=g","contentUrl":"https:\/\/secure.gravatar.com\/avatar\/4e52110cad1c4054b43271a0d14bbe9e2ea76aecd0e1097edfc670798d9ca1d4?s=96&d=blank&r=g","caption":"NBCS Noticias"},"description":"\u00bfTienes fotos o video de alg\u00fan acto de posible negligencia, corrupci\u00f3n y abuso de autoridad? M\u00e1ndalo al WhatsApp de NBCS Noticias: 612 141 98 08","sameAs":["https:\/\/www.nbcs.mx","https:\/\/www.facebook.com\/NBCSnoticias","https:\/\/www.instagram.com\/nbcsnoticias\/","https:\/\/x.com\/https:\/\/twitter.com\/NBCSnoticias"]}]}},"jetpack_publicize_connections":[],"jetpack_featured_media_url":"https:\/\/nbcs.mx\/wp-content\/uploads\/2021\/05\/campana-vacunacion-sarampion-rubeola.jpeg","jetpack_sharing_enabled":true,"_links":{"self":[{"href":"https:\/\/nbcs.mx\/index.php?rest_route=\/wp\/v2\/posts\/87461","targetHints":{"allow":["GET"]}}],"collection":[{"href":"https:\/\/nbcs.mx\/index.php?rest_route=\/wp\/v2\/posts"}],"about":[{"href":"https:\/\/nbcs.mx\/index.php?rest_route=\/wp\/v2\/types\/post"}],"author":[{"embeddable":true,"href":"https:\/\/nbcs.mx\/index.php?rest_route=\/wp\/v2\/users\/1"}],"replies":[{"embeddable":true,"href":"https:\/\/nbcs.mx\/index.php?rest_route=%2Fwp%2Fv2%2Fcomments&post=87461"}],"version-history":[{"count":1,"href":"https:\/\/nbcs.mx\/index.php?rest_route=\/wp\/v2\/posts\/87461\/revisions"}],"predecessor-version":[{"id":87463,"href":"https:\/\/nbcs.mx\/index.php?rest_route=\/wp\/v2\/posts\/87461\/revisions\/87463"}],"wp:featuredmedia":[{"embeddable":true,"href":"https:\/\/nbcs.mx\/index.php?rest_route=\/wp\/v2\/media\/87462"}],"wp:attachment":[{"href":"https:\/\/nbcs.mx\/index.php?rest_route=%2Fwp%2Fv2%2Fmedia&parent=87461"}],"wp:term":[{"taxonomy":"category","embeddable":true,"href":"https:\/\/nbcs.mx\/index.php?rest_route=%2Fwp%2Fv2%2Fcategories&post=87461"},{"taxonomy":"post_tag","embeddable":true,"href":"https:\/\/nbcs.mx\/index.php?rest_route=%2Fwp%2Fv2%2Ftags&post=87461"}],"curies":[{"name":"wp","href":"https:\/\/api.w.org\/{rel}","templated":true}]}}