{"id":90480,"date":"2021-06-29T21:46:55","date_gmt":"2021-06-30T03:46:55","guid":{"rendered":"https:\/\/nbcs.mx\/?p=90480"},"modified":"2021-06-29T21:46:55","modified_gmt":"2021-06-30T03:46:55","slug":"se-colocara-2021-bicentenario-de-la-creacion-de-la-armada-de-mexico-en-el-muro-de-honor-del-salon-de-sesiones","status":"publish","type":"post","link":"https:\/\/nbcs.mx\/?p=90480","title":{"rendered":"Se colocar\u00e1 \u201c2021 bicentenario de la creaci\u00f3n de la armada de M\u00e9xico\u201d en el muro de honor del sal\u00f3n de sesiones"},"content":{"rendered":"<p style=\"text-align: justify;\"><img loading=\"lazy\" decoding=\"async\" class=\" wp-image-90481 alignleft\" src=\"https:\/\/nbcs.mx\/wp-content\/uploads\/2021\/06\/DIP-JOSE-LUIS-PERPULI-29JUN21-1-683x492.jpg\" alt=\"\" width=\"380\" height=\"274\" \/>La Paz, Baja California Sur.- A 200 a\u00f1os de la creaci\u00f3n de la Armada de M\u00e9xico los legisladores de extracci\u00f3n panista, Jos\u00e9 Luis Perpuli Drew y Elizabeth Rocha Torres, propusieron respectivamente inscribir la leyenda \u00ab2021, bicentenario de la creaci\u00f3n de la armada de M\u00e9xico\u201d en el muro de honor del sal\u00f3n de sesiones y que, en la papeler\u00eda oficial de los poderes p\u00fablicos, \u00f3rganos aut\u00f3nomos y municipios, se inserte la leyenda: \u201c2021, a\u00f1o del bicentenario de la armada de M\u00e9xico\u201d.<\/p>\n<p style=\"text-align: justify;\">\n<p style=\"text-align: justify;\">Lo anterior, por su destacada participaci\u00f3n en la historia de M\u00e9xico y de Baja California Sur, ya que la \u00a0Armada de M\u00e9xico es una instituci\u00f3n que tiene el reconocimiento, gratitud y respeto del pueblo sudcaliforniano porque han sabido cumplir con entrega, pundonor y con hero\u00edsmo, la alta responsabilidad de combatir al flagelo de la inseguridad y de preservar la integridad y la soberan\u00eda del pa\u00eds en el mar territorial y patrimonial de M\u00e9xico, adem\u00e1s de realizar labores de protecci\u00f3n civil en casos de desastres.<\/p>\n<p style=\"text-align: justify;\">\n<p style=\"text-align: justify;\">En la sesi\u00f3n ordinaria de este martes, se cont\u00f3 con la presencia en la sala de sesiones Jos\u00e9 Mar\u00eda Morelos y Pav\u00f3n, en la C\u00e1mara local, del Contraalmirante Aeronaval, Piloto Aviador, Diplomado del Estado Mayor Juan Manuel Mu\u00f1oz G\u00f3mez, en representaci\u00f3n del Vicealmirante Rosendo Carlos M\u00e1rquez D\u00edaz, Comandante de la Segunda Zona Naval La Paz, de la Secretar\u00eda de Marina Armada de M\u00e9xico.<\/p>\n<p style=\"text-align: justify;\">\n<p style=\"text-align: justify;\">Drew y Rocha Torres, acotaron en sus intervenciones que \u00a0\u201cLa integran mujeres y hombres forjados con los m\u00e1s altos valores que demanda nuestra Naci\u00f3n: disciplina, honor, lealtad, cumplimiento del deber y patriotismo\u201d.<\/p>\n<p style=\"text-align: justify;\">\n<p style=\"text-align: justify;\">Tan s\u00f3lo en los a\u00f1os 2020-2021, miles de marinos de M\u00e9xico se desplegaron en el territorio nacional, para coadyuvar en la atenci\u00f3n de la pandemia del coronavirus, reconvirtiendo hospitales navales a hospitales Covid y participando con su personal y conocimientos sanitarios para la toma de decisiones y en el contexto local ha enriquecido las decisiones tomadas en el Comit\u00e9 Estatal de Seguridad en salud para enfrentar la pandemia.<\/p>\n<p style=\"text-align: justify;\">\n<p style=\"text-align: justify;\">As\u00ed mismo, por su labor en la defensa de los recursos marinos y \u00e1reas naturales\u00a0protegidas que se encuentran en nuestros litorales; el patrullaje de las costas sudcalifornianas fortalece las acciones para abatir la pesca furtiva.<\/p>\n<p style=\"text-align: justify;\">\n<p style=\"text-align: justify;\">Finalmente, reconocieron la lucha permanente que la Armada de M\u00e9xico realiza contra el narcotr\u00e1fico y el tr\u00e1fico de armas en toda la geograf\u00eda nacional; en esta tarea, la Secretar\u00eda de Marina-Armada de M\u00e9xico, cuenta con la confianza del pueblo de M\u00e9xico y cuenta con la confianza de los sudcalifornianos.<\/p>\n","protected":false},"excerpt":{"rendered":"<p>La Paz, Baja California Sur.- A 200 a\u00f1os de la creaci\u00f3n de la Armada de M\u00e9xico los legisladores de extracci\u00f3n<\/p>\n","protected":false},"author":1,"featured_media":0,"comment_status":"open","ping_status":"closed","sticky":false,"template":"","format":"standard","meta":{"colormag_page_container_layout":"default_layout","colormag_page_sidebar_layout":"default_layout","_jetpack_memberships_contains_paid_content":false,"footnotes":"","jetpack_publicize_message":"","jetpack_publicize_feature_enabled":true,"jetpack_social_post_already_shared":true,"jetpack_social_options":{"image_generator_settings":{"template":"highway","default_image_id":0,"font":"","enabled":false},"version":2}},"categories":[48],"tags":[],"class_list":["post-90480","post","type-post","status-publish","format-standard","hentry","category-congreso-de-bcs"],"yoast_head":"<!-- This site is optimized with the Yoast SEO plugin v27.5 - https:\/\/yoast.com\/product\/yoast-seo-wordpress\/ -->\n<title>Se colocar\u00e1 \u201c2021 bicentenario de la creaci\u00f3n de la armada de M\u00e9xico\u201d en el muro de honor del sal\u00f3n de sesiones - NBCS Noticias<\/title>\n<meta name=\"robots\" content=\"index, follow, max-snippet:-1, max-image-preview:large, max-video-preview:-1\" \/>\n<link rel=\"canonical\" href=\"https:\/\/nbcs.mx\/?p=90480\" \/>\n<meta property=\"og:locale\" content=\"es_ES\" \/>\n<meta property=\"og:type\" content=\"article\" \/>\n<meta property=\"og:title\" content=\"Se colocar\u00e1 \u201c2021 bicentenario de la creaci\u00f3n de la armada de M\u00e9xico\u201d en el muro de honor del sal\u00f3n de sesiones - NBCS Noticias\" \/>\n<meta property=\"og:description\" content=\"La Paz, Baja California Sur.- A 200 a\u00f1os de la creaci\u00f3n de la Armada de M\u00e9xico los legisladores de extracci\u00f3n\" \/>\n<meta property=\"og:url\" content=\"https:\/\/nbcs.mx\/?p=90480\" \/>\n<meta property=\"og:site_name\" content=\"NBCS Noticias\" \/>\n<meta property=\"article:publisher\" content=\"https:\/\/www.facebook.com\/NBCSnoticias\" \/>\n<meta property=\"article:author\" content=\"https:\/\/www.facebook.com\/NBCSnoticias\" \/>\n<meta property=\"article:published_time\" content=\"2021-06-30T03:46:55+00:00\" \/>\n<meta property=\"og:image\" content=\"https:\/\/nbcs.mx\/wp-content\/uploads\/2021\/06\/DIP-JOSE-LUIS-PERPULI-29JUN21-1.jpg\" \/>\n\t<meta property=\"og:image:width\" content=\"1024\" \/>\n\t<meta property=\"og:image:height\" content=\"738\" \/>\n\t<meta property=\"og:image:type\" content=\"image\/jpeg\" \/>\n<meta name=\"author\" content=\"NBCS Noticias\" \/>\n<meta name=\"twitter:card\" content=\"summary_large_image\" \/>\n<meta name=\"twitter:creator\" content=\"@https:\/\/twitter.com\/NBCSnoticias\" \/>\n<meta name=\"twitter:site\" content=\"@NBCSnoticias\" \/>\n<meta name=\"twitter:label1\" content=\"Escrito por\" \/>\n\t<meta name=\"twitter:data1\" content=\"NBCS Noticias\" \/>\n\t<meta name=\"twitter:label2\" content=\"Tiempo de lectura\" \/>\n\t<meta name=\"twitter:data2\" content=\"3 minutos\" \/>\n<script type=\"application\/ld+json\" class=\"yoast-schema-graph\">{\"@context\":\"https:\\\/\\\/schema.org\",\"@graph\":[{\"@type\":\"Article\",\"@id\":\"https:\\\/\\\/nbcs.mx\\\/?p=90480#article\",\"isPartOf\":{\"@id\":\"https:\\\/\\\/nbcs.mx\\\/?p=90480\"},\"author\":{\"name\":\"NBCS Noticias\",\"@id\":\"https:\\\/\\\/nbcs.mx\\\/#\\\/schema\\\/person\\\/ece58bab9a7c1e87a4d28ec9ecd79ff4\"},\"headline\":\"Se colocar\u00e1 \u201c2021 bicentenario de la creaci\u00f3n de la armada de M\u00e9xico\u201d en el muro de honor del sal\u00f3n de sesiones\",\"datePublished\":\"2021-06-30T03:46:55+00:00\",\"mainEntityOfPage\":{\"@id\":\"https:\\\/\\\/nbcs.mx\\\/?p=90480\"},\"wordCount\":479,\"commentCount\":0,\"publisher\":{\"@id\":\"https:\\\/\\\/nbcs.mx\\\/#organization\"},\"image\":{\"@id\":\"https:\\\/\\\/nbcs.mx\\\/?p=90480#primaryimage\"},\"thumbnailUrl\":\"https:\\\/\\\/nbcs.mx\\\/wp-content\\\/uploads\\\/2021\\\/06\\\/DIP-JOSE-LUIS-PERPULI-29JUN21-1-683x492.jpg\",\"articleSection\":[\"Congreso de BCS\"],\"inLanguage\":\"es\",\"potentialAction\":[{\"@type\":\"CommentAction\",\"name\":\"Comment\",\"target\":[\"https:\\\/\\\/nbcs.mx\\\/?p=90480#respond\"]}]},{\"@type\":\"WebPage\",\"@id\":\"https:\\\/\\\/nbcs.mx\\\/?p=90480\",\"url\":\"https:\\\/\\\/nbcs.mx\\\/?p=90480\",\"name\":\"Se colocar\u00e1 \u201c2021 bicentenario de la creaci\u00f3n de la armada de M\u00e9xico\u201d en el muro de honor del sal\u00f3n de sesiones - NBCS Noticias\",\"isPartOf\":{\"@id\":\"https:\\\/\\\/nbcs.mx\\\/#website\"},\"primaryImageOfPage\":{\"@id\":\"https:\\\/\\\/nbcs.mx\\\/?p=90480#primaryimage\"},\"image\":{\"@id\":\"https:\\\/\\\/nbcs.mx\\\/?p=90480#primaryimage\"},\"thumbnailUrl\":\"https:\\\/\\\/nbcs.mx\\\/wp-content\\\/uploads\\\/2021\\\/06\\\/DIP-JOSE-LUIS-PERPULI-29JUN21-1-683x492.jpg\",\"datePublished\":\"2021-06-30T03:46:55+00:00\",\"breadcrumb\":{\"@id\":\"https:\\\/\\\/nbcs.mx\\\/?p=90480#breadcrumb\"},\"inLanguage\":\"es\",\"potentialAction\":[{\"@type\":\"ReadAction\",\"target\":[\"https:\\\/\\\/nbcs.mx\\\/?p=90480\"]}]},{\"@type\":\"ImageObject\",\"inLanguage\":\"es\",\"@id\":\"https:\\\/\\\/nbcs.mx\\\/?p=90480#primaryimage\",\"url\":\"https:\\\/\\\/nbcs.mx\\\/wp-content\\\/uploads\\\/2021\\\/06\\\/DIP-JOSE-LUIS-PERPULI-29JUN21-1-683x492.jpg\",\"contentUrl\":\"https:\\\/\\\/nbcs.mx\\\/wp-content\\\/uploads\\\/2021\\\/06\\\/DIP-JOSE-LUIS-PERPULI-29JUN21-1-683x492.jpg\"},{\"@type\":\"BreadcrumbList\",\"@id\":\"https:\\\/\\\/nbcs.mx\\\/?p=90480#breadcrumb\",\"itemListElement\":[{\"@type\":\"ListItem\",\"position\":1,\"name\":\"Portada\",\"item\":\"https:\\\/\\\/nbcs.mx\\\/\"},{\"@type\":\"ListItem\",\"position\":2,\"name\":\"Se colocar\u00e1 \u201c2021 bicentenario de la creaci\u00f3n de la armada de M\u00e9xico\u201d en el muro de honor del sal\u00f3n de sesiones\"}]},{\"@type\":\"WebSite\",\"@id\":\"https:\\\/\\\/nbcs.mx\\\/#website\",\"url\":\"https:\\\/\\\/nbcs.mx\\\/\",\"name\":\"NBCS Noticias\",\"description\":\"Sitio web de noticias en Baja California Sur\",\"publisher\":{\"@id\":\"https:\\\/\\\/nbcs.mx\\\/#organization\"},\"potentialAction\":[{\"@type\":\"SearchAction\",\"target\":{\"@type\":\"EntryPoint\",\"urlTemplate\":\"https:\\\/\\\/nbcs.mx\\\/?s={search_term_string}\"},\"query-input\":{\"@type\":\"PropertyValueSpecification\",\"valueRequired\":true,\"valueName\":\"search_term_string\"}}],\"inLanguage\":\"es\"},{\"@type\":\"Organization\",\"@id\":\"https:\\\/\\\/nbcs.mx\\\/#organization\",\"name\":\"NBCS Noticias\",\"url\":\"https:\\\/\\\/nbcs.mx\\\/\",\"logo\":{\"@type\":\"ImageObject\",\"inLanguage\":\"es\",\"@id\":\"https:\\\/\\\/nbcs.mx\\\/#\\\/schema\\\/logo\\\/image\\\/\",\"url\":\"https:\\\/\\\/nbcs.mx\\\/wp-content\\\/uploads\\\/2018\\\/09\\\/057b69485e93575a5c2b1c1dde2dd297.jpeg\",\"contentUrl\":\"https:\\\/\\\/nbcs.mx\\\/wp-content\\\/uploads\\\/2018\\\/09\\\/057b69485e93575a5c2b1c1dde2dd297.jpeg\",\"width\":64,\"height\":64,\"caption\":\"NBCS Noticias\"},\"image\":{\"@id\":\"https:\\\/\\\/nbcs.mx\\\/#\\\/schema\\\/logo\\\/image\\\/\"},\"sameAs\":[\"https:\\\/\\\/www.facebook.com\\\/NBCSnoticias\",\"https:\\\/\\\/x.com\\\/NBCSnoticias\"]},{\"@type\":\"Person\",\"@id\":\"https:\\\/\\\/nbcs.mx\\\/#\\\/schema\\\/person\\\/ece58bab9a7c1e87a4d28ec9ecd79ff4\",\"name\":\"NBCS Noticias\",\"image\":{\"@type\":\"ImageObject\",\"inLanguage\":\"es\",\"@id\":\"https:\\\/\\\/secure.gravatar.com\\\/avatar\\\/4e52110cad1c4054b43271a0d14bbe9e2ea76aecd0e1097edfc670798d9ca1d4?s=96&d=blank&r=g\",\"url\":\"https:\\\/\\\/secure.gravatar.com\\\/avatar\\\/4e52110cad1c4054b43271a0d14bbe9e2ea76aecd0e1097edfc670798d9ca1d4?s=96&d=blank&r=g\",\"contentUrl\":\"https:\\\/\\\/secure.gravatar.com\\\/avatar\\\/4e52110cad1c4054b43271a0d14bbe9e2ea76aecd0e1097edfc670798d9ca1d4?s=96&d=blank&r=g\",\"caption\":\"NBCS Noticias\"},\"description\":\"\u00bfTienes fotos o video de alg\u00fan acto de posible negligencia, corrupci\u00f3n y abuso de autoridad? M\u00e1ndalo al WhatsApp de NBCS Noticias: 612 141 98 08\",\"sameAs\":[\"https:\\\/\\\/www.nbcs.mx\",\"https:\\\/\\\/www.facebook.com\\\/NBCSnoticias\",\"https:\\\/\\\/www.instagram.com\\\/nbcsnoticias\\\/\",\"https:\\\/\\\/x.com\\\/https:\\\/\\\/twitter.com\\\/NBCSnoticias\"]}]}<\/script>\n<!-- \/ Yoast SEO plugin. -->","yoast_head_json":{"title":"Se colocar\u00e1 \u201c2021 bicentenario de la creaci\u00f3n de la armada de M\u00e9xico\u201d en el muro de honor del sal\u00f3n de sesiones - NBCS Noticias","robots":{"index":"index","follow":"follow","max-snippet":"max-snippet:-1","max-image-preview":"max-image-preview:large","max-video-preview":"max-video-preview:-1"},"canonical":"https:\/\/nbcs.mx\/?p=90480","og_locale":"es_ES","og_type":"article","og_title":"Se colocar\u00e1 \u201c2021 bicentenario de la creaci\u00f3n de la armada de M\u00e9xico\u201d en el muro de honor del sal\u00f3n de sesiones - NBCS Noticias","og_description":"La Paz, Baja California Sur.- A 200 a\u00f1os de la creaci\u00f3n de la Armada de M\u00e9xico los legisladores de extracci\u00f3n","og_url":"https:\/\/nbcs.mx\/?p=90480","og_site_name":"NBCS Noticias","article_publisher":"https:\/\/www.facebook.com\/NBCSnoticias","article_author":"https:\/\/www.facebook.com\/NBCSnoticias","article_published_time":"2021-06-30T03:46:55+00:00","og_image":[{"width":1024,"height":738,"url":"https:\/\/nbcs.mx\/wp-content\/uploads\/2021\/06\/DIP-JOSE-LUIS-PERPULI-29JUN21-1.jpg","type":"image\/jpeg"}],"author":"NBCS Noticias","twitter_card":"summary_large_image","twitter_creator":"@https:\/\/twitter.com\/NBCSnoticias","twitter_site":"@NBCSnoticias","twitter_misc":{"Escrito por":"NBCS Noticias","Tiempo de lectura":"3 minutos"},"schema":{"@context":"https:\/\/schema.org","@graph":[{"@type":"Article","@id":"https:\/\/nbcs.mx\/?p=90480#article","isPartOf":{"@id":"https:\/\/nbcs.mx\/?p=90480"},"author":{"name":"NBCS Noticias","@id":"https:\/\/nbcs.mx\/#\/schema\/person\/ece58bab9a7c1e87a4d28ec9ecd79ff4"},"headline":"Se colocar\u00e1 \u201c2021 bicentenario de la creaci\u00f3n de la armada de M\u00e9xico\u201d en el muro de honor del sal\u00f3n de sesiones","datePublished":"2021-06-30T03:46:55+00:00","mainEntityOfPage":{"@id":"https:\/\/nbcs.mx\/?p=90480"},"wordCount":479,"commentCount":0,"publisher":{"@id":"https:\/\/nbcs.mx\/#organization"},"image":{"@id":"https:\/\/nbcs.mx\/?p=90480#primaryimage"},"thumbnailUrl":"https:\/\/nbcs.mx\/wp-content\/uploads\/2021\/06\/DIP-JOSE-LUIS-PERPULI-29JUN21-1-683x492.jpg","articleSection":["Congreso de BCS"],"inLanguage":"es","potentialAction":[{"@type":"CommentAction","name":"Comment","target":["https:\/\/nbcs.mx\/?p=90480#respond"]}]},{"@type":"WebPage","@id":"https:\/\/nbcs.mx\/?p=90480","url":"https:\/\/nbcs.mx\/?p=90480","name":"Se colocar\u00e1 \u201c2021 bicentenario de la creaci\u00f3n de la armada de M\u00e9xico\u201d en el muro de honor del sal\u00f3n de sesiones - NBCS Noticias","isPartOf":{"@id":"https:\/\/nbcs.mx\/#website"},"primaryImageOfPage":{"@id":"https:\/\/nbcs.mx\/?p=90480#primaryimage"},"image":{"@id":"https:\/\/nbcs.mx\/?p=90480#primaryimage"},"thumbnailUrl":"https:\/\/nbcs.mx\/wp-content\/uploads\/2021\/06\/DIP-JOSE-LUIS-PERPULI-29JUN21-1-683x492.jpg","datePublished":"2021-06-30T03:46:55+00:00","breadcrumb":{"@id":"https:\/\/nbcs.mx\/?p=90480#breadcrumb"},"inLanguage":"es","potentialAction":[{"@type":"ReadAction","target":["https:\/\/nbcs.mx\/?p=90480"]}]},{"@type":"ImageObject","inLanguage":"es","@id":"https:\/\/nbcs.mx\/?p=90480#primaryimage","url":"https:\/\/nbcs.mx\/wp-content\/uploads\/2021\/06\/DIP-JOSE-LUIS-PERPULI-29JUN21-1-683x492.jpg","contentUrl":"https:\/\/nbcs.mx\/wp-content\/uploads\/2021\/06\/DIP-JOSE-LUIS-PERPULI-29JUN21-1-683x492.jpg"},{"@type":"BreadcrumbList","@id":"https:\/\/nbcs.mx\/?p=90480#breadcrumb","itemListElement":[{"@type":"ListItem","position":1,"name":"Portada","item":"https:\/\/nbcs.mx\/"},{"@type":"ListItem","position":2,"name":"Se colocar\u00e1 \u201c2021 bicentenario de la creaci\u00f3n de la armada de M\u00e9xico\u201d en el muro de honor del sal\u00f3n de sesiones"}]},{"@type":"WebSite","@id":"https:\/\/nbcs.mx\/#website","url":"https:\/\/nbcs.mx\/","name":"NBCS Noticias","description":"Sitio web de noticias en Baja California Sur","publisher":{"@id":"https:\/\/nbcs.mx\/#organization"},"potentialAction":[{"@type":"SearchAction","target":{"@type":"EntryPoint","urlTemplate":"https:\/\/nbcs.mx\/?s={search_term_string}"},"query-input":{"@type":"PropertyValueSpecification","valueRequired":true,"valueName":"search_term_string"}}],"inLanguage":"es"},{"@type":"Organization","@id":"https:\/\/nbcs.mx\/#organization","name":"NBCS Noticias","url":"https:\/\/nbcs.mx\/","logo":{"@type":"ImageObject","inLanguage":"es","@id":"https:\/\/nbcs.mx\/#\/schema\/logo\/image\/","url":"https:\/\/nbcs.mx\/wp-content\/uploads\/2018\/09\/057b69485e93575a5c2b1c1dde2dd297.jpeg","contentUrl":"https:\/\/nbcs.mx\/wp-content\/uploads\/2018\/09\/057b69485e93575a5c2b1c1dde2dd297.jpeg","width":64,"height":64,"caption":"NBCS Noticias"},"image":{"@id":"https:\/\/nbcs.mx\/#\/schema\/logo\/image\/"},"sameAs":["https:\/\/www.facebook.com\/NBCSnoticias","https:\/\/x.com\/NBCSnoticias"]},{"@type":"Person","@id":"https:\/\/nbcs.mx\/#\/schema\/person\/ece58bab9a7c1e87a4d28ec9ecd79ff4","name":"NBCS Noticias","image":{"@type":"ImageObject","inLanguage":"es","@id":"https:\/\/secure.gravatar.com\/avatar\/4e52110cad1c4054b43271a0d14bbe9e2ea76aecd0e1097edfc670798d9ca1d4?s=96&d=blank&r=g","url":"https:\/\/secure.gravatar.com\/avatar\/4e52110cad1c4054b43271a0d14bbe9e2ea76aecd0e1097edfc670798d9ca1d4?s=96&d=blank&r=g","contentUrl":"https:\/\/secure.gravatar.com\/avatar\/4e52110cad1c4054b43271a0d14bbe9e2ea76aecd0e1097edfc670798d9ca1d4?s=96&d=blank&r=g","caption":"NBCS Noticias"},"description":"\u00bfTienes fotos o video de alg\u00fan acto de posible negligencia, corrupci\u00f3n y abuso de autoridad? M\u00e1ndalo al WhatsApp de NBCS Noticias: 612 141 98 08","sameAs":["https:\/\/www.nbcs.mx","https:\/\/www.facebook.com\/NBCSnoticias","https:\/\/www.instagram.com\/nbcsnoticias\/","https:\/\/x.com\/https:\/\/twitter.com\/NBCSnoticias"]}]}},"jetpack_publicize_connections":[],"jetpack_featured_media_url":"","jetpack_sharing_enabled":true,"_links":{"self":[{"href":"https:\/\/nbcs.mx\/index.php?rest_route=\/wp\/v2\/posts\/90480","targetHints":{"allow":["GET"]}}],"collection":[{"href":"https:\/\/nbcs.mx\/index.php?rest_route=\/wp\/v2\/posts"}],"about":[{"href":"https:\/\/nbcs.mx\/index.php?rest_route=\/wp\/v2\/types\/post"}],"author":[{"embeddable":true,"href":"https:\/\/nbcs.mx\/index.php?rest_route=\/wp\/v2\/users\/1"}],"replies":[{"embeddable":true,"href":"https:\/\/nbcs.mx\/index.php?rest_route=%2Fwp%2Fv2%2Fcomments&post=90480"}],"version-history":[{"count":1,"href":"https:\/\/nbcs.mx\/index.php?rest_route=\/wp\/v2\/posts\/90480\/revisions"}],"predecessor-version":[{"id":90482,"href":"https:\/\/nbcs.mx\/index.php?rest_route=\/wp\/v2\/posts\/90480\/revisions\/90482"}],"wp:attachment":[{"href":"https:\/\/nbcs.mx\/index.php?rest_route=%2Fwp%2Fv2%2Fmedia&parent=90480"}],"wp:term":[{"taxonomy":"category","embeddable":true,"href":"https:\/\/nbcs.mx\/index.php?rest_route=%2Fwp%2Fv2%2Fcategories&post=90480"},{"taxonomy":"post_tag","embeddable":true,"href":"https:\/\/nbcs.mx\/index.php?rest_route=%2Fwp%2Fv2%2Ftags&post=90480"}],"curies":[{"name":"wp","href":"https:\/\/api.w.org\/{rel}","templated":true}]}}