{"id":91172,"date":"2021-07-14T21:30:14","date_gmt":"2021-07-15T03:30:14","guid":{"rendered":"https:\/\/nbcs.mx\/?p=91172"},"modified":"2021-07-14T21:30:14","modified_gmt":"2021-07-15T03:30:14","slug":"inicia-este-jueves-vacunacion-contra-covid-19-para-mayores-de-18-anos-en-csl-y-sjc","status":"publish","type":"post","link":"https:\/\/nbcs.mx\/?p=91172","title":{"rendered":"Inicia este jueves vacunaci\u00f3n contra COVID-19 para mayores de 18 a\u00f1os en CSL y SJC"},"content":{"rendered":"<p style=\"text-align: justify;\"><img loading=\"lazy\" decoding=\"async\" class=\" wp-image-91173 alignleft\" src=\"https:\/\/nbcs.mx\/wp-content\/uploads\/2021\/07\/02-Alcaldesa-Armida-Castro-hace-un-llamado-a-la-juventud-cabena-a-vacunarse-contra-el-COVID-19-3-755x470.jpeg\" alt=\"\" width=\"392\" height=\"244\" \/>La Paz, Baja California Sur.- El sector salud de Baja California Sur refrend\u00f3 su convocatoria a personas de 18 a 29 a\u00f1os de edad que residen en Los Cabos, para que realicen su registro en el sitio <a href=\"https:\/\/mivacuna.salud.gob.mx\/index.php\">https:\/\/mivacuna.salud.gob.mx<\/a>, y agenden su cita en el portal <a href=\"https:\/\/rb.gy\/9ab9vj\">https:\/\/rb.gy\/9ab9vj<\/a>, a fin de que puedan vacunarse contra Covid-19 durante las jornadas que este 15 y 16 de julio desarrollar\u00e1 la delegaci\u00f3n estatal de la Secretar\u00eda de Bienestar en Cabo San Lucas y San Jos\u00e9 del Cabo.<\/p>\n<p style=\"text-align: justify;\">\n<p style=\"text-align: justify;\">La participaci\u00f3n de este segmento poblacional en la aplicaci\u00f3n de la vacuna es de gran relevancia, ya que con esto podr\u00e1n desarrollar, en un par de semanas, anticuerpos que protejan a su organismo ante la eventual exposici\u00f3n al virus y con esto reducir los riesgos de desarrollar una manifestaci\u00f3n severa de la enfermedad, dijo el secretario de Salud, V\u00edctor George Flores.<\/p>\n<p style=\"text-align: justify;\">\n<p style=\"text-align: justify;\">El funcionario estatal se\u00f1al\u00f3 que los propios datos epidemiol\u00f3gicos corroboran el beneficio de que la gente acuda a vacunarse, ya que el porcentaje de hospitalizaci\u00f3n de personas mayores de 60 a\u00f1os en adelante se redujo en la entidad luego de que se llev\u00f3 a cabo el suministro de dosis a este grupo poblacional, que tuvo una elevada afluencia en estas jornadas.<\/p>\n<p style=\"text-align: justify;\">\n<p style=\"text-align: justify;\">Aunque el estado presenta una estabilizaci\u00f3n de nuevos contagios, la incidencia a\u00fan es alta, \u00a0de ah\u00ed la importancia de que las y los j\u00f3venes atiendan con oportunidad esta convocatoria que se hace para que, tras realizar su registro y agendar su cita en las p\u00e1ginas de internet ya mencionadas, acudan a los espacios donde ser\u00e1n suministradas las primeras dosis y con esto refuercen sus defensas naturales, coment\u00f3.<\/p>\n<p style=\"text-align: justify;\">\n<p style=\"text-align: justify;\">Adem\u00e1s, la comunidad m\u00e9dica y de salud en general recomienda a las personas que se encuentran en esta etapa de vida para que refuercen la implementaci\u00f3n de medidas sanitarias, desde el uso correcto de cubrebocas hasta el lavado frecuente de manos y guardar la sana distancia, pero en especial enfatiza su llamado para que eviten aglomeraciones por socializaci\u00f3n que elevan de manera significativa su riesgo de exposici\u00f3n al agente infeccioso, concluy\u00f3 George Flores.<\/p>\n<p style=\"text-align: justify;\">\n<p style=\"text-align: justify;\">\n","protected":false},"excerpt":{"rendered":"<p>La Paz, Baja California Sur.- El sector salud de Baja California Sur refrend\u00f3 su convocatoria a personas de 18 a<\/p>\n","protected":false},"author":1,"featured_media":0,"comment_status":"open","ping_status":"closed","sticky":false,"template":"","format":"standard","meta":{"colormag_page_container_layout":"default_layout","colormag_page_sidebar_layout":"default_layout","_jetpack_newsletter_access":"","_jetpack_dont_email_post_to_subs":false,"_jetpack_newsletter_tier_id":0,"_jetpack_memberships_contains_paywalled_content":false,"_jetpack_feature_clip_id":0,"_jetpack_memberships_contains_paid_content":false,"footnotes":"","jetpack_publicize_message":"","jetpack_publicize_feature_enabled":true,"jetpack_social_post_already_shared":true,"jetpack_social_options":{"image_generator_settings":{"template":"highway","default_image_id":0,"font":"","enabled":false},"version":2},"jetpack_post_was_ever_published":false},"categories":[1],"tags":[],"class_list":["post-91172","post","type-post","status-publish","format-standard","hentry","category-noticias"],"yoast_head":"<!-- This site is optimized with the Yoast SEO plugin v28.4 - https:\/\/yoast.com\/product\/yoast-seo-wordpress\/ -->\n<title>Inicia este jueves vacunaci\u00f3n contra COVID-19 para mayores de 18 a\u00f1os en CSL y SJC - NBCS Noticias<\/title>\n<meta name=\"robots\" content=\"index, follow, max-snippet:-1, max-image-preview:large, max-video-preview:-1\" \/>\n<link rel=\"canonical\" href=\"https:\/\/nbcs.mx\/?p=91172\" \/>\n<meta property=\"og:locale\" content=\"es_ES\" \/>\n<meta property=\"og:type\" content=\"article\" \/>\n<meta property=\"og:title\" content=\"Inicia este jueves vacunaci\u00f3n contra COVID-19 para mayores de 18 a\u00f1os en CSL y SJC - NBCS Noticias\" \/>\n<meta property=\"og:description\" content=\"La Paz, Baja California Sur.- El sector salud de Baja California Sur refrend\u00f3 su convocatoria a personas de 18 a\" \/>\n<meta property=\"og:url\" content=\"https:\/\/nbcs.mx\/?p=91172\" \/>\n<meta property=\"og:site_name\" content=\"NBCS Noticias\" \/>\n<meta property=\"article:publisher\" content=\"https:\/\/www.facebook.com\/NBCSnoticias\" \/>\n<meta property=\"article:author\" content=\"https:\/\/www.facebook.com\/NBCSnoticias\" \/>\n<meta property=\"article:published_time\" content=\"2021-07-15T03:30:14+00:00\" \/>\n<meta property=\"og:image\" content=\"https:\/\/nbcs.mx\/wp-content\/uploads\/2021\/07\/02-Alcaldesa-Armida-Castro-hace-un-llamado-a-la-juventud-cabena-a-vacunarse-contra-el-COVID-19-3-755x470.jpeg\" \/>\n<meta name=\"author\" content=\"NBCS Noticias\" \/>\n<meta name=\"twitter:card\" content=\"summary_large_image\" \/>\n<meta name=\"twitter:creator\" content=\"@https:\/\/twitter.com\/NBCSnoticias\" \/>\n<meta name=\"twitter:site\" content=\"@NBCSnoticias\" \/>\n<meta name=\"twitter:label1\" content=\"Escrito por\" \/>\n\t<meta name=\"twitter:data1\" content=\"NBCS Noticias\" \/>\n\t<meta name=\"twitter:label2\" content=\"Tiempo de lectura\" \/>\n\t<meta name=\"twitter:data2\" content=\"2 minutos\" \/>\n<script type=\"application\/ld+json\" class=\"yoast-schema-graph\">{\"@context\":\"https:\\\/\\\/schema.org\",\"@graph\":[{\"@type\":\"Article\",\"@id\":\"https:\\\/\\\/nbcs.mx\\\/?p=91172#article\",\"isPartOf\":{\"@id\":\"https:\\\/\\\/nbcs.mx\\\/?p=91172\"},\"author\":{\"name\":\"NBCS Noticias\",\"@id\":\"https:\\\/\\\/nbcs.mx\\\/#\\\/schema\\\/person\\\/ece58bab9a7c1e87a4d28ec9ecd79ff4\"},\"headline\":\"Inicia este jueves vacunaci\u00f3n contra COVID-19 para mayores de 18 a\u00f1os en CSL y SJC\",\"datePublished\":\"2021-07-15T03:30:14+00:00\",\"mainEntityOfPage\":{\"@id\":\"https:\\\/\\\/nbcs.mx\\\/?p=91172\"},\"wordCount\":387,\"commentCount\":0,\"publisher\":{\"@id\":\"https:\\\/\\\/nbcs.mx\\\/#organization\"},\"image\":{\"@id\":\"https:\\\/\\\/nbcs.mx\\\/?p=91172#primaryimage\"},\"thumbnailUrl\":\"https:\\\/\\\/nbcs.mx\\\/wp-content\\\/uploads\\\/2021\\\/07\\\/02-Alcaldesa-Armida-Castro-hace-un-llamado-a-la-juventud-cabena-a-vacunarse-contra-el-COVID-19-3-755x470.jpeg\",\"articleSection\":[\"Noticias\"],\"inLanguage\":\"es\",\"potentialAction\":[{\"@type\":\"CommentAction\",\"name\":\"Comment\",\"target\":[\"https:\\\/\\\/nbcs.mx\\\/?p=91172#respond\"]}]},{\"@type\":\"WebPage\",\"@id\":\"https:\\\/\\\/nbcs.mx\\\/?p=91172\",\"url\":\"https:\\\/\\\/nbcs.mx\\\/?p=91172\",\"name\":\"Inicia este jueves vacunaci\u00f3n contra COVID-19 para mayores de 18 a\u00f1os en CSL y SJC - NBCS Noticias\",\"isPartOf\":{\"@id\":\"https:\\\/\\\/nbcs.mx\\\/#website\"},\"primaryImageOfPage\":{\"@id\":\"https:\\\/\\\/nbcs.mx\\\/?p=91172#primaryimage\"},\"image\":{\"@id\":\"https:\\\/\\\/nbcs.mx\\\/?p=91172#primaryimage\"},\"thumbnailUrl\":\"https:\\\/\\\/nbcs.mx\\\/wp-content\\\/uploads\\\/2021\\\/07\\\/02-Alcaldesa-Armida-Castro-hace-un-llamado-a-la-juventud-cabena-a-vacunarse-contra-el-COVID-19-3-755x470.jpeg\",\"datePublished\":\"2021-07-15T03:30:14+00:00\",\"breadcrumb\":{\"@id\":\"https:\\\/\\\/nbcs.mx\\\/?p=91172#breadcrumb\"},\"inLanguage\":\"es\",\"potentialAction\":[{\"@type\":\"ReadAction\",\"target\":[\"https:\\\/\\\/nbcs.mx\\\/?p=91172\"]}]},{\"@type\":\"ImageObject\",\"inLanguage\":\"es\",\"@id\":\"https:\\\/\\\/nbcs.mx\\\/?p=91172#primaryimage\",\"url\":\"https:\\\/\\\/nbcs.mx\\\/wp-content\\\/uploads\\\/2021\\\/07\\\/02-Alcaldesa-Armida-Castro-hace-un-llamado-a-la-juventud-cabena-a-vacunarse-contra-el-COVID-19-3-755x470.jpeg\",\"contentUrl\":\"https:\\\/\\\/nbcs.mx\\\/wp-content\\\/uploads\\\/2021\\\/07\\\/02-Alcaldesa-Armida-Castro-hace-un-llamado-a-la-juventud-cabena-a-vacunarse-contra-el-COVID-19-3-755x470.jpeg\"},{\"@type\":\"BreadcrumbList\",\"@id\":\"https:\\\/\\\/nbcs.mx\\\/?p=91172#breadcrumb\",\"itemListElement\":[{\"@type\":\"ListItem\",\"position\":1,\"name\":\"Portada\",\"item\":\"https:\\\/\\\/nbcs.mx\\\/\"},{\"@type\":\"ListItem\",\"position\":2,\"name\":\"Inicia este jueves vacunaci\u00f3n contra COVID-19 para mayores de 18 a\u00f1os en CSL y SJC\"}]},{\"@type\":\"WebSite\",\"@id\":\"https:\\\/\\\/nbcs.mx\\\/#website\",\"url\":\"https:\\\/\\\/nbcs.mx\\\/\",\"name\":\"NBCS Noticias\",\"description\":\"Sitio web de noticias en Baja California Sur\",\"publisher\":{\"@id\":\"https:\\\/\\\/nbcs.mx\\\/#organization\"},\"potentialAction\":[{\"@type\":\"SearchAction\",\"target\":{\"@type\":\"EntryPoint\",\"urlTemplate\":\"https:\\\/\\\/nbcs.mx\\\/?s={search_term_string}\"},\"query-input\":{\"@type\":\"PropertyValueSpecification\",\"valueRequired\":true,\"valueName\":\"search_term_string\"}}],\"inLanguage\":\"es\"},{\"@type\":\"Organization\",\"@id\":\"https:\\\/\\\/nbcs.mx\\\/#organization\",\"name\":\"NBCS Noticias\",\"url\":\"https:\\\/\\\/nbcs.mx\\\/\",\"logo\":{\"@type\":\"ImageObject\",\"inLanguage\":\"es\",\"@id\":\"https:\\\/\\\/nbcs.mx\\\/#\\\/schema\\\/logo\\\/image\\\/\",\"url\":\"https:\\\/\\\/nbcs.mx\\\/wp-content\\\/uploads\\\/2018\\\/09\\\/057b69485e93575a5c2b1c1dde2dd297.jpeg\",\"contentUrl\":\"https:\\\/\\\/nbcs.mx\\\/wp-content\\\/uploads\\\/2018\\\/09\\\/057b69485e93575a5c2b1c1dde2dd297.jpeg\",\"width\":64,\"height\":64,\"caption\":\"NBCS Noticias\"},\"image\":{\"@id\":\"https:\\\/\\\/nbcs.mx\\\/#\\\/schema\\\/logo\\\/image\\\/\"},\"sameAs\":[\"https:\\\/\\\/www.facebook.com\\\/NBCSnoticias\",\"https:\\\/\\\/x.com\\\/NBCSnoticias\"]},{\"@type\":\"Person\",\"@id\":\"https:\\\/\\\/nbcs.mx\\\/#\\\/schema\\\/person\\\/ece58bab9a7c1e87a4d28ec9ecd79ff4\",\"name\":\"NBCS Noticias\",\"image\":{\"@type\":\"ImageObject\",\"inLanguage\":\"es\",\"@id\":\"https:\\\/\\\/secure.gravatar.com\\\/avatar\\\/4e52110cad1c4054b43271a0d14bbe9e2ea76aecd0e1097edfc670798d9ca1d4?s=96&d=blank&r=g\",\"url\":\"https:\\\/\\\/secure.gravatar.com\\\/avatar\\\/4e52110cad1c4054b43271a0d14bbe9e2ea76aecd0e1097edfc670798d9ca1d4?s=96&d=blank&r=g\",\"contentUrl\":\"https:\\\/\\\/secure.gravatar.com\\\/avatar\\\/4e52110cad1c4054b43271a0d14bbe9e2ea76aecd0e1097edfc670798d9ca1d4?s=96&d=blank&r=g\",\"caption\":\"NBCS Noticias\"},\"description\":\"\u00bfTienes fotos o video de alg\u00fan acto de posible negligencia, corrupci\u00f3n y abuso de autoridad? M\u00e1ndalo al WhatsApp de NBCS Noticias: 612 141 98 08\",\"sameAs\":[\"https:\\\/\\\/www.nbcs.mx\",\"https:\\\/\\\/www.facebook.com\\\/NBCSnoticias\",\"https:\\\/\\\/www.instagram.com\\\/nbcsnoticias\\\/\",\"https:\\\/\\\/x.com\\\/https:\\\/\\\/twitter.com\\\/NBCSnoticias\"]}]}<\/script>\n<!-- \/ Yoast SEO plugin. -->","yoast_head_json":{"title":"Inicia este jueves vacunaci\u00f3n contra COVID-19 para mayores de 18 a\u00f1os en CSL y SJC - NBCS Noticias","robots":{"index":"index","follow":"follow","max-snippet":"max-snippet:-1","max-image-preview":"max-image-preview:large","max-video-preview":"max-video-preview:-1"},"canonical":"https:\/\/nbcs.mx\/?p=91172","og_locale":"es_ES","og_type":"article","og_title":"Inicia este jueves vacunaci\u00f3n contra COVID-19 para mayores de 18 a\u00f1os en CSL y SJC - NBCS Noticias","og_description":"La Paz, Baja California Sur.- El sector salud de Baja California Sur refrend\u00f3 su convocatoria a personas de 18 a","og_url":"https:\/\/nbcs.mx\/?p=91172","og_site_name":"NBCS Noticias","article_publisher":"https:\/\/www.facebook.com\/NBCSnoticias","article_author":"https:\/\/www.facebook.com\/NBCSnoticias","article_published_time":"2021-07-15T03:30:14+00:00","og_image":[{"url":"https:\/\/nbcs.mx\/wp-content\/uploads\/2021\/07\/02-Alcaldesa-Armida-Castro-hace-un-llamado-a-la-juventud-cabena-a-vacunarse-contra-el-COVID-19-3-755x470.jpeg","type":"","width":"","height":""}],"author":"NBCS Noticias","twitter_card":"summary_large_image","twitter_creator":"@https:\/\/twitter.com\/NBCSnoticias","twitter_site":"@NBCSnoticias","twitter_misc":{"Escrito por":"NBCS Noticias","Tiempo de lectura":"2 minutos"},"schema":{"@context":"https:\/\/schema.org","@graph":[{"@type":"Article","@id":"https:\/\/nbcs.mx\/?p=91172#article","isPartOf":{"@id":"https:\/\/nbcs.mx\/?p=91172"},"author":{"name":"NBCS Noticias","@id":"https:\/\/nbcs.mx\/#\/schema\/person\/ece58bab9a7c1e87a4d28ec9ecd79ff4"},"headline":"Inicia este jueves vacunaci\u00f3n contra COVID-19 para mayores de 18 a\u00f1os en CSL y SJC","datePublished":"2021-07-15T03:30:14+00:00","mainEntityOfPage":{"@id":"https:\/\/nbcs.mx\/?p=91172"},"wordCount":387,"commentCount":0,"publisher":{"@id":"https:\/\/nbcs.mx\/#organization"},"image":{"@id":"https:\/\/nbcs.mx\/?p=91172#primaryimage"},"thumbnailUrl":"https:\/\/nbcs.mx\/wp-content\/uploads\/2021\/07\/02-Alcaldesa-Armida-Castro-hace-un-llamado-a-la-juventud-cabena-a-vacunarse-contra-el-COVID-19-3-755x470.jpeg","articleSection":["Noticias"],"inLanguage":"es","potentialAction":[{"@type":"CommentAction","name":"Comment","target":["https:\/\/nbcs.mx\/?p=91172#respond"]}]},{"@type":"WebPage","@id":"https:\/\/nbcs.mx\/?p=91172","url":"https:\/\/nbcs.mx\/?p=91172","name":"Inicia este jueves vacunaci\u00f3n contra COVID-19 para mayores de 18 a\u00f1os en CSL y SJC - NBCS Noticias","isPartOf":{"@id":"https:\/\/nbcs.mx\/#website"},"primaryImageOfPage":{"@id":"https:\/\/nbcs.mx\/?p=91172#primaryimage"},"image":{"@id":"https:\/\/nbcs.mx\/?p=91172#primaryimage"},"thumbnailUrl":"https:\/\/nbcs.mx\/wp-content\/uploads\/2021\/07\/02-Alcaldesa-Armida-Castro-hace-un-llamado-a-la-juventud-cabena-a-vacunarse-contra-el-COVID-19-3-755x470.jpeg","datePublished":"2021-07-15T03:30:14+00:00","breadcrumb":{"@id":"https:\/\/nbcs.mx\/?p=91172#breadcrumb"},"inLanguage":"es","potentialAction":[{"@type":"ReadAction","target":["https:\/\/nbcs.mx\/?p=91172"]}]},{"@type":"ImageObject","inLanguage":"es","@id":"https:\/\/nbcs.mx\/?p=91172#primaryimage","url":"https:\/\/nbcs.mx\/wp-content\/uploads\/2021\/07\/02-Alcaldesa-Armida-Castro-hace-un-llamado-a-la-juventud-cabena-a-vacunarse-contra-el-COVID-19-3-755x470.jpeg","contentUrl":"https:\/\/nbcs.mx\/wp-content\/uploads\/2021\/07\/02-Alcaldesa-Armida-Castro-hace-un-llamado-a-la-juventud-cabena-a-vacunarse-contra-el-COVID-19-3-755x470.jpeg"},{"@type":"BreadcrumbList","@id":"https:\/\/nbcs.mx\/?p=91172#breadcrumb","itemListElement":[{"@type":"ListItem","position":1,"name":"Portada","item":"https:\/\/nbcs.mx\/"},{"@type":"ListItem","position":2,"name":"Inicia este jueves vacunaci\u00f3n contra COVID-19 para mayores de 18 a\u00f1os en CSL y SJC"}]},{"@type":"WebSite","@id":"https:\/\/nbcs.mx\/#website","url":"https:\/\/nbcs.mx\/","name":"NBCS Noticias","description":"Sitio web de noticias en Baja California Sur","publisher":{"@id":"https:\/\/nbcs.mx\/#organization"},"potentialAction":[{"@type":"SearchAction","target":{"@type":"EntryPoint","urlTemplate":"https:\/\/nbcs.mx\/?s={search_term_string}"},"query-input":{"@type":"PropertyValueSpecification","valueRequired":true,"valueName":"search_term_string"}}],"inLanguage":"es"},{"@type":"Organization","@id":"https:\/\/nbcs.mx\/#organization","name":"NBCS Noticias","url":"https:\/\/nbcs.mx\/","logo":{"@type":"ImageObject","inLanguage":"es","@id":"https:\/\/nbcs.mx\/#\/schema\/logo\/image\/","url":"https:\/\/nbcs.mx\/wp-content\/uploads\/2018\/09\/057b69485e93575a5c2b1c1dde2dd297.jpeg","contentUrl":"https:\/\/nbcs.mx\/wp-content\/uploads\/2018\/09\/057b69485e93575a5c2b1c1dde2dd297.jpeg","width":64,"height":64,"caption":"NBCS Noticias"},"image":{"@id":"https:\/\/nbcs.mx\/#\/schema\/logo\/image\/"},"sameAs":["https:\/\/www.facebook.com\/NBCSnoticias","https:\/\/x.com\/NBCSnoticias"]},{"@type":"Person","@id":"https:\/\/nbcs.mx\/#\/schema\/person\/ece58bab9a7c1e87a4d28ec9ecd79ff4","name":"NBCS Noticias","image":{"@type":"ImageObject","inLanguage":"es","@id":"https:\/\/secure.gravatar.com\/avatar\/4e52110cad1c4054b43271a0d14bbe9e2ea76aecd0e1097edfc670798d9ca1d4?s=96&d=blank&r=g","url":"https:\/\/secure.gravatar.com\/avatar\/4e52110cad1c4054b43271a0d14bbe9e2ea76aecd0e1097edfc670798d9ca1d4?s=96&d=blank&r=g","contentUrl":"https:\/\/secure.gravatar.com\/avatar\/4e52110cad1c4054b43271a0d14bbe9e2ea76aecd0e1097edfc670798d9ca1d4?s=96&d=blank&r=g","caption":"NBCS Noticias"},"description":"\u00bfTienes fotos o video de alg\u00fan acto de posible negligencia, corrupci\u00f3n y abuso de autoridad? M\u00e1ndalo al WhatsApp de NBCS Noticias: 612 141 98 08","sameAs":["https:\/\/www.nbcs.mx","https:\/\/www.facebook.com\/NBCSnoticias","https:\/\/www.instagram.com\/nbcsnoticias\/","https:\/\/x.com\/https:\/\/twitter.com\/NBCSnoticias"]}]}},"jetpack_publicize_connections":[],"jetpack_sharing_enabled":true,"jetpack_featured_media_url":"","_links":{"self":[{"href":"https:\/\/nbcs.mx\/index.php?rest_route=\/wp\/v2\/posts\/91172","targetHints":{"allow":["GET"]}}],"collection":[{"href":"https:\/\/nbcs.mx\/index.php?rest_route=\/wp\/v2\/posts"}],"about":[{"href":"https:\/\/nbcs.mx\/index.php?rest_route=\/wp\/v2\/types\/post"}],"author":[{"embeddable":true,"href":"https:\/\/nbcs.mx\/index.php?rest_route=\/wp\/v2\/users\/1"}],"replies":[{"embeddable":true,"href":"https:\/\/nbcs.mx\/index.php?rest_route=%2Fwp%2Fv2%2Fcomments&post=91172"}],"version-history":[{"count":1,"href":"https:\/\/nbcs.mx\/index.php?rest_route=\/wp\/v2\/posts\/91172\/revisions"}],"predecessor-version":[{"id":91174,"href":"https:\/\/nbcs.mx\/index.php?rest_route=\/wp\/v2\/posts\/91172\/revisions\/91174"}],"wp:attachment":[{"href":"https:\/\/nbcs.mx\/index.php?rest_route=%2Fwp%2Fv2%2Fmedia&parent=91172"}],"wp:term":[{"taxonomy":"category","embeddable":true,"href":"https:\/\/nbcs.mx\/index.php?rest_route=%2Fwp%2Fv2%2Fcategories&post=91172"},{"taxonomy":"post_tag","embeddable":true,"href":"https:\/\/nbcs.mx\/index.php?rest_route=%2Fwp%2Fv2%2Ftags&post=91172"}],"curies":[{"name":"wp","href":"https:\/\/api.w.org\/{rel}","templated":true}]}}