{"id":92194,"date":"2021-08-10T23:13:09","date_gmt":"2021-08-11T05:13:09","guid":{"rendered":"https:\/\/nbcs.mx\/?p=92194"},"modified":"2021-08-10T23:13:09","modified_gmt":"2021-08-11T05:13:09","slug":"suspenden-venta-de-alimentos-en-via-publica-por-corridas-de-aguas-negras","status":"publish","type":"post","link":"https:\/\/nbcs.mx\/?p=92194","title":{"rendered":"Suspenden venta de alimentos en v\u00eda p\u00fablica por corridas de aguas negras"},"content":{"rendered":"<p style=\"text-align: justify;\"><img loading=\"lazy\" decoding=\"async\" class=\" wp-image-92195 alignleft\" src=\"https:\/\/nbcs.mx\/wp-content\/uploads\/2021\/08\/Loreto-Vendedor-puesto-755x471.jpeg\" alt=\"\" width=\"394\" height=\"246\" srcset=\"https:\/\/nbcs.mx\/wp-content\/uploads\/2021\/08\/Loreto-Vendedor-puesto-755x471.jpeg 755w, https:\/\/nbcs.mx\/wp-content\/uploads\/2021\/08\/Loreto-Vendedor-puesto-150x94.jpeg 150w, https:\/\/nbcs.mx\/wp-content\/uploads\/2021\/08\/Loreto-Vendedor-puesto-768x479.jpeg 768w, https:\/\/nbcs.mx\/wp-content\/uploads\/2021\/08\/Loreto-Vendedor-puesto.jpeg 960w\" sizes=\"auto, (max-width: 394px) 100vw, 394px\" \/>La Paz, Baja California Sur.- Ante las recientes lluvias registradas en Los Cabos, la Comisi\u00f3n Estatal para la Protecci\u00f3n contra Riesgos Sanitarios (COEPRIS) suspendi\u00f3 temporalmente la venta de alimentos en la v\u00eda p\u00fablica solo en aquellas zonas donde se presentan derrames de aguas negras, para prevenir la incidencia de infecciones diarreicas agudas.<\/p>\n<p style=\"text-align: justify;\">\n<p style=\"text-align: justify;\">No es una medida generalizada para el municipio, sino que se aplica en los pol\u00edgonos donde se registren vertimientos de drenaje como consecuencia de la crecida de agua que gener\u00f3 la lluvia, inform\u00f3 la titular de la dependencia, Blanca Pulido Medrano, al se\u00f1alar que la convocatoria para todos los comerciantes es efectuar la cloraci\u00f3n y limpieza de las banquetas donde laboran.<\/p>\n<p style=\"text-align: justify;\">\n<p style=\"text-align: justify;\">La funcionaria estatal dijo que al continuar las precipitaciones, los vendedores con puestos semifijos optaron en su mayor\u00eda por no instalarse, sin embargo personal de COEPRIS se mantiene en recorridos para constatar que quienes est\u00e9n laborando lo hagan con apego a las medidas para reducir riesgos por Covid-19 y de higiene b\u00e1sica para no propiciar afecciones gastrointestinales.<\/p>\n<p style=\"text-align: justify;\">\n<p style=\"text-align: justify;\">Pulido Medrano agreg\u00f3 que al mantenerse Los Cabos en nivel 4 del Sistema de Alertas Sanitaria por Covid-19, los puestos semifijos que operan en ese municipio pueden laborar siempre y cuando atiendan las disposiciones para prevenir la transmisi\u00f3n de esta enfermedad respiratoria, pero ante la presencia de lluvias se a\u00f1ade la restricci\u00f3n de que no existan escurrimientos de aguas residuales en las inmediaciones.<\/p>\n<p style=\"text-align: justify;\">\n<p style=\"text-align: justify;\">El llamado a la poblaci\u00f3n es priorizar el consumo de alimentos preparados en casa con estrictas medidas de higiene y en su caso ingerir comestibles en establecimientos que cumplan con las normas sanitarias, a fin de preservar la salud. En caso de observar irregularidades en el saneamiento b\u00e1sico que deben seguir estos comercios, las personas pueden presentar su denuncia en el portal <a href=\"http:\/\/www.coeprisbcs.gob.mx\/\">www.coeprisbcs.gob.mx<\/a> para que personal de la instituci\u00f3n realice el seguimiento oportuno, puntualiz\u00f3.<\/p>\n<p style=\"text-align: justify;\">\n","protected":false},"excerpt":{"rendered":"<p>La Paz, Baja California Sur.- Ante las recientes lluvias registradas en Los Cabos, la Comisi\u00f3n Estatal para la Protecci\u00f3n contra<\/p>\n","protected":false},"author":1,"featured_media":92195,"comment_status":"open","ping_status":"closed","sticky":false,"template":"","format":"standard","meta":{"colormag_page_container_layout":"default_layout","colormag_page_sidebar_layout":"default_layout","_jetpack_memberships_contains_paid_content":false,"footnotes":"","jetpack_publicize_message":"","jetpack_publicize_feature_enabled":true,"jetpack_social_post_already_shared":true,"jetpack_social_options":{"image_generator_settings":{"template":"highway","default_image_id":0,"font":"","enabled":false},"version":2}},"categories":[1],"tags":[],"class_list":["post-92194","post","type-post","status-publish","format-standard","has-post-thumbnail","hentry","category-noticias"],"yoast_head":"<!-- This site is optimized with the Yoast SEO plugin v27.5 - https:\/\/yoast.com\/product\/yoast-seo-wordpress\/ -->\n<title>Suspenden venta de alimentos en v\u00eda p\u00fablica por corridas de aguas negras - NBCS Noticias<\/title>\n<meta name=\"robots\" content=\"index, follow, max-snippet:-1, max-image-preview:large, max-video-preview:-1\" \/>\n<link rel=\"canonical\" href=\"https:\/\/nbcs.mx\/?p=92194\" \/>\n<meta property=\"og:locale\" content=\"es_ES\" \/>\n<meta property=\"og:type\" content=\"article\" \/>\n<meta property=\"og:title\" content=\"Suspenden venta de alimentos en v\u00eda p\u00fablica por corridas de aguas negras - NBCS Noticias\" \/>\n<meta property=\"og:description\" content=\"La Paz, Baja California Sur.- Ante las recientes lluvias registradas en Los Cabos, la Comisi\u00f3n Estatal para la Protecci\u00f3n contra\" \/>\n<meta property=\"og:url\" content=\"https:\/\/nbcs.mx\/?p=92194\" \/>\n<meta property=\"og:site_name\" content=\"NBCS Noticias\" \/>\n<meta property=\"article:publisher\" content=\"https:\/\/www.facebook.com\/NBCSnoticias\" \/>\n<meta property=\"article:author\" content=\"https:\/\/www.facebook.com\/NBCSnoticias\" \/>\n<meta property=\"article:published_time\" content=\"2021-08-11T05:13:09+00:00\" \/>\n<meta property=\"og:image\" content=\"https:\/\/nbcs.mx\/wp-content\/uploads\/2021\/08\/Loreto-Vendedor-puesto.jpeg\" \/>\n\t<meta property=\"og:image:width\" content=\"960\" \/>\n\t<meta property=\"og:image:height\" content=\"599\" \/>\n\t<meta property=\"og:image:type\" content=\"image\/jpeg\" \/>\n<meta name=\"author\" content=\"NBCS Noticias\" \/>\n<meta name=\"twitter:card\" content=\"summary_large_image\" \/>\n<meta name=\"twitter:creator\" content=\"@https:\/\/twitter.com\/NBCSnoticias\" \/>\n<meta name=\"twitter:site\" content=\"@NBCSnoticias\" \/>\n<meta name=\"twitter:label1\" content=\"Escrito por\" \/>\n\t<meta name=\"twitter:data1\" content=\"NBCS Noticias\" \/>\n\t<meta name=\"twitter:label2\" content=\"Tiempo de lectura\" \/>\n\t<meta name=\"twitter:data2\" content=\"2 minutos\" \/>\n<script type=\"application\/ld+json\" class=\"yoast-schema-graph\">{\"@context\":\"https:\\\/\\\/schema.org\",\"@graph\":[{\"@type\":\"Article\",\"@id\":\"https:\\\/\\\/nbcs.mx\\\/?p=92194#article\",\"isPartOf\":{\"@id\":\"https:\\\/\\\/nbcs.mx\\\/?p=92194\"},\"author\":{\"name\":\"NBCS Noticias\",\"@id\":\"https:\\\/\\\/nbcs.mx\\\/#\\\/schema\\\/person\\\/ece58bab9a7c1e87a4d28ec9ecd79ff4\"},\"headline\":\"Suspenden venta de alimentos en v\u00eda p\u00fablica por corridas de aguas negras\",\"datePublished\":\"2021-08-11T05:13:09+00:00\",\"mainEntityOfPage\":{\"@id\":\"https:\\\/\\\/nbcs.mx\\\/?p=92194\"},\"wordCount\":340,\"commentCount\":0,\"publisher\":{\"@id\":\"https:\\\/\\\/nbcs.mx\\\/#organization\"},\"image\":{\"@id\":\"https:\\\/\\\/nbcs.mx\\\/?p=92194#primaryimage\"},\"thumbnailUrl\":\"https:\\\/\\\/nbcs.mx\\\/wp-content\\\/uploads\\\/2021\\\/08\\\/Loreto-Vendedor-puesto.jpeg\",\"articleSection\":[\"Noticias\"],\"inLanguage\":\"es\",\"potentialAction\":[{\"@type\":\"CommentAction\",\"name\":\"Comment\",\"target\":[\"https:\\\/\\\/nbcs.mx\\\/?p=92194#respond\"]}]},{\"@type\":\"WebPage\",\"@id\":\"https:\\\/\\\/nbcs.mx\\\/?p=92194\",\"url\":\"https:\\\/\\\/nbcs.mx\\\/?p=92194\",\"name\":\"Suspenden venta de alimentos en v\u00eda p\u00fablica por corridas de aguas negras - NBCS Noticias\",\"isPartOf\":{\"@id\":\"https:\\\/\\\/nbcs.mx\\\/#website\"},\"primaryImageOfPage\":{\"@id\":\"https:\\\/\\\/nbcs.mx\\\/?p=92194#primaryimage\"},\"image\":{\"@id\":\"https:\\\/\\\/nbcs.mx\\\/?p=92194#primaryimage\"},\"thumbnailUrl\":\"https:\\\/\\\/nbcs.mx\\\/wp-content\\\/uploads\\\/2021\\\/08\\\/Loreto-Vendedor-puesto.jpeg\",\"datePublished\":\"2021-08-11T05:13:09+00:00\",\"breadcrumb\":{\"@id\":\"https:\\\/\\\/nbcs.mx\\\/?p=92194#breadcrumb\"},\"inLanguage\":\"es\",\"potentialAction\":[{\"@type\":\"ReadAction\",\"target\":[\"https:\\\/\\\/nbcs.mx\\\/?p=92194\"]}]},{\"@type\":\"ImageObject\",\"inLanguage\":\"es\",\"@id\":\"https:\\\/\\\/nbcs.mx\\\/?p=92194#primaryimage\",\"url\":\"https:\\\/\\\/nbcs.mx\\\/wp-content\\\/uploads\\\/2021\\\/08\\\/Loreto-Vendedor-puesto.jpeg\",\"contentUrl\":\"https:\\\/\\\/nbcs.mx\\\/wp-content\\\/uploads\\\/2021\\\/08\\\/Loreto-Vendedor-puesto.jpeg\",\"width\":960,\"height\":599},{\"@type\":\"BreadcrumbList\",\"@id\":\"https:\\\/\\\/nbcs.mx\\\/?p=92194#breadcrumb\",\"itemListElement\":[{\"@type\":\"ListItem\",\"position\":1,\"name\":\"Portada\",\"item\":\"https:\\\/\\\/nbcs.mx\\\/\"},{\"@type\":\"ListItem\",\"position\":2,\"name\":\"Suspenden venta de alimentos en v\u00eda p\u00fablica por corridas de aguas negras\"}]},{\"@type\":\"WebSite\",\"@id\":\"https:\\\/\\\/nbcs.mx\\\/#website\",\"url\":\"https:\\\/\\\/nbcs.mx\\\/\",\"name\":\"NBCS Noticias\",\"description\":\"Sitio web de noticias en Baja California Sur\",\"publisher\":{\"@id\":\"https:\\\/\\\/nbcs.mx\\\/#organization\"},\"potentialAction\":[{\"@type\":\"SearchAction\",\"target\":{\"@type\":\"EntryPoint\",\"urlTemplate\":\"https:\\\/\\\/nbcs.mx\\\/?s={search_term_string}\"},\"query-input\":{\"@type\":\"PropertyValueSpecification\",\"valueRequired\":true,\"valueName\":\"search_term_string\"}}],\"inLanguage\":\"es\"},{\"@type\":\"Organization\",\"@id\":\"https:\\\/\\\/nbcs.mx\\\/#organization\",\"name\":\"NBCS Noticias\",\"url\":\"https:\\\/\\\/nbcs.mx\\\/\",\"logo\":{\"@type\":\"ImageObject\",\"inLanguage\":\"es\",\"@id\":\"https:\\\/\\\/nbcs.mx\\\/#\\\/schema\\\/logo\\\/image\\\/\",\"url\":\"https:\\\/\\\/nbcs.mx\\\/wp-content\\\/uploads\\\/2018\\\/09\\\/057b69485e93575a5c2b1c1dde2dd297.jpeg\",\"contentUrl\":\"https:\\\/\\\/nbcs.mx\\\/wp-content\\\/uploads\\\/2018\\\/09\\\/057b69485e93575a5c2b1c1dde2dd297.jpeg\",\"width\":64,\"height\":64,\"caption\":\"NBCS Noticias\"},\"image\":{\"@id\":\"https:\\\/\\\/nbcs.mx\\\/#\\\/schema\\\/logo\\\/image\\\/\"},\"sameAs\":[\"https:\\\/\\\/www.facebook.com\\\/NBCSnoticias\",\"https:\\\/\\\/x.com\\\/NBCSnoticias\"]},{\"@type\":\"Person\",\"@id\":\"https:\\\/\\\/nbcs.mx\\\/#\\\/schema\\\/person\\\/ece58bab9a7c1e87a4d28ec9ecd79ff4\",\"name\":\"NBCS Noticias\",\"image\":{\"@type\":\"ImageObject\",\"inLanguage\":\"es\",\"@id\":\"https:\\\/\\\/secure.gravatar.com\\\/avatar\\\/4e52110cad1c4054b43271a0d14bbe9e2ea76aecd0e1097edfc670798d9ca1d4?s=96&d=blank&r=g\",\"url\":\"https:\\\/\\\/secure.gravatar.com\\\/avatar\\\/4e52110cad1c4054b43271a0d14bbe9e2ea76aecd0e1097edfc670798d9ca1d4?s=96&d=blank&r=g\",\"contentUrl\":\"https:\\\/\\\/secure.gravatar.com\\\/avatar\\\/4e52110cad1c4054b43271a0d14bbe9e2ea76aecd0e1097edfc670798d9ca1d4?s=96&d=blank&r=g\",\"caption\":\"NBCS Noticias\"},\"description\":\"\u00bfTienes fotos o video de alg\u00fan acto de posible negligencia, corrupci\u00f3n y abuso de autoridad? M\u00e1ndalo al WhatsApp de NBCS Noticias: 612 141 98 08\",\"sameAs\":[\"https:\\\/\\\/www.nbcs.mx\",\"https:\\\/\\\/www.facebook.com\\\/NBCSnoticias\",\"https:\\\/\\\/www.instagram.com\\\/nbcsnoticias\\\/\",\"https:\\\/\\\/x.com\\\/https:\\\/\\\/twitter.com\\\/NBCSnoticias\"]}]}<\/script>\n<!-- \/ Yoast SEO plugin. -->","yoast_head_json":{"title":"Suspenden venta de alimentos en v\u00eda p\u00fablica por corridas de aguas negras - NBCS Noticias","robots":{"index":"index","follow":"follow","max-snippet":"max-snippet:-1","max-image-preview":"max-image-preview:large","max-video-preview":"max-video-preview:-1"},"canonical":"https:\/\/nbcs.mx\/?p=92194","og_locale":"es_ES","og_type":"article","og_title":"Suspenden venta de alimentos en v\u00eda p\u00fablica por corridas de aguas negras - NBCS Noticias","og_description":"La Paz, Baja California Sur.- Ante las recientes lluvias registradas en Los Cabos, la Comisi\u00f3n Estatal para la Protecci\u00f3n contra","og_url":"https:\/\/nbcs.mx\/?p=92194","og_site_name":"NBCS Noticias","article_publisher":"https:\/\/www.facebook.com\/NBCSnoticias","article_author":"https:\/\/www.facebook.com\/NBCSnoticias","article_published_time":"2021-08-11T05:13:09+00:00","og_image":[{"width":960,"height":599,"url":"https:\/\/nbcs.mx\/wp-content\/uploads\/2021\/08\/Loreto-Vendedor-puesto.jpeg","type":"image\/jpeg"}],"author":"NBCS Noticias","twitter_card":"summary_large_image","twitter_creator":"@https:\/\/twitter.com\/NBCSnoticias","twitter_site":"@NBCSnoticias","twitter_misc":{"Escrito por":"NBCS Noticias","Tiempo de lectura":"2 minutos"},"schema":{"@context":"https:\/\/schema.org","@graph":[{"@type":"Article","@id":"https:\/\/nbcs.mx\/?p=92194#article","isPartOf":{"@id":"https:\/\/nbcs.mx\/?p=92194"},"author":{"name":"NBCS Noticias","@id":"https:\/\/nbcs.mx\/#\/schema\/person\/ece58bab9a7c1e87a4d28ec9ecd79ff4"},"headline":"Suspenden venta de alimentos en v\u00eda p\u00fablica por corridas de aguas negras","datePublished":"2021-08-11T05:13:09+00:00","mainEntityOfPage":{"@id":"https:\/\/nbcs.mx\/?p=92194"},"wordCount":340,"commentCount":0,"publisher":{"@id":"https:\/\/nbcs.mx\/#organization"},"image":{"@id":"https:\/\/nbcs.mx\/?p=92194#primaryimage"},"thumbnailUrl":"https:\/\/nbcs.mx\/wp-content\/uploads\/2021\/08\/Loreto-Vendedor-puesto.jpeg","articleSection":["Noticias"],"inLanguage":"es","potentialAction":[{"@type":"CommentAction","name":"Comment","target":["https:\/\/nbcs.mx\/?p=92194#respond"]}]},{"@type":"WebPage","@id":"https:\/\/nbcs.mx\/?p=92194","url":"https:\/\/nbcs.mx\/?p=92194","name":"Suspenden venta de alimentos en v\u00eda p\u00fablica por corridas de aguas negras - NBCS Noticias","isPartOf":{"@id":"https:\/\/nbcs.mx\/#website"},"primaryImageOfPage":{"@id":"https:\/\/nbcs.mx\/?p=92194#primaryimage"},"image":{"@id":"https:\/\/nbcs.mx\/?p=92194#primaryimage"},"thumbnailUrl":"https:\/\/nbcs.mx\/wp-content\/uploads\/2021\/08\/Loreto-Vendedor-puesto.jpeg","datePublished":"2021-08-11T05:13:09+00:00","breadcrumb":{"@id":"https:\/\/nbcs.mx\/?p=92194#breadcrumb"},"inLanguage":"es","potentialAction":[{"@type":"ReadAction","target":["https:\/\/nbcs.mx\/?p=92194"]}]},{"@type":"ImageObject","inLanguage":"es","@id":"https:\/\/nbcs.mx\/?p=92194#primaryimage","url":"https:\/\/nbcs.mx\/wp-content\/uploads\/2021\/08\/Loreto-Vendedor-puesto.jpeg","contentUrl":"https:\/\/nbcs.mx\/wp-content\/uploads\/2021\/08\/Loreto-Vendedor-puesto.jpeg","width":960,"height":599},{"@type":"BreadcrumbList","@id":"https:\/\/nbcs.mx\/?p=92194#breadcrumb","itemListElement":[{"@type":"ListItem","position":1,"name":"Portada","item":"https:\/\/nbcs.mx\/"},{"@type":"ListItem","position":2,"name":"Suspenden venta de alimentos en v\u00eda p\u00fablica por corridas de aguas negras"}]},{"@type":"WebSite","@id":"https:\/\/nbcs.mx\/#website","url":"https:\/\/nbcs.mx\/","name":"NBCS Noticias","description":"Sitio web de noticias en Baja California Sur","publisher":{"@id":"https:\/\/nbcs.mx\/#organization"},"potentialAction":[{"@type":"SearchAction","target":{"@type":"EntryPoint","urlTemplate":"https:\/\/nbcs.mx\/?s={search_term_string}"},"query-input":{"@type":"PropertyValueSpecification","valueRequired":true,"valueName":"search_term_string"}}],"inLanguage":"es"},{"@type":"Organization","@id":"https:\/\/nbcs.mx\/#organization","name":"NBCS Noticias","url":"https:\/\/nbcs.mx\/","logo":{"@type":"ImageObject","inLanguage":"es","@id":"https:\/\/nbcs.mx\/#\/schema\/logo\/image\/","url":"https:\/\/nbcs.mx\/wp-content\/uploads\/2018\/09\/057b69485e93575a5c2b1c1dde2dd297.jpeg","contentUrl":"https:\/\/nbcs.mx\/wp-content\/uploads\/2018\/09\/057b69485e93575a5c2b1c1dde2dd297.jpeg","width":64,"height":64,"caption":"NBCS Noticias"},"image":{"@id":"https:\/\/nbcs.mx\/#\/schema\/logo\/image\/"},"sameAs":["https:\/\/www.facebook.com\/NBCSnoticias","https:\/\/x.com\/NBCSnoticias"]},{"@type":"Person","@id":"https:\/\/nbcs.mx\/#\/schema\/person\/ece58bab9a7c1e87a4d28ec9ecd79ff4","name":"NBCS Noticias","image":{"@type":"ImageObject","inLanguage":"es","@id":"https:\/\/secure.gravatar.com\/avatar\/4e52110cad1c4054b43271a0d14bbe9e2ea76aecd0e1097edfc670798d9ca1d4?s=96&d=blank&r=g","url":"https:\/\/secure.gravatar.com\/avatar\/4e52110cad1c4054b43271a0d14bbe9e2ea76aecd0e1097edfc670798d9ca1d4?s=96&d=blank&r=g","contentUrl":"https:\/\/secure.gravatar.com\/avatar\/4e52110cad1c4054b43271a0d14bbe9e2ea76aecd0e1097edfc670798d9ca1d4?s=96&d=blank&r=g","caption":"NBCS Noticias"},"description":"\u00bfTienes fotos o video de alg\u00fan acto de posible negligencia, corrupci\u00f3n y abuso de autoridad? M\u00e1ndalo al WhatsApp de NBCS Noticias: 612 141 98 08","sameAs":["https:\/\/www.nbcs.mx","https:\/\/www.facebook.com\/NBCSnoticias","https:\/\/www.instagram.com\/nbcsnoticias\/","https:\/\/x.com\/https:\/\/twitter.com\/NBCSnoticias"]}]}},"jetpack_publicize_connections":[],"jetpack_featured_media_url":"https:\/\/nbcs.mx\/wp-content\/uploads\/2021\/08\/Loreto-Vendedor-puesto.jpeg","jetpack_sharing_enabled":true,"_links":{"self":[{"href":"https:\/\/nbcs.mx\/index.php?rest_route=\/wp\/v2\/posts\/92194","targetHints":{"allow":["GET"]}}],"collection":[{"href":"https:\/\/nbcs.mx\/index.php?rest_route=\/wp\/v2\/posts"}],"about":[{"href":"https:\/\/nbcs.mx\/index.php?rest_route=\/wp\/v2\/types\/post"}],"author":[{"embeddable":true,"href":"https:\/\/nbcs.mx\/index.php?rest_route=\/wp\/v2\/users\/1"}],"replies":[{"embeddable":true,"href":"https:\/\/nbcs.mx\/index.php?rest_route=%2Fwp%2Fv2%2Fcomments&post=92194"}],"version-history":[{"count":1,"href":"https:\/\/nbcs.mx\/index.php?rest_route=\/wp\/v2\/posts\/92194\/revisions"}],"predecessor-version":[{"id":92196,"href":"https:\/\/nbcs.mx\/index.php?rest_route=\/wp\/v2\/posts\/92194\/revisions\/92196"}],"wp:featuredmedia":[{"embeddable":true,"href":"https:\/\/nbcs.mx\/index.php?rest_route=\/wp\/v2\/media\/92195"}],"wp:attachment":[{"href":"https:\/\/nbcs.mx\/index.php?rest_route=%2Fwp%2Fv2%2Fmedia&parent=92194"}],"wp:term":[{"taxonomy":"category","embeddable":true,"href":"https:\/\/nbcs.mx\/index.php?rest_route=%2Fwp%2Fv2%2Fcategories&post=92194"},{"taxonomy":"post_tag","embeddable":true,"href":"https:\/\/nbcs.mx\/index.php?rest_route=%2Fwp%2Fv2%2Ftags&post=92194"}],"curies":[{"name":"wp","href":"https:\/\/api.w.org\/{rel}","templated":true}]}}