{"id":92311,"date":"2021-08-13T15:56:08","date_gmt":"2021-08-13T21:56:08","guid":{"rendered":"https:\/\/nbcs.mx\/?p=92311"},"modified":"2021-08-13T19:47:59","modified_gmt":"2021-08-14T01:47:59","slug":"se-metio-a-robar-escuela-de-preescolar-en-sandalias","status":"publish","type":"post","link":"https:\/\/nbcs.mx\/?p=92311","title":{"rendered":"Se meti\u00f3 a robar escuela de preescolar en \u201cSandalias\u201d"},"content":{"rendered":"<p style=\"font-weight: 400; text-align: justify;\"><img loading=\"lazy\" decoding=\"async\" class=\" wp-image-92312 alignleft\" src=\"https:\/\/nbcs.mx\/wp-content\/uploads\/2021\/08\/bda3eb9c-908e-47aa-a9ab-4ea80ae6e9f4-755x357.jpeg\" alt=\"\" width=\"408\" height=\"193\" srcset=\"https:\/\/nbcs.mx\/wp-content\/uploads\/2021\/08\/bda3eb9c-908e-47aa-a9ab-4ea80ae6e9f4-755x357.jpeg 755w, https:\/\/nbcs.mx\/wp-content\/uploads\/2021\/08\/bda3eb9c-908e-47aa-a9ab-4ea80ae6e9f4-1024x485.jpeg 1024w, https:\/\/nbcs.mx\/wp-content\/uploads\/2021\/08\/bda3eb9c-908e-47aa-a9ab-4ea80ae6e9f4-150x71.jpeg 150w, https:\/\/nbcs.mx\/wp-content\/uploads\/2021\/08\/bda3eb9c-908e-47aa-a9ab-4ea80ae6e9f4-768x363.jpeg 768w, https:\/\/nbcs.mx\/wp-content\/uploads\/2021\/08\/bda3eb9c-908e-47aa-a9ab-4ea80ae6e9f4.jpeg 1160w\" sizes=\"auto, (max-width: 408px) 100vw, 408px\" \/>La Paz, Baja California Sur.-\u00a0 La directora de la escuela de preescolar \u201cJes\u00fas Castro Ag\u00fandez\u201d mejor conocida como CENDI #1, ubicada en las calles de Colima esquina con Antonio \u00c1lvarez Rico, denunci\u00f3 la ma\u00f1ana de este viernes, que la instituci\u00f3n fue v\u00edctima nuevamente de un robo, por un sujeto que andaba en \u201csandalias\u201d y que vest\u00eda de short azul y playera negra.<\/p>\n<p style=\"font-weight: 400; text-align: justify;\">Fue a trav\u00e9s de las c\u00e1maras de video vigilancia de la instituci\u00f3n educativa, que la titular del plantel se percat\u00f3 de las caracter\u00edsticas del hombre que se meti\u00f3 a robar al \u00e1rea de cocina y comedor, de donde sustrajo diversos utensilios de cocina y unas ollas de aluminio.<\/p>\n<p style=\"font-weight: 400; text-align: justify;\">Los hechos fueron reportados al n\u00famero de emergencias, cerca de las 9:10 horas, luego de que la encargada de servicios generales informara que al parecer hab\u00edan robado otra vez la escuela, ya que se encontraba abierta la ventanilla del \u00e1rea de cocina y roto el mosquitero.<\/p>\n<p style=\"font-weight: 400; text-align: justify;\">Ante ello, elementos de la polic\u00eda municipal acordonaron la zona e iniciaron el llenado de actas correspondiente, dando parte al Agente del Ministerio P\u00fablico para la apertura de la carpeta de investigaci\u00f3n correspondiente.<\/p>\n<p style=\"text-align: justify;\"><span style=\"font-weight: 400;\">&#8212;<\/span><\/p>\n","protected":false},"excerpt":{"rendered":"<p>La Paz, Baja California Sur.-\u00a0 La directora de la escuela de preescolar \u201cJes\u00fas Castro Ag\u00fandez\u201d mejor conocida como CENDI #1,<\/p>\n","protected":false},"author":1,"featured_media":92312,"comment_status":"open","ping_status":"closed","sticky":false,"template":"","format":"standard","meta":{"colormag_page_container_layout":"default_layout","colormag_page_sidebar_layout":"default_layout","_jetpack_memberships_contains_paid_content":false,"footnotes":"","jetpack_publicize_message":"","jetpack_publicize_feature_enabled":true,"jetpack_social_post_already_shared":true,"jetpack_social_options":{"image_generator_settings":{"template":"highway","default_image_id":0,"font":"","enabled":false},"version":2}},"categories":[22],"tags":[],"class_list":["post-92311","post","type-post","status-publish","format-standard","has-post-thumbnail","hentry","category-policiacas"],"yoast_head":"<!-- This site is optimized with the Yoast SEO plugin v27.4 - https:\/\/yoast.com\/product\/yoast-seo-wordpress\/ -->\n<title>Se meti\u00f3 a robar escuela de preescolar en \u201cSandalias\u201d - NBCS Noticias<\/title>\n<meta name=\"robots\" content=\"index, follow, max-snippet:-1, max-image-preview:large, max-video-preview:-1\" \/>\n<link rel=\"canonical\" href=\"https:\/\/nbcs.mx\/?p=92311\" \/>\n<meta property=\"og:locale\" content=\"es_ES\" \/>\n<meta property=\"og:type\" content=\"article\" \/>\n<meta property=\"og:title\" content=\"Se meti\u00f3 a robar escuela de preescolar en \u201cSandalias\u201d - NBCS Noticias\" \/>\n<meta property=\"og:description\" content=\"La Paz, Baja California Sur.-\u00a0 La directora de la escuela de preescolar \u201cJes\u00fas Castro Ag\u00fandez\u201d mejor conocida como CENDI #1,\" \/>\n<meta property=\"og:url\" content=\"https:\/\/nbcs.mx\/?p=92311\" \/>\n<meta property=\"og:site_name\" content=\"NBCS Noticias\" \/>\n<meta property=\"article:publisher\" content=\"https:\/\/www.facebook.com\/NBCSnoticias\" \/>\n<meta property=\"article:author\" content=\"https:\/\/www.facebook.com\/NBCSnoticias\" \/>\n<meta property=\"article:published_time\" content=\"2021-08-13T21:56:08+00:00\" \/>\n<meta property=\"article:modified_time\" content=\"2021-08-14T01:47:59+00:00\" \/>\n<meta property=\"og:image\" content=\"https:\/\/nbcs.mx\/wp-content\/uploads\/2021\/08\/bda3eb9c-908e-47aa-a9ab-4ea80ae6e9f4.jpeg\" \/>\n\t<meta property=\"og:image:width\" content=\"1160\" \/>\n\t<meta property=\"og:image:height\" content=\"549\" \/>\n\t<meta property=\"og:image:type\" content=\"image\/jpeg\" \/>\n<meta name=\"author\" content=\"NBCS Noticias\" \/>\n<meta name=\"twitter:card\" content=\"summary_large_image\" \/>\n<meta name=\"twitter:creator\" content=\"@https:\/\/twitter.com\/NBCSnoticias\" \/>\n<meta name=\"twitter:site\" content=\"@NBCSnoticias\" \/>\n<meta name=\"twitter:label1\" content=\"Escrito por\" \/>\n\t<meta name=\"twitter:data1\" content=\"NBCS Noticias\" \/>\n\t<meta name=\"twitter:label2\" content=\"Tiempo de lectura\" \/>\n\t<meta name=\"twitter:data2\" content=\"2 minutos\" \/>\n<script type=\"application\/ld+json\" class=\"yoast-schema-graph\">{\"@context\":\"https:\\\/\\\/schema.org\",\"@graph\":[{\"@type\":\"Article\",\"@id\":\"https:\\\/\\\/nbcs.mx\\\/?p=92311#article\",\"isPartOf\":{\"@id\":\"https:\\\/\\\/nbcs.mx\\\/?p=92311\"},\"author\":{\"name\":\"NBCS Noticias\",\"@id\":\"https:\\\/\\\/nbcs.mx\\\/#\\\/schema\\\/person\\\/ece58bab9a7c1e87a4d28ec9ecd79ff4\"},\"headline\":\"Se meti\u00f3 a robar escuela de preescolar en \u201cSandalias\u201d\",\"datePublished\":\"2021-08-13T21:56:08+00:00\",\"dateModified\":\"2021-08-14T01:47:59+00:00\",\"mainEntityOfPage\":{\"@id\":\"https:\\\/\\\/nbcs.mx\\\/?p=92311\"},\"wordCount\":213,\"commentCount\":0,\"publisher\":{\"@id\":\"https:\\\/\\\/nbcs.mx\\\/#organization\"},\"image\":{\"@id\":\"https:\\\/\\\/nbcs.mx\\\/?p=92311#primaryimage\"},\"thumbnailUrl\":\"https:\\\/\\\/nbcs.mx\\\/wp-content\\\/uploads\\\/2021\\\/08\\\/bda3eb9c-908e-47aa-a9ab-4ea80ae6e9f4.jpeg\",\"articleSection\":[\"Policiacas\"],\"inLanguage\":\"es\",\"potentialAction\":[{\"@type\":\"CommentAction\",\"name\":\"Comment\",\"target\":[\"https:\\\/\\\/nbcs.mx\\\/?p=92311#respond\"]}]},{\"@type\":\"WebPage\",\"@id\":\"https:\\\/\\\/nbcs.mx\\\/?p=92311\",\"url\":\"https:\\\/\\\/nbcs.mx\\\/?p=92311\",\"name\":\"Se meti\u00f3 a robar escuela de preescolar en \u201cSandalias\u201d - NBCS Noticias\",\"isPartOf\":{\"@id\":\"https:\\\/\\\/nbcs.mx\\\/#website\"},\"primaryImageOfPage\":{\"@id\":\"https:\\\/\\\/nbcs.mx\\\/?p=92311#primaryimage\"},\"image\":{\"@id\":\"https:\\\/\\\/nbcs.mx\\\/?p=92311#primaryimage\"},\"thumbnailUrl\":\"https:\\\/\\\/nbcs.mx\\\/wp-content\\\/uploads\\\/2021\\\/08\\\/bda3eb9c-908e-47aa-a9ab-4ea80ae6e9f4.jpeg\",\"datePublished\":\"2021-08-13T21:56:08+00:00\",\"dateModified\":\"2021-08-14T01:47:59+00:00\",\"breadcrumb\":{\"@id\":\"https:\\\/\\\/nbcs.mx\\\/?p=92311#breadcrumb\"},\"inLanguage\":\"es\",\"potentialAction\":[{\"@type\":\"ReadAction\",\"target\":[\"https:\\\/\\\/nbcs.mx\\\/?p=92311\"]}]},{\"@type\":\"ImageObject\",\"inLanguage\":\"es\",\"@id\":\"https:\\\/\\\/nbcs.mx\\\/?p=92311#primaryimage\",\"url\":\"https:\\\/\\\/nbcs.mx\\\/wp-content\\\/uploads\\\/2021\\\/08\\\/bda3eb9c-908e-47aa-a9ab-4ea80ae6e9f4.jpeg\",\"contentUrl\":\"https:\\\/\\\/nbcs.mx\\\/wp-content\\\/uploads\\\/2021\\\/08\\\/bda3eb9c-908e-47aa-a9ab-4ea80ae6e9f4.jpeg\",\"width\":1160,\"height\":549},{\"@type\":\"BreadcrumbList\",\"@id\":\"https:\\\/\\\/nbcs.mx\\\/?p=92311#breadcrumb\",\"itemListElement\":[{\"@type\":\"ListItem\",\"position\":1,\"name\":\"Portada\",\"item\":\"https:\\\/\\\/nbcs.mx\\\/\"},{\"@type\":\"ListItem\",\"position\":2,\"name\":\"Se meti\u00f3 a robar escuela de preescolar en \u201cSandalias\u201d\"}]},{\"@type\":\"WebSite\",\"@id\":\"https:\\\/\\\/nbcs.mx\\\/#website\",\"url\":\"https:\\\/\\\/nbcs.mx\\\/\",\"name\":\"NBCS Noticias\",\"description\":\"Sitio web de noticias en Baja California Sur\",\"publisher\":{\"@id\":\"https:\\\/\\\/nbcs.mx\\\/#organization\"},\"potentialAction\":[{\"@type\":\"SearchAction\",\"target\":{\"@type\":\"EntryPoint\",\"urlTemplate\":\"https:\\\/\\\/nbcs.mx\\\/?s={search_term_string}\"},\"query-input\":{\"@type\":\"PropertyValueSpecification\",\"valueRequired\":true,\"valueName\":\"search_term_string\"}}],\"inLanguage\":\"es\"},{\"@type\":\"Organization\",\"@id\":\"https:\\\/\\\/nbcs.mx\\\/#organization\",\"name\":\"NBCS Noticias\",\"url\":\"https:\\\/\\\/nbcs.mx\\\/\",\"logo\":{\"@type\":\"ImageObject\",\"inLanguage\":\"es\",\"@id\":\"https:\\\/\\\/nbcs.mx\\\/#\\\/schema\\\/logo\\\/image\\\/\",\"url\":\"https:\\\/\\\/nbcs.mx\\\/wp-content\\\/uploads\\\/2018\\\/09\\\/057b69485e93575a5c2b1c1dde2dd297.jpeg\",\"contentUrl\":\"https:\\\/\\\/nbcs.mx\\\/wp-content\\\/uploads\\\/2018\\\/09\\\/057b69485e93575a5c2b1c1dde2dd297.jpeg\",\"width\":64,\"height\":64,\"caption\":\"NBCS Noticias\"},\"image\":{\"@id\":\"https:\\\/\\\/nbcs.mx\\\/#\\\/schema\\\/logo\\\/image\\\/\"},\"sameAs\":[\"https:\\\/\\\/www.facebook.com\\\/NBCSnoticias\",\"https:\\\/\\\/x.com\\\/NBCSnoticias\"]},{\"@type\":\"Person\",\"@id\":\"https:\\\/\\\/nbcs.mx\\\/#\\\/schema\\\/person\\\/ece58bab9a7c1e87a4d28ec9ecd79ff4\",\"name\":\"NBCS Noticias\",\"image\":{\"@type\":\"ImageObject\",\"inLanguage\":\"es\",\"@id\":\"https:\\\/\\\/secure.gravatar.com\\\/avatar\\\/4e52110cad1c4054b43271a0d14bbe9e2ea76aecd0e1097edfc670798d9ca1d4?s=96&d=blank&r=g\",\"url\":\"https:\\\/\\\/secure.gravatar.com\\\/avatar\\\/4e52110cad1c4054b43271a0d14bbe9e2ea76aecd0e1097edfc670798d9ca1d4?s=96&d=blank&r=g\",\"contentUrl\":\"https:\\\/\\\/secure.gravatar.com\\\/avatar\\\/4e52110cad1c4054b43271a0d14bbe9e2ea76aecd0e1097edfc670798d9ca1d4?s=96&d=blank&r=g\",\"caption\":\"NBCS Noticias\"},\"description\":\"\u00bfTienes fotos o video de alg\u00fan acto de posible negligencia, corrupci\u00f3n y abuso de autoridad? M\u00e1ndalo al WhatsApp de NBCS Noticias: 612 141 98 08\",\"sameAs\":[\"https:\\\/\\\/www.nbcs.mx\",\"https:\\\/\\\/www.facebook.com\\\/NBCSnoticias\",\"https:\\\/\\\/www.instagram.com\\\/nbcsnoticias\\\/\",\"https:\\\/\\\/x.com\\\/https:\\\/\\\/twitter.com\\\/NBCSnoticias\"]}]}<\/script>\n<!-- \/ Yoast SEO plugin. -->","yoast_head_json":{"title":"Se meti\u00f3 a robar escuela de preescolar en \u201cSandalias\u201d - NBCS Noticias","robots":{"index":"index","follow":"follow","max-snippet":"max-snippet:-1","max-image-preview":"max-image-preview:large","max-video-preview":"max-video-preview:-1"},"canonical":"https:\/\/nbcs.mx\/?p=92311","og_locale":"es_ES","og_type":"article","og_title":"Se meti\u00f3 a robar escuela de preescolar en \u201cSandalias\u201d - NBCS Noticias","og_description":"La Paz, Baja California Sur.-\u00a0 La directora de la escuela de preescolar \u201cJes\u00fas Castro Ag\u00fandez\u201d mejor conocida como CENDI #1,","og_url":"https:\/\/nbcs.mx\/?p=92311","og_site_name":"NBCS Noticias","article_publisher":"https:\/\/www.facebook.com\/NBCSnoticias","article_author":"https:\/\/www.facebook.com\/NBCSnoticias","article_published_time":"2021-08-13T21:56:08+00:00","article_modified_time":"2021-08-14T01:47:59+00:00","og_image":[{"width":1160,"height":549,"url":"https:\/\/nbcs.mx\/wp-content\/uploads\/2021\/08\/bda3eb9c-908e-47aa-a9ab-4ea80ae6e9f4.jpeg","type":"image\/jpeg"}],"author":"NBCS Noticias","twitter_card":"summary_large_image","twitter_creator":"@https:\/\/twitter.com\/NBCSnoticias","twitter_site":"@NBCSnoticias","twitter_misc":{"Escrito por":"NBCS Noticias","Tiempo de lectura":"2 minutos"},"schema":{"@context":"https:\/\/schema.org","@graph":[{"@type":"Article","@id":"https:\/\/nbcs.mx\/?p=92311#article","isPartOf":{"@id":"https:\/\/nbcs.mx\/?p=92311"},"author":{"name":"NBCS Noticias","@id":"https:\/\/nbcs.mx\/#\/schema\/person\/ece58bab9a7c1e87a4d28ec9ecd79ff4"},"headline":"Se meti\u00f3 a robar escuela de preescolar en \u201cSandalias\u201d","datePublished":"2021-08-13T21:56:08+00:00","dateModified":"2021-08-14T01:47:59+00:00","mainEntityOfPage":{"@id":"https:\/\/nbcs.mx\/?p=92311"},"wordCount":213,"commentCount":0,"publisher":{"@id":"https:\/\/nbcs.mx\/#organization"},"image":{"@id":"https:\/\/nbcs.mx\/?p=92311#primaryimage"},"thumbnailUrl":"https:\/\/nbcs.mx\/wp-content\/uploads\/2021\/08\/bda3eb9c-908e-47aa-a9ab-4ea80ae6e9f4.jpeg","articleSection":["Policiacas"],"inLanguage":"es","potentialAction":[{"@type":"CommentAction","name":"Comment","target":["https:\/\/nbcs.mx\/?p=92311#respond"]}]},{"@type":"WebPage","@id":"https:\/\/nbcs.mx\/?p=92311","url":"https:\/\/nbcs.mx\/?p=92311","name":"Se meti\u00f3 a robar escuela de preescolar en \u201cSandalias\u201d - NBCS Noticias","isPartOf":{"@id":"https:\/\/nbcs.mx\/#website"},"primaryImageOfPage":{"@id":"https:\/\/nbcs.mx\/?p=92311#primaryimage"},"image":{"@id":"https:\/\/nbcs.mx\/?p=92311#primaryimage"},"thumbnailUrl":"https:\/\/nbcs.mx\/wp-content\/uploads\/2021\/08\/bda3eb9c-908e-47aa-a9ab-4ea80ae6e9f4.jpeg","datePublished":"2021-08-13T21:56:08+00:00","dateModified":"2021-08-14T01:47:59+00:00","breadcrumb":{"@id":"https:\/\/nbcs.mx\/?p=92311#breadcrumb"},"inLanguage":"es","potentialAction":[{"@type":"ReadAction","target":["https:\/\/nbcs.mx\/?p=92311"]}]},{"@type":"ImageObject","inLanguage":"es","@id":"https:\/\/nbcs.mx\/?p=92311#primaryimage","url":"https:\/\/nbcs.mx\/wp-content\/uploads\/2021\/08\/bda3eb9c-908e-47aa-a9ab-4ea80ae6e9f4.jpeg","contentUrl":"https:\/\/nbcs.mx\/wp-content\/uploads\/2021\/08\/bda3eb9c-908e-47aa-a9ab-4ea80ae6e9f4.jpeg","width":1160,"height":549},{"@type":"BreadcrumbList","@id":"https:\/\/nbcs.mx\/?p=92311#breadcrumb","itemListElement":[{"@type":"ListItem","position":1,"name":"Portada","item":"https:\/\/nbcs.mx\/"},{"@type":"ListItem","position":2,"name":"Se meti\u00f3 a robar escuela de preescolar en \u201cSandalias\u201d"}]},{"@type":"WebSite","@id":"https:\/\/nbcs.mx\/#website","url":"https:\/\/nbcs.mx\/","name":"NBCS Noticias","description":"Sitio web de noticias en Baja California Sur","publisher":{"@id":"https:\/\/nbcs.mx\/#organization"},"potentialAction":[{"@type":"SearchAction","target":{"@type":"EntryPoint","urlTemplate":"https:\/\/nbcs.mx\/?s={search_term_string}"},"query-input":{"@type":"PropertyValueSpecification","valueRequired":true,"valueName":"search_term_string"}}],"inLanguage":"es"},{"@type":"Organization","@id":"https:\/\/nbcs.mx\/#organization","name":"NBCS Noticias","url":"https:\/\/nbcs.mx\/","logo":{"@type":"ImageObject","inLanguage":"es","@id":"https:\/\/nbcs.mx\/#\/schema\/logo\/image\/","url":"https:\/\/nbcs.mx\/wp-content\/uploads\/2018\/09\/057b69485e93575a5c2b1c1dde2dd297.jpeg","contentUrl":"https:\/\/nbcs.mx\/wp-content\/uploads\/2018\/09\/057b69485e93575a5c2b1c1dde2dd297.jpeg","width":64,"height":64,"caption":"NBCS Noticias"},"image":{"@id":"https:\/\/nbcs.mx\/#\/schema\/logo\/image\/"},"sameAs":["https:\/\/www.facebook.com\/NBCSnoticias","https:\/\/x.com\/NBCSnoticias"]},{"@type":"Person","@id":"https:\/\/nbcs.mx\/#\/schema\/person\/ece58bab9a7c1e87a4d28ec9ecd79ff4","name":"NBCS Noticias","image":{"@type":"ImageObject","inLanguage":"es","@id":"https:\/\/secure.gravatar.com\/avatar\/4e52110cad1c4054b43271a0d14bbe9e2ea76aecd0e1097edfc670798d9ca1d4?s=96&d=blank&r=g","url":"https:\/\/secure.gravatar.com\/avatar\/4e52110cad1c4054b43271a0d14bbe9e2ea76aecd0e1097edfc670798d9ca1d4?s=96&d=blank&r=g","contentUrl":"https:\/\/secure.gravatar.com\/avatar\/4e52110cad1c4054b43271a0d14bbe9e2ea76aecd0e1097edfc670798d9ca1d4?s=96&d=blank&r=g","caption":"NBCS Noticias"},"description":"\u00bfTienes fotos o video de alg\u00fan acto de posible negligencia, corrupci\u00f3n y abuso de autoridad? M\u00e1ndalo al WhatsApp de NBCS Noticias: 612 141 98 08","sameAs":["https:\/\/www.nbcs.mx","https:\/\/www.facebook.com\/NBCSnoticias","https:\/\/www.instagram.com\/nbcsnoticias\/","https:\/\/x.com\/https:\/\/twitter.com\/NBCSnoticias"]}]}},"jetpack_publicize_connections":[],"jetpack_featured_media_url":"https:\/\/nbcs.mx\/wp-content\/uploads\/2021\/08\/bda3eb9c-908e-47aa-a9ab-4ea80ae6e9f4.jpeg","jetpack_sharing_enabled":true,"_links":{"self":[{"href":"https:\/\/nbcs.mx\/index.php?rest_route=\/wp\/v2\/posts\/92311","targetHints":{"allow":["GET"]}}],"collection":[{"href":"https:\/\/nbcs.mx\/index.php?rest_route=\/wp\/v2\/posts"}],"about":[{"href":"https:\/\/nbcs.mx\/index.php?rest_route=\/wp\/v2\/types\/post"}],"author":[{"embeddable":true,"href":"https:\/\/nbcs.mx\/index.php?rest_route=\/wp\/v2\/users\/1"}],"replies":[{"embeddable":true,"href":"https:\/\/nbcs.mx\/index.php?rest_route=%2Fwp%2Fv2%2Fcomments&post=92311"}],"version-history":[{"count":2,"href":"https:\/\/nbcs.mx\/index.php?rest_route=\/wp\/v2\/posts\/92311\/revisions"}],"predecessor-version":[{"id":92326,"href":"https:\/\/nbcs.mx\/index.php?rest_route=\/wp\/v2\/posts\/92311\/revisions\/92326"}],"wp:featuredmedia":[{"embeddable":true,"href":"https:\/\/nbcs.mx\/index.php?rest_route=\/wp\/v2\/media\/92312"}],"wp:attachment":[{"href":"https:\/\/nbcs.mx\/index.php?rest_route=%2Fwp%2Fv2%2Fmedia&parent=92311"}],"wp:term":[{"taxonomy":"category","embeddable":true,"href":"https:\/\/nbcs.mx\/index.php?rest_route=%2Fwp%2Fv2%2Fcategories&post=92311"},{"taxonomy":"post_tag","embeddable":true,"href":"https:\/\/nbcs.mx\/index.php?rest_route=%2Fwp%2Fv2%2Ftags&post=92311"}],"curies":[{"name":"wp","href":"https:\/\/api.w.org\/{rel}","templated":true}]}}