{"id":92525,"date":"2021-08-18T11:42:37","date_gmt":"2021-08-18T17:42:37","guid":{"rendered":"https:\/\/nbcs.mx\/?p=92525"},"modified":"2021-08-18T11:42:59","modified_gmt":"2021-08-18T17:42:59","slug":"en-receso-la-asamblea-de-trabajadores-de-la-junta-estatal-de-caminos-en-bcs","status":"publish","type":"post","link":"https:\/\/nbcs.mx\/?p=92525","title":{"rendered":"En receso la asamblea de trabajadores de la Junta Estatal de Caminos en BCS"},"content":{"rendered":"<p style=\"font-weight: 400; text-align: justify;\"><img loading=\"lazy\" decoding=\"async\" class=\" wp-image-92526 alignleft\" src=\"https:\/\/nbcs.mx\/wp-content\/uploads\/2021\/08\/88daf1e4-c919-495a-a8f4-f8e7aeb2c5b2-656x492.jpeg\" alt=\"\" width=\"387\" height=\"290\" srcset=\"https:\/\/nbcs.mx\/wp-content\/uploads\/2021\/08\/88daf1e4-c919-495a-a8f4-f8e7aeb2c5b2-656x492.jpeg 656w, https:\/\/nbcs.mx\/wp-content\/uploads\/2021\/08\/88daf1e4-c919-495a-a8f4-f8e7aeb2c5b2-1024x768.jpeg 1024w, https:\/\/nbcs.mx\/wp-content\/uploads\/2021\/08\/88daf1e4-c919-495a-a8f4-f8e7aeb2c5b2-150x113.jpeg 150w, https:\/\/nbcs.mx\/wp-content\/uploads\/2021\/08\/88daf1e4-c919-495a-a8f4-f8e7aeb2c5b2-768x576.jpeg 768w, https:\/\/nbcs.mx\/wp-content\/uploads\/2021\/08\/88daf1e4-c919-495a-a8f4-f8e7aeb2c5b2-1536x1152.jpeg 1536w, https:\/\/nbcs.mx\/wp-content\/uploads\/2021\/08\/88daf1e4-c919-495a-a8f4-f8e7aeb2c5b2.jpeg 1600w\" sizes=\"auto, (max-width: 387px) 100vw, 387px\" \/>La Paz, Baja California Sur.-\u00a0\u00a0Con el compromiso de cubrir los adeudos que se tienen con los trabajadores de la Junta Estatal de Camino (JEC) \u00a0antes del 25 de agosto, cerca de 60 trabajadores reanudaron sus labores luego de manifestarse durante las primeras horas de este mi\u00e9rcoles.<\/p>\n<p style=\"font-weight: 400; text-align: justify;\">Cabe mencionar que la instalaci\u00f3n de la asamblea general extraordinaria seda ante el incumplimiento en el pago de cuotas y retenciones por concepto de prestamos a corto plazo del ISSSTE.<\/p>\n<p>&nbsp;<\/p>\n<p><img loading=\"lazy\" decoding=\"async\" class=\"size-medium wp-image-92527 aligncenter\" src=\"https:\/\/nbcs.mx\/wp-content\/uploads\/2021\/08\/a5f29c9c-e1a7-4a7b-83be-22b7cfd88ab5-647x492.jpeg\" alt=\"\" width=\"647\" height=\"492\" srcset=\"https:\/\/nbcs.mx\/wp-content\/uploads\/2021\/08\/a5f29c9c-e1a7-4a7b-83be-22b7cfd88ab5-647x492.jpeg 647w, https:\/\/nbcs.mx\/wp-content\/uploads\/2021\/08\/a5f29c9c-e1a7-4a7b-83be-22b7cfd88ab5-1024x779.jpeg 1024w, https:\/\/nbcs.mx\/wp-content\/uploads\/2021\/08\/a5f29c9c-e1a7-4a7b-83be-22b7cfd88ab5-150x114.jpeg 150w, https:\/\/nbcs.mx\/wp-content\/uploads\/2021\/08\/a5f29c9c-e1a7-4a7b-83be-22b7cfd88ab5-768x584.jpeg 768w, https:\/\/nbcs.mx\/wp-content\/uploads\/2021\/08\/a5f29c9c-e1a7-4a7b-83be-22b7cfd88ab5.jpeg 1280w\" sizes=\"auto, (max-width: 647px) 100vw, 647px\" \/><\/p>\n<p style=\"font-weight: 400; text-align: justify;\">Al respecto el l\u00edder del Sindicato de Bur\u00f3cratas de La Paz, Mauricio Higuera Cota, explico que la problem\u00e1tica tiene mas de 3 meses, por lo que despu\u00e9s de la elaboraci\u00f3n de diversos documentos y ante la nula respuesta a la misma, se determino irse a huelga.<\/p>\n<p style=\"font-weight: 400; text-align: justify;\">De momento el adeudo que se tiene con los trabajadores de la JEC asciende a los 2 millones de pesos por lo que las autoridades ya se encuentran buscando soluciones al tema, mientras tanto la asamblea se mantiene en receso pues en caso de incumplimiento se reanudara la huelga.<\/p>\n<p style=\"font-weight: 400; text-align: justify;\">\n","protected":false},"excerpt":{"rendered":"<p>La Paz, Baja California Sur.-\u00a0\u00a0Con el compromiso de cubrir los adeudos que se tienen con los trabajadores de la Junta<\/p>\n","protected":false},"author":1,"featured_media":92526,"comment_status":"open","ping_status":"closed","sticky":false,"template":"","format":"standard","meta":{"colormag_page_container_layout":"default_layout","colormag_page_sidebar_layout":"default_layout","_jetpack_memberships_contains_paid_content":false,"footnotes":"","jetpack_publicize_message":"","jetpack_publicize_feature_enabled":true,"jetpack_social_post_already_shared":true,"jetpack_social_options":{"image_generator_settings":{"template":"highway","default_image_id":0,"font":"","enabled":false},"version":2}},"categories":[1],"tags":[],"class_list":["post-92525","post","type-post","status-publish","format-standard","has-post-thumbnail","hentry","category-noticias"],"yoast_head":"<!-- This site is optimized with the Yoast SEO plugin v27.4 - https:\/\/yoast.com\/product\/yoast-seo-wordpress\/ -->\n<title>En receso la asamblea de trabajadores de la Junta Estatal de Caminos en BCS - NBCS Noticias<\/title>\n<meta name=\"robots\" content=\"index, follow, max-snippet:-1, max-image-preview:large, max-video-preview:-1\" \/>\n<link rel=\"canonical\" href=\"https:\/\/nbcs.mx\/?p=92525\" \/>\n<meta property=\"og:locale\" content=\"es_ES\" \/>\n<meta property=\"og:type\" content=\"article\" \/>\n<meta property=\"og:title\" content=\"En receso la asamblea de trabajadores de la Junta Estatal de Caminos en BCS - NBCS Noticias\" \/>\n<meta property=\"og:description\" content=\"La Paz, Baja California Sur.-\u00a0\u00a0Con el compromiso de cubrir los adeudos que se tienen con los trabajadores de la Junta\" \/>\n<meta property=\"og:url\" content=\"https:\/\/nbcs.mx\/?p=92525\" \/>\n<meta property=\"og:site_name\" content=\"NBCS Noticias\" \/>\n<meta property=\"article:publisher\" content=\"https:\/\/www.facebook.com\/NBCSnoticias\" \/>\n<meta property=\"article:author\" content=\"https:\/\/www.facebook.com\/NBCSnoticias\" \/>\n<meta property=\"article:published_time\" content=\"2021-08-18T17:42:37+00:00\" \/>\n<meta property=\"article:modified_time\" content=\"2021-08-18T17:42:59+00:00\" \/>\n<meta property=\"og:image\" content=\"https:\/\/nbcs.mx\/wp-content\/uploads\/2021\/08\/88daf1e4-c919-495a-a8f4-f8e7aeb2c5b2.jpeg\" \/>\n\t<meta property=\"og:image:width\" content=\"1600\" \/>\n\t<meta property=\"og:image:height\" content=\"1200\" \/>\n\t<meta property=\"og:image:type\" content=\"image\/jpeg\" \/>\n<meta name=\"author\" content=\"NBCS Noticias\" \/>\n<meta name=\"twitter:card\" content=\"summary_large_image\" \/>\n<meta name=\"twitter:creator\" content=\"@https:\/\/twitter.com\/NBCSnoticias\" \/>\n<meta name=\"twitter:site\" content=\"@NBCSnoticias\" \/>\n<meta name=\"twitter:label1\" content=\"Escrito por\" \/>\n\t<meta name=\"twitter:data1\" content=\"NBCS Noticias\" \/>\n\t<meta name=\"twitter:label2\" content=\"Tiempo de lectura\" \/>\n\t<meta name=\"twitter:data2\" content=\"2 minutos\" \/>\n<script type=\"application\/ld+json\" class=\"yoast-schema-graph\">{\"@context\":\"https:\\\/\\\/schema.org\",\"@graph\":[{\"@type\":\"Article\",\"@id\":\"https:\\\/\\\/nbcs.mx\\\/?p=92525#article\",\"isPartOf\":{\"@id\":\"https:\\\/\\\/nbcs.mx\\\/?p=92525\"},\"author\":{\"name\":\"NBCS Noticias\",\"@id\":\"https:\\\/\\\/nbcs.mx\\\/#\\\/schema\\\/person\\\/ece58bab9a7c1e87a4d28ec9ecd79ff4\"},\"headline\":\"En receso la asamblea de trabajadores de la Junta Estatal de Caminos en BCS\",\"datePublished\":\"2021-08-18T17:42:37+00:00\",\"dateModified\":\"2021-08-18T17:42:59+00:00\",\"mainEntityOfPage\":{\"@id\":\"https:\\\/\\\/nbcs.mx\\\/?p=92525\"},\"wordCount\":191,\"commentCount\":0,\"publisher\":{\"@id\":\"https:\\\/\\\/nbcs.mx\\\/#organization\"},\"image\":{\"@id\":\"https:\\\/\\\/nbcs.mx\\\/?p=92525#primaryimage\"},\"thumbnailUrl\":\"https:\\\/\\\/nbcs.mx\\\/wp-content\\\/uploads\\\/2021\\\/08\\\/88daf1e4-c919-495a-a8f4-f8e7aeb2c5b2.jpeg\",\"articleSection\":[\"Noticias\"],\"inLanguage\":\"es\",\"potentialAction\":[{\"@type\":\"CommentAction\",\"name\":\"Comment\",\"target\":[\"https:\\\/\\\/nbcs.mx\\\/?p=92525#respond\"]}]},{\"@type\":\"WebPage\",\"@id\":\"https:\\\/\\\/nbcs.mx\\\/?p=92525\",\"url\":\"https:\\\/\\\/nbcs.mx\\\/?p=92525\",\"name\":\"En receso la asamblea de trabajadores de la Junta Estatal de Caminos en BCS - NBCS Noticias\",\"isPartOf\":{\"@id\":\"https:\\\/\\\/nbcs.mx\\\/#website\"},\"primaryImageOfPage\":{\"@id\":\"https:\\\/\\\/nbcs.mx\\\/?p=92525#primaryimage\"},\"image\":{\"@id\":\"https:\\\/\\\/nbcs.mx\\\/?p=92525#primaryimage\"},\"thumbnailUrl\":\"https:\\\/\\\/nbcs.mx\\\/wp-content\\\/uploads\\\/2021\\\/08\\\/88daf1e4-c919-495a-a8f4-f8e7aeb2c5b2.jpeg\",\"datePublished\":\"2021-08-18T17:42:37+00:00\",\"dateModified\":\"2021-08-18T17:42:59+00:00\",\"breadcrumb\":{\"@id\":\"https:\\\/\\\/nbcs.mx\\\/?p=92525#breadcrumb\"},\"inLanguage\":\"es\",\"potentialAction\":[{\"@type\":\"ReadAction\",\"target\":[\"https:\\\/\\\/nbcs.mx\\\/?p=92525\"]}]},{\"@type\":\"ImageObject\",\"inLanguage\":\"es\",\"@id\":\"https:\\\/\\\/nbcs.mx\\\/?p=92525#primaryimage\",\"url\":\"https:\\\/\\\/nbcs.mx\\\/wp-content\\\/uploads\\\/2021\\\/08\\\/88daf1e4-c919-495a-a8f4-f8e7aeb2c5b2.jpeg\",\"contentUrl\":\"https:\\\/\\\/nbcs.mx\\\/wp-content\\\/uploads\\\/2021\\\/08\\\/88daf1e4-c919-495a-a8f4-f8e7aeb2c5b2.jpeg\",\"width\":1600,\"height\":1200},{\"@type\":\"BreadcrumbList\",\"@id\":\"https:\\\/\\\/nbcs.mx\\\/?p=92525#breadcrumb\",\"itemListElement\":[{\"@type\":\"ListItem\",\"position\":1,\"name\":\"Portada\",\"item\":\"https:\\\/\\\/nbcs.mx\\\/\"},{\"@type\":\"ListItem\",\"position\":2,\"name\":\"En receso la asamblea de trabajadores de la Junta Estatal de Caminos en BCS\"}]},{\"@type\":\"WebSite\",\"@id\":\"https:\\\/\\\/nbcs.mx\\\/#website\",\"url\":\"https:\\\/\\\/nbcs.mx\\\/\",\"name\":\"NBCS Noticias\",\"description\":\"Sitio web de noticias en Baja California Sur\",\"publisher\":{\"@id\":\"https:\\\/\\\/nbcs.mx\\\/#organization\"},\"potentialAction\":[{\"@type\":\"SearchAction\",\"target\":{\"@type\":\"EntryPoint\",\"urlTemplate\":\"https:\\\/\\\/nbcs.mx\\\/?s={search_term_string}\"},\"query-input\":{\"@type\":\"PropertyValueSpecification\",\"valueRequired\":true,\"valueName\":\"search_term_string\"}}],\"inLanguage\":\"es\"},{\"@type\":\"Organization\",\"@id\":\"https:\\\/\\\/nbcs.mx\\\/#organization\",\"name\":\"NBCS Noticias\",\"url\":\"https:\\\/\\\/nbcs.mx\\\/\",\"logo\":{\"@type\":\"ImageObject\",\"inLanguage\":\"es\",\"@id\":\"https:\\\/\\\/nbcs.mx\\\/#\\\/schema\\\/logo\\\/image\\\/\",\"url\":\"https:\\\/\\\/nbcs.mx\\\/wp-content\\\/uploads\\\/2018\\\/09\\\/057b69485e93575a5c2b1c1dde2dd297.jpeg\",\"contentUrl\":\"https:\\\/\\\/nbcs.mx\\\/wp-content\\\/uploads\\\/2018\\\/09\\\/057b69485e93575a5c2b1c1dde2dd297.jpeg\",\"width\":64,\"height\":64,\"caption\":\"NBCS Noticias\"},\"image\":{\"@id\":\"https:\\\/\\\/nbcs.mx\\\/#\\\/schema\\\/logo\\\/image\\\/\"},\"sameAs\":[\"https:\\\/\\\/www.facebook.com\\\/NBCSnoticias\",\"https:\\\/\\\/x.com\\\/NBCSnoticias\"]},{\"@type\":\"Person\",\"@id\":\"https:\\\/\\\/nbcs.mx\\\/#\\\/schema\\\/person\\\/ece58bab9a7c1e87a4d28ec9ecd79ff4\",\"name\":\"NBCS Noticias\",\"image\":{\"@type\":\"ImageObject\",\"inLanguage\":\"es\",\"@id\":\"https:\\\/\\\/secure.gravatar.com\\\/avatar\\\/4e52110cad1c4054b43271a0d14bbe9e2ea76aecd0e1097edfc670798d9ca1d4?s=96&d=blank&r=g\",\"url\":\"https:\\\/\\\/secure.gravatar.com\\\/avatar\\\/4e52110cad1c4054b43271a0d14bbe9e2ea76aecd0e1097edfc670798d9ca1d4?s=96&d=blank&r=g\",\"contentUrl\":\"https:\\\/\\\/secure.gravatar.com\\\/avatar\\\/4e52110cad1c4054b43271a0d14bbe9e2ea76aecd0e1097edfc670798d9ca1d4?s=96&d=blank&r=g\",\"caption\":\"NBCS Noticias\"},\"description\":\"\u00bfTienes fotos o video de alg\u00fan acto de posible negligencia, corrupci\u00f3n y abuso de autoridad? M\u00e1ndalo al WhatsApp de NBCS Noticias: 612 141 98 08\",\"sameAs\":[\"https:\\\/\\\/www.nbcs.mx\",\"https:\\\/\\\/www.facebook.com\\\/NBCSnoticias\",\"https:\\\/\\\/www.instagram.com\\\/nbcsnoticias\\\/\",\"https:\\\/\\\/x.com\\\/https:\\\/\\\/twitter.com\\\/NBCSnoticias\"]}]}<\/script>\n<!-- \/ Yoast SEO plugin. -->","yoast_head_json":{"title":"En receso la asamblea de trabajadores de la Junta Estatal de Caminos en BCS - NBCS Noticias","robots":{"index":"index","follow":"follow","max-snippet":"max-snippet:-1","max-image-preview":"max-image-preview:large","max-video-preview":"max-video-preview:-1"},"canonical":"https:\/\/nbcs.mx\/?p=92525","og_locale":"es_ES","og_type":"article","og_title":"En receso la asamblea de trabajadores de la Junta Estatal de Caminos en BCS - NBCS Noticias","og_description":"La Paz, Baja California Sur.-\u00a0\u00a0Con el compromiso de cubrir los adeudos que se tienen con los trabajadores de la Junta","og_url":"https:\/\/nbcs.mx\/?p=92525","og_site_name":"NBCS Noticias","article_publisher":"https:\/\/www.facebook.com\/NBCSnoticias","article_author":"https:\/\/www.facebook.com\/NBCSnoticias","article_published_time":"2021-08-18T17:42:37+00:00","article_modified_time":"2021-08-18T17:42:59+00:00","og_image":[{"width":1600,"height":1200,"url":"https:\/\/nbcs.mx\/wp-content\/uploads\/2021\/08\/88daf1e4-c919-495a-a8f4-f8e7aeb2c5b2.jpeg","type":"image\/jpeg"}],"author":"NBCS Noticias","twitter_card":"summary_large_image","twitter_creator":"@https:\/\/twitter.com\/NBCSnoticias","twitter_site":"@NBCSnoticias","twitter_misc":{"Escrito por":"NBCS Noticias","Tiempo de lectura":"2 minutos"},"schema":{"@context":"https:\/\/schema.org","@graph":[{"@type":"Article","@id":"https:\/\/nbcs.mx\/?p=92525#article","isPartOf":{"@id":"https:\/\/nbcs.mx\/?p=92525"},"author":{"name":"NBCS Noticias","@id":"https:\/\/nbcs.mx\/#\/schema\/person\/ece58bab9a7c1e87a4d28ec9ecd79ff4"},"headline":"En receso la asamblea de trabajadores de la Junta Estatal de Caminos en BCS","datePublished":"2021-08-18T17:42:37+00:00","dateModified":"2021-08-18T17:42:59+00:00","mainEntityOfPage":{"@id":"https:\/\/nbcs.mx\/?p=92525"},"wordCount":191,"commentCount":0,"publisher":{"@id":"https:\/\/nbcs.mx\/#organization"},"image":{"@id":"https:\/\/nbcs.mx\/?p=92525#primaryimage"},"thumbnailUrl":"https:\/\/nbcs.mx\/wp-content\/uploads\/2021\/08\/88daf1e4-c919-495a-a8f4-f8e7aeb2c5b2.jpeg","articleSection":["Noticias"],"inLanguage":"es","potentialAction":[{"@type":"CommentAction","name":"Comment","target":["https:\/\/nbcs.mx\/?p=92525#respond"]}]},{"@type":"WebPage","@id":"https:\/\/nbcs.mx\/?p=92525","url":"https:\/\/nbcs.mx\/?p=92525","name":"En receso la asamblea de trabajadores de la Junta Estatal de Caminos en BCS - NBCS Noticias","isPartOf":{"@id":"https:\/\/nbcs.mx\/#website"},"primaryImageOfPage":{"@id":"https:\/\/nbcs.mx\/?p=92525#primaryimage"},"image":{"@id":"https:\/\/nbcs.mx\/?p=92525#primaryimage"},"thumbnailUrl":"https:\/\/nbcs.mx\/wp-content\/uploads\/2021\/08\/88daf1e4-c919-495a-a8f4-f8e7aeb2c5b2.jpeg","datePublished":"2021-08-18T17:42:37+00:00","dateModified":"2021-08-18T17:42:59+00:00","breadcrumb":{"@id":"https:\/\/nbcs.mx\/?p=92525#breadcrumb"},"inLanguage":"es","potentialAction":[{"@type":"ReadAction","target":["https:\/\/nbcs.mx\/?p=92525"]}]},{"@type":"ImageObject","inLanguage":"es","@id":"https:\/\/nbcs.mx\/?p=92525#primaryimage","url":"https:\/\/nbcs.mx\/wp-content\/uploads\/2021\/08\/88daf1e4-c919-495a-a8f4-f8e7aeb2c5b2.jpeg","contentUrl":"https:\/\/nbcs.mx\/wp-content\/uploads\/2021\/08\/88daf1e4-c919-495a-a8f4-f8e7aeb2c5b2.jpeg","width":1600,"height":1200},{"@type":"BreadcrumbList","@id":"https:\/\/nbcs.mx\/?p=92525#breadcrumb","itemListElement":[{"@type":"ListItem","position":1,"name":"Portada","item":"https:\/\/nbcs.mx\/"},{"@type":"ListItem","position":2,"name":"En receso la asamblea de trabajadores de la Junta Estatal de Caminos en BCS"}]},{"@type":"WebSite","@id":"https:\/\/nbcs.mx\/#website","url":"https:\/\/nbcs.mx\/","name":"NBCS Noticias","description":"Sitio web de noticias en Baja California Sur","publisher":{"@id":"https:\/\/nbcs.mx\/#organization"},"potentialAction":[{"@type":"SearchAction","target":{"@type":"EntryPoint","urlTemplate":"https:\/\/nbcs.mx\/?s={search_term_string}"},"query-input":{"@type":"PropertyValueSpecification","valueRequired":true,"valueName":"search_term_string"}}],"inLanguage":"es"},{"@type":"Organization","@id":"https:\/\/nbcs.mx\/#organization","name":"NBCS Noticias","url":"https:\/\/nbcs.mx\/","logo":{"@type":"ImageObject","inLanguage":"es","@id":"https:\/\/nbcs.mx\/#\/schema\/logo\/image\/","url":"https:\/\/nbcs.mx\/wp-content\/uploads\/2018\/09\/057b69485e93575a5c2b1c1dde2dd297.jpeg","contentUrl":"https:\/\/nbcs.mx\/wp-content\/uploads\/2018\/09\/057b69485e93575a5c2b1c1dde2dd297.jpeg","width":64,"height":64,"caption":"NBCS Noticias"},"image":{"@id":"https:\/\/nbcs.mx\/#\/schema\/logo\/image\/"},"sameAs":["https:\/\/www.facebook.com\/NBCSnoticias","https:\/\/x.com\/NBCSnoticias"]},{"@type":"Person","@id":"https:\/\/nbcs.mx\/#\/schema\/person\/ece58bab9a7c1e87a4d28ec9ecd79ff4","name":"NBCS Noticias","image":{"@type":"ImageObject","inLanguage":"es","@id":"https:\/\/secure.gravatar.com\/avatar\/4e52110cad1c4054b43271a0d14bbe9e2ea76aecd0e1097edfc670798d9ca1d4?s=96&d=blank&r=g","url":"https:\/\/secure.gravatar.com\/avatar\/4e52110cad1c4054b43271a0d14bbe9e2ea76aecd0e1097edfc670798d9ca1d4?s=96&d=blank&r=g","contentUrl":"https:\/\/secure.gravatar.com\/avatar\/4e52110cad1c4054b43271a0d14bbe9e2ea76aecd0e1097edfc670798d9ca1d4?s=96&d=blank&r=g","caption":"NBCS Noticias"},"description":"\u00bfTienes fotos o video de alg\u00fan acto de posible negligencia, corrupci\u00f3n y abuso de autoridad? M\u00e1ndalo al WhatsApp de NBCS Noticias: 612 141 98 08","sameAs":["https:\/\/www.nbcs.mx","https:\/\/www.facebook.com\/NBCSnoticias","https:\/\/www.instagram.com\/nbcsnoticias\/","https:\/\/x.com\/https:\/\/twitter.com\/NBCSnoticias"]}]}},"jetpack_publicize_connections":[],"jetpack_featured_media_url":"https:\/\/nbcs.mx\/wp-content\/uploads\/2021\/08\/88daf1e4-c919-495a-a8f4-f8e7aeb2c5b2.jpeg","jetpack_sharing_enabled":true,"_links":{"self":[{"href":"https:\/\/nbcs.mx\/index.php?rest_route=\/wp\/v2\/posts\/92525","targetHints":{"allow":["GET"]}}],"collection":[{"href":"https:\/\/nbcs.mx\/index.php?rest_route=\/wp\/v2\/posts"}],"about":[{"href":"https:\/\/nbcs.mx\/index.php?rest_route=\/wp\/v2\/types\/post"}],"author":[{"embeddable":true,"href":"https:\/\/nbcs.mx\/index.php?rest_route=\/wp\/v2\/users\/1"}],"replies":[{"embeddable":true,"href":"https:\/\/nbcs.mx\/index.php?rest_route=%2Fwp%2Fv2%2Fcomments&post=92525"}],"version-history":[{"count":2,"href":"https:\/\/nbcs.mx\/index.php?rest_route=\/wp\/v2\/posts\/92525\/revisions"}],"predecessor-version":[{"id":92529,"href":"https:\/\/nbcs.mx\/index.php?rest_route=\/wp\/v2\/posts\/92525\/revisions\/92529"}],"wp:featuredmedia":[{"embeddable":true,"href":"https:\/\/nbcs.mx\/index.php?rest_route=\/wp\/v2\/media\/92526"}],"wp:attachment":[{"href":"https:\/\/nbcs.mx\/index.php?rest_route=%2Fwp%2Fv2%2Fmedia&parent=92525"}],"wp:term":[{"taxonomy":"category","embeddable":true,"href":"https:\/\/nbcs.mx\/index.php?rest_route=%2Fwp%2Fv2%2Fcategories&post=92525"},{"taxonomy":"post_tag","embeddable":true,"href":"https:\/\/nbcs.mx\/index.php?rest_route=%2Fwp%2Fv2%2Ftags&post=92525"}],"curies":[{"name":"wp","href":"https:\/\/api.w.org\/{rel}","templated":true}]}}