{"id":93139,"date":"2021-08-31T14:00:01","date_gmt":"2021-08-31T20:00:01","guid":{"rendered":"https:\/\/nbcs.mx\/?p=93139"},"modified":"2021-08-31T14:00:01","modified_gmt":"2021-08-31T20:00:01","slug":"roban-cableado-electrico-a-primaria-hugo-cervantes-del-rio","status":"publish","type":"post","link":"https:\/\/nbcs.mx\/?p=93139","title":{"rendered":"Roban cableado el\u00e9ctrico a primaria Hugo Cervantes del Rio"},"content":{"rendered":"<p style=\"font-weight: 400; text-align: justify;\"><img loading=\"lazy\" decoding=\"async\" class=\" wp-image-93142 alignleft\" src=\"https:\/\/nbcs.mx\/wp-content\/uploads\/2021\/08\/630d9025-adef-47db-8da4-88ab80efb9f5-656x492.jpeg\" alt=\"\" width=\"397\" height=\"298\" srcset=\"https:\/\/nbcs.mx\/wp-content\/uploads\/2021\/08\/630d9025-adef-47db-8da4-88ab80efb9f5-656x492.jpeg 656w, https:\/\/nbcs.mx\/wp-content\/uploads\/2021\/08\/630d9025-adef-47db-8da4-88ab80efb9f5-1024x768.jpeg 1024w, https:\/\/nbcs.mx\/wp-content\/uploads\/2021\/08\/630d9025-adef-47db-8da4-88ab80efb9f5-150x113.jpeg 150w, https:\/\/nbcs.mx\/wp-content\/uploads\/2021\/08\/630d9025-adef-47db-8da4-88ab80efb9f5-768x576.jpeg 768w, https:\/\/nbcs.mx\/wp-content\/uploads\/2021\/08\/630d9025-adef-47db-8da4-88ab80efb9f5-1536x1152.jpeg 1536w, https:\/\/nbcs.mx\/wp-content\/uploads\/2021\/08\/630d9025-adef-47db-8da4-88ab80efb9f5.jpeg 1600w\" sizes=\"auto, (max-width: 397px) 100vw, 397px\" \/>La Paz, Baja California Sur.-\u00a0A unos d\u00edas para el regreso a clases presenciales, amantes de lo ajeno irrumpieron en una escuela primaria ubicada en la colonia La Fuente para robar todo el cableado el\u00e9ctrico de la instituci\u00f3n educativa.<\/p>\n<p style=\"font-weight: 400; text-align: justify;\">Los hechos fueron reportados cerca de las 8:50 horas de este martes 31 de agosto, en las calles Niebla y Del Mar, donde se ubica la escuela primaria Hugo Cervantes del Rio.<\/p>\n<p style=\"font-weight: 400; text-align: justify;\">Fue a trav\u00e9s del n\u00famero de emergencias, que el director de la escuela del turno matutino solicit\u00f3 la presencia de las autoridades, tras percatarse de varios registros abiertos y con ello la falta de cableado el\u00e9ctrico.<\/p>\n<p style=\"font-weight: 400; text-align: justify;\">Cabe mencionar que el director del turno vespertino de la misma escuela, report\u00f3 que el d\u00eda de ayer lunes 30 de agosto cerca de las 17:39 horas, sujetos desconocidos hab\u00edan ingresado a causar da\u00f1os a los registros donde se encontraba el cableado el\u00e9ctrico, mismo que el d\u00eda de hoy fue sustra\u00eddo.<\/p>\n<p style=\"font-weight: 400; text-align: justify;\"><img loading=\"lazy\" decoding=\"async\" class=\"size-medium wp-image-93140 aligncenter\" src=\"https:\/\/nbcs.mx\/wp-content\/uploads\/2021\/08\/d4455a34-9621-4d76-a9fe-2e34846f5823-656x492.jpeg\" alt=\"\" width=\"656\" height=\"492\" srcset=\"https:\/\/nbcs.mx\/wp-content\/uploads\/2021\/08\/d4455a34-9621-4d76-a9fe-2e34846f5823-656x492.jpeg 656w, https:\/\/nbcs.mx\/wp-content\/uploads\/2021\/08\/d4455a34-9621-4d76-a9fe-2e34846f5823-1024x768.jpeg 1024w, https:\/\/nbcs.mx\/wp-content\/uploads\/2021\/08\/d4455a34-9621-4d76-a9fe-2e34846f5823-150x113.jpeg 150w, https:\/\/nbcs.mx\/wp-content\/uploads\/2021\/08\/d4455a34-9621-4d76-a9fe-2e34846f5823-768x576.jpeg 768w, https:\/\/nbcs.mx\/wp-content\/uploads\/2021\/08\/d4455a34-9621-4d76-a9fe-2e34846f5823-1536x1152.jpeg 1536w, https:\/\/nbcs.mx\/wp-content\/uploads\/2021\/08\/d4455a34-9621-4d76-a9fe-2e34846f5823.jpeg 1600w\" sizes=\"auto, (max-width: 656px) 100vw, 656px\" \/><\/p>\n<p style=\"font-weight: 400; text-align: justify;\">Al lugar arribaron Agentes de Investigacion Criminal quienes iniciaron la carpeta de investigaci\u00f3n correspondiente.<\/p>\n<p style=\"font-weight: 400; text-align: justify;\">\n","protected":false},"excerpt":{"rendered":"<p>La Paz, Baja California Sur.-\u00a0A unos d\u00edas para el regreso a clases presenciales, amantes de lo ajeno irrumpieron en una<\/p>\n","protected":false},"author":1,"featured_media":93142,"comment_status":"open","ping_status":"closed","sticky":false,"template":"","format":"standard","meta":{"colormag_page_container_layout":"default_layout","colormag_page_sidebar_layout":"default_layout","_jetpack_memberships_contains_paid_content":false,"footnotes":"","jetpack_publicize_message":"","jetpack_publicize_feature_enabled":true,"jetpack_social_post_already_shared":true,"jetpack_social_options":{"image_generator_settings":{"template":"highway","default_image_id":0,"font":"","enabled":false},"version":2}},"categories":[22],"tags":[],"class_list":["post-93139","post","type-post","status-publish","format-standard","has-post-thumbnail","hentry","category-policiacas"],"yoast_head":"<!-- This site is optimized with the Yoast SEO plugin v27.4 - https:\/\/yoast.com\/product\/yoast-seo-wordpress\/ -->\n<title>Roban cableado el\u00e9ctrico a primaria Hugo Cervantes del Rio - NBCS Noticias<\/title>\n<meta name=\"robots\" content=\"index, follow, max-snippet:-1, max-image-preview:large, max-video-preview:-1\" \/>\n<link rel=\"canonical\" href=\"https:\/\/nbcs.mx\/?p=93139\" \/>\n<meta property=\"og:locale\" content=\"es_ES\" \/>\n<meta property=\"og:type\" content=\"article\" \/>\n<meta property=\"og:title\" content=\"Roban cableado el\u00e9ctrico a primaria Hugo Cervantes del Rio - NBCS Noticias\" \/>\n<meta property=\"og:description\" content=\"La Paz, Baja California Sur.-\u00a0A unos d\u00edas para el regreso a clases presenciales, amantes de lo ajeno irrumpieron en una\" \/>\n<meta property=\"og:url\" content=\"https:\/\/nbcs.mx\/?p=93139\" \/>\n<meta property=\"og:site_name\" content=\"NBCS Noticias\" \/>\n<meta property=\"article:publisher\" content=\"https:\/\/www.facebook.com\/NBCSnoticias\" \/>\n<meta property=\"article:author\" content=\"https:\/\/www.facebook.com\/NBCSnoticias\" \/>\n<meta property=\"article:published_time\" content=\"2021-08-31T20:00:01+00:00\" \/>\n<meta property=\"og:image\" content=\"https:\/\/nbcs.mx\/wp-content\/uploads\/2021\/08\/630d9025-adef-47db-8da4-88ab80efb9f5.jpeg\" \/>\n\t<meta property=\"og:image:width\" content=\"1600\" \/>\n\t<meta property=\"og:image:height\" content=\"1200\" \/>\n\t<meta property=\"og:image:type\" content=\"image\/jpeg\" \/>\n<meta name=\"author\" content=\"NBCS Noticias\" \/>\n<meta name=\"twitter:card\" content=\"summary_large_image\" \/>\n<meta name=\"twitter:creator\" content=\"@https:\/\/twitter.com\/NBCSnoticias\" \/>\n<meta name=\"twitter:site\" content=\"@NBCSnoticias\" \/>\n<meta name=\"twitter:label1\" content=\"Escrito por\" \/>\n\t<meta name=\"twitter:data1\" content=\"NBCS Noticias\" \/>\n\t<meta name=\"twitter:label2\" content=\"Tiempo de lectura\" \/>\n\t<meta name=\"twitter:data2\" content=\"2 minutos\" \/>\n<script type=\"application\/ld+json\" class=\"yoast-schema-graph\">{\"@context\":\"https:\\\/\\\/schema.org\",\"@graph\":[{\"@type\":\"Article\",\"@id\":\"https:\\\/\\\/nbcs.mx\\\/?p=93139#article\",\"isPartOf\":{\"@id\":\"https:\\\/\\\/nbcs.mx\\\/?p=93139\"},\"author\":{\"name\":\"NBCS Noticias\",\"@id\":\"https:\\\/\\\/nbcs.mx\\\/#\\\/schema\\\/person\\\/ece58bab9a7c1e87a4d28ec9ecd79ff4\"},\"headline\":\"Roban cableado el\u00e9ctrico a primaria Hugo Cervantes del Rio\",\"datePublished\":\"2021-08-31T20:00:01+00:00\",\"mainEntityOfPage\":{\"@id\":\"https:\\\/\\\/nbcs.mx\\\/?p=93139\"},\"wordCount\":192,\"commentCount\":0,\"publisher\":{\"@id\":\"https:\\\/\\\/nbcs.mx\\\/#organization\"},\"image\":{\"@id\":\"https:\\\/\\\/nbcs.mx\\\/?p=93139#primaryimage\"},\"thumbnailUrl\":\"https:\\\/\\\/nbcs.mx\\\/wp-content\\\/uploads\\\/2021\\\/08\\\/630d9025-adef-47db-8da4-88ab80efb9f5.jpeg\",\"articleSection\":[\"Policiacas\"],\"inLanguage\":\"es\",\"potentialAction\":[{\"@type\":\"CommentAction\",\"name\":\"Comment\",\"target\":[\"https:\\\/\\\/nbcs.mx\\\/?p=93139#respond\"]}]},{\"@type\":\"WebPage\",\"@id\":\"https:\\\/\\\/nbcs.mx\\\/?p=93139\",\"url\":\"https:\\\/\\\/nbcs.mx\\\/?p=93139\",\"name\":\"Roban cableado el\u00e9ctrico a primaria Hugo Cervantes del Rio - NBCS Noticias\",\"isPartOf\":{\"@id\":\"https:\\\/\\\/nbcs.mx\\\/#website\"},\"primaryImageOfPage\":{\"@id\":\"https:\\\/\\\/nbcs.mx\\\/?p=93139#primaryimage\"},\"image\":{\"@id\":\"https:\\\/\\\/nbcs.mx\\\/?p=93139#primaryimage\"},\"thumbnailUrl\":\"https:\\\/\\\/nbcs.mx\\\/wp-content\\\/uploads\\\/2021\\\/08\\\/630d9025-adef-47db-8da4-88ab80efb9f5.jpeg\",\"datePublished\":\"2021-08-31T20:00:01+00:00\",\"breadcrumb\":{\"@id\":\"https:\\\/\\\/nbcs.mx\\\/?p=93139#breadcrumb\"},\"inLanguage\":\"es\",\"potentialAction\":[{\"@type\":\"ReadAction\",\"target\":[\"https:\\\/\\\/nbcs.mx\\\/?p=93139\"]}]},{\"@type\":\"ImageObject\",\"inLanguage\":\"es\",\"@id\":\"https:\\\/\\\/nbcs.mx\\\/?p=93139#primaryimage\",\"url\":\"https:\\\/\\\/nbcs.mx\\\/wp-content\\\/uploads\\\/2021\\\/08\\\/630d9025-adef-47db-8da4-88ab80efb9f5.jpeg\",\"contentUrl\":\"https:\\\/\\\/nbcs.mx\\\/wp-content\\\/uploads\\\/2021\\\/08\\\/630d9025-adef-47db-8da4-88ab80efb9f5.jpeg\",\"width\":1600,\"height\":1200},{\"@type\":\"BreadcrumbList\",\"@id\":\"https:\\\/\\\/nbcs.mx\\\/?p=93139#breadcrumb\",\"itemListElement\":[{\"@type\":\"ListItem\",\"position\":1,\"name\":\"Portada\",\"item\":\"https:\\\/\\\/nbcs.mx\\\/\"},{\"@type\":\"ListItem\",\"position\":2,\"name\":\"Roban cableado el\u00e9ctrico a primaria Hugo Cervantes del Rio\"}]},{\"@type\":\"WebSite\",\"@id\":\"https:\\\/\\\/nbcs.mx\\\/#website\",\"url\":\"https:\\\/\\\/nbcs.mx\\\/\",\"name\":\"NBCS Noticias\",\"description\":\"Sitio web de noticias en Baja California Sur\",\"publisher\":{\"@id\":\"https:\\\/\\\/nbcs.mx\\\/#organization\"},\"potentialAction\":[{\"@type\":\"SearchAction\",\"target\":{\"@type\":\"EntryPoint\",\"urlTemplate\":\"https:\\\/\\\/nbcs.mx\\\/?s={search_term_string}\"},\"query-input\":{\"@type\":\"PropertyValueSpecification\",\"valueRequired\":true,\"valueName\":\"search_term_string\"}}],\"inLanguage\":\"es\"},{\"@type\":\"Organization\",\"@id\":\"https:\\\/\\\/nbcs.mx\\\/#organization\",\"name\":\"NBCS Noticias\",\"url\":\"https:\\\/\\\/nbcs.mx\\\/\",\"logo\":{\"@type\":\"ImageObject\",\"inLanguage\":\"es\",\"@id\":\"https:\\\/\\\/nbcs.mx\\\/#\\\/schema\\\/logo\\\/image\\\/\",\"url\":\"https:\\\/\\\/nbcs.mx\\\/wp-content\\\/uploads\\\/2018\\\/09\\\/057b69485e93575a5c2b1c1dde2dd297.jpeg\",\"contentUrl\":\"https:\\\/\\\/nbcs.mx\\\/wp-content\\\/uploads\\\/2018\\\/09\\\/057b69485e93575a5c2b1c1dde2dd297.jpeg\",\"width\":64,\"height\":64,\"caption\":\"NBCS Noticias\"},\"image\":{\"@id\":\"https:\\\/\\\/nbcs.mx\\\/#\\\/schema\\\/logo\\\/image\\\/\"},\"sameAs\":[\"https:\\\/\\\/www.facebook.com\\\/NBCSnoticias\",\"https:\\\/\\\/x.com\\\/NBCSnoticias\"]},{\"@type\":\"Person\",\"@id\":\"https:\\\/\\\/nbcs.mx\\\/#\\\/schema\\\/person\\\/ece58bab9a7c1e87a4d28ec9ecd79ff4\",\"name\":\"NBCS Noticias\",\"image\":{\"@type\":\"ImageObject\",\"inLanguage\":\"es\",\"@id\":\"https:\\\/\\\/secure.gravatar.com\\\/avatar\\\/4e52110cad1c4054b43271a0d14bbe9e2ea76aecd0e1097edfc670798d9ca1d4?s=96&d=blank&r=g\",\"url\":\"https:\\\/\\\/secure.gravatar.com\\\/avatar\\\/4e52110cad1c4054b43271a0d14bbe9e2ea76aecd0e1097edfc670798d9ca1d4?s=96&d=blank&r=g\",\"contentUrl\":\"https:\\\/\\\/secure.gravatar.com\\\/avatar\\\/4e52110cad1c4054b43271a0d14bbe9e2ea76aecd0e1097edfc670798d9ca1d4?s=96&d=blank&r=g\",\"caption\":\"NBCS Noticias\"},\"description\":\"\u00bfTienes fotos o video de alg\u00fan acto de posible negligencia, corrupci\u00f3n y abuso de autoridad? M\u00e1ndalo al WhatsApp de NBCS Noticias: 612 141 98 08\",\"sameAs\":[\"https:\\\/\\\/www.nbcs.mx\",\"https:\\\/\\\/www.facebook.com\\\/NBCSnoticias\",\"https:\\\/\\\/www.instagram.com\\\/nbcsnoticias\\\/\",\"https:\\\/\\\/x.com\\\/https:\\\/\\\/twitter.com\\\/NBCSnoticias\"]}]}<\/script>\n<!-- \/ Yoast SEO plugin. -->","yoast_head_json":{"title":"Roban cableado el\u00e9ctrico a primaria Hugo Cervantes del Rio - NBCS Noticias","robots":{"index":"index","follow":"follow","max-snippet":"max-snippet:-1","max-image-preview":"max-image-preview:large","max-video-preview":"max-video-preview:-1"},"canonical":"https:\/\/nbcs.mx\/?p=93139","og_locale":"es_ES","og_type":"article","og_title":"Roban cableado el\u00e9ctrico a primaria Hugo Cervantes del Rio - NBCS Noticias","og_description":"La Paz, Baja California Sur.-\u00a0A unos d\u00edas para el regreso a clases presenciales, amantes de lo ajeno irrumpieron en una","og_url":"https:\/\/nbcs.mx\/?p=93139","og_site_name":"NBCS Noticias","article_publisher":"https:\/\/www.facebook.com\/NBCSnoticias","article_author":"https:\/\/www.facebook.com\/NBCSnoticias","article_published_time":"2021-08-31T20:00:01+00:00","og_image":[{"width":1600,"height":1200,"url":"https:\/\/nbcs.mx\/wp-content\/uploads\/2021\/08\/630d9025-adef-47db-8da4-88ab80efb9f5.jpeg","type":"image\/jpeg"}],"author":"NBCS Noticias","twitter_card":"summary_large_image","twitter_creator":"@https:\/\/twitter.com\/NBCSnoticias","twitter_site":"@NBCSnoticias","twitter_misc":{"Escrito por":"NBCS Noticias","Tiempo de lectura":"2 minutos"},"schema":{"@context":"https:\/\/schema.org","@graph":[{"@type":"Article","@id":"https:\/\/nbcs.mx\/?p=93139#article","isPartOf":{"@id":"https:\/\/nbcs.mx\/?p=93139"},"author":{"name":"NBCS Noticias","@id":"https:\/\/nbcs.mx\/#\/schema\/person\/ece58bab9a7c1e87a4d28ec9ecd79ff4"},"headline":"Roban cableado el\u00e9ctrico a primaria Hugo Cervantes del Rio","datePublished":"2021-08-31T20:00:01+00:00","mainEntityOfPage":{"@id":"https:\/\/nbcs.mx\/?p=93139"},"wordCount":192,"commentCount":0,"publisher":{"@id":"https:\/\/nbcs.mx\/#organization"},"image":{"@id":"https:\/\/nbcs.mx\/?p=93139#primaryimage"},"thumbnailUrl":"https:\/\/nbcs.mx\/wp-content\/uploads\/2021\/08\/630d9025-adef-47db-8da4-88ab80efb9f5.jpeg","articleSection":["Policiacas"],"inLanguage":"es","potentialAction":[{"@type":"CommentAction","name":"Comment","target":["https:\/\/nbcs.mx\/?p=93139#respond"]}]},{"@type":"WebPage","@id":"https:\/\/nbcs.mx\/?p=93139","url":"https:\/\/nbcs.mx\/?p=93139","name":"Roban cableado el\u00e9ctrico a primaria Hugo Cervantes del Rio - NBCS Noticias","isPartOf":{"@id":"https:\/\/nbcs.mx\/#website"},"primaryImageOfPage":{"@id":"https:\/\/nbcs.mx\/?p=93139#primaryimage"},"image":{"@id":"https:\/\/nbcs.mx\/?p=93139#primaryimage"},"thumbnailUrl":"https:\/\/nbcs.mx\/wp-content\/uploads\/2021\/08\/630d9025-adef-47db-8da4-88ab80efb9f5.jpeg","datePublished":"2021-08-31T20:00:01+00:00","breadcrumb":{"@id":"https:\/\/nbcs.mx\/?p=93139#breadcrumb"},"inLanguage":"es","potentialAction":[{"@type":"ReadAction","target":["https:\/\/nbcs.mx\/?p=93139"]}]},{"@type":"ImageObject","inLanguage":"es","@id":"https:\/\/nbcs.mx\/?p=93139#primaryimage","url":"https:\/\/nbcs.mx\/wp-content\/uploads\/2021\/08\/630d9025-adef-47db-8da4-88ab80efb9f5.jpeg","contentUrl":"https:\/\/nbcs.mx\/wp-content\/uploads\/2021\/08\/630d9025-adef-47db-8da4-88ab80efb9f5.jpeg","width":1600,"height":1200},{"@type":"BreadcrumbList","@id":"https:\/\/nbcs.mx\/?p=93139#breadcrumb","itemListElement":[{"@type":"ListItem","position":1,"name":"Portada","item":"https:\/\/nbcs.mx\/"},{"@type":"ListItem","position":2,"name":"Roban cableado el\u00e9ctrico a primaria Hugo Cervantes del Rio"}]},{"@type":"WebSite","@id":"https:\/\/nbcs.mx\/#website","url":"https:\/\/nbcs.mx\/","name":"NBCS Noticias","description":"Sitio web de noticias en Baja California Sur","publisher":{"@id":"https:\/\/nbcs.mx\/#organization"},"potentialAction":[{"@type":"SearchAction","target":{"@type":"EntryPoint","urlTemplate":"https:\/\/nbcs.mx\/?s={search_term_string}"},"query-input":{"@type":"PropertyValueSpecification","valueRequired":true,"valueName":"search_term_string"}}],"inLanguage":"es"},{"@type":"Organization","@id":"https:\/\/nbcs.mx\/#organization","name":"NBCS Noticias","url":"https:\/\/nbcs.mx\/","logo":{"@type":"ImageObject","inLanguage":"es","@id":"https:\/\/nbcs.mx\/#\/schema\/logo\/image\/","url":"https:\/\/nbcs.mx\/wp-content\/uploads\/2018\/09\/057b69485e93575a5c2b1c1dde2dd297.jpeg","contentUrl":"https:\/\/nbcs.mx\/wp-content\/uploads\/2018\/09\/057b69485e93575a5c2b1c1dde2dd297.jpeg","width":64,"height":64,"caption":"NBCS Noticias"},"image":{"@id":"https:\/\/nbcs.mx\/#\/schema\/logo\/image\/"},"sameAs":["https:\/\/www.facebook.com\/NBCSnoticias","https:\/\/x.com\/NBCSnoticias"]},{"@type":"Person","@id":"https:\/\/nbcs.mx\/#\/schema\/person\/ece58bab9a7c1e87a4d28ec9ecd79ff4","name":"NBCS Noticias","image":{"@type":"ImageObject","inLanguage":"es","@id":"https:\/\/secure.gravatar.com\/avatar\/4e52110cad1c4054b43271a0d14bbe9e2ea76aecd0e1097edfc670798d9ca1d4?s=96&d=blank&r=g","url":"https:\/\/secure.gravatar.com\/avatar\/4e52110cad1c4054b43271a0d14bbe9e2ea76aecd0e1097edfc670798d9ca1d4?s=96&d=blank&r=g","contentUrl":"https:\/\/secure.gravatar.com\/avatar\/4e52110cad1c4054b43271a0d14bbe9e2ea76aecd0e1097edfc670798d9ca1d4?s=96&d=blank&r=g","caption":"NBCS Noticias"},"description":"\u00bfTienes fotos o video de alg\u00fan acto de posible negligencia, corrupci\u00f3n y abuso de autoridad? M\u00e1ndalo al WhatsApp de NBCS Noticias: 612 141 98 08","sameAs":["https:\/\/www.nbcs.mx","https:\/\/www.facebook.com\/NBCSnoticias","https:\/\/www.instagram.com\/nbcsnoticias\/","https:\/\/x.com\/https:\/\/twitter.com\/NBCSnoticias"]}]}},"jetpack_publicize_connections":[],"jetpack_featured_media_url":"https:\/\/nbcs.mx\/wp-content\/uploads\/2021\/08\/630d9025-adef-47db-8da4-88ab80efb9f5.jpeg","jetpack_sharing_enabled":true,"_links":{"self":[{"href":"https:\/\/nbcs.mx\/index.php?rest_route=\/wp\/v2\/posts\/93139","targetHints":{"allow":["GET"]}}],"collection":[{"href":"https:\/\/nbcs.mx\/index.php?rest_route=\/wp\/v2\/posts"}],"about":[{"href":"https:\/\/nbcs.mx\/index.php?rest_route=\/wp\/v2\/types\/post"}],"author":[{"embeddable":true,"href":"https:\/\/nbcs.mx\/index.php?rest_route=\/wp\/v2\/users\/1"}],"replies":[{"embeddable":true,"href":"https:\/\/nbcs.mx\/index.php?rest_route=%2Fwp%2Fv2%2Fcomments&post=93139"}],"version-history":[{"count":1,"href":"https:\/\/nbcs.mx\/index.php?rest_route=\/wp\/v2\/posts\/93139\/revisions"}],"predecessor-version":[{"id":93143,"href":"https:\/\/nbcs.mx\/index.php?rest_route=\/wp\/v2\/posts\/93139\/revisions\/93143"}],"wp:featuredmedia":[{"embeddable":true,"href":"https:\/\/nbcs.mx\/index.php?rest_route=\/wp\/v2\/media\/93142"}],"wp:attachment":[{"href":"https:\/\/nbcs.mx\/index.php?rest_route=%2Fwp%2Fv2%2Fmedia&parent=93139"}],"wp:term":[{"taxonomy":"category","embeddable":true,"href":"https:\/\/nbcs.mx\/index.php?rest_route=%2Fwp%2Fv2%2Fcategories&post=93139"},{"taxonomy":"post_tag","embeddable":true,"href":"https:\/\/nbcs.mx\/index.php?rest_route=%2Fwp%2Fv2%2Ftags&post=93139"}],"curies":[{"name":"wp","href":"https:\/\/api.w.org\/{rel}","templated":true}]}}