{"id":93542,"date":"2021-09-08T20:12:19","date_gmt":"2021-09-09T02:12:19","guid":{"rendered":"https:\/\/nbcs.mx\/?p=93542"},"modified":"2021-09-08T20:12:19","modified_gmt":"2021-09-09T02:12:19","slug":"sentadas-las-bases-para-que-mas-empresas-se-inscriban-al-programa-acercamiento-amigo","status":"publish","type":"post","link":"https:\/\/nbcs.mx\/?p=93542","title":{"rendered":"Sentadas las bases para que m\u00e1s empresas se inscriban al programa \u201cAcercamiento Amigo\u201d"},"content":{"rendered":"<p style=\"text-align: justify;\"><img loading=\"lazy\" decoding=\"async\" class=\" wp-image-93543 alignleft\" src=\"https:\/\/nbcs.mx\/wp-content\/uploads\/2021\/09\/Canaco-La-Paz-firma-de-convenio-personas-con-discapacidad-755x471.jpeg\" alt=\"\" width=\"380\" height=\"237\" \/>La Paz, Baja California Sur.- Derivado del reciente convenio de colaboraci\u00f3n suscrito entre el Instituto Sudcaliforniano para la Inclusi\u00f3n de Personas con Discapacidad (ISIPD) y la C\u00e1mara de Comercio, Servicios y Turismo de La Paz (CANACO), el secretario del Trabajo y Desarrollo Social (STDS) Tom\u00e1s Flores Gameros, en compa\u00f1\u00eda de Yazm\u00edth Bataz Carballo, titular del Instituto, entregaron reconocimientos a representantes empresariales que est\u00e1n participando en el Programa Acercamiento Amigo, que forma parte de este convenio.<\/p>\n<p style=\"text-align: justify;\">\n<p style=\"text-align: justify;\">En este marco Bataz Carballo, record\u00f3 que este programa tiene como prop\u00f3sito facilitar el acceso a las personas con alg\u00fan tipo de discapacidad a los productos o servicios que ofrecen, por ello, las y los interesados, pueden solicitar v\u00eda telef\u00f3nica un medio de transporte adecuado para trasladarse y realizar su consumo.<\/p>\n<p style=\"text-align: justify;\">\n<p style=\"text-align: justify;\">En este sentido abund\u00f3 que, contin\u00faa abierto el registro para aquellos que desean inscribirse y formar parte del directorio que se difunde a trav\u00e9s de las p\u00e1ginas oficiales del Gobierno del Estado, mencionando que actualmente se han afiliado, tan solo en la ciudad de La Paz, alrededor de 20 empresas.<\/p>\n<p style=\"text-align: justify;\">\n<p style=\"text-align: justify;\">Con el fin de cuidar los protocolos de sanidad y seguridad establecidos por el Comit\u00e9 Estatal de Seguridad en Salud, se realiz\u00f3 una ceremonia donde se cont\u00f3 con la presencia de participantes como son Sake Sushi, Restaurante y Cafeter\u00eda Bella Vista, California Chicken, Conchitas Artesanales Dassy OO y Suministros M\u00e9dicos y Ortop\u00e9dicos.<\/p>\n<p style=\"text-align: justify;\">\n<p style=\"text-align: justify;\">Al hacer uso de la voz cada uno de los representantes empresariales, refrendaron su compromiso por continuar apoyando esta incitativa, misma que favorece a este sector de la sociedad, al tiempo de reconocer al ISIPD por impulsar esta estrategia.<\/p>\n<p style=\"text-align: justify;\">\n<p style=\"text-align: justify;\">Por su parte, Tom\u00e1s Flores Gameros reconoci\u00f3 el entusiasmo, el esfuerzo y sobre todo el compromiso de quienes buscan ser socialmente responsables al sumarse a esfuerzo que se realiza en STDS, para promover pol\u00edticas p\u00fablicas que garanticen la igualdad de oportunidades de progreso y bienestar para todas las personas, con mayor \u00e9nfasis hacia los sectores m\u00e1s vulnerables de la sociedad sudcaliforniana.<\/p>\n<p style=\"text-align: justify;\">\n<p style=\"text-align: justify;\"><strong>\u00a0<\/strong><\/p>\n","protected":false},"excerpt":{"rendered":"<p>La Paz, Baja California Sur.- Derivado del reciente convenio de colaboraci\u00f3n suscrito entre el Instituto Sudcaliforniano para la Inclusi\u00f3n de<\/p>\n","protected":false},"author":1,"featured_media":0,"comment_status":"open","ping_status":"closed","sticky":false,"template":"","format":"standard","meta":{"colormag_page_container_layout":"default_layout","colormag_page_sidebar_layout":"default_layout","_jetpack_memberships_contains_paid_content":false,"footnotes":"","jetpack_publicize_message":"","jetpack_publicize_feature_enabled":true,"jetpack_social_post_already_shared":true,"jetpack_social_options":{"image_generator_settings":{"template":"highway","default_image_id":0,"font":"","enabled":false},"version":2}},"categories":[1],"tags":[],"class_list":["post-93542","post","type-post","status-publish","format-standard","hentry","category-noticias"],"yoast_head":"<!-- This site is optimized with the Yoast SEO plugin v27.5 - https:\/\/yoast.com\/product\/yoast-seo-wordpress\/ -->\n<title>Sentadas las bases para que m\u00e1s empresas se inscriban al programa \u201cAcercamiento Amigo\u201d - NBCS Noticias<\/title>\n<meta name=\"robots\" content=\"index, follow, max-snippet:-1, max-image-preview:large, max-video-preview:-1\" \/>\n<link rel=\"canonical\" href=\"https:\/\/nbcs.mx\/?p=93542\" \/>\n<meta property=\"og:locale\" content=\"es_ES\" \/>\n<meta property=\"og:type\" content=\"article\" \/>\n<meta property=\"og:title\" content=\"Sentadas las bases para que m\u00e1s empresas se inscriban al programa \u201cAcercamiento Amigo\u201d - NBCS Noticias\" \/>\n<meta property=\"og:description\" content=\"La Paz, Baja California Sur.- Derivado del reciente convenio de colaboraci\u00f3n suscrito entre el Instituto Sudcaliforniano para la Inclusi\u00f3n de\" \/>\n<meta property=\"og:url\" content=\"https:\/\/nbcs.mx\/?p=93542\" \/>\n<meta property=\"og:site_name\" content=\"NBCS Noticias\" \/>\n<meta property=\"article:publisher\" content=\"https:\/\/www.facebook.com\/NBCSnoticias\" \/>\n<meta property=\"article:author\" content=\"https:\/\/www.facebook.com\/NBCSnoticias\" \/>\n<meta property=\"article:published_time\" content=\"2021-09-09T02:12:19+00:00\" \/>\n<meta property=\"og:image\" content=\"https:\/\/nbcs.mx\/wp-content\/uploads\/2021\/09\/Canaco-La-Paz-firma-de-convenio-personas-con-discapacidad-755x471.jpeg\" \/>\n<meta name=\"author\" content=\"NBCS Noticias\" \/>\n<meta name=\"twitter:card\" content=\"summary_large_image\" \/>\n<meta name=\"twitter:creator\" content=\"@https:\/\/twitter.com\/NBCSnoticias\" \/>\n<meta name=\"twitter:site\" content=\"@NBCSnoticias\" \/>\n<meta name=\"twitter:label1\" content=\"Escrito por\" \/>\n\t<meta name=\"twitter:data1\" content=\"NBCS Noticias\" \/>\n\t<meta name=\"twitter:label2\" content=\"Tiempo de lectura\" \/>\n\t<meta name=\"twitter:data2\" content=\"2 minutos\" \/>\n<script type=\"application\/ld+json\" class=\"yoast-schema-graph\">{\"@context\":\"https:\\\/\\\/schema.org\",\"@graph\":[{\"@type\":\"Article\",\"@id\":\"https:\\\/\\\/nbcs.mx\\\/?p=93542#article\",\"isPartOf\":{\"@id\":\"https:\\\/\\\/nbcs.mx\\\/?p=93542\"},\"author\":{\"name\":\"NBCS Noticias\",\"@id\":\"https:\\\/\\\/nbcs.mx\\\/#\\\/schema\\\/person\\\/ece58bab9a7c1e87a4d28ec9ecd79ff4\"},\"headline\":\"Sentadas las bases para que m\u00e1s empresas se inscriban al programa \u201cAcercamiento Amigo\u201d\",\"datePublished\":\"2021-09-09T02:12:19+00:00\",\"mainEntityOfPage\":{\"@id\":\"https:\\\/\\\/nbcs.mx\\\/?p=93542\"},\"wordCount\":363,\"commentCount\":0,\"publisher\":{\"@id\":\"https:\\\/\\\/nbcs.mx\\\/#organization\"},\"image\":{\"@id\":\"https:\\\/\\\/nbcs.mx\\\/?p=93542#primaryimage\"},\"thumbnailUrl\":\"https:\\\/\\\/nbcs.mx\\\/wp-content\\\/uploads\\\/2021\\\/09\\\/Canaco-La-Paz-firma-de-convenio-personas-con-discapacidad-755x471.jpeg\",\"articleSection\":[\"Noticias\"],\"inLanguage\":\"es\",\"potentialAction\":[{\"@type\":\"CommentAction\",\"name\":\"Comment\",\"target\":[\"https:\\\/\\\/nbcs.mx\\\/?p=93542#respond\"]}]},{\"@type\":\"WebPage\",\"@id\":\"https:\\\/\\\/nbcs.mx\\\/?p=93542\",\"url\":\"https:\\\/\\\/nbcs.mx\\\/?p=93542\",\"name\":\"Sentadas las bases para que m\u00e1s empresas se inscriban al programa \u201cAcercamiento Amigo\u201d - NBCS Noticias\",\"isPartOf\":{\"@id\":\"https:\\\/\\\/nbcs.mx\\\/#website\"},\"primaryImageOfPage\":{\"@id\":\"https:\\\/\\\/nbcs.mx\\\/?p=93542#primaryimage\"},\"image\":{\"@id\":\"https:\\\/\\\/nbcs.mx\\\/?p=93542#primaryimage\"},\"thumbnailUrl\":\"https:\\\/\\\/nbcs.mx\\\/wp-content\\\/uploads\\\/2021\\\/09\\\/Canaco-La-Paz-firma-de-convenio-personas-con-discapacidad-755x471.jpeg\",\"datePublished\":\"2021-09-09T02:12:19+00:00\",\"breadcrumb\":{\"@id\":\"https:\\\/\\\/nbcs.mx\\\/?p=93542#breadcrumb\"},\"inLanguage\":\"es\",\"potentialAction\":[{\"@type\":\"ReadAction\",\"target\":[\"https:\\\/\\\/nbcs.mx\\\/?p=93542\"]}]},{\"@type\":\"ImageObject\",\"inLanguage\":\"es\",\"@id\":\"https:\\\/\\\/nbcs.mx\\\/?p=93542#primaryimage\",\"url\":\"https:\\\/\\\/nbcs.mx\\\/wp-content\\\/uploads\\\/2021\\\/09\\\/Canaco-La-Paz-firma-de-convenio-personas-con-discapacidad-755x471.jpeg\",\"contentUrl\":\"https:\\\/\\\/nbcs.mx\\\/wp-content\\\/uploads\\\/2021\\\/09\\\/Canaco-La-Paz-firma-de-convenio-personas-con-discapacidad-755x471.jpeg\"},{\"@type\":\"BreadcrumbList\",\"@id\":\"https:\\\/\\\/nbcs.mx\\\/?p=93542#breadcrumb\",\"itemListElement\":[{\"@type\":\"ListItem\",\"position\":1,\"name\":\"Portada\",\"item\":\"https:\\\/\\\/nbcs.mx\\\/\"},{\"@type\":\"ListItem\",\"position\":2,\"name\":\"Sentadas las bases para que m\u00e1s empresas se inscriban al programa \u201cAcercamiento Amigo\u201d\"}]},{\"@type\":\"WebSite\",\"@id\":\"https:\\\/\\\/nbcs.mx\\\/#website\",\"url\":\"https:\\\/\\\/nbcs.mx\\\/\",\"name\":\"NBCS Noticias\",\"description\":\"Sitio web de noticias en Baja California Sur\",\"publisher\":{\"@id\":\"https:\\\/\\\/nbcs.mx\\\/#organization\"},\"potentialAction\":[{\"@type\":\"SearchAction\",\"target\":{\"@type\":\"EntryPoint\",\"urlTemplate\":\"https:\\\/\\\/nbcs.mx\\\/?s={search_term_string}\"},\"query-input\":{\"@type\":\"PropertyValueSpecification\",\"valueRequired\":true,\"valueName\":\"search_term_string\"}}],\"inLanguage\":\"es\"},{\"@type\":\"Organization\",\"@id\":\"https:\\\/\\\/nbcs.mx\\\/#organization\",\"name\":\"NBCS Noticias\",\"url\":\"https:\\\/\\\/nbcs.mx\\\/\",\"logo\":{\"@type\":\"ImageObject\",\"inLanguage\":\"es\",\"@id\":\"https:\\\/\\\/nbcs.mx\\\/#\\\/schema\\\/logo\\\/image\\\/\",\"url\":\"https:\\\/\\\/nbcs.mx\\\/wp-content\\\/uploads\\\/2018\\\/09\\\/057b69485e93575a5c2b1c1dde2dd297.jpeg\",\"contentUrl\":\"https:\\\/\\\/nbcs.mx\\\/wp-content\\\/uploads\\\/2018\\\/09\\\/057b69485e93575a5c2b1c1dde2dd297.jpeg\",\"width\":64,\"height\":64,\"caption\":\"NBCS Noticias\"},\"image\":{\"@id\":\"https:\\\/\\\/nbcs.mx\\\/#\\\/schema\\\/logo\\\/image\\\/\"},\"sameAs\":[\"https:\\\/\\\/www.facebook.com\\\/NBCSnoticias\",\"https:\\\/\\\/x.com\\\/NBCSnoticias\"]},{\"@type\":\"Person\",\"@id\":\"https:\\\/\\\/nbcs.mx\\\/#\\\/schema\\\/person\\\/ece58bab9a7c1e87a4d28ec9ecd79ff4\",\"name\":\"NBCS Noticias\",\"image\":{\"@type\":\"ImageObject\",\"inLanguage\":\"es\",\"@id\":\"https:\\\/\\\/secure.gravatar.com\\\/avatar\\\/4e52110cad1c4054b43271a0d14bbe9e2ea76aecd0e1097edfc670798d9ca1d4?s=96&d=blank&r=g\",\"url\":\"https:\\\/\\\/secure.gravatar.com\\\/avatar\\\/4e52110cad1c4054b43271a0d14bbe9e2ea76aecd0e1097edfc670798d9ca1d4?s=96&d=blank&r=g\",\"contentUrl\":\"https:\\\/\\\/secure.gravatar.com\\\/avatar\\\/4e52110cad1c4054b43271a0d14bbe9e2ea76aecd0e1097edfc670798d9ca1d4?s=96&d=blank&r=g\",\"caption\":\"NBCS Noticias\"},\"description\":\"\u00bfTienes fotos o video de alg\u00fan acto de posible negligencia, corrupci\u00f3n y abuso de autoridad? M\u00e1ndalo al WhatsApp de NBCS Noticias: 612 141 98 08\",\"sameAs\":[\"https:\\\/\\\/www.nbcs.mx\",\"https:\\\/\\\/www.facebook.com\\\/NBCSnoticias\",\"https:\\\/\\\/www.instagram.com\\\/nbcsnoticias\\\/\",\"https:\\\/\\\/x.com\\\/https:\\\/\\\/twitter.com\\\/NBCSnoticias\"]}]}<\/script>\n<!-- \/ Yoast SEO plugin. -->","yoast_head_json":{"title":"Sentadas las bases para que m\u00e1s empresas se inscriban al programa \u201cAcercamiento Amigo\u201d - NBCS Noticias","robots":{"index":"index","follow":"follow","max-snippet":"max-snippet:-1","max-image-preview":"max-image-preview:large","max-video-preview":"max-video-preview:-1"},"canonical":"https:\/\/nbcs.mx\/?p=93542","og_locale":"es_ES","og_type":"article","og_title":"Sentadas las bases para que m\u00e1s empresas se inscriban al programa \u201cAcercamiento Amigo\u201d - NBCS Noticias","og_description":"La Paz, Baja California Sur.- Derivado del reciente convenio de colaboraci\u00f3n suscrito entre el Instituto Sudcaliforniano para la Inclusi\u00f3n de","og_url":"https:\/\/nbcs.mx\/?p=93542","og_site_name":"NBCS Noticias","article_publisher":"https:\/\/www.facebook.com\/NBCSnoticias","article_author":"https:\/\/www.facebook.com\/NBCSnoticias","article_published_time":"2021-09-09T02:12:19+00:00","og_image":[{"url":"https:\/\/nbcs.mx\/wp-content\/uploads\/2021\/09\/Canaco-La-Paz-firma-de-convenio-personas-con-discapacidad-755x471.jpeg","type":"","width":"","height":""}],"author":"NBCS Noticias","twitter_card":"summary_large_image","twitter_creator":"@https:\/\/twitter.com\/NBCSnoticias","twitter_site":"@NBCSnoticias","twitter_misc":{"Escrito por":"NBCS Noticias","Tiempo de lectura":"2 minutos"},"schema":{"@context":"https:\/\/schema.org","@graph":[{"@type":"Article","@id":"https:\/\/nbcs.mx\/?p=93542#article","isPartOf":{"@id":"https:\/\/nbcs.mx\/?p=93542"},"author":{"name":"NBCS Noticias","@id":"https:\/\/nbcs.mx\/#\/schema\/person\/ece58bab9a7c1e87a4d28ec9ecd79ff4"},"headline":"Sentadas las bases para que m\u00e1s empresas se inscriban al programa \u201cAcercamiento Amigo\u201d","datePublished":"2021-09-09T02:12:19+00:00","mainEntityOfPage":{"@id":"https:\/\/nbcs.mx\/?p=93542"},"wordCount":363,"commentCount":0,"publisher":{"@id":"https:\/\/nbcs.mx\/#organization"},"image":{"@id":"https:\/\/nbcs.mx\/?p=93542#primaryimage"},"thumbnailUrl":"https:\/\/nbcs.mx\/wp-content\/uploads\/2021\/09\/Canaco-La-Paz-firma-de-convenio-personas-con-discapacidad-755x471.jpeg","articleSection":["Noticias"],"inLanguage":"es","potentialAction":[{"@type":"CommentAction","name":"Comment","target":["https:\/\/nbcs.mx\/?p=93542#respond"]}]},{"@type":"WebPage","@id":"https:\/\/nbcs.mx\/?p=93542","url":"https:\/\/nbcs.mx\/?p=93542","name":"Sentadas las bases para que m\u00e1s empresas se inscriban al programa \u201cAcercamiento Amigo\u201d - NBCS Noticias","isPartOf":{"@id":"https:\/\/nbcs.mx\/#website"},"primaryImageOfPage":{"@id":"https:\/\/nbcs.mx\/?p=93542#primaryimage"},"image":{"@id":"https:\/\/nbcs.mx\/?p=93542#primaryimage"},"thumbnailUrl":"https:\/\/nbcs.mx\/wp-content\/uploads\/2021\/09\/Canaco-La-Paz-firma-de-convenio-personas-con-discapacidad-755x471.jpeg","datePublished":"2021-09-09T02:12:19+00:00","breadcrumb":{"@id":"https:\/\/nbcs.mx\/?p=93542#breadcrumb"},"inLanguage":"es","potentialAction":[{"@type":"ReadAction","target":["https:\/\/nbcs.mx\/?p=93542"]}]},{"@type":"ImageObject","inLanguage":"es","@id":"https:\/\/nbcs.mx\/?p=93542#primaryimage","url":"https:\/\/nbcs.mx\/wp-content\/uploads\/2021\/09\/Canaco-La-Paz-firma-de-convenio-personas-con-discapacidad-755x471.jpeg","contentUrl":"https:\/\/nbcs.mx\/wp-content\/uploads\/2021\/09\/Canaco-La-Paz-firma-de-convenio-personas-con-discapacidad-755x471.jpeg"},{"@type":"BreadcrumbList","@id":"https:\/\/nbcs.mx\/?p=93542#breadcrumb","itemListElement":[{"@type":"ListItem","position":1,"name":"Portada","item":"https:\/\/nbcs.mx\/"},{"@type":"ListItem","position":2,"name":"Sentadas las bases para que m\u00e1s empresas se inscriban al programa \u201cAcercamiento Amigo\u201d"}]},{"@type":"WebSite","@id":"https:\/\/nbcs.mx\/#website","url":"https:\/\/nbcs.mx\/","name":"NBCS Noticias","description":"Sitio web de noticias en Baja California Sur","publisher":{"@id":"https:\/\/nbcs.mx\/#organization"},"potentialAction":[{"@type":"SearchAction","target":{"@type":"EntryPoint","urlTemplate":"https:\/\/nbcs.mx\/?s={search_term_string}"},"query-input":{"@type":"PropertyValueSpecification","valueRequired":true,"valueName":"search_term_string"}}],"inLanguage":"es"},{"@type":"Organization","@id":"https:\/\/nbcs.mx\/#organization","name":"NBCS Noticias","url":"https:\/\/nbcs.mx\/","logo":{"@type":"ImageObject","inLanguage":"es","@id":"https:\/\/nbcs.mx\/#\/schema\/logo\/image\/","url":"https:\/\/nbcs.mx\/wp-content\/uploads\/2018\/09\/057b69485e93575a5c2b1c1dde2dd297.jpeg","contentUrl":"https:\/\/nbcs.mx\/wp-content\/uploads\/2018\/09\/057b69485e93575a5c2b1c1dde2dd297.jpeg","width":64,"height":64,"caption":"NBCS Noticias"},"image":{"@id":"https:\/\/nbcs.mx\/#\/schema\/logo\/image\/"},"sameAs":["https:\/\/www.facebook.com\/NBCSnoticias","https:\/\/x.com\/NBCSnoticias"]},{"@type":"Person","@id":"https:\/\/nbcs.mx\/#\/schema\/person\/ece58bab9a7c1e87a4d28ec9ecd79ff4","name":"NBCS Noticias","image":{"@type":"ImageObject","inLanguage":"es","@id":"https:\/\/secure.gravatar.com\/avatar\/4e52110cad1c4054b43271a0d14bbe9e2ea76aecd0e1097edfc670798d9ca1d4?s=96&d=blank&r=g","url":"https:\/\/secure.gravatar.com\/avatar\/4e52110cad1c4054b43271a0d14bbe9e2ea76aecd0e1097edfc670798d9ca1d4?s=96&d=blank&r=g","contentUrl":"https:\/\/secure.gravatar.com\/avatar\/4e52110cad1c4054b43271a0d14bbe9e2ea76aecd0e1097edfc670798d9ca1d4?s=96&d=blank&r=g","caption":"NBCS Noticias"},"description":"\u00bfTienes fotos o video de alg\u00fan acto de posible negligencia, corrupci\u00f3n y abuso de autoridad? M\u00e1ndalo al WhatsApp de NBCS Noticias: 612 141 98 08","sameAs":["https:\/\/www.nbcs.mx","https:\/\/www.facebook.com\/NBCSnoticias","https:\/\/www.instagram.com\/nbcsnoticias\/","https:\/\/x.com\/https:\/\/twitter.com\/NBCSnoticias"]}]}},"jetpack_publicize_connections":[],"jetpack_featured_media_url":"","jetpack_sharing_enabled":true,"_links":{"self":[{"href":"https:\/\/nbcs.mx\/index.php?rest_route=\/wp\/v2\/posts\/93542","targetHints":{"allow":["GET"]}}],"collection":[{"href":"https:\/\/nbcs.mx\/index.php?rest_route=\/wp\/v2\/posts"}],"about":[{"href":"https:\/\/nbcs.mx\/index.php?rest_route=\/wp\/v2\/types\/post"}],"author":[{"embeddable":true,"href":"https:\/\/nbcs.mx\/index.php?rest_route=\/wp\/v2\/users\/1"}],"replies":[{"embeddable":true,"href":"https:\/\/nbcs.mx\/index.php?rest_route=%2Fwp%2Fv2%2Fcomments&post=93542"}],"version-history":[{"count":1,"href":"https:\/\/nbcs.mx\/index.php?rest_route=\/wp\/v2\/posts\/93542\/revisions"}],"predecessor-version":[{"id":93544,"href":"https:\/\/nbcs.mx\/index.php?rest_route=\/wp\/v2\/posts\/93542\/revisions\/93544"}],"wp:attachment":[{"href":"https:\/\/nbcs.mx\/index.php?rest_route=%2Fwp%2Fv2%2Fmedia&parent=93542"}],"wp:term":[{"taxonomy":"category","embeddable":true,"href":"https:\/\/nbcs.mx\/index.php?rest_route=%2Fwp%2Fv2%2Fcategories&post=93542"},{"taxonomy":"post_tag","embeddable":true,"href":"https:\/\/nbcs.mx\/index.php?rest_route=%2Fwp%2Fv2%2Ftags&post=93542"}],"curies":[{"name":"wp","href":"https:\/\/api.w.org\/{rel}","templated":true}]}}