{"id":94621,"date":"2021-10-01T16:20:27","date_gmt":"2021-10-01T22:20:27","guid":{"rendered":"https:\/\/nbcs.mx\/?p=94621"},"modified":"2021-10-01T16:20:27","modified_gmt":"2021-10-01T22:20:27","slug":"tar-presenta-nuevas-rutas-desde-la-paz-hacia-puerto-vallarta-y-culiacan","status":"publish","type":"post","link":"https:\/\/nbcs.mx\/?p=94621","title":{"rendered":"TAR presenta nuevas rutas desde La Paz hacia Puerto Vallarta y Culiac\u00e1n"},"content":{"rendered":"<p style=\"text-align: justify;\"><img loading=\"lazy\" decoding=\"async\" class=\" wp-image-94622 alignleft\" src=\"https:\/\/nbcs.mx\/wp-content\/uploads\/2021\/10\/15-Aerolineas-Tar-nuevas-rutas-a-La-Paz-697x492.jpeg\" alt=\"\" width=\"392\" height=\"277\" \/>La Paz, Baja California Sur.- La aerol\u00ednea TAR anuncio sus nuevas rutas desde La Paz hacia Puerto Vallarta y Culiac\u00e1n, ambas comenzar\u00e1n operaciones el 19 de octubre de 2021.<\/p>\n<p style=\"text-align: justify;\">Las nuevas rutas ser\u00e1n operadas en un jet de la flota Embraer ERJ-145 de la aerol\u00ednea con una capacidad de 50 plazas, ofreciendo tres frecuencias a la semana los d\u00edas martes, jueves y s\u00e1bado. Las tarifas especiales para el lanzamiento de las nuevas rutas ser\u00e1n de $1,299 MXN (todos los impuestos incluidos) para la ruta La Paz \u2013 Puerto Vallarta y para La Paz \u2013 Culiac\u00e1n $899 MXN (todos los impuestos incluidos).<\/p>\n<p style=\"text-align: justify;\">Con la inauguraci\u00f3n de estas frecuencias, TAR\u00a0asegura que est\u00e1 incrementando en volumen de operaciones en La Paz con\u00a018 mil pasajeros adicionales y entre 23 y 25 millones de pesos de derrama econ\u00f3mica.<\/p>\n<p style=\"text-align: justify;\">Para los primeros meses de operaci\u00f3n, la aerol\u00ednea espera tener una ocupaci\u00f3n de alrededor del 55% para\u00a0La Paz \u2013 Puerto Vallarta y 48% para La Paz \u2013 Culiac\u00e1n.<\/p>\n<p style=\"text-align: justify;\">La nueva ruta La Paz \u2013 Puerto Vallarta pretende ofrecer una alternativa de conectividad a\u00e9rea entre los estados de Jalisco y Baja California Sur, estados que albergan dos de los destinos playa m\u00e1s reconocidos en M\u00e9xico, mientras que La Paz \u2013 Culiac\u00e1n refuerza la oferta en el golfo de california.<\/p>\n<p style=\"text-align: justify;\">Derivado de estas nuevas operaciones la red ahora cuenta con un potencial adicional para volar La Paz \u2013 Chihuahua con escala en Culiac\u00e1n, ruta que contar\u00e1 con tres frecuencias a la semana \u201c<em>ida y vuelta<\/em>\u201d en los mismos d\u00edas que las nuevas rutas directas. La tarifa para disfrutar de este vuelo comenzar\u00e1 en los $3,219 MXN (todos los impuestos incluidos).<\/p>\n<p style=\"text-align: justify;\">Con la adici\u00f3n de las rutas TAR cuenta ahora con operaciones en 19 aeropuertos con 29 rutas directas y 22 indirectas.<\/p>\n","protected":false},"excerpt":{"rendered":"<p>La Paz, Baja California Sur.- La aerol\u00ednea TAR anuncio sus nuevas rutas desde La Paz hacia Puerto Vallarta y Culiac\u00e1n,<\/p>\n","protected":false},"author":1,"featured_media":0,"comment_status":"open","ping_status":"closed","sticky":false,"template":"","format":"standard","meta":{"colormag_page_container_layout":"default_layout","colormag_page_sidebar_layout":"default_layout","_jetpack_memberships_contains_paid_content":false,"footnotes":"","jetpack_publicize_message":"","jetpack_publicize_feature_enabled":true,"jetpack_social_post_already_shared":true,"jetpack_social_options":{"image_generator_settings":{"template":"highway","default_image_id":0,"font":"","enabled":false},"version":2}},"categories":[1],"tags":[],"class_list":["post-94621","post","type-post","status-publish","format-standard","hentry","category-noticias"],"yoast_head":"<!-- This site is optimized with the Yoast SEO plugin v27.4 - https:\/\/yoast.com\/product\/yoast-seo-wordpress\/ -->\n<title>TAR presenta nuevas rutas desde La Paz hacia Puerto Vallarta y Culiac\u00e1n - NBCS Noticias<\/title>\n<meta name=\"robots\" content=\"index, follow, max-snippet:-1, max-image-preview:large, max-video-preview:-1\" \/>\n<link rel=\"canonical\" href=\"https:\/\/nbcs.mx\/?p=94621\" \/>\n<meta property=\"og:locale\" content=\"es_ES\" \/>\n<meta property=\"og:type\" content=\"article\" \/>\n<meta property=\"og:title\" content=\"TAR presenta nuevas rutas desde La Paz hacia Puerto Vallarta y Culiac\u00e1n - NBCS Noticias\" \/>\n<meta property=\"og:description\" content=\"La Paz, Baja California Sur.- La aerol\u00ednea TAR anuncio sus nuevas rutas desde La Paz hacia Puerto Vallarta y Culiac\u00e1n,\" \/>\n<meta property=\"og:url\" content=\"https:\/\/nbcs.mx\/?p=94621\" \/>\n<meta property=\"og:site_name\" content=\"NBCS Noticias\" \/>\n<meta property=\"article:publisher\" content=\"https:\/\/www.facebook.com\/NBCSnoticias\" \/>\n<meta property=\"article:author\" content=\"https:\/\/www.facebook.com\/NBCSnoticias\" \/>\n<meta property=\"article:published_time\" content=\"2021-10-01T22:20:27+00:00\" \/>\n<meta property=\"og:image\" content=\"https:\/\/nbcs.mx\/wp-content\/uploads\/2021\/10\/15-Aerolineas-Tar-nuevas-rutas-a-La-Paz-697x492.jpeg\" \/>\n<meta name=\"author\" content=\"NBCS Noticias\" \/>\n<meta name=\"twitter:card\" content=\"summary_large_image\" \/>\n<meta name=\"twitter:creator\" content=\"@https:\/\/twitter.com\/NBCSnoticias\" \/>\n<meta name=\"twitter:site\" content=\"@NBCSnoticias\" \/>\n<meta name=\"twitter:label1\" content=\"Escrito por\" \/>\n\t<meta name=\"twitter:data1\" content=\"NBCS Noticias\" \/>\n\t<meta name=\"twitter:label2\" content=\"Tiempo de lectura\" \/>\n\t<meta name=\"twitter:data2\" content=\"2 minutos\" \/>\n<script type=\"application\/ld+json\" class=\"yoast-schema-graph\">{\"@context\":\"https:\\\/\\\/schema.org\",\"@graph\":[{\"@type\":\"Article\",\"@id\":\"https:\\\/\\\/nbcs.mx\\\/?p=94621#article\",\"isPartOf\":{\"@id\":\"https:\\\/\\\/nbcs.mx\\\/?p=94621\"},\"author\":{\"name\":\"NBCS Noticias\",\"@id\":\"https:\\\/\\\/nbcs.mx\\\/#\\\/schema\\\/person\\\/ece58bab9a7c1e87a4d28ec9ecd79ff4\"},\"headline\":\"TAR presenta nuevas rutas desde La Paz hacia Puerto Vallarta y Culiac\u00e1n\",\"datePublished\":\"2021-10-01T22:20:27+00:00\",\"mainEntityOfPage\":{\"@id\":\"https:\\\/\\\/nbcs.mx\\\/?p=94621\"},\"wordCount\":310,\"commentCount\":0,\"publisher\":{\"@id\":\"https:\\\/\\\/nbcs.mx\\\/#organization\"},\"image\":{\"@id\":\"https:\\\/\\\/nbcs.mx\\\/?p=94621#primaryimage\"},\"thumbnailUrl\":\"https:\\\/\\\/nbcs.mx\\\/wp-content\\\/uploads\\\/2021\\\/10\\\/15-Aerolineas-Tar-nuevas-rutas-a-La-Paz-697x492.jpeg\",\"articleSection\":[\"Noticias\"],\"inLanguage\":\"es\",\"potentialAction\":[{\"@type\":\"CommentAction\",\"name\":\"Comment\",\"target\":[\"https:\\\/\\\/nbcs.mx\\\/?p=94621#respond\"]}]},{\"@type\":\"WebPage\",\"@id\":\"https:\\\/\\\/nbcs.mx\\\/?p=94621\",\"url\":\"https:\\\/\\\/nbcs.mx\\\/?p=94621\",\"name\":\"TAR presenta nuevas rutas desde La Paz hacia Puerto Vallarta y Culiac\u00e1n - NBCS Noticias\",\"isPartOf\":{\"@id\":\"https:\\\/\\\/nbcs.mx\\\/#website\"},\"primaryImageOfPage\":{\"@id\":\"https:\\\/\\\/nbcs.mx\\\/?p=94621#primaryimage\"},\"image\":{\"@id\":\"https:\\\/\\\/nbcs.mx\\\/?p=94621#primaryimage\"},\"thumbnailUrl\":\"https:\\\/\\\/nbcs.mx\\\/wp-content\\\/uploads\\\/2021\\\/10\\\/15-Aerolineas-Tar-nuevas-rutas-a-La-Paz-697x492.jpeg\",\"datePublished\":\"2021-10-01T22:20:27+00:00\",\"breadcrumb\":{\"@id\":\"https:\\\/\\\/nbcs.mx\\\/?p=94621#breadcrumb\"},\"inLanguage\":\"es\",\"potentialAction\":[{\"@type\":\"ReadAction\",\"target\":[\"https:\\\/\\\/nbcs.mx\\\/?p=94621\"]}]},{\"@type\":\"ImageObject\",\"inLanguage\":\"es\",\"@id\":\"https:\\\/\\\/nbcs.mx\\\/?p=94621#primaryimage\",\"url\":\"https:\\\/\\\/nbcs.mx\\\/wp-content\\\/uploads\\\/2021\\\/10\\\/15-Aerolineas-Tar-nuevas-rutas-a-La-Paz-697x492.jpeg\",\"contentUrl\":\"https:\\\/\\\/nbcs.mx\\\/wp-content\\\/uploads\\\/2021\\\/10\\\/15-Aerolineas-Tar-nuevas-rutas-a-La-Paz-697x492.jpeg\"},{\"@type\":\"BreadcrumbList\",\"@id\":\"https:\\\/\\\/nbcs.mx\\\/?p=94621#breadcrumb\",\"itemListElement\":[{\"@type\":\"ListItem\",\"position\":1,\"name\":\"Portada\",\"item\":\"https:\\\/\\\/nbcs.mx\\\/\"},{\"@type\":\"ListItem\",\"position\":2,\"name\":\"TAR presenta nuevas rutas desde La Paz hacia Puerto Vallarta y Culiac\u00e1n\"}]},{\"@type\":\"WebSite\",\"@id\":\"https:\\\/\\\/nbcs.mx\\\/#website\",\"url\":\"https:\\\/\\\/nbcs.mx\\\/\",\"name\":\"NBCS Noticias\",\"description\":\"Sitio web de noticias en Baja California Sur\",\"publisher\":{\"@id\":\"https:\\\/\\\/nbcs.mx\\\/#organization\"},\"potentialAction\":[{\"@type\":\"SearchAction\",\"target\":{\"@type\":\"EntryPoint\",\"urlTemplate\":\"https:\\\/\\\/nbcs.mx\\\/?s={search_term_string}\"},\"query-input\":{\"@type\":\"PropertyValueSpecification\",\"valueRequired\":true,\"valueName\":\"search_term_string\"}}],\"inLanguage\":\"es\"},{\"@type\":\"Organization\",\"@id\":\"https:\\\/\\\/nbcs.mx\\\/#organization\",\"name\":\"NBCS Noticias\",\"url\":\"https:\\\/\\\/nbcs.mx\\\/\",\"logo\":{\"@type\":\"ImageObject\",\"inLanguage\":\"es\",\"@id\":\"https:\\\/\\\/nbcs.mx\\\/#\\\/schema\\\/logo\\\/image\\\/\",\"url\":\"https:\\\/\\\/nbcs.mx\\\/wp-content\\\/uploads\\\/2018\\\/09\\\/057b69485e93575a5c2b1c1dde2dd297.jpeg\",\"contentUrl\":\"https:\\\/\\\/nbcs.mx\\\/wp-content\\\/uploads\\\/2018\\\/09\\\/057b69485e93575a5c2b1c1dde2dd297.jpeg\",\"width\":64,\"height\":64,\"caption\":\"NBCS Noticias\"},\"image\":{\"@id\":\"https:\\\/\\\/nbcs.mx\\\/#\\\/schema\\\/logo\\\/image\\\/\"},\"sameAs\":[\"https:\\\/\\\/www.facebook.com\\\/NBCSnoticias\",\"https:\\\/\\\/x.com\\\/NBCSnoticias\"]},{\"@type\":\"Person\",\"@id\":\"https:\\\/\\\/nbcs.mx\\\/#\\\/schema\\\/person\\\/ece58bab9a7c1e87a4d28ec9ecd79ff4\",\"name\":\"NBCS Noticias\",\"image\":{\"@type\":\"ImageObject\",\"inLanguage\":\"es\",\"@id\":\"https:\\\/\\\/secure.gravatar.com\\\/avatar\\\/4e52110cad1c4054b43271a0d14bbe9e2ea76aecd0e1097edfc670798d9ca1d4?s=96&d=blank&r=g\",\"url\":\"https:\\\/\\\/secure.gravatar.com\\\/avatar\\\/4e52110cad1c4054b43271a0d14bbe9e2ea76aecd0e1097edfc670798d9ca1d4?s=96&d=blank&r=g\",\"contentUrl\":\"https:\\\/\\\/secure.gravatar.com\\\/avatar\\\/4e52110cad1c4054b43271a0d14bbe9e2ea76aecd0e1097edfc670798d9ca1d4?s=96&d=blank&r=g\",\"caption\":\"NBCS Noticias\"},\"description\":\"\u00bfTienes fotos o video de alg\u00fan acto de posible negligencia, corrupci\u00f3n y abuso de autoridad? M\u00e1ndalo al WhatsApp de NBCS Noticias: 612 141 98 08\",\"sameAs\":[\"https:\\\/\\\/www.nbcs.mx\",\"https:\\\/\\\/www.facebook.com\\\/NBCSnoticias\",\"https:\\\/\\\/www.instagram.com\\\/nbcsnoticias\\\/\",\"https:\\\/\\\/x.com\\\/https:\\\/\\\/twitter.com\\\/NBCSnoticias\"]}]}<\/script>\n<!-- \/ Yoast SEO plugin. -->","yoast_head_json":{"title":"TAR presenta nuevas rutas desde La Paz hacia Puerto Vallarta y Culiac\u00e1n - NBCS Noticias","robots":{"index":"index","follow":"follow","max-snippet":"max-snippet:-1","max-image-preview":"max-image-preview:large","max-video-preview":"max-video-preview:-1"},"canonical":"https:\/\/nbcs.mx\/?p=94621","og_locale":"es_ES","og_type":"article","og_title":"TAR presenta nuevas rutas desde La Paz hacia Puerto Vallarta y Culiac\u00e1n - NBCS Noticias","og_description":"La Paz, Baja California Sur.- La aerol\u00ednea TAR anuncio sus nuevas rutas desde La Paz hacia Puerto Vallarta y Culiac\u00e1n,","og_url":"https:\/\/nbcs.mx\/?p=94621","og_site_name":"NBCS Noticias","article_publisher":"https:\/\/www.facebook.com\/NBCSnoticias","article_author":"https:\/\/www.facebook.com\/NBCSnoticias","article_published_time":"2021-10-01T22:20:27+00:00","og_image":[{"url":"https:\/\/nbcs.mx\/wp-content\/uploads\/2021\/10\/15-Aerolineas-Tar-nuevas-rutas-a-La-Paz-697x492.jpeg","type":"","width":"","height":""}],"author":"NBCS Noticias","twitter_card":"summary_large_image","twitter_creator":"@https:\/\/twitter.com\/NBCSnoticias","twitter_site":"@NBCSnoticias","twitter_misc":{"Escrito por":"NBCS Noticias","Tiempo de lectura":"2 minutos"},"schema":{"@context":"https:\/\/schema.org","@graph":[{"@type":"Article","@id":"https:\/\/nbcs.mx\/?p=94621#article","isPartOf":{"@id":"https:\/\/nbcs.mx\/?p=94621"},"author":{"name":"NBCS Noticias","@id":"https:\/\/nbcs.mx\/#\/schema\/person\/ece58bab9a7c1e87a4d28ec9ecd79ff4"},"headline":"TAR presenta nuevas rutas desde La Paz hacia Puerto Vallarta y Culiac\u00e1n","datePublished":"2021-10-01T22:20:27+00:00","mainEntityOfPage":{"@id":"https:\/\/nbcs.mx\/?p=94621"},"wordCount":310,"commentCount":0,"publisher":{"@id":"https:\/\/nbcs.mx\/#organization"},"image":{"@id":"https:\/\/nbcs.mx\/?p=94621#primaryimage"},"thumbnailUrl":"https:\/\/nbcs.mx\/wp-content\/uploads\/2021\/10\/15-Aerolineas-Tar-nuevas-rutas-a-La-Paz-697x492.jpeg","articleSection":["Noticias"],"inLanguage":"es","potentialAction":[{"@type":"CommentAction","name":"Comment","target":["https:\/\/nbcs.mx\/?p=94621#respond"]}]},{"@type":"WebPage","@id":"https:\/\/nbcs.mx\/?p=94621","url":"https:\/\/nbcs.mx\/?p=94621","name":"TAR presenta nuevas rutas desde La Paz hacia Puerto Vallarta y Culiac\u00e1n - NBCS Noticias","isPartOf":{"@id":"https:\/\/nbcs.mx\/#website"},"primaryImageOfPage":{"@id":"https:\/\/nbcs.mx\/?p=94621#primaryimage"},"image":{"@id":"https:\/\/nbcs.mx\/?p=94621#primaryimage"},"thumbnailUrl":"https:\/\/nbcs.mx\/wp-content\/uploads\/2021\/10\/15-Aerolineas-Tar-nuevas-rutas-a-La-Paz-697x492.jpeg","datePublished":"2021-10-01T22:20:27+00:00","breadcrumb":{"@id":"https:\/\/nbcs.mx\/?p=94621#breadcrumb"},"inLanguage":"es","potentialAction":[{"@type":"ReadAction","target":["https:\/\/nbcs.mx\/?p=94621"]}]},{"@type":"ImageObject","inLanguage":"es","@id":"https:\/\/nbcs.mx\/?p=94621#primaryimage","url":"https:\/\/nbcs.mx\/wp-content\/uploads\/2021\/10\/15-Aerolineas-Tar-nuevas-rutas-a-La-Paz-697x492.jpeg","contentUrl":"https:\/\/nbcs.mx\/wp-content\/uploads\/2021\/10\/15-Aerolineas-Tar-nuevas-rutas-a-La-Paz-697x492.jpeg"},{"@type":"BreadcrumbList","@id":"https:\/\/nbcs.mx\/?p=94621#breadcrumb","itemListElement":[{"@type":"ListItem","position":1,"name":"Portada","item":"https:\/\/nbcs.mx\/"},{"@type":"ListItem","position":2,"name":"TAR presenta nuevas rutas desde La Paz hacia Puerto Vallarta y Culiac\u00e1n"}]},{"@type":"WebSite","@id":"https:\/\/nbcs.mx\/#website","url":"https:\/\/nbcs.mx\/","name":"NBCS Noticias","description":"Sitio web de noticias en Baja California Sur","publisher":{"@id":"https:\/\/nbcs.mx\/#organization"},"potentialAction":[{"@type":"SearchAction","target":{"@type":"EntryPoint","urlTemplate":"https:\/\/nbcs.mx\/?s={search_term_string}"},"query-input":{"@type":"PropertyValueSpecification","valueRequired":true,"valueName":"search_term_string"}}],"inLanguage":"es"},{"@type":"Organization","@id":"https:\/\/nbcs.mx\/#organization","name":"NBCS Noticias","url":"https:\/\/nbcs.mx\/","logo":{"@type":"ImageObject","inLanguage":"es","@id":"https:\/\/nbcs.mx\/#\/schema\/logo\/image\/","url":"https:\/\/nbcs.mx\/wp-content\/uploads\/2018\/09\/057b69485e93575a5c2b1c1dde2dd297.jpeg","contentUrl":"https:\/\/nbcs.mx\/wp-content\/uploads\/2018\/09\/057b69485e93575a5c2b1c1dde2dd297.jpeg","width":64,"height":64,"caption":"NBCS Noticias"},"image":{"@id":"https:\/\/nbcs.mx\/#\/schema\/logo\/image\/"},"sameAs":["https:\/\/www.facebook.com\/NBCSnoticias","https:\/\/x.com\/NBCSnoticias"]},{"@type":"Person","@id":"https:\/\/nbcs.mx\/#\/schema\/person\/ece58bab9a7c1e87a4d28ec9ecd79ff4","name":"NBCS Noticias","image":{"@type":"ImageObject","inLanguage":"es","@id":"https:\/\/secure.gravatar.com\/avatar\/4e52110cad1c4054b43271a0d14bbe9e2ea76aecd0e1097edfc670798d9ca1d4?s=96&d=blank&r=g","url":"https:\/\/secure.gravatar.com\/avatar\/4e52110cad1c4054b43271a0d14bbe9e2ea76aecd0e1097edfc670798d9ca1d4?s=96&d=blank&r=g","contentUrl":"https:\/\/secure.gravatar.com\/avatar\/4e52110cad1c4054b43271a0d14bbe9e2ea76aecd0e1097edfc670798d9ca1d4?s=96&d=blank&r=g","caption":"NBCS Noticias"},"description":"\u00bfTienes fotos o video de alg\u00fan acto de posible negligencia, corrupci\u00f3n y abuso de autoridad? M\u00e1ndalo al WhatsApp de NBCS Noticias: 612 141 98 08","sameAs":["https:\/\/www.nbcs.mx","https:\/\/www.facebook.com\/NBCSnoticias","https:\/\/www.instagram.com\/nbcsnoticias\/","https:\/\/x.com\/https:\/\/twitter.com\/NBCSnoticias"]}]}},"jetpack_publicize_connections":[],"jetpack_featured_media_url":"","jetpack_sharing_enabled":true,"_links":{"self":[{"href":"https:\/\/nbcs.mx\/index.php?rest_route=\/wp\/v2\/posts\/94621","targetHints":{"allow":["GET"]}}],"collection":[{"href":"https:\/\/nbcs.mx\/index.php?rest_route=\/wp\/v2\/posts"}],"about":[{"href":"https:\/\/nbcs.mx\/index.php?rest_route=\/wp\/v2\/types\/post"}],"author":[{"embeddable":true,"href":"https:\/\/nbcs.mx\/index.php?rest_route=\/wp\/v2\/users\/1"}],"replies":[{"embeddable":true,"href":"https:\/\/nbcs.mx\/index.php?rest_route=%2Fwp%2Fv2%2Fcomments&post=94621"}],"version-history":[{"count":1,"href":"https:\/\/nbcs.mx\/index.php?rest_route=\/wp\/v2\/posts\/94621\/revisions"}],"predecessor-version":[{"id":94623,"href":"https:\/\/nbcs.mx\/index.php?rest_route=\/wp\/v2\/posts\/94621\/revisions\/94623"}],"wp:attachment":[{"href":"https:\/\/nbcs.mx\/index.php?rest_route=%2Fwp%2Fv2%2Fmedia&parent=94621"}],"wp:term":[{"taxonomy":"category","embeddable":true,"href":"https:\/\/nbcs.mx\/index.php?rest_route=%2Fwp%2Fv2%2Fcategories&post=94621"},{"taxonomy":"post_tag","embeddable":true,"href":"https:\/\/nbcs.mx\/index.php?rest_route=%2Fwp%2Fv2%2Ftags&post=94621"}],"curies":[{"name":"wp","href":"https:\/\/api.w.org\/{rel}","templated":true}]}}