{"id":95702,"date":"2021-10-22T10:03:45","date_gmt":"2021-10-22T16:03:45","guid":{"rendered":"https:\/\/nbcs.mx\/?p=95702"},"modified":"2021-10-22T10:03:45","modified_gmt":"2021-10-22T16:03:45","slug":"edith-aguilar-abandera-protocolo-de-instalacion-del-comite-comunitario-sobre-derechos-sexuales-y-reproductivos","status":"publish","type":"post","link":"https:\/\/nbcs.mx\/?p=95702","title":{"rendered":"Edith Aguilar abandera protocolo de instalaci\u00f3n del Comit\u00e9 Comunitario sobre Derechos Sexuales y Reproductivos"},"content":{"rendered":"<p style=\"text-align: justify;\"><img loading=\"lazy\" decoding=\"async\" class=\" wp-image-95703 alignleft\" src=\"https:\/\/nbcs.mx\/wp-content\/uploads\/2021\/10\/Foto-1-3-738x492.jpeg\" alt=\"\" width=\"390\" height=\"260\" \/>Santa Rosal\u00eda, Baja California Sur.- Con la participaci\u00f3n de autoridades estatales y municipales, Edith Aguilar Villavicencio, presidenta municipal de Muleg\u00e9, abander\u00f3 el protocolo de instalaci\u00f3n del Comit\u00e9 Comunitario sobre Derechos Sexuales y Reproductivos en la localidad.<\/p>\n<p style=\"text-align: justify;\">La alcaldesa manifest\u00f3 el inter\u00e9s del gobierno municipal en promover, respetar, proteger y garantizar los derechos sexuales y reproductivos en las y los j\u00f3venes \u201cresulta de vital importancia reforzar acciones en materia de salud sexual y reproductiva con el objetivo de brindar a nuestra juventud atenci\u00f3n integral con calidad y calidez en el marco del respeto pleno a sus derechos humanos y promoviendo la toma de decisiones informada y una vida saludable y libre de violencia\u201d.<\/p>\n<p style=\"text-align: justify;\">En este encuentro organizado en coordinaci\u00f3n con el Instituto Sudcaliforniano de las Mujeres, las autoridades presentes, llevaron a cabo la firma de acuerdos para la instalaci\u00f3n del Comit\u00e9 Comunitario sobre Derechos Sexuales y Reproductivos, esto como parte de las estrategias que se implementar\u00e1n en esta administraci\u00f3n municipal en materia de sensibilizaci\u00f3n e intervenci\u00f3n integral para la prevenci\u00f3n del embarazo en adolescentes, las cuales contar\u00e1n con la participaci\u00f3n de actores locales, estatales y federales.<\/p>\n<p style=\"text-align: justify;\">En el evento participaron Karla L\u00f3pez Chiquete, representante de ISMujeres, Ruth Aguilar Amao, Directora del Instituto Municipal de la Mujer,\u00a0 Nicol\u00e1s Miranda Vega, Jefe de la Jurisdicci\u00f3n Sanitaria No. 2, Carmina Guadalupe Landeros Romero, Coordinadora de Educaci\u00f3n, Gyselle Hern\u00e1ndez Aguilar, Presidenta Honoraria del Sistema DIF Muleg\u00e9 y Gonzalo Agust\u00edn Eliosa Mart\u00ednez, Coordinador de Salud Municipal; quienes se comprometieron a sumar esfuerzos para promover acciones, estrategias y mecanismos de colaboraci\u00f3n en materia de salud sexual y reproductiva.<\/p>\n<p style=\"text-align: justify;\">En el marco de las actividades del d\u00eda, se desarroll\u00f3 un taller sobre derechos sexuales y reproductivos a cargo de Alma Ninel D\u00edaz Pardo, educadora sexual y Sandra Garc\u00eda G\u00f3mez, psic\u00f3loga cl\u00ednica, el cual estuvo dirigido a personal de las distintas \u00e1reas que conforman el ayuntamiento de Muleg\u00e9, con el objetivo de promover la prevenci\u00f3n y salud sexual de las y los adolescentes en el entorno comunitario.<\/p>\n<p style=\"text-align: justify;\">Finalmente, la presidenta municipal de Muleg\u00e9, Edith Aguilar, puntualiz\u00f3 que las estrategias encaminadas hacia la prevenci\u00f3n del embarazo, la difusi\u00f3n de la educaci\u00f3n en sexualidad y el acceso a los servicios de salud son parte fundamental de las acciones que esta administraci\u00f3n fortalecer\u00e1 para mejorar la calidad de vida de la juventud mulegina.<\/p>\n","protected":false},"excerpt":{"rendered":"<p>Santa Rosal\u00eda, Baja California Sur.- Con la participaci\u00f3n de autoridades estatales y municipales, Edith Aguilar Villavicencio, presidenta municipal de Muleg\u00e9,<\/p>\n","protected":false},"author":1,"featured_media":0,"comment_status":"open","ping_status":"closed","sticky":false,"template":"","format":"standard","meta":{"colormag_page_container_layout":"default_layout","colormag_page_sidebar_layout":"default_layout","_jetpack_newsletter_access":"","_jetpack_dont_email_post_to_subs":false,"_jetpack_newsletter_tier_id":0,"_jetpack_memberships_contains_paywalled_content":false,"_jetpack_feature_clip_id":0,"_jetpack_memberships_contains_paid_content":false,"footnotes":"","jetpack_publicize_message":"","jetpack_publicize_feature_enabled":true,"jetpack_social_post_already_shared":true,"jetpack_social_options":{"image_generator_settings":{"template":"highway","default_image_id":0,"font":"","enabled":false},"version":2},"jetpack_post_was_ever_published":false},"categories":[40],"tags":[],"class_list":["post-95702","post","type-post","status-publish","format-standard","hentry","category-municipios"],"yoast_head":"<!-- This site is optimized with the Yoast SEO plugin v28.4 - https:\/\/yoast.com\/product\/yoast-seo-wordpress\/ -->\n<title>Edith Aguilar abandera protocolo de instalaci\u00f3n del Comit\u00e9 Comunitario sobre Derechos Sexuales y Reproductivos - NBCS Noticias<\/title>\n<meta name=\"robots\" content=\"index, follow, max-snippet:-1, max-image-preview:large, max-video-preview:-1\" \/>\n<link rel=\"canonical\" href=\"https:\/\/nbcs.mx\/?p=95702\" \/>\n<meta property=\"og:locale\" content=\"es_ES\" \/>\n<meta property=\"og:type\" content=\"article\" \/>\n<meta property=\"og:title\" content=\"Edith Aguilar abandera protocolo de instalaci\u00f3n del Comit\u00e9 Comunitario sobre Derechos Sexuales y Reproductivos - NBCS Noticias\" \/>\n<meta property=\"og:description\" content=\"Santa Rosal\u00eda, Baja California Sur.- Con la participaci\u00f3n de autoridades estatales y municipales, Edith Aguilar Villavicencio, presidenta municipal de Muleg\u00e9,\" \/>\n<meta property=\"og:url\" content=\"https:\/\/nbcs.mx\/?p=95702\" \/>\n<meta property=\"og:site_name\" content=\"NBCS Noticias\" \/>\n<meta property=\"article:publisher\" content=\"https:\/\/www.facebook.com\/NBCSnoticias\" \/>\n<meta property=\"article:author\" content=\"https:\/\/www.facebook.com\/NBCSnoticias\" \/>\n<meta property=\"article:published_time\" content=\"2021-10-22T16:03:45+00:00\" \/>\n<meta property=\"og:image\" content=\"https:\/\/nbcs.mx\/wp-content\/uploads\/2021\/10\/Foto-1-3-738x492.jpeg\" \/>\n<meta name=\"author\" content=\"NBCS Noticias\" \/>\n<meta name=\"twitter:card\" content=\"summary_large_image\" \/>\n<meta name=\"twitter:creator\" content=\"@https:\/\/twitter.com\/NBCSnoticias\" \/>\n<meta name=\"twitter:site\" content=\"@NBCSnoticias\" \/>\n<meta name=\"twitter:label1\" content=\"Escrito por\" \/>\n\t<meta name=\"twitter:data1\" content=\"NBCS Noticias\" \/>\n\t<meta name=\"twitter:label2\" content=\"Tiempo de lectura\" \/>\n\t<meta name=\"twitter:data2\" content=\"2 minutos\" \/>\n<script type=\"application\/ld+json\" class=\"yoast-schema-graph\">{\"@context\":\"https:\\\/\\\/schema.org\",\"@graph\":[{\"@type\":\"Article\",\"@id\":\"https:\\\/\\\/nbcs.mx\\\/?p=95702#article\",\"isPartOf\":{\"@id\":\"https:\\\/\\\/nbcs.mx\\\/?p=95702\"},\"author\":{\"name\":\"NBCS Noticias\",\"@id\":\"https:\\\/\\\/nbcs.mx\\\/#\\\/schema\\\/person\\\/ece58bab9a7c1e87a4d28ec9ecd79ff4\"},\"headline\":\"Edith Aguilar abandera protocolo de instalaci\u00f3n del Comit\u00e9 Comunitario sobre Derechos Sexuales y Reproductivos\",\"datePublished\":\"2021-10-22T16:03:45+00:00\",\"mainEntityOfPage\":{\"@id\":\"https:\\\/\\\/nbcs.mx\\\/?p=95702\"},\"wordCount\":430,\"commentCount\":0,\"publisher\":{\"@id\":\"https:\\\/\\\/nbcs.mx\\\/#organization\"},\"image\":{\"@id\":\"https:\\\/\\\/nbcs.mx\\\/?p=95702#primaryimage\"},\"thumbnailUrl\":\"https:\\\/\\\/nbcs.mx\\\/wp-content\\\/uploads\\\/2021\\\/10\\\/Foto-1-3-738x492.jpeg\",\"articleSection\":[\"Municipios\"],\"inLanguage\":\"es\",\"potentialAction\":[{\"@type\":\"CommentAction\",\"name\":\"Comment\",\"target\":[\"https:\\\/\\\/nbcs.mx\\\/?p=95702#respond\"]}]},{\"@type\":\"WebPage\",\"@id\":\"https:\\\/\\\/nbcs.mx\\\/?p=95702\",\"url\":\"https:\\\/\\\/nbcs.mx\\\/?p=95702\",\"name\":\"Edith Aguilar abandera protocolo de instalaci\u00f3n del Comit\u00e9 Comunitario sobre Derechos Sexuales y Reproductivos - NBCS Noticias\",\"isPartOf\":{\"@id\":\"https:\\\/\\\/nbcs.mx\\\/#website\"},\"primaryImageOfPage\":{\"@id\":\"https:\\\/\\\/nbcs.mx\\\/?p=95702#primaryimage\"},\"image\":{\"@id\":\"https:\\\/\\\/nbcs.mx\\\/?p=95702#primaryimage\"},\"thumbnailUrl\":\"https:\\\/\\\/nbcs.mx\\\/wp-content\\\/uploads\\\/2021\\\/10\\\/Foto-1-3-738x492.jpeg\",\"datePublished\":\"2021-10-22T16:03:45+00:00\",\"breadcrumb\":{\"@id\":\"https:\\\/\\\/nbcs.mx\\\/?p=95702#breadcrumb\"},\"inLanguage\":\"es\",\"potentialAction\":[{\"@type\":\"ReadAction\",\"target\":[\"https:\\\/\\\/nbcs.mx\\\/?p=95702\"]}]},{\"@type\":\"ImageObject\",\"inLanguage\":\"es\",\"@id\":\"https:\\\/\\\/nbcs.mx\\\/?p=95702#primaryimage\",\"url\":\"https:\\\/\\\/nbcs.mx\\\/wp-content\\\/uploads\\\/2021\\\/10\\\/Foto-1-3-738x492.jpeg\",\"contentUrl\":\"https:\\\/\\\/nbcs.mx\\\/wp-content\\\/uploads\\\/2021\\\/10\\\/Foto-1-3-738x492.jpeg\"},{\"@type\":\"BreadcrumbList\",\"@id\":\"https:\\\/\\\/nbcs.mx\\\/?p=95702#breadcrumb\",\"itemListElement\":[{\"@type\":\"ListItem\",\"position\":1,\"name\":\"Portada\",\"item\":\"https:\\\/\\\/nbcs.mx\\\/\"},{\"@type\":\"ListItem\",\"position\":2,\"name\":\"Edith Aguilar abandera protocolo de instalaci\u00f3n del Comit\u00e9 Comunitario sobre Derechos Sexuales y Reproductivos\"}]},{\"@type\":\"WebSite\",\"@id\":\"https:\\\/\\\/nbcs.mx\\\/#website\",\"url\":\"https:\\\/\\\/nbcs.mx\\\/\",\"name\":\"NBCS Noticias\",\"description\":\"Sitio web de noticias en Baja California Sur\",\"publisher\":{\"@id\":\"https:\\\/\\\/nbcs.mx\\\/#organization\"},\"potentialAction\":[{\"@type\":\"SearchAction\",\"target\":{\"@type\":\"EntryPoint\",\"urlTemplate\":\"https:\\\/\\\/nbcs.mx\\\/?s={search_term_string}\"},\"query-input\":{\"@type\":\"PropertyValueSpecification\",\"valueRequired\":true,\"valueName\":\"search_term_string\"}}],\"inLanguage\":\"es\"},{\"@type\":\"Organization\",\"@id\":\"https:\\\/\\\/nbcs.mx\\\/#organization\",\"name\":\"NBCS Noticias\",\"url\":\"https:\\\/\\\/nbcs.mx\\\/\",\"logo\":{\"@type\":\"ImageObject\",\"inLanguage\":\"es\",\"@id\":\"https:\\\/\\\/nbcs.mx\\\/#\\\/schema\\\/logo\\\/image\\\/\",\"url\":\"https:\\\/\\\/nbcs.mx\\\/wp-content\\\/uploads\\\/2018\\\/09\\\/057b69485e93575a5c2b1c1dde2dd297.jpeg\",\"contentUrl\":\"https:\\\/\\\/nbcs.mx\\\/wp-content\\\/uploads\\\/2018\\\/09\\\/057b69485e93575a5c2b1c1dde2dd297.jpeg\",\"width\":64,\"height\":64,\"caption\":\"NBCS Noticias\"},\"image\":{\"@id\":\"https:\\\/\\\/nbcs.mx\\\/#\\\/schema\\\/logo\\\/image\\\/\"},\"sameAs\":[\"https:\\\/\\\/www.facebook.com\\\/NBCSnoticias\",\"https:\\\/\\\/x.com\\\/NBCSnoticias\"]},{\"@type\":\"Person\",\"@id\":\"https:\\\/\\\/nbcs.mx\\\/#\\\/schema\\\/person\\\/ece58bab9a7c1e87a4d28ec9ecd79ff4\",\"name\":\"NBCS Noticias\",\"image\":{\"@type\":\"ImageObject\",\"inLanguage\":\"es\",\"@id\":\"https:\\\/\\\/secure.gravatar.com\\\/avatar\\\/4e52110cad1c4054b43271a0d14bbe9e2ea76aecd0e1097edfc670798d9ca1d4?s=96&d=blank&r=g\",\"url\":\"https:\\\/\\\/secure.gravatar.com\\\/avatar\\\/4e52110cad1c4054b43271a0d14bbe9e2ea76aecd0e1097edfc670798d9ca1d4?s=96&d=blank&r=g\",\"contentUrl\":\"https:\\\/\\\/secure.gravatar.com\\\/avatar\\\/4e52110cad1c4054b43271a0d14bbe9e2ea76aecd0e1097edfc670798d9ca1d4?s=96&d=blank&r=g\",\"caption\":\"NBCS Noticias\"},\"description\":\"\u00bfTienes fotos o video de alg\u00fan acto de posible negligencia, corrupci\u00f3n y abuso de autoridad? M\u00e1ndalo al WhatsApp de NBCS Noticias: 612 141 98 08\",\"sameAs\":[\"https:\\\/\\\/www.nbcs.mx\",\"https:\\\/\\\/www.facebook.com\\\/NBCSnoticias\",\"https:\\\/\\\/www.instagram.com\\\/nbcsnoticias\\\/\",\"https:\\\/\\\/x.com\\\/https:\\\/\\\/twitter.com\\\/NBCSnoticias\"]}]}<\/script>\n<!-- \/ Yoast SEO plugin. -->","yoast_head_json":{"title":"Edith Aguilar abandera protocolo de instalaci\u00f3n del Comit\u00e9 Comunitario sobre Derechos Sexuales y Reproductivos - NBCS Noticias","robots":{"index":"index","follow":"follow","max-snippet":"max-snippet:-1","max-image-preview":"max-image-preview:large","max-video-preview":"max-video-preview:-1"},"canonical":"https:\/\/nbcs.mx\/?p=95702","og_locale":"es_ES","og_type":"article","og_title":"Edith Aguilar abandera protocolo de instalaci\u00f3n del Comit\u00e9 Comunitario sobre Derechos Sexuales y Reproductivos - NBCS Noticias","og_description":"Santa Rosal\u00eda, Baja California Sur.- Con la participaci\u00f3n de autoridades estatales y municipales, Edith Aguilar Villavicencio, presidenta municipal de Muleg\u00e9,","og_url":"https:\/\/nbcs.mx\/?p=95702","og_site_name":"NBCS Noticias","article_publisher":"https:\/\/www.facebook.com\/NBCSnoticias","article_author":"https:\/\/www.facebook.com\/NBCSnoticias","article_published_time":"2021-10-22T16:03:45+00:00","og_image":[{"url":"https:\/\/nbcs.mx\/wp-content\/uploads\/2021\/10\/Foto-1-3-738x492.jpeg","type":"","width":"","height":""}],"author":"NBCS Noticias","twitter_card":"summary_large_image","twitter_creator":"@https:\/\/twitter.com\/NBCSnoticias","twitter_site":"@NBCSnoticias","twitter_misc":{"Escrito por":"NBCS Noticias","Tiempo de lectura":"2 minutos"},"schema":{"@context":"https:\/\/schema.org","@graph":[{"@type":"Article","@id":"https:\/\/nbcs.mx\/?p=95702#article","isPartOf":{"@id":"https:\/\/nbcs.mx\/?p=95702"},"author":{"name":"NBCS Noticias","@id":"https:\/\/nbcs.mx\/#\/schema\/person\/ece58bab9a7c1e87a4d28ec9ecd79ff4"},"headline":"Edith Aguilar abandera protocolo de instalaci\u00f3n del Comit\u00e9 Comunitario sobre Derechos Sexuales y Reproductivos","datePublished":"2021-10-22T16:03:45+00:00","mainEntityOfPage":{"@id":"https:\/\/nbcs.mx\/?p=95702"},"wordCount":430,"commentCount":0,"publisher":{"@id":"https:\/\/nbcs.mx\/#organization"},"image":{"@id":"https:\/\/nbcs.mx\/?p=95702#primaryimage"},"thumbnailUrl":"https:\/\/nbcs.mx\/wp-content\/uploads\/2021\/10\/Foto-1-3-738x492.jpeg","articleSection":["Municipios"],"inLanguage":"es","potentialAction":[{"@type":"CommentAction","name":"Comment","target":["https:\/\/nbcs.mx\/?p=95702#respond"]}]},{"@type":"WebPage","@id":"https:\/\/nbcs.mx\/?p=95702","url":"https:\/\/nbcs.mx\/?p=95702","name":"Edith Aguilar abandera protocolo de instalaci\u00f3n del Comit\u00e9 Comunitario sobre Derechos Sexuales y Reproductivos - NBCS Noticias","isPartOf":{"@id":"https:\/\/nbcs.mx\/#website"},"primaryImageOfPage":{"@id":"https:\/\/nbcs.mx\/?p=95702#primaryimage"},"image":{"@id":"https:\/\/nbcs.mx\/?p=95702#primaryimage"},"thumbnailUrl":"https:\/\/nbcs.mx\/wp-content\/uploads\/2021\/10\/Foto-1-3-738x492.jpeg","datePublished":"2021-10-22T16:03:45+00:00","breadcrumb":{"@id":"https:\/\/nbcs.mx\/?p=95702#breadcrumb"},"inLanguage":"es","potentialAction":[{"@type":"ReadAction","target":["https:\/\/nbcs.mx\/?p=95702"]}]},{"@type":"ImageObject","inLanguage":"es","@id":"https:\/\/nbcs.mx\/?p=95702#primaryimage","url":"https:\/\/nbcs.mx\/wp-content\/uploads\/2021\/10\/Foto-1-3-738x492.jpeg","contentUrl":"https:\/\/nbcs.mx\/wp-content\/uploads\/2021\/10\/Foto-1-3-738x492.jpeg"},{"@type":"BreadcrumbList","@id":"https:\/\/nbcs.mx\/?p=95702#breadcrumb","itemListElement":[{"@type":"ListItem","position":1,"name":"Portada","item":"https:\/\/nbcs.mx\/"},{"@type":"ListItem","position":2,"name":"Edith Aguilar abandera protocolo de instalaci\u00f3n del Comit\u00e9 Comunitario sobre Derechos Sexuales y Reproductivos"}]},{"@type":"WebSite","@id":"https:\/\/nbcs.mx\/#website","url":"https:\/\/nbcs.mx\/","name":"NBCS Noticias","description":"Sitio web de noticias en Baja California Sur","publisher":{"@id":"https:\/\/nbcs.mx\/#organization"},"potentialAction":[{"@type":"SearchAction","target":{"@type":"EntryPoint","urlTemplate":"https:\/\/nbcs.mx\/?s={search_term_string}"},"query-input":{"@type":"PropertyValueSpecification","valueRequired":true,"valueName":"search_term_string"}}],"inLanguage":"es"},{"@type":"Organization","@id":"https:\/\/nbcs.mx\/#organization","name":"NBCS Noticias","url":"https:\/\/nbcs.mx\/","logo":{"@type":"ImageObject","inLanguage":"es","@id":"https:\/\/nbcs.mx\/#\/schema\/logo\/image\/","url":"https:\/\/nbcs.mx\/wp-content\/uploads\/2018\/09\/057b69485e93575a5c2b1c1dde2dd297.jpeg","contentUrl":"https:\/\/nbcs.mx\/wp-content\/uploads\/2018\/09\/057b69485e93575a5c2b1c1dde2dd297.jpeg","width":64,"height":64,"caption":"NBCS Noticias"},"image":{"@id":"https:\/\/nbcs.mx\/#\/schema\/logo\/image\/"},"sameAs":["https:\/\/www.facebook.com\/NBCSnoticias","https:\/\/x.com\/NBCSnoticias"]},{"@type":"Person","@id":"https:\/\/nbcs.mx\/#\/schema\/person\/ece58bab9a7c1e87a4d28ec9ecd79ff4","name":"NBCS Noticias","image":{"@type":"ImageObject","inLanguage":"es","@id":"https:\/\/secure.gravatar.com\/avatar\/4e52110cad1c4054b43271a0d14bbe9e2ea76aecd0e1097edfc670798d9ca1d4?s=96&d=blank&r=g","url":"https:\/\/secure.gravatar.com\/avatar\/4e52110cad1c4054b43271a0d14bbe9e2ea76aecd0e1097edfc670798d9ca1d4?s=96&d=blank&r=g","contentUrl":"https:\/\/secure.gravatar.com\/avatar\/4e52110cad1c4054b43271a0d14bbe9e2ea76aecd0e1097edfc670798d9ca1d4?s=96&d=blank&r=g","caption":"NBCS Noticias"},"description":"\u00bfTienes fotos o video de alg\u00fan acto de posible negligencia, corrupci\u00f3n y abuso de autoridad? M\u00e1ndalo al WhatsApp de NBCS Noticias: 612 141 98 08","sameAs":["https:\/\/www.nbcs.mx","https:\/\/www.facebook.com\/NBCSnoticias","https:\/\/www.instagram.com\/nbcsnoticias\/","https:\/\/x.com\/https:\/\/twitter.com\/NBCSnoticias"]}]}},"jetpack_publicize_connections":[],"jetpack_sharing_enabled":true,"jetpack_featured_media_url":"","_links":{"self":[{"href":"https:\/\/nbcs.mx\/index.php?rest_route=\/wp\/v2\/posts\/95702","targetHints":{"allow":["GET"]}}],"collection":[{"href":"https:\/\/nbcs.mx\/index.php?rest_route=\/wp\/v2\/posts"}],"about":[{"href":"https:\/\/nbcs.mx\/index.php?rest_route=\/wp\/v2\/types\/post"}],"author":[{"embeddable":true,"href":"https:\/\/nbcs.mx\/index.php?rest_route=\/wp\/v2\/users\/1"}],"replies":[{"embeddable":true,"href":"https:\/\/nbcs.mx\/index.php?rest_route=%2Fwp%2Fv2%2Fcomments&post=95702"}],"version-history":[{"count":1,"href":"https:\/\/nbcs.mx\/index.php?rest_route=\/wp\/v2\/posts\/95702\/revisions"}],"predecessor-version":[{"id":95704,"href":"https:\/\/nbcs.mx\/index.php?rest_route=\/wp\/v2\/posts\/95702\/revisions\/95704"}],"wp:attachment":[{"href":"https:\/\/nbcs.mx\/index.php?rest_route=%2Fwp%2Fv2%2Fmedia&parent=95702"}],"wp:term":[{"taxonomy":"category","embeddable":true,"href":"https:\/\/nbcs.mx\/index.php?rest_route=%2Fwp%2Fv2%2Fcategories&post=95702"},{"taxonomy":"post_tag","embeddable":true,"href":"https:\/\/nbcs.mx\/index.php?rest_route=%2Fwp%2Fv2%2Ftags&post=95702"}],"curies":[{"name":"wp","href":"https:\/\/api.w.org\/{rel}","templated":true}]}}