{"id":96163,"date":"2021-10-29T14:11:36","date_gmt":"2021-10-29T20:11:36","guid":{"rendered":"https:\/\/nbcs.mx\/?p=96163"},"modified":"2021-10-29T14:11:36","modified_gmt":"2021-10-29T20:11:36","slug":"celebra-uabcs-seminario-sobre-competitividad-politicas-publicas-y-turismo","status":"publish","type":"post","link":"https:\/\/nbcs.mx\/?p=96163","title":{"rendered":"Celebra UABCS seminario sobre competitividad, pol\u00edticas p\u00fablicas y turismo"},"content":{"rendered":"<p style=\"font-weight: 400; text-align: justify;\"><img loading=\"lazy\" decoding=\"async\" class=\" wp-image-96164 alignleft\" src=\"https:\/\/nbcs.mx\/wp-content\/uploads\/2021\/10\/Seminario-competividad-755x403.jpg\" alt=\"\" width=\"397\" height=\"212\" \/>La Paz, Baja California Sur.- Con la participaci\u00f3n de instituciones de M\u00e9xico, Chile y Colombia, del 27 al 29 de octubre se llev\u00f3 a cabo el IX Seminario Nacional y IV Internacional de Investigaci\u00f3n de la Red de Competitividad, Pol\u00edticas P\u00fablicas y Turismo, actividad que tuvo por sede virtual a la Universidad Aut\u00f3noma de Baja California Sur (UABCS)<\/p>\n<p style=\"font-weight: 400; text-align: justify;\">En torno a este importante foro de reflexi\u00f3n, un amplio grupo acad\u00e9mico y estudiantil expuso durante tres d\u00edas diferentes temas en torno a la situaci\u00f3n actual, posibilidades y retos que enfrenta la econom\u00eda internacional ante la crisis originada por la pandemia.<\/p>\n<p style=\"font-weight: 400; text-align: justify;\">Desde proyectos de negocio, diagn\u00f3sticos financieros y empresariales, hasta pol\u00edticas p\u00fablicas, acciones de innovaci\u00f3n y emprendimiento, alternativas econ\u00f3micas y gesti\u00f3n tur\u00edstica fueron analizadas en torno a las 6 mesas de trabajo que contempl\u00f3 el seminario.<\/p>\n<p style=\"font-weight: 400; text-align: justify;\">Al mismo tiempo, se celebr\u00f3 en este marco la Reuni\u00f3n de la Red Acad\u00e9mica Internacional Competitividad, Pol\u00edticas P\u00fablicas y Turismo, conformada por cuatro instituciones de educaci\u00f3n superior de M\u00e9xico: las universidades de la Frontera, de Guadalajara, de Colima y la Aut\u00f3noma de Baja California del Sur.<\/p>\n<p style=\"font-weight: 400; text-align: justify;\">Al respecto, la Dra. Judith Ju\u00e1rez Mancilla, profesora investigadora de la UABCS y responsable de la Red dio a conocer que esta agrupaci\u00f3n colegiada se ha caracterizado desde su conformaci\u00f3n por su amplia productividad en t\u00e9rminos de investigaci\u00f3n, desde donde se han derivado un total de 8 publicaciones de divulgaci\u00f3n.<\/p>\n<p style=\"font-weight: 400; text-align: justify;\">Referente al seminario, inform\u00f3 que fueron poco m\u00e1s de 100 personas las que estuvieron participando, entre docentes, comunidad cient\u00edfica y estudiantes, todo con la idea de incidir en la creaci\u00f3n de mejores opciones y ambientes de negocios m\u00e1s \u00f3ptimos.<\/p>\n<p style=\"font-weight: 400; text-align: justify;\">Pero m\u00e1s all\u00e1, contribuir tambi\u00e9n en la formaci\u00f3n del capital humano de las universidades participantes, tanto del nivel licenciatura como de posgrado, al abrir la posibilidad de que el alumnado interact\u00fae en un mismo ambiente con m\u00faltiples especialistas nacionales y extranjeros, detall\u00f3.<\/p>\n<p style=\"font-weight: 400; text-align: justify;\">La acad\u00e9mica universitaria destac\u00f3 la presencia en el acto del Lic. Fernando Ojeda Aguilar, Subsecretario de la Secretar\u00eda de Turismo del estado de BCS, quien estuvo en la primera jornada representando a la Secretaria Maribel Collins, sobre todo porque es una instancia con la que la UABCS ha venido trabajando muy de cerca diferentes proyectos conjuntos, de los cuales hay excelentes resultados.<\/p>\n<p style=\"font-weight: 400; text-align: justify;\">En la opini\u00f3n del Rector Dante Salgado Gonz\u00e1lez, quien fue el encargado de inaugurar los trabajos, este tipo de foros resultan muy significativos pues ponen en la agenda acad\u00e9mica temas de reflexi\u00f3n y debate que son pertinentes para la sociedad.<\/p>\n<p style=\"font-weight: 400; text-align: justify;\">\u00a0Destac\u00f3 particularmente el trabajo del Departamento Acad\u00e9mico de Econom\u00eda de la UABCS en materia de vinculaci\u00f3n, al conjuntar una serie de esfuerzos con otras instituciones a pesar del contexto complejo que a\u00fan enfrentamos, cumpliendo as\u00ed con una de las funciones sustantivas que tiene la casa de estudios.<\/p>\n<p style=\"font-weight: 400; text-align: justify;\">De manera especial, el rector hizo un llamado a las y los docentes para que contin\u00faen en esta trascendente labor de formar\u00a0 las nuevas generaciones, crear redes de investigaci\u00f3n y difundir los resultados a la comunidad, a la cual las universidades se deben.<\/p>\n<p style=\"font-weight: 400; text-align: justify;\">\n","protected":false},"excerpt":{"rendered":"<p>La Paz, Baja California Sur.- Con la participaci\u00f3n de instituciones de M\u00e9xico, Chile y Colombia, del 27 al 29 de<\/p>\n","protected":false},"author":1,"featured_media":0,"comment_status":"open","ping_status":"closed","sticky":false,"template":"","format":"standard","meta":{"colormag_page_container_layout":"default_layout","colormag_page_sidebar_layout":"default_layout","_jetpack_memberships_contains_paid_content":false,"footnotes":"","jetpack_publicize_message":"Celebra @UABCSoficial seminario sobre competitividad, pol\u00edticas p\u00fablicas y turismo","jetpack_publicize_feature_enabled":true,"jetpack_social_post_already_shared":true,"jetpack_social_options":{"image_generator_settings":{"template":"highway","default_image_id":0,"font":"","enabled":false},"version":2}},"categories":[1],"tags":[],"class_list":["post-96163","post","type-post","status-publish","format-standard","hentry","category-noticias"],"yoast_head":"<!-- This site is optimized with the Yoast SEO plugin v27.5 - https:\/\/yoast.com\/product\/yoast-seo-wordpress\/ -->\n<title>Celebra UABCS seminario sobre competitividad, pol\u00edticas p\u00fablicas y turismo - NBCS Noticias<\/title>\n<meta name=\"robots\" content=\"index, follow, max-snippet:-1, max-image-preview:large, max-video-preview:-1\" \/>\n<link rel=\"canonical\" href=\"https:\/\/nbcs.mx\/?p=96163\" \/>\n<meta property=\"og:locale\" content=\"es_ES\" \/>\n<meta property=\"og:type\" content=\"article\" \/>\n<meta property=\"og:title\" content=\"Celebra UABCS seminario sobre competitividad, pol\u00edticas p\u00fablicas y turismo - NBCS Noticias\" \/>\n<meta property=\"og:description\" content=\"La Paz, Baja California Sur.- Con la participaci\u00f3n de instituciones de M\u00e9xico, Chile y Colombia, del 27 al 29 de\" \/>\n<meta property=\"og:url\" content=\"https:\/\/nbcs.mx\/?p=96163\" \/>\n<meta property=\"og:site_name\" content=\"NBCS Noticias\" \/>\n<meta property=\"article:publisher\" content=\"https:\/\/www.facebook.com\/NBCSnoticias\" \/>\n<meta property=\"article:author\" content=\"https:\/\/www.facebook.com\/NBCSnoticias\" \/>\n<meta property=\"article:published_time\" content=\"2021-10-29T20:11:36+00:00\" \/>\n<meta property=\"og:image\" content=\"https:\/\/nbcs.mx\/wp-content\/uploads\/2021\/10\/Seminario-competividad-755x403.jpg\" \/>\n<meta name=\"author\" content=\"NBCS Noticias\" \/>\n<meta name=\"twitter:card\" content=\"summary_large_image\" \/>\n<meta name=\"twitter:creator\" content=\"@https:\/\/twitter.com\/NBCSnoticias\" \/>\n<meta name=\"twitter:site\" content=\"@NBCSnoticias\" \/>\n<meta name=\"twitter:label1\" content=\"Escrito por\" \/>\n\t<meta name=\"twitter:data1\" content=\"NBCS Noticias\" \/>\n\t<meta name=\"twitter:label2\" content=\"Tiempo de lectura\" \/>\n\t<meta name=\"twitter:data2\" content=\"3 minutos\" \/>\n<script type=\"application\/ld+json\" class=\"yoast-schema-graph\">{\"@context\":\"https:\\\/\\\/schema.org\",\"@graph\":[{\"@type\":\"Article\",\"@id\":\"https:\\\/\\\/nbcs.mx\\\/?p=96163#article\",\"isPartOf\":{\"@id\":\"https:\\\/\\\/nbcs.mx\\\/?p=96163\"},\"author\":{\"name\":\"NBCS Noticias\",\"@id\":\"https:\\\/\\\/nbcs.mx\\\/#\\\/schema\\\/person\\\/ece58bab9a7c1e87a4d28ec9ecd79ff4\"},\"headline\":\"Celebra UABCS seminario sobre competitividad, pol\u00edticas p\u00fablicas y turismo\",\"datePublished\":\"2021-10-29T20:11:36+00:00\",\"mainEntityOfPage\":{\"@id\":\"https:\\\/\\\/nbcs.mx\\\/?p=96163\"},\"wordCount\":562,\"commentCount\":0,\"publisher\":{\"@id\":\"https:\\\/\\\/nbcs.mx\\\/#organization\"},\"image\":{\"@id\":\"https:\\\/\\\/nbcs.mx\\\/?p=96163#primaryimage\"},\"thumbnailUrl\":\"https:\\\/\\\/nbcs.mx\\\/wp-content\\\/uploads\\\/2021\\\/10\\\/Seminario-competividad-755x403.jpg\",\"articleSection\":[\"Noticias\"],\"inLanguage\":\"es\",\"potentialAction\":[{\"@type\":\"CommentAction\",\"name\":\"Comment\",\"target\":[\"https:\\\/\\\/nbcs.mx\\\/?p=96163#respond\"]}]},{\"@type\":\"WebPage\",\"@id\":\"https:\\\/\\\/nbcs.mx\\\/?p=96163\",\"url\":\"https:\\\/\\\/nbcs.mx\\\/?p=96163\",\"name\":\"Celebra UABCS seminario sobre competitividad, pol\u00edticas p\u00fablicas y turismo - NBCS Noticias\",\"isPartOf\":{\"@id\":\"https:\\\/\\\/nbcs.mx\\\/#website\"},\"primaryImageOfPage\":{\"@id\":\"https:\\\/\\\/nbcs.mx\\\/?p=96163#primaryimage\"},\"image\":{\"@id\":\"https:\\\/\\\/nbcs.mx\\\/?p=96163#primaryimage\"},\"thumbnailUrl\":\"https:\\\/\\\/nbcs.mx\\\/wp-content\\\/uploads\\\/2021\\\/10\\\/Seminario-competividad-755x403.jpg\",\"datePublished\":\"2021-10-29T20:11:36+00:00\",\"breadcrumb\":{\"@id\":\"https:\\\/\\\/nbcs.mx\\\/?p=96163#breadcrumb\"},\"inLanguage\":\"es\",\"potentialAction\":[{\"@type\":\"ReadAction\",\"target\":[\"https:\\\/\\\/nbcs.mx\\\/?p=96163\"]}]},{\"@type\":\"ImageObject\",\"inLanguage\":\"es\",\"@id\":\"https:\\\/\\\/nbcs.mx\\\/?p=96163#primaryimage\",\"url\":\"https:\\\/\\\/nbcs.mx\\\/wp-content\\\/uploads\\\/2021\\\/10\\\/Seminario-competividad-755x403.jpg\",\"contentUrl\":\"https:\\\/\\\/nbcs.mx\\\/wp-content\\\/uploads\\\/2021\\\/10\\\/Seminario-competividad-755x403.jpg\"},{\"@type\":\"BreadcrumbList\",\"@id\":\"https:\\\/\\\/nbcs.mx\\\/?p=96163#breadcrumb\",\"itemListElement\":[{\"@type\":\"ListItem\",\"position\":1,\"name\":\"Portada\",\"item\":\"https:\\\/\\\/nbcs.mx\\\/\"},{\"@type\":\"ListItem\",\"position\":2,\"name\":\"Celebra UABCS seminario sobre competitividad, pol\u00edticas p\u00fablicas y turismo\"}]},{\"@type\":\"WebSite\",\"@id\":\"https:\\\/\\\/nbcs.mx\\\/#website\",\"url\":\"https:\\\/\\\/nbcs.mx\\\/\",\"name\":\"NBCS Noticias\",\"description\":\"Sitio web de noticias en Baja California Sur\",\"publisher\":{\"@id\":\"https:\\\/\\\/nbcs.mx\\\/#organization\"},\"potentialAction\":[{\"@type\":\"SearchAction\",\"target\":{\"@type\":\"EntryPoint\",\"urlTemplate\":\"https:\\\/\\\/nbcs.mx\\\/?s={search_term_string}\"},\"query-input\":{\"@type\":\"PropertyValueSpecification\",\"valueRequired\":true,\"valueName\":\"search_term_string\"}}],\"inLanguage\":\"es\"},{\"@type\":\"Organization\",\"@id\":\"https:\\\/\\\/nbcs.mx\\\/#organization\",\"name\":\"NBCS Noticias\",\"url\":\"https:\\\/\\\/nbcs.mx\\\/\",\"logo\":{\"@type\":\"ImageObject\",\"inLanguage\":\"es\",\"@id\":\"https:\\\/\\\/nbcs.mx\\\/#\\\/schema\\\/logo\\\/image\\\/\",\"url\":\"https:\\\/\\\/nbcs.mx\\\/wp-content\\\/uploads\\\/2018\\\/09\\\/057b69485e93575a5c2b1c1dde2dd297.jpeg\",\"contentUrl\":\"https:\\\/\\\/nbcs.mx\\\/wp-content\\\/uploads\\\/2018\\\/09\\\/057b69485e93575a5c2b1c1dde2dd297.jpeg\",\"width\":64,\"height\":64,\"caption\":\"NBCS Noticias\"},\"image\":{\"@id\":\"https:\\\/\\\/nbcs.mx\\\/#\\\/schema\\\/logo\\\/image\\\/\"},\"sameAs\":[\"https:\\\/\\\/www.facebook.com\\\/NBCSnoticias\",\"https:\\\/\\\/x.com\\\/NBCSnoticias\"]},{\"@type\":\"Person\",\"@id\":\"https:\\\/\\\/nbcs.mx\\\/#\\\/schema\\\/person\\\/ece58bab9a7c1e87a4d28ec9ecd79ff4\",\"name\":\"NBCS Noticias\",\"image\":{\"@type\":\"ImageObject\",\"inLanguage\":\"es\",\"@id\":\"https:\\\/\\\/secure.gravatar.com\\\/avatar\\\/4e52110cad1c4054b43271a0d14bbe9e2ea76aecd0e1097edfc670798d9ca1d4?s=96&d=blank&r=g\",\"url\":\"https:\\\/\\\/secure.gravatar.com\\\/avatar\\\/4e52110cad1c4054b43271a0d14bbe9e2ea76aecd0e1097edfc670798d9ca1d4?s=96&d=blank&r=g\",\"contentUrl\":\"https:\\\/\\\/secure.gravatar.com\\\/avatar\\\/4e52110cad1c4054b43271a0d14bbe9e2ea76aecd0e1097edfc670798d9ca1d4?s=96&d=blank&r=g\",\"caption\":\"NBCS Noticias\"},\"description\":\"\u00bfTienes fotos o video de alg\u00fan acto de posible negligencia, corrupci\u00f3n y abuso de autoridad? M\u00e1ndalo al WhatsApp de NBCS Noticias: 612 141 98 08\",\"sameAs\":[\"https:\\\/\\\/www.nbcs.mx\",\"https:\\\/\\\/www.facebook.com\\\/NBCSnoticias\",\"https:\\\/\\\/www.instagram.com\\\/nbcsnoticias\\\/\",\"https:\\\/\\\/x.com\\\/https:\\\/\\\/twitter.com\\\/NBCSnoticias\"]}]}<\/script>\n<!-- \/ Yoast SEO plugin. -->","yoast_head_json":{"title":"Celebra UABCS seminario sobre competitividad, pol\u00edticas p\u00fablicas y turismo - NBCS Noticias","robots":{"index":"index","follow":"follow","max-snippet":"max-snippet:-1","max-image-preview":"max-image-preview:large","max-video-preview":"max-video-preview:-1"},"canonical":"https:\/\/nbcs.mx\/?p=96163","og_locale":"es_ES","og_type":"article","og_title":"Celebra UABCS seminario sobre competitividad, pol\u00edticas p\u00fablicas y turismo - NBCS Noticias","og_description":"La Paz, Baja California Sur.- Con la participaci\u00f3n de instituciones de M\u00e9xico, Chile y Colombia, del 27 al 29 de","og_url":"https:\/\/nbcs.mx\/?p=96163","og_site_name":"NBCS Noticias","article_publisher":"https:\/\/www.facebook.com\/NBCSnoticias","article_author":"https:\/\/www.facebook.com\/NBCSnoticias","article_published_time":"2021-10-29T20:11:36+00:00","og_image":[{"url":"https:\/\/nbcs.mx\/wp-content\/uploads\/2021\/10\/Seminario-competividad-755x403.jpg","type":"","width":"","height":""}],"author":"NBCS Noticias","twitter_card":"summary_large_image","twitter_creator":"@https:\/\/twitter.com\/NBCSnoticias","twitter_site":"@NBCSnoticias","twitter_misc":{"Escrito por":"NBCS Noticias","Tiempo de lectura":"3 minutos"},"schema":{"@context":"https:\/\/schema.org","@graph":[{"@type":"Article","@id":"https:\/\/nbcs.mx\/?p=96163#article","isPartOf":{"@id":"https:\/\/nbcs.mx\/?p=96163"},"author":{"name":"NBCS Noticias","@id":"https:\/\/nbcs.mx\/#\/schema\/person\/ece58bab9a7c1e87a4d28ec9ecd79ff4"},"headline":"Celebra UABCS seminario sobre competitividad, pol\u00edticas p\u00fablicas y turismo","datePublished":"2021-10-29T20:11:36+00:00","mainEntityOfPage":{"@id":"https:\/\/nbcs.mx\/?p=96163"},"wordCount":562,"commentCount":0,"publisher":{"@id":"https:\/\/nbcs.mx\/#organization"},"image":{"@id":"https:\/\/nbcs.mx\/?p=96163#primaryimage"},"thumbnailUrl":"https:\/\/nbcs.mx\/wp-content\/uploads\/2021\/10\/Seminario-competividad-755x403.jpg","articleSection":["Noticias"],"inLanguage":"es","potentialAction":[{"@type":"CommentAction","name":"Comment","target":["https:\/\/nbcs.mx\/?p=96163#respond"]}]},{"@type":"WebPage","@id":"https:\/\/nbcs.mx\/?p=96163","url":"https:\/\/nbcs.mx\/?p=96163","name":"Celebra UABCS seminario sobre competitividad, pol\u00edticas p\u00fablicas y turismo - NBCS Noticias","isPartOf":{"@id":"https:\/\/nbcs.mx\/#website"},"primaryImageOfPage":{"@id":"https:\/\/nbcs.mx\/?p=96163#primaryimage"},"image":{"@id":"https:\/\/nbcs.mx\/?p=96163#primaryimage"},"thumbnailUrl":"https:\/\/nbcs.mx\/wp-content\/uploads\/2021\/10\/Seminario-competividad-755x403.jpg","datePublished":"2021-10-29T20:11:36+00:00","breadcrumb":{"@id":"https:\/\/nbcs.mx\/?p=96163#breadcrumb"},"inLanguage":"es","potentialAction":[{"@type":"ReadAction","target":["https:\/\/nbcs.mx\/?p=96163"]}]},{"@type":"ImageObject","inLanguage":"es","@id":"https:\/\/nbcs.mx\/?p=96163#primaryimage","url":"https:\/\/nbcs.mx\/wp-content\/uploads\/2021\/10\/Seminario-competividad-755x403.jpg","contentUrl":"https:\/\/nbcs.mx\/wp-content\/uploads\/2021\/10\/Seminario-competividad-755x403.jpg"},{"@type":"BreadcrumbList","@id":"https:\/\/nbcs.mx\/?p=96163#breadcrumb","itemListElement":[{"@type":"ListItem","position":1,"name":"Portada","item":"https:\/\/nbcs.mx\/"},{"@type":"ListItem","position":2,"name":"Celebra UABCS seminario sobre competitividad, pol\u00edticas p\u00fablicas y turismo"}]},{"@type":"WebSite","@id":"https:\/\/nbcs.mx\/#website","url":"https:\/\/nbcs.mx\/","name":"NBCS Noticias","description":"Sitio web de noticias en Baja California Sur","publisher":{"@id":"https:\/\/nbcs.mx\/#organization"},"potentialAction":[{"@type":"SearchAction","target":{"@type":"EntryPoint","urlTemplate":"https:\/\/nbcs.mx\/?s={search_term_string}"},"query-input":{"@type":"PropertyValueSpecification","valueRequired":true,"valueName":"search_term_string"}}],"inLanguage":"es"},{"@type":"Organization","@id":"https:\/\/nbcs.mx\/#organization","name":"NBCS Noticias","url":"https:\/\/nbcs.mx\/","logo":{"@type":"ImageObject","inLanguage":"es","@id":"https:\/\/nbcs.mx\/#\/schema\/logo\/image\/","url":"https:\/\/nbcs.mx\/wp-content\/uploads\/2018\/09\/057b69485e93575a5c2b1c1dde2dd297.jpeg","contentUrl":"https:\/\/nbcs.mx\/wp-content\/uploads\/2018\/09\/057b69485e93575a5c2b1c1dde2dd297.jpeg","width":64,"height":64,"caption":"NBCS Noticias"},"image":{"@id":"https:\/\/nbcs.mx\/#\/schema\/logo\/image\/"},"sameAs":["https:\/\/www.facebook.com\/NBCSnoticias","https:\/\/x.com\/NBCSnoticias"]},{"@type":"Person","@id":"https:\/\/nbcs.mx\/#\/schema\/person\/ece58bab9a7c1e87a4d28ec9ecd79ff4","name":"NBCS Noticias","image":{"@type":"ImageObject","inLanguage":"es","@id":"https:\/\/secure.gravatar.com\/avatar\/4e52110cad1c4054b43271a0d14bbe9e2ea76aecd0e1097edfc670798d9ca1d4?s=96&d=blank&r=g","url":"https:\/\/secure.gravatar.com\/avatar\/4e52110cad1c4054b43271a0d14bbe9e2ea76aecd0e1097edfc670798d9ca1d4?s=96&d=blank&r=g","contentUrl":"https:\/\/secure.gravatar.com\/avatar\/4e52110cad1c4054b43271a0d14bbe9e2ea76aecd0e1097edfc670798d9ca1d4?s=96&d=blank&r=g","caption":"NBCS Noticias"},"description":"\u00bfTienes fotos o video de alg\u00fan acto de posible negligencia, corrupci\u00f3n y abuso de autoridad? M\u00e1ndalo al WhatsApp de NBCS Noticias: 612 141 98 08","sameAs":["https:\/\/www.nbcs.mx","https:\/\/www.facebook.com\/NBCSnoticias","https:\/\/www.instagram.com\/nbcsnoticias\/","https:\/\/x.com\/https:\/\/twitter.com\/NBCSnoticias"]}]}},"jetpack_publicize_connections":[],"jetpack_featured_media_url":"","jetpack_sharing_enabled":true,"_links":{"self":[{"href":"https:\/\/nbcs.mx\/index.php?rest_route=\/wp\/v2\/posts\/96163","targetHints":{"allow":["GET"]}}],"collection":[{"href":"https:\/\/nbcs.mx\/index.php?rest_route=\/wp\/v2\/posts"}],"about":[{"href":"https:\/\/nbcs.mx\/index.php?rest_route=\/wp\/v2\/types\/post"}],"author":[{"embeddable":true,"href":"https:\/\/nbcs.mx\/index.php?rest_route=\/wp\/v2\/users\/1"}],"replies":[{"embeddable":true,"href":"https:\/\/nbcs.mx\/index.php?rest_route=%2Fwp%2Fv2%2Fcomments&post=96163"}],"version-history":[{"count":1,"href":"https:\/\/nbcs.mx\/index.php?rest_route=\/wp\/v2\/posts\/96163\/revisions"}],"predecessor-version":[{"id":96165,"href":"https:\/\/nbcs.mx\/index.php?rest_route=\/wp\/v2\/posts\/96163\/revisions\/96165"}],"wp:attachment":[{"href":"https:\/\/nbcs.mx\/index.php?rest_route=%2Fwp%2Fv2%2Fmedia&parent=96163"}],"wp:term":[{"taxonomy":"category","embeddable":true,"href":"https:\/\/nbcs.mx\/index.php?rest_route=%2Fwp%2Fv2%2Fcategories&post=96163"},{"taxonomy":"post_tag","embeddable":true,"href":"https:\/\/nbcs.mx\/index.php?rest_route=%2Fwp%2Fv2%2Ftags&post=96163"}],"curies":[{"name":"wp","href":"https:\/\/api.w.org\/{rel}","templated":true}]}}