{"id":96347,"date":"2021-11-03T13:32:36","date_gmt":"2021-11-03T20:32:36","guid":{"rendered":"https:\/\/nbcs.mx\/?p=96347"},"modified":"2021-11-03T13:32:36","modified_gmt":"2021-11-03T20:32:36","slug":"celebra-unipaz-su-xxii-festival-tradicional-de-dia-de-muertos","status":"publish","type":"post","link":"https:\/\/nbcs.mx\/?p=96347","title":{"rendered":"Celebra UNIPAZ su XXII Festival Tradicional de D\u00eda de Muertos"},"content":{"rendered":"<p style=\"font-weight: 400; text-align: justify;\"><img loading=\"lazy\" decoding=\"async\" class=\" wp-image-96348 alignleft\" src=\"https:\/\/nbcs.mx\/wp-content\/uploads\/2021\/11\/Dia-de-Muertos-de-Unipaz-2-738x492.jpeg\" alt=\"\" width=\"389\" height=\"259\" \/>La Paz, Baja California Sur.\u00a0En la Universidad Internacional de La Paz (UNIPAZ) la pandemia no nos detiene para engrandecer nuestras tradiciones. Prueba de ello fue la celebraci\u00f3n del XXII Festival Tradicional de D\u00eda de Muertos, en donde se llev\u00f3 a cabo el VIII Concurso de Calaveritas organizado por la instituci\u00f3n, as\u00ed como el XI Concurso de Catrinas. Asimismo, en memoria del ingeniero Fernando Villavicencio Aguilar, director general de Sistemas de la universidad y compa\u00f1ero entra\u00f1able, la comunidad unipace\u00f1a elabor\u00f3 un magno altar.<\/p>\n<p style=\"font-weight: 400; text-align: justify;\">El XXII Festival Tradicional de D\u00eda de Muertos cont\u00f3 con la participaci\u00f3n de estudiantes de las distintas licenciaturas de UNIPAZ, quienes elaboraron videos referentes a esta hist\u00f3rica celebraci\u00f3n mexicana, as\u00ed como a distintos rituales alusivos al tr\u00e1nsito despu\u00e9s de la vida. Adem\u00e1s, alumnos de la Licenciatura en Psicolog\u00eda dieron a conocer el primer n\u00famero de su revista electr\u00f3nica\u00a0<em>Psyque<\/em>:\u00a0<em>Tratado del alma<\/em>, dedicada a la muerte, al duelo y a la cultura mexicana.<\/p>\n<p style=\"font-weight: 400; text-align: justify;\">En el concurso de catrinas, result\u00f3 ganadora del primer lugar Navila Lilian Ojeda Garc\u00eda, quien represent\u00f3 a\u00a0<em>Dolores del R\u00edo<\/em>; en segundo lugar, se posicionaron Argentina Guti\u00e9rrez e Ivonne Barrera, con la catrina\u00a0<em>Viaje de las almas<\/em>; el tercer puesto fue para Yesenia Guadalupe, con la catrina de\u00a0<em>Mar\u00eda F\u00e9lix<\/em>.<\/p>\n<p style=\"font-weight: 400; text-align: justify;\">En lo que respecta al concurso de calaveritas, fue calificada como primer lugar la calaverita\u00a0<em>La muerte y las clases en l\u00ednea<\/em>, escrita por Blanca Estela Acevedo; en el segundo puesto se coloc\u00f3 la composici\u00f3n literaria\u00a0<em>La difunta raz\u00f3n<\/em>, autor\u00eda de Mar\u00eda Ren\u00e9; y la tercera mejor calaverita fue la titulada\u00a0<em>Las chismosas<\/em>, de Navila Lilian Ojeda Garc\u00eda.<\/p>\n<p style=\"font-weight: 400; text-align: justify;\">Las afortunadas ganadoras recibieron una diversidad de premios ofrecidos por patrocinadores de la UNIPAZ: Mariscos El Pato; Distribuidora Independiente Mary Kay Amisadai Silva; Chef Eder Flores; Opti Baja; Rosa Escobedo; Reposter\u00eda Landy Ochoa; La camiseter\u00eda LPZ; Carnitas don Abraham; y Bolsas artesanales Coqueta.<\/p>\n<p style=\"font-weight: 400; text-align: justify;\">Como jurado de los concursos de calaveritas y catrinas participaron con la UNIPAZ la licenciada Alexandra Medell\u00edn Agruel, jefa el Departamento de Participaci\u00f3n Juvenil del Instituto Sudcaliforniano de la Juventud (ISJ); el licenciado Luis Alberto Roch\u00edn B\u00farquez, coordinador de Difusi\u00f3n y Extensi\u00f3n del Archivo Hist\u00f3rico Pablo L. Mart\u00ednez; as\u00ed como el psic\u00f3logo Alberto Perea V\u00e1zquez, representante personal del ingeniero Zamir Francisco Patr\u00f3n Murillo, director del Instituto Municipal de la Juventud (IMJ).<\/p>\n<p style=\"font-weight: 400; text-align: justify;\">El D\u00eda de Muertos es una tradici\u00f3n mexicana de origen prehisp\u00e1nico. Los d\u00edas de fiesta principales son el 1 y 2 de noviembre. Sin embargo, en los \u00faltimos a\u00f1os los preparativos inician muchas semanas antes, y es que la belleza y complejidad de esta celebraci\u00f3n ha atra\u00eddo la atenci\u00f3n de todo el mundo. La Organizaci\u00f3n de las Naciones Unidas para la Educaci\u00f3n, la Ciencia y la Cultura (UNESCO) elev\u00f3 el D\u00eda de Muertos a Patrimonio Inmaterial de la Humanidad el 7 de noviembre de 2003.<\/p>\n","protected":false},"excerpt":{"rendered":"<p>La Paz, Baja California Sur.\u00a0En la Universidad Internacional de La Paz (UNIPAZ) la pandemia no nos detiene para engrandecer nuestras<\/p>\n","protected":false},"author":1,"featured_media":0,"comment_status":"open","ping_status":"closed","sticky":false,"template":"","format":"standard","meta":{"colormag_page_container_layout":"default_layout","colormag_page_sidebar_layout":"default_layout","_jetpack_memberships_contains_paid_content":false,"footnotes":"","jetpack_publicize_message":"","jetpack_publicize_feature_enabled":true,"jetpack_social_post_already_shared":true,"jetpack_social_options":{"image_generator_settings":{"template":"highway","default_image_id":0,"font":"","enabled":false},"version":2}},"categories":[1],"tags":[],"class_list":["post-96347","post","type-post","status-publish","format-standard","hentry","category-noticias"],"yoast_head":"<!-- This site is optimized with the Yoast SEO plugin v27.5 - https:\/\/yoast.com\/product\/yoast-seo-wordpress\/ -->\n<title>Celebra UNIPAZ su XXII Festival Tradicional de D\u00eda de Muertos - NBCS Noticias<\/title>\n<meta name=\"robots\" content=\"index, follow, max-snippet:-1, max-image-preview:large, max-video-preview:-1\" \/>\n<link rel=\"canonical\" href=\"https:\/\/nbcs.mx\/?p=96347\" \/>\n<meta property=\"og:locale\" content=\"es_ES\" \/>\n<meta property=\"og:type\" content=\"article\" \/>\n<meta property=\"og:title\" content=\"Celebra UNIPAZ su XXII Festival Tradicional de D\u00eda de Muertos - NBCS Noticias\" \/>\n<meta property=\"og:description\" content=\"La Paz, Baja California Sur.\u00a0En la Universidad Internacional de La Paz (UNIPAZ) la pandemia no nos detiene para engrandecer nuestras\" \/>\n<meta property=\"og:url\" content=\"https:\/\/nbcs.mx\/?p=96347\" \/>\n<meta property=\"og:site_name\" content=\"NBCS Noticias\" \/>\n<meta property=\"article:publisher\" content=\"https:\/\/www.facebook.com\/NBCSnoticias\" \/>\n<meta property=\"article:author\" content=\"https:\/\/www.facebook.com\/NBCSnoticias\" \/>\n<meta property=\"article:published_time\" content=\"2021-11-03T20:32:36+00:00\" \/>\n<meta property=\"og:image\" content=\"https:\/\/nbcs.mx\/wp-content\/uploads\/2021\/11\/Dia-de-Muertos-de-Unipaz-2-738x492.jpeg\" \/>\n<meta name=\"author\" content=\"NBCS Noticias\" \/>\n<meta name=\"twitter:card\" content=\"summary_large_image\" \/>\n<meta name=\"twitter:creator\" content=\"@https:\/\/twitter.com\/NBCSnoticias\" \/>\n<meta name=\"twitter:site\" content=\"@NBCSnoticias\" \/>\n<meta name=\"twitter:label1\" content=\"Escrito por\" \/>\n\t<meta name=\"twitter:data1\" content=\"NBCS Noticias\" \/>\n\t<meta name=\"twitter:label2\" content=\"Tiempo de lectura\" \/>\n\t<meta name=\"twitter:data2\" content=\"3 minutos\" \/>\n<script type=\"application\/ld+json\" class=\"yoast-schema-graph\">{\"@context\":\"https:\\\/\\\/schema.org\",\"@graph\":[{\"@type\":\"Article\",\"@id\":\"https:\\\/\\\/nbcs.mx\\\/?p=96347#article\",\"isPartOf\":{\"@id\":\"https:\\\/\\\/nbcs.mx\\\/?p=96347\"},\"author\":{\"name\":\"NBCS Noticias\",\"@id\":\"https:\\\/\\\/nbcs.mx\\\/#\\\/schema\\\/person\\\/ece58bab9a7c1e87a4d28ec9ecd79ff4\"},\"headline\":\"Celebra UNIPAZ su XXII Festival Tradicional de D\u00eda de Muertos\",\"datePublished\":\"2021-11-03T20:32:36+00:00\",\"mainEntityOfPage\":{\"@id\":\"https:\\\/\\\/nbcs.mx\\\/?p=96347\"},\"wordCount\":521,\"commentCount\":0,\"publisher\":{\"@id\":\"https:\\\/\\\/nbcs.mx\\\/#organization\"},\"image\":{\"@id\":\"https:\\\/\\\/nbcs.mx\\\/?p=96347#primaryimage\"},\"thumbnailUrl\":\"https:\\\/\\\/nbcs.mx\\\/wp-content\\\/uploads\\\/2021\\\/11\\\/Dia-de-Muertos-de-Unipaz-2-738x492.jpeg\",\"articleSection\":[\"Noticias\"],\"inLanguage\":\"es\",\"potentialAction\":[{\"@type\":\"CommentAction\",\"name\":\"Comment\",\"target\":[\"https:\\\/\\\/nbcs.mx\\\/?p=96347#respond\"]}]},{\"@type\":\"WebPage\",\"@id\":\"https:\\\/\\\/nbcs.mx\\\/?p=96347\",\"url\":\"https:\\\/\\\/nbcs.mx\\\/?p=96347\",\"name\":\"Celebra UNIPAZ su XXII Festival Tradicional de D\u00eda de Muertos - NBCS Noticias\",\"isPartOf\":{\"@id\":\"https:\\\/\\\/nbcs.mx\\\/#website\"},\"primaryImageOfPage\":{\"@id\":\"https:\\\/\\\/nbcs.mx\\\/?p=96347#primaryimage\"},\"image\":{\"@id\":\"https:\\\/\\\/nbcs.mx\\\/?p=96347#primaryimage\"},\"thumbnailUrl\":\"https:\\\/\\\/nbcs.mx\\\/wp-content\\\/uploads\\\/2021\\\/11\\\/Dia-de-Muertos-de-Unipaz-2-738x492.jpeg\",\"datePublished\":\"2021-11-03T20:32:36+00:00\",\"breadcrumb\":{\"@id\":\"https:\\\/\\\/nbcs.mx\\\/?p=96347#breadcrumb\"},\"inLanguage\":\"es\",\"potentialAction\":[{\"@type\":\"ReadAction\",\"target\":[\"https:\\\/\\\/nbcs.mx\\\/?p=96347\"]}]},{\"@type\":\"ImageObject\",\"inLanguage\":\"es\",\"@id\":\"https:\\\/\\\/nbcs.mx\\\/?p=96347#primaryimage\",\"url\":\"https:\\\/\\\/nbcs.mx\\\/wp-content\\\/uploads\\\/2021\\\/11\\\/Dia-de-Muertos-de-Unipaz-2-738x492.jpeg\",\"contentUrl\":\"https:\\\/\\\/nbcs.mx\\\/wp-content\\\/uploads\\\/2021\\\/11\\\/Dia-de-Muertos-de-Unipaz-2-738x492.jpeg\"},{\"@type\":\"BreadcrumbList\",\"@id\":\"https:\\\/\\\/nbcs.mx\\\/?p=96347#breadcrumb\",\"itemListElement\":[{\"@type\":\"ListItem\",\"position\":1,\"name\":\"Portada\",\"item\":\"https:\\\/\\\/nbcs.mx\\\/\"},{\"@type\":\"ListItem\",\"position\":2,\"name\":\"Celebra UNIPAZ su XXII Festival Tradicional de D\u00eda de Muertos\"}]},{\"@type\":\"WebSite\",\"@id\":\"https:\\\/\\\/nbcs.mx\\\/#website\",\"url\":\"https:\\\/\\\/nbcs.mx\\\/\",\"name\":\"NBCS Noticias\",\"description\":\"Sitio web de noticias en Baja California Sur\",\"publisher\":{\"@id\":\"https:\\\/\\\/nbcs.mx\\\/#organization\"},\"potentialAction\":[{\"@type\":\"SearchAction\",\"target\":{\"@type\":\"EntryPoint\",\"urlTemplate\":\"https:\\\/\\\/nbcs.mx\\\/?s={search_term_string}\"},\"query-input\":{\"@type\":\"PropertyValueSpecification\",\"valueRequired\":true,\"valueName\":\"search_term_string\"}}],\"inLanguage\":\"es\"},{\"@type\":\"Organization\",\"@id\":\"https:\\\/\\\/nbcs.mx\\\/#organization\",\"name\":\"NBCS Noticias\",\"url\":\"https:\\\/\\\/nbcs.mx\\\/\",\"logo\":{\"@type\":\"ImageObject\",\"inLanguage\":\"es\",\"@id\":\"https:\\\/\\\/nbcs.mx\\\/#\\\/schema\\\/logo\\\/image\\\/\",\"url\":\"https:\\\/\\\/nbcs.mx\\\/wp-content\\\/uploads\\\/2018\\\/09\\\/057b69485e93575a5c2b1c1dde2dd297.jpeg\",\"contentUrl\":\"https:\\\/\\\/nbcs.mx\\\/wp-content\\\/uploads\\\/2018\\\/09\\\/057b69485e93575a5c2b1c1dde2dd297.jpeg\",\"width\":64,\"height\":64,\"caption\":\"NBCS Noticias\"},\"image\":{\"@id\":\"https:\\\/\\\/nbcs.mx\\\/#\\\/schema\\\/logo\\\/image\\\/\"},\"sameAs\":[\"https:\\\/\\\/www.facebook.com\\\/NBCSnoticias\",\"https:\\\/\\\/x.com\\\/NBCSnoticias\"]},{\"@type\":\"Person\",\"@id\":\"https:\\\/\\\/nbcs.mx\\\/#\\\/schema\\\/person\\\/ece58bab9a7c1e87a4d28ec9ecd79ff4\",\"name\":\"NBCS Noticias\",\"image\":{\"@type\":\"ImageObject\",\"inLanguage\":\"es\",\"@id\":\"https:\\\/\\\/secure.gravatar.com\\\/avatar\\\/4e52110cad1c4054b43271a0d14bbe9e2ea76aecd0e1097edfc670798d9ca1d4?s=96&d=blank&r=g\",\"url\":\"https:\\\/\\\/secure.gravatar.com\\\/avatar\\\/4e52110cad1c4054b43271a0d14bbe9e2ea76aecd0e1097edfc670798d9ca1d4?s=96&d=blank&r=g\",\"contentUrl\":\"https:\\\/\\\/secure.gravatar.com\\\/avatar\\\/4e52110cad1c4054b43271a0d14bbe9e2ea76aecd0e1097edfc670798d9ca1d4?s=96&d=blank&r=g\",\"caption\":\"NBCS Noticias\"},\"description\":\"\u00bfTienes fotos o video de alg\u00fan acto de posible negligencia, corrupci\u00f3n y abuso de autoridad? M\u00e1ndalo al WhatsApp de NBCS Noticias: 612 141 98 08\",\"sameAs\":[\"https:\\\/\\\/www.nbcs.mx\",\"https:\\\/\\\/www.facebook.com\\\/NBCSnoticias\",\"https:\\\/\\\/www.instagram.com\\\/nbcsnoticias\\\/\",\"https:\\\/\\\/x.com\\\/https:\\\/\\\/twitter.com\\\/NBCSnoticias\"]}]}<\/script>\n<!-- \/ Yoast SEO plugin. -->","yoast_head_json":{"title":"Celebra UNIPAZ su XXII Festival Tradicional de D\u00eda de Muertos - NBCS Noticias","robots":{"index":"index","follow":"follow","max-snippet":"max-snippet:-1","max-image-preview":"max-image-preview:large","max-video-preview":"max-video-preview:-1"},"canonical":"https:\/\/nbcs.mx\/?p=96347","og_locale":"es_ES","og_type":"article","og_title":"Celebra UNIPAZ su XXII Festival Tradicional de D\u00eda de Muertos - NBCS Noticias","og_description":"La Paz, Baja California Sur.\u00a0En la Universidad Internacional de La Paz (UNIPAZ) la pandemia no nos detiene para engrandecer nuestras","og_url":"https:\/\/nbcs.mx\/?p=96347","og_site_name":"NBCS Noticias","article_publisher":"https:\/\/www.facebook.com\/NBCSnoticias","article_author":"https:\/\/www.facebook.com\/NBCSnoticias","article_published_time":"2021-11-03T20:32:36+00:00","og_image":[{"url":"https:\/\/nbcs.mx\/wp-content\/uploads\/2021\/11\/Dia-de-Muertos-de-Unipaz-2-738x492.jpeg","type":"","width":"","height":""}],"author":"NBCS Noticias","twitter_card":"summary_large_image","twitter_creator":"@https:\/\/twitter.com\/NBCSnoticias","twitter_site":"@NBCSnoticias","twitter_misc":{"Escrito por":"NBCS Noticias","Tiempo de lectura":"3 minutos"},"schema":{"@context":"https:\/\/schema.org","@graph":[{"@type":"Article","@id":"https:\/\/nbcs.mx\/?p=96347#article","isPartOf":{"@id":"https:\/\/nbcs.mx\/?p=96347"},"author":{"name":"NBCS Noticias","@id":"https:\/\/nbcs.mx\/#\/schema\/person\/ece58bab9a7c1e87a4d28ec9ecd79ff4"},"headline":"Celebra UNIPAZ su XXII Festival Tradicional de D\u00eda de Muertos","datePublished":"2021-11-03T20:32:36+00:00","mainEntityOfPage":{"@id":"https:\/\/nbcs.mx\/?p=96347"},"wordCount":521,"commentCount":0,"publisher":{"@id":"https:\/\/nbcs.mx\/#organization"},"image":{"@id":"https:\/\/nbcs.mx\/?p=96347#primaryimage"},"thumbnailUrl":"https:\/\/nbcs.mx\/wp-content\/uploads\/2021\/11\/Dia-de-Muertos-de-Unipaz-2-738x492.jpeg","articleSection":["Noticias"],"inLanguage":"es","potentialAction":[{"@type":"CommentAction","name":"Comment","target":["https:\/\/nbcs.mx\/?p=96347#respond"]}]},{"@type":"WebPage","@id":"https:\/\/nbcs.mx\/?p=96347","url":"https:\/\/nbcs.mx\/?p=96347","name":"Celebra UNIPAZ su XXII Festival Tradicional de D\u00eda de Muertos - NBCS Noticias","isPartOf":{"@id":"https:\/\/nbcs.mx\/#website"},"primaryImageOfPage":{"@id":"https:\/\/nbcs.mx\/?p=96347#primaryimage"},"image":{"@id":"https:\/\/nbcs.mx\/?p=96347#primaryimage"},"thumbnailUrl":"https:\/\/nbcs.mx\/wp-content\/uploads\/2021\/11\/Dia-de-Muertos-de-Unipaz-2-738x492.jpeg","datePublished":"2021-11-03T20:32:36+00:00","breadcrumb":{"@id":"https:\/\/nbcs.mx\/?p=96347#breadcrumb"},"inLanguage":"es","potentialAction":[{"@type":"ReadAction","target":["https:\/\/nbcs.mx\/?p=96347"]}]},{"@type":"ImageObject","inLanguage":"es","@id":"https:\/\/nbcs.mx\/?p=96347#primaryimage","url":"https:\/\/nbcs.mx\/wp-content\/uploads\/2021\/11\/Dia-de-Muertos-de-Unipaz-2-738x492.jpeg","contentUrl":"https:\/\/nbcs.mx\/wp-content\/uploads\/2021\/11\/Dia-de-Muertos-de-Unipaz-2-738x492.jpeg"},{"@type":"BreadcrumbList","@id":"https:\/\/nbcs.mx\/?p=96347#breadcrumb","itemListElement":[{"@type":"ListItem","position":1,"name":"Portada","item":"https:\/\/nbcs.mx\/"},{"@type":"ListItem","position":2,"name":"Celebra UNIPAZ su XXII Festival Tradicional de D\u00eda de Muertos"}]},{"@type":"WebSite","@id":"https:\/\/nbcs.mx\/#website","url":"https:\/\/nbcs.mx\/","name":"NBCS Noticias","description":"Sitio web de noticias en Baja California Sur","publisher":{"@id":"https:\/\/nbcs.mx\/#organization"},"potentialAction":[{"@type":"SearchAction","target":{"@type":"EntryPoint","urlTemplate":"https:\/\/nbcs.mx\/?s={search_term_string}"},"query-input":{"@type":"PropertyValueSpecification","valueRequired":true,"valueName":"search_term_string"}}],"inLanguage":"es"},{"@type":"Organization","@id":"https:\/\/nbcs.mx\/#organization","name":"NBCS Noticias","url":"https:\/\/nbcs.mx\/","logo":{"@type":"ImageObject","inLanguage":"es","@id":"https:\/\/nbcs.mx\/#\/schema\/logo\/image\/","url":"https:\/\/nbcs.mx\/wp-content\/uploads\/2018\/09\/057b69485e93575a5c2b1c1dde2dd297.jpeg","contentUrl":"https:\/\/nbcs.mx\/wp-content\/uploads\/2018\/09\/057b69485e93575a5c2b1c1dde2dd297.jpeg","width":64,"height":64,"caption":"NBCS Noticias"},"image":{"@id":"https:\/\/nbcs.mx\/#\/schema\/logo\/image\/"},"sameAs":["https:\/\/www.facebook.com\/NBCSnoticias","https:\/\/x.com\/NBCSnoticias"]},{"@type":"Person","@id":"https:\/\/nbcs.mx\/#\/schema\/person\/ece58bab9a7c1e87a4d28ec9ecd79ff4","name":"NBCS Noticias","image":{"@type":"ImageObject","inLanguage":"es","@id":"https:\/\/secure.gravatar.com\/avatar\/4e52110cad1c4054b43271a0d14bbe9e2ea76aecd0e1097edfc670798d9ca1d4?s=96&d=blank&r=g","url":"https:\/\/secure.gravatar.com\/avatar\/4e52110cad1c4054b43271a0d14bbe9e2ea76aecd0e1097edfc670798d9ca1d4?s=96&d=blank&r=g","contentUrl":"https:\/\/secure.gravatar.com\/avatar\/4e52110cad1c4054b43271a0d14bbe9e2ea76aecd0e1097edfc670798d9ca1d4?s=96&d=blank&r=g","caption":"NBCS Noticias"},"description":"\u00bfTienes fotos o video de alg\u00fan acto de posible negligencia, corrupci\u00f3n y abuso de autoridad? M\u00e1ndalo al WhatsApp de NBCS Noticias: 612 141 98 08","sameAs":["https:\/\/www.nbcs.mx","https:\/\/www.facebook.com\/NBCSnoticias","https:\/\/www.instagram.com\/nbcsnoticias\/","https:\/\/x.com\/https:\/\/twitter.com\/NBCSnoticias"]}]}},"jetpack_publicize_connections":[],"jetpack_featured_media_url":"","jetpack_sharing_enabled":true,"_links":{"self":[{"href":"https:\/\/nbcs.mx\/index.php?rest_route=\/wp\/v2\/posts\/96347","targetHints":{"allow":["GET"]}}],"collection":[{"href":"https:\/\/nbcs.mx\/index.php?rest_route=\/wp\/v2\/posts"}],"about":[{"href":"https:\/\/nbcs.mx\/index.php?rest_route=\/wp\/v2\/types\/post"}],"author":[{"embeddable":true,"href":"https:\/\/nbcs.mx\/index.php?rest_route=\/wp\/v2\/users\/1"}],"replies":[{"embeddable":true,"href":"https:\/\/nbcs.mx\/index.php?rest_route=%2Fwp%2Fv2%2Fcomments&post=96347"}],"version-history":[{"count":1,"href":"https:\/\/nbcs.mx\/index.php?rest_route=\/wp\/v2\/posts\/96347\/revisions"}],"predecessor-version":[{"id":96349,"href":"https:\/\/nbcs.mx\/index.php?rest_route=\/wp\/v2\/posts\/96347\/revisions\/96349"}],"wp:attachment":[{"href":"https:\/\/nbcs.mx\/index.php?rest_route=%2Fwp%2Fv2%2Fmedia&parent=96347"}],"wp:term":[{"taxonomy":"category","embeddable":true,"href":"https:\/\/nbcs.mx\/index.php?rest_route=%2Fwp%2Fv2%2Fcategories&post=96347"},{"taxonomy":"post_tag","embeddable":true,"href":"https:\/\/nbcs.mx\/index.php?rest_route=%2Fwp%2Fv2%2Ftags&post=96347"}],"curies":[{"name":"wp","href":"https:\/\/api.w.org\/{rel}","templated":true}]}}