{"id":96553,"date":"2021-11-06T18:09:43","date_gmt":"2021-11-07T01:09:43","guid":{"rendered":"https:\/\/nbcs.mx\/?p=96553"},"modified":"2021-11-06T18:09:43","modified_gmt":"2021-11-07T01:09:43","slug":"aprueba-consejo-municipal-de-transporte-actualizar-el-estudio-de-necesidades-en-la-modalidad-de-taxis-para-los-cabos","status":"publish","type":"post","link":"https:\/\/nbcs.mx\/?p=96553","title":{"rendered":"Aprueba Consejo Municipal de Transporte actualizar el estudio de necesidades en la modalidad de taxis para Los Cabos"},"content":{"rendered":"<p style=\"text-align: justify;\"><img loading=\"lazy\" decoding=\"async\" class=\" wp-image-96554 alignleft\" src=\"https:\/\/nbcs.mx\/wp-content\/uploads\/2021\/11\/01-Consejo-Municipal-de-Transporte-aprueba-actualizar-el-estudio-de-necesidades-en-la-modalidad-de-taxis-para-Los-Cabos...-738x492.jpg\" alt=\"\" width=\"387\" height=\"258\" \/>Los Cabos, Baja California Sur.- Luego de dar respuesta a una de las solicitudes m\u00e1s ignoradas por Gobiernos anteriores, el presidente municipal de Los Cabos Oscar Leggs Castro, encabez\u00f3 la primera sesi\u00f3n del Consejo Municipal de Transporte en la modalidad de autom\u00f3vil de alquiler con chofer: taxi, donde fue aprobado por unanimidad solicitar al Gobierno del Estado la actualizaci\u00f3n del estudio de necesidad, as\u00ed como la emisi\u00f3n de permisos provisionales para contrarrestar el d\u00e9ficit en el servicio en zonas de alta demanda social.<\/p>\n<p style=\"text-align: justify;\">\n<p style=\"text-align: justify;\">Acompa\u00f1ado del representante del Gobierno del Estado Carlos Castro Cese\u00f1a, del subsecretario general de Gobierno Omar Zavala Agundez, del director general de Seguridad P\u00fablica Russel Rodas Moreno, del director de la Unidad de Movilidad y Transporte Mart\u00edn Salinas Cese\u00f1a, del director municipal de Transporte Omar Torres Orozco y del 3er regidor y presidente de la Comisi\u00f3n Edilicia de Transporte H\u00e9ctor Fabi\u00e1n Cese\u00f1a Cese\u00f1a, el alcalde escuch\u00f3 atentamente la participaci\u00f3n de los representantes y consejeros de las 9 agrupaciones de Los Cabos.<\/p>\n<p style=\"text-align: justify;\">\n<p style=\"text-align: justify;\">\u201cEstamos dando seguimiento puntual a los compromisos con el sector transporte y en este caso, para actualizar las necesidades que tiene la poblaci\u00f3n en el servicio de taxis en todo el municipio; y basados en un primer estudio que se realiz\u00f3 en el 2020 es en el que vamos a trabajar para solicitar permisos en lo que se realiza el nuevo estudio y que seguramente habr\u00e1 de arrojar mucha m\u00e1s necesidad\u201d, destac\u00f3 el presidente municipal, al mismo tiempo que recib\u00eda los expedientes de choferes meritorios de cada gremio y que ser\u00e1 turnados a la Direcci\u00f3n de Transporte del Estado.<\/p>\n<p style=\"text-align: justify;\">\n<p style=\"text-align: justify;\">Dicho lo anterior, la actualizaci\u00f3n contempla el parque vehicular por agrupaciones, zonas de trabajo, tipo y capacidad de la unidad con que, -en su caso-, se estime conveniente cubrir las necesidades del servicio, adem\u00e1s de la determinaci\u00f3n del n\u00famero de concesiones que deber\u00edan de entregarse en la modalidad de Autom\u00f3vil de Alquiler con Chofer (taxi), lo que permitir\u00e1 generar nuevos compromisos con el sector, como extender el horario y brindar el servicio en zonas donde antes no exist\u00eda.<\/p>\n<p style=\"text-align: justify;\">\n<p style=\"text-align: justify;\">\u201cNo se trata de darle la p\u00edldora a los transportistas para que no sucedan las cosas, aqu\u00ed tenemos que avanzar juntos, porque as\u00ed lo comprometimos y as\u00ed habremos de trabajar conforme a la Ley; nadie por encima de la Ley y nadie podr\u00e1 trabajar si no se tiene permiso, por eso, es importante acercarse y poder llegar a acuerdos juntos\u201d, agreg\u00f3 para concluir el presidente municipal de Los Cabos Oscar Leggs Castro.<\/p>\n","protected":false},"excerpt":{"rendered":"<p>Los Cabos, Baja California Sur.- Luego de dar respuesta a una de las solicitudes m\u00e1s ignoradas por Gobiernos anteriores, el<\/p>\n","protected":false},"author":1,"featured_media":0,"comment_status":"open","ping_status":"closed","sticky":false,"template":"","format":"standard","meta":{"colormag_page_container_layout":"default_layout","colormag_page_sidebar_layout":"default_layout","_jetpack_memberships_contains_paid_content":false,"footnotes":"","jetpack_publicize_message":"","jetpack_publicize_feature_enabled":true,"jetpack_social_post_already_shared":true,"jetpack_social_options":{"image_generator_settings":{"template":"highway","default_image_id":0,"font":"","enabled":false},"version":2}},"categories":[40],"tags":[],"class_list":["post-96553","post","type-post","status-publish","format-standard","hentry","category-municipios"],"yoast_head":"<!-- This site is optimized with the Yoast SEO plugin v27.5 - https:\/\/yoast.com\/product\/yoast-seo-wordpress\/ -->\n<title>Aprueba Consejo Municipal de Transporte actualizar el estudio de necesidades en la modalidad de taxis para Los Cabos - NBCS Noticias<\/title>\n<meta name=\"robots\" content=\"index, follow, max-snippet:-1, max-image-preview:large, max-video-preview:-1\" \/>\n<link rel=\"canonical\" href=\"https:\/\/nbcs.mx\/?p=96553\" \/>\n<meta property=\"og:locale\" content=\"es_ES\" \/>\n<meta property=\"og:type\" content=\"article\" \/>\n<meta property=\"og:title\" content=\"Aprueba Consejo Municipal de Transporte actualizar el estudio de necesidades en la modalidad de taxis para Los Cabos - NBCS Noticias\" \/>\n<meta property=\"og:description\" content=\"Los Cabos, Baja California Sur.- Luego de dar respuesta a una de las solicitudes m\u00e1s ignoradas por Gobiernos anteriores, el\" \/>\n<meta property=\"og:url\" content=\"https:\/\/nbcs.mx\/?p=96553\" \/>\n<meta property=\"og:site_name\" content=\"NBCS Noticias\" \/>\n<meta property=\"article:publisher\" content=\"https:\/\/www.facebook.com\/NBCSnoticias\" \/>\n<meta property=\"article:author\" content=\"https:\/\/www.facebook.com\/NBCSnoticias\" \/>\n<meta property=\"article:published_time\" content=\"2021-11-07T01:09:43+00:00\" \/>\n<meta property=\"og:image\" content=\"https:\/\/nbcs.mx\/wp-content\/uploads\/2021\/11\/01-Consejo-Municipal-de-Transporte-aprueba-actualizar-el-estudio-de-necesidades-en-la-modalidad-de-taxis-para-Los-Cabos...-738x492.jpg\" \/>\n<meta name=\"author\" content=\"NBCS Noticias\" \/>\n<meta name=\"twitter:card\" content=\"summary_large_image\" \/>\n<meta name=\"twitter:creator\" content=\"@https:\/\/twitter.com\/NBCSnoticias\" \/>\n<meta name=\"twitter:site\" content=\"@NBCSnoticias\" \/>\n<meta name=\"twitter:label1\" content=\"Escrito por\" \/>\n\t<meta name=\"twitter:data1\" content=\"NBCS Noticias\" \/>\n\t<meta name=\"twitter:label2\" content=\"Tiempo de lectura\" \/>\n\t<meta name=\"twitter:data2\" content=\"2 minutos\" \/>\n<script type=\"application\/ld+json\" class=\"yoast-schema-graph\">{\"@context\":\"https:\\\/\\\/schema.org\",\"@graph\":[{\"@type\":\"Article\",\"@id\":\"https:\\\/\\\/nbcs.mx\\\/?p=96553#article\",\"isPartOf\":{\"@id\":\"https:\\\/\\\/nbcs.mx\\\/?p=96553\"},\"author\":{\"name\":\"NBCS Noticias\",\"@id\":\"https:\\\/\\\/nbcs.mx\\\/#\\\/schema\\\/person\\\/ece58bab9a7c1e87a4d28ec9ecd79ff4\"},\"headline\":\"Aprueba Consejo Municipal de Transporte actualizar el estudio de necesidades en la modalidad de taxis para Los Cabos\",\"datePublished\":\"2021-11-07T01:09:43+00:00\",\"mainEntityOfPage\":{\"@id\":\"https:\\\/\\\/nbcs.mx\\\/?p=96553\"},\"wordCount\":459,\"commentCount\":0,\"publisher\":{\"@id\":\"https:\\\/\\\/nbcs.mx\\\/#organization\"},\"image\":{\"@id\":\"https:\\\/\\\/nbcs.mx\\\/?p=96553#primaryimage\"},\"thumbnailUrl\":\"https:\\\/\\\/nbcs.mx\\\/wp-content\\\/uploads\\\/2021\\\/11\\\/01-Consejo-Municipal-de-Transporte-aprueba-actualizar-el-estudio-de-necesidades-en-la-modalidad-de-taxis-para-Los-Cabos...-738x492.jpg\",\"articleSection\":[\"Municipios\"],\"inLanguage\":\"es\",\"potentialAction\":[{\"@type\":\"CommentAction\",\"name\":\"Comment\",\"target\":[\"https:\\\/\\\/nbcs.mx\\\/?p=96553#respond\"]}]},{\"@type\":\"WebPage\",\"@id\":\"https:\\\/\\\/nbcs.mx\\\/?p=96553\",\"url\":\"https:\\\/\\\/nbcs.mx\\\/?p=96553\",\"name\":\"Aprueba Consejo Municipal de Transporte actualizar el estudio de necesidades en la modalidad de taxis para Los Cabos - NBCS Noticias\",\"isPartOf\":{\"@id\":\"https:\\\/\\\/nbcs.mx\\\/#website\"},\"primaryImageOfPage\":{\"@id\":\"https:\\\/\\\/nbcs.mx\\\/?p=96553#primaryimage\"},\"image\":{\"@id\":\"https:\\\/\\\/nbcs.mx\\\/?p=96553#primaryimage\"},\"thumbnailUrl\":\"https:\\\/\\\/nbcs.mx\\\/wp-content\\\/uploads\\\/2021\\\/11\\\/01-Consejo-Municipal-de-Transporte-aprueba-actualizar-el-estudio-de-necesidades-en-la-modalidad-de-taxis-para-Los-Cabos...-738x492.jpg\",\"datePublished\":\"2021-11-07T01:09:43+00:00\",\"breadcrumb\":{\"@id\":\"https:\\\/\\\/nbcs.mx\\\/?p=96553#breadcrumb\"},\"inLanguage\":\"es\",\"potentialAction\":[{\"@type\":\"ReadAction\",\"target\":[\"https:\\\/\\\/nbcs.mx\\\/?p=96553\"]}]},{\"@type\":\"ImageObject\",\"inLanguage\":\"es\",\"@id\":\"https:\\\/\\\/nbcs.mx\\\/?p=96553#primaryimage\",\"url\":\"https:\\\/\\\/nbcs.mx\\\/wp-content\\\/uploads\\\/2021\\\/11\\\/01-Consejo-Municipal-de-Transporte-aprueba-actualizar-el-estudio-de-necesidades-en-la-modalidad-de-taxis-para-Los-Cabos...-738x492.jpg\",\"contentUrl\":\"https:\\\/\\\/nbcs.mx\\\/wp-content\\\/uploads\\\/2021\\\/11\\\/01-Consejo-Municipal-de-Transporte-aprueba-actualizar-el-estudio-de-necesidades-en-la-modalidad-de-taxis-para-Los-Cabos...-738x492.jpg\"},{\"@type\":\"BreadcrumbList\",\"@id\":\"https:\\\/\\\/nbcs.mx\\\/?p=96553#breadcrumb\",\"itemListElement\":[{\"@type\":\"ListItem\",\"position\":1,\"name\":\"Portada\",\"item\":\"https:\\\/\\\/nbcs.mx\\\/\"},{\"@type\":\"ListItem\",\"position\":2,\"name\":\"Aprueba Consejo Municipal de Transporte actualizar el estudio de necesidades en la modalidad de taxis para Los Cabos\"}]},{\"@type\":\"WebSite\",\"@id\":\"https:\\\/\\\/nbcs.mx\\\/#website\",\"url\":\"https:\\\/\\\/nbcs.mx\\\/\",\"name\":\"NBCS Noticias\",\"description\":\"Sitio web de noticias en Baja California Sur\",\"publisher\":{\"@id\":\"https:\\\/\\\/nbcs.mx\\\/#organization\"},\"potentialAction\":[{\"@type\":\"SearchAction\",\"target\":{\"@type\":\"EntryPoint\",\"urlTemplate\":\"https:\\\/\\\/nbcs.mx\\\/?s={search_term_string}\"},\"query-input\":{\"@type\":\"PropertyValueSpecification\",\"valueRequired\":true,\"valueName\":\"search_term_string\"}}],\"inLanguage\":\"es\"},{\"@type\":\"Organization\",\"@id\":\"https:\\\/\\\/nbcs.mx\\\/#organization\",\"name\":\"NBCS Noticias\",\"url\":\"https:\\\/\\\/nbcs.mx\\\/\",\"logo\":{\"@type\":\"ImageObject\",\"inLanguage\":\"es\",\"@id\":\"https:\\\/\\\/nbcs.mx\\\/#\\\/schema\\\/logo\\\/image\\\/\",\"url\":\"https:\\\/\\\/nbcs.mx\\\/wp-content\\\/uploads\\\/2018\\\/09\\\/057b69485e93575a5c2b1c1dde2dd297.jpeg\",\"contentUrl\":\"https:\\\/\\\/nbcs.mx\\\/wp-content\\\/uploads\\\/2018\\\/09\\\/057b69485e93575a5c2b1c1dde2dd297.jpeg\",\"width\":64,\"height\":64,\"caption\":\"NBCS Noticias\"},\"image\":{\"@id\":\"https:\\\/\\\/nbcs.mx\\\/#\\\/schema\\\/logo\\\/image\\\/\"},\"sameAs\":[\"https:\\\/\\\/www.facebook.com\\\/NBCSnoticias\",\"https:\\\/\\\/x.com\\\/NBCSnoticias\"]},{\"@type\":\"Person\",\"@id\":\"https:\\\/\\\/nbcs.mx\\\/#\\\/schema\\\/person\\\/ece58bab9a7c1e87a4d28ec9ecd79ff4\",\"name\":\"NBCS Noticias\",\"image\":{\"@type\":\"ImageObject\",\"inLanguage\":\"es\",\"@id\":\"https:\\\/\\\/secure.gravatar.com\\\/avatar\\\/4e52110cad1c4054b43271a0d14bbe9e2ea76aecd0e1097edfc670798d9ca1d4?s=96&d=blank&r=g\",\"url\":\"https:\\\/\\\/secure.gravatar.com\\\/avatar\\\/4e52110cad1c4054b43271a0d14bbe9e2ea76aecd0e1097edfc670798d9ca1d4?s=96&d=blank&r=g\",\"contentUrl\":\"https:\\\/\\\/secure.gravatar.com\\\/avatar\\\/4e52110cad1c4054b43271a0d14bbe9e2ea76aecd0e1097edfc670798d9ca1d4?s=96&d=blank&r=g\",\"caption\":\"NBCS Noticias\"},\"description\":\"\u00bfTienes fotos o video de alg\u00fan acto de posible negligencia, corrupci\u00f3n y abuso de autoridad? M\u00e1ndalo al WhatsApp de NBCS Noticias: 612 141 98 08\",\"sameAs\":[\"https:\\\/\\\/www.nbcs.mx\",\"https:\\\/\\\/www.facebook.com\\\/NBCSnoticias\",\"https:\\\/\\\/www.instagram.com\\\/nbcsnoticias\\\/\",\"https:\\\/\\\/x.com\\\/https:\\\/\\\/twitter.com\\\/NBCSnoticias\"]}]}<\/script>\n<!-- \/ Yoast SEO plugin. -->","yoast_head_json":{"title":"Aprueba Consejo Municipal de Transporte actualizar el estudio de necesidades en la modalidad de taxis para Los Cabos - NBCS Noticias","robots":{"index":"index","follow":"follow","max-snippet":"max-snippet:-1","max-image-preview":"max-image-preview:large","max-video-preview":"max-video-preview:-1"},"canonical":"https:\/\/nbcs.mx\/?p=96553","og_locale":"es_ES","og_type":"article","og_title":"Aprueba Consejo Municipal de Transporte actualizar el estudio de necesidades en la modalidad de taxis para Los Cabos - NBCS Noticias","og_description":"Los Cabos, Baja California Sur.- Luego de dar respuesta a una de las solicitudes m\u00e1s ignoradas por Gobiernos anteriores, el","og_url":"https:\/\/nbcs.mx\/?p=96553","og_site_name":"NBCS Noticias","article_publisher":"https:\/\/www.facebook.com\/NBCSnoticias","article_author":"https:\/\/www.facebook.com\/NBCSnoticias","article_published_time":"2021-11-07T01:09:43+00:00","og_image":[{"url":"https:\/\/nbcs.mx\/wp-content\/uploads\/2021\/11\/01-Consejo-Municipal-de-Transporte-aprueba-actualizar-el-estudio-de-necesidades-en-la-modalidad-de-taxis-para-Los-Cabos...-738x492.jpg","type":"","width":"","height":""}],"author":"NBCS Noticias","twitter_card":"summary_large_image","twitter_creator":"@https:\/\/twitter.com\/NBCSnoticias","twitter_site":"@NBCSnoticias","twitter_misc":{"Escrito por":"NBCS Noticias","Tiempo de lectura":"2 minutos"},"schema":{"@context":"https:\/\/schema.org","@graph":[{"@type":"Article","@id":"https:\/\/nbcs.mx\/?p=96553#article","isPartOf":{"@id":"https:\/\/nbcs.mx\/?p=96553"},"author":{"name":"NBCS Noticias","@id":"https:\/\/nbcs.mx\/#\/schema\/person\/ece58bab9a7c1e87a4d28ec9ecd79ff4"},"headline":"Aprueba Consejo Municipal de Transporte actualizar el estudio de necesidades en la modalidad de taxis para Los Cabos","datePublished":"2021-11-07T01:09:43+00:00","mainEntityOfPage":{"@id":"https:\/\/nbcs.mx\/?p=96553"},"wordCount":459,"commentCount":0,"publisher":{"@id":"https:\/\/nbcs.mx\/#organization"},"image":{"@id":"https:\/\/nbcs.mx\/?p=96553#primaryimage"},"thumbnailUrl":"https:\/\/nbcs.mx\/wp-content\/uploads\/2021\/11\/01-Consejo-Municipal-de-Transporte-aprueba-actualizar-el-estudio-de-necesidades-en-la-modalidad-de-taxis-para-Los-Cabos...-738x492.jpg","articleSection":["Municipios"],"inLanguage":"es","potentialAction":[{"@type":"CommentAction","name":"Comment","target":["https:\/\/nbcs.mx\/?p=96553#respond"]}]},{"@type":"WebPage","@id":"https:\/\/nbcs.mx\/?p=96553","url":"https:\/\/nbcs.mx\/?p=96553","name":"Aprueba Consejo Municipal de Transporte actualizar el estudio de necesidades en la modalidad de taxis para Los Cabos - NBCS Noticias","isPartOf":{"@id":"https:\/\/nbcs.mx\/#website"},"primaryImageOfPage":{"@id":"https:\/\/nbcs.mx\/?p=96553#primaryimage"},"image":{"@id":"https:\/\/nbcs.mx\/?p=96553#primaryimage"},"thumbnailUrl":"https:\/\/nbcs.mx\/wp-content\/uploads\/2021\/11\/01-Consejo-Municipal-de-Transporte-aprueba-actualizar-el-estudio-de-necesidades-en-la-modalidad-de-taxis-para-Los-Cabos...-738x492.jpg","datePublished":"2021-11-07T01:09:43+00:00","breadcrumb":{"@id":"https:\/\/nbcs.mx\/?p=96553#breadcrumb"},"inLanguage":"es","potentialAction":[{"@type":"ReadAction","target":["https:\/\/nbcs.mx\/?p=96553"]}]},{"@type":"ImageObject","inLanguage":"es","@id":"https:\/\/nbcs.mx\/?p=96553#primaryimage","url":"https:\/\/nbcs.mx\/wp-content\/uploads\/2021\/11\/01-Consejo-Municipal-de-Transporte-aprueba-actualizar-el-estudio-de-necesidades-en-la-modalidad-de-taxis-para-Los-Cabos...-738x492.jpg","contentUrl":"https:\/\/nbcs.mx\/wp-content\/uploads\/2021\/11\/01-Consejo-Municipal-de-Transporte-aprueba-actualizar-el-estudio-de-necesidades-en-la-modalidad-de-taxis-para-Los-Cabos...-738x492.jpg"},{"@type":"BreadcrumbList","@id":"https:\/\/nbcs.mx\/?p=96553#breadcrumb","itemListElement":[{"@type":"ListItem","position":1,"name":"Portada","item":"https:\/\/nbcs.mx\/"},{"@type":"ListItem","position":2,"name":"Aprueba Consejo Municipal de Transporte actualizar el estudio de necesidades en la modalidad de taxis para Los Cabos"}]},{"@type":"WebSite","@id":"https:\/\/nbcs.mx\/#website","url":"https:\/\/nbcs.mx\/","name":"NBCS Noticias","description":"Sitio web de noticias en Baja California Sur","publisher":{"@id":"https:\/\/nbcs.mx\/#organization"},"potentialAction":[{"@type":"SearchAction","target":{"@type":"EntryPoint","urlTemplate":"https:\/\/nbcs.mx\/?s={search_term_string}"},"query-input":{"@type":"PropertyValueSpecification","valueRequired":true,"valueName":"search_term_string"}}],"inLanguage":"es"},{"@type":"Organization","@id":"https:\/\/nbcs.mx\/#organization","name":"NBCS Noticias","url":"https:\/\/nbcs.mx\/","logo":{"@type":"ImageObject","inLanguage":"es","@id":"https:\/\/nbcs.mx\/#\/schema\/logo\/image\/","url":"https:\/\/nbcs.mx\/wp-content\/uploads\/2018\/09\/057b69485e93575a5c2b1c1dde2dd297.jpeg","contentUrl":"https:\/\/nbcs.mx\/wp-content\/uploads\/2018\/09\/057b69485e93575a5c2b1c1dde2dd297.jpeg","width":64,"height":64,"caption":"NBCS Noticias"},"image":{"@id":"https:\/\/nbcs.mx\/#\/schema\/logo\/image\/"},"sameAs":["https:\/\/www.facebook.com\/NBCSnoticias","https:\/\/x.com\/NBCSnoticias"]},{"@type":"Person","@id":"https:\/\/nbcs.mx\/#\/schema\/person\/ece58bab9a7c1e87a4d28ec9ecd79ff4","name":"NBCS Noticias","image":{"@type":"ImageObject","inLanguage":"es","@id":"https:\/\/secure.gravatar.com\/avatar\/4e52110cad1c4054b43271a0d14bbe9e2ea76aecd0e1097edfc670798d9ca1d4?s=96&d=blank&r=g","url":"https:\/\/secure.gravatar.com\/avatar\/4e52110cad1c4054b43271a0d14bbe9e2ea76aecd0e1097edfc670798d9ca1d4?s=96&d=blank&r=g","contentUrl":"https:\/\/secure.gravatar.com\/avatar\/4e52110cad1c4054b43271a0d14bbe9e2ea76aecd0e1097edfc670798d9ca1d4?s=96&d=blank&r=g","caption":"NBCS Noticias"},"description":"\u00bfTienes fotos o video de alg\u00fan acto de posible negligencia, corrupci\u00f3n y abuso de autoridad? M\u00e1ndalo al WhatsApp de NBCS Noticias: 612 141 98 08","sameAs":["https:\/\/www.nbcs.mx","https:\/\/www.facebook.com\/NBCSnoticias","https:\/\/www.instagram.com\/nbcsnoticias\/","https:\/\/x.com\/https:\/\/twitter.com\/NBCSnoticias"]}]}},"jetpack_publicize_connections":[],"jetpack_featured_media_url":"","jetpack_sharing_enabled":true,"_links":{"self":[{"href":"https:\/\/nbcs.mx\/index.php?rest_route=\/wp\/v2\/posts\/96553","targetHints":{"allow":["GET"]}}],"collection":[{"href":"https:\/\/nbcs.mx\/index.php?rest_route=\/wp\/v2\/posts"}],"about":[{"href":"https:\/\/nbcs.mx\/index.php?rest_route=\/wp\/v2\/types\/post"}],"author":[{"embeddable":true,"href":"https:\/\/nbcs.mx\/index.php?rest_route=\/wp\/v2\/users\/1"}],"replies":[{"embeddable":true,"href":"https:\/\/nbcs.mx\/index.php?rest_route=%2Fwp%2Fv2%2Fcomments&post=96553"}],"version-history":[{"count":1,"href":"https:\/\/nbcs.mx\/index.php?rest_route=\/wp\/v2\/posts\/96553\/revisions"}],"predecessor-version":[{"id":96555,"href":"https:\/\/nbcs.mx\/index.php?rest_route=\/wp\/v2\/posts\/96553\/revisions\/96555"}],"wp:attachment":[{"href":"https:\/\/nbcs.mx\/index.php?rest_route=%2Fwp%2Fv2%2Fmedia&parent=96553"}],"wp:term":[{"taxonomy":"category","embeddable":true,"href":"https:\/\/nbcs.mx\/index.php?rest_route=%2Fwp%2Fv2%2Fcategories&post=96553"},{"taxonomy":"post_tag","embeddable":true,"href":"https:\/\/nbcs.mx\/index.php?rest_route=%2Fwp%2Fv2%2Ftags&post=96553"}],"curies":[{"name":"wp","href":"https:\/\/api.w.org\/{rel}","templated":true}]}}