{"id":96981,"date":"2021-11-14T15:40:45","date_gmt":"2021-11-14T22:40:45","guid":{"rendered":"https:\/\/nbcs.mx\/?p=96981"},"modified":"2021-11-14T15:43:47","modified_gmt":"2021-11-14T22:43:47","slug":"firman-dif-mulege-y-asociaciones-civiles-del-estado-convenio-de-colaboracion","status":"publish","type":"post","link":"https:\/\/nbcs.mx\/?p=96981","title":{"rendered":"Firman Dif Muleg\u00e9 y Asociaciones Civiles del Estado convenio de colaboraci\u00f3n"},"content":{"rendered":"<p style=\"text-align: justify;\"><strong><img loading=\"lazy\" decoding=\"async\" class=\"size-medium wp-image-96982 aligncenter\" src=\"https:\/\/nbcs.mx\/wp-content\/uploads\/2021\/11\/Foto-1-755x347.jpeg\" alt=\"\" width=\"755\" height=\"347\" \/><\/strong><\/p>\n<p style=\"text-align: justify;\">Santa Rosal\u00eda, Baja California Sur.- Gyselle Edith Hern\u00e1ndez Aguilar, presidenta de DIF municipal, encabez\u00f3 la firma del convenio de colaboraci\u00f3n entre el Sistema para el Desarrollo Integral de la Familia en Muleg\u00e9 y fundaciones, asociaciones y organizaciones civiles que operan en el Estado, con la finalidad de fortalecer los programas asistenciales y jornadas sociales dirigidos a ni\u00f1as, ni\u00f1os y adolescentes, personas adultas mayores y grupos de atenci\u00f3n prioritaria.<\/p>\n<p style=\"text-align: justify;\">Hern\u00e1ndez Aguilar reiter\u00f3 el compromiso del sistema DIF municipal para gestionar m\u00e1s y mejores alternativas de atenci\u00f3n y desarrollo para las familias muleginas. Asimismo, reconoci\u00f3 la labor que realizan las asociaciones y fundaciones, comprometi\u00e9ndose a promover el trabajo colaborativo en el marco de la inclusi\u00f3n, el respeto y la solidaridad.<\/p>\n<p style=\"text-align: justify;\">\u201cReconozco su disposici\u00f3n para unir esfuerzos y lograr que m\u00e1s personas puedan ser beneficiadas con programas que mejoren su calidad de vida. Estaremos trabajando fuertemente para estrechar lazos entre gobierno, sociedad civil e iniciativa privada con el objetivo de acercar m\u00e1s apoyos a los grupos de atenci\u00f3n prioritaria. Para lograr el bien com\u00fan es necesario coordinar esfuerzos, sumar voluntades y corazones\u201d, destac\u00f3 la presidenta honoraria de DIF Muleg\u00e9.<\/p>\n<p style=\"text-align: justify;\">A nombre de las fundaciones y asociaciones participantes, la doctora Mar\u00eda Elena Lerma Colomo, directora general del CRIT en Baja California Sur, reconoci\u00f3 la importancia de que instituciones como DIF Muleg\u00e9, fortalezcan y gestionen servicios profesionales que se traduzcan en mejores tratamientos para las y los pacientes.<\/p>\n<p style=\"text-align: justify;\">En el evento, representantes de Fundaci\u00f3n Telet\u00f3n, Fundaci\u00f3n Hagamos M\u00e1s por Santa Rosal\u00eda, Club de Leones, Club de Caza, Tiro y Pesca; Por M\u00e1s Ni\u00f1os Felices de M\u00e9xico, Sociedad Mutualista Progreso y DIF Muleg\u00e9 signaron un documento que dignificar\u00e1 el trabajo de apoyo social en el municipio y permitir\u00e1 la mejora de la calidad de vida de las y los muleginos al potenciar la operaci\u00f3n de los programas de asistencia y desarrollo comunitario.<\/p>\n<p style=\"text-align: justify;\">Finalmente, la presidenta del sistema DIF Muleg\u00e9, Gyselle Edith Hern\u00e1ndez Aguilar, puntualiz\u00f3 que con estos acuerdos no solo se benefician las y los pacientes, sino toda la ciudadan\u00eda, \u201ceste convenio traer\u00e1 grandes beneficios para nuestra tierra, ya que permitir\u00e1 mejorar los tratamientos, promover\u00e1 el aumento de la calidad de vida en familias que tengan alguna persona con discapacidad, as\u00ed como mejorar el acceso a la atenci\u00f3n m\u00e9dica\u201d.<\/p>\n<p style=\"text-align: justify;\">Durante la firma de convenio, estuvieron presentes, en representaci\u00f3n de la alcaldesa Edith Aguilar Villavicencio, Francisco Javier Arce, secretario general del Ayuntamiento de Muleg\u00e9; Mar\u00eda Sonia Yee Robles, directora de DIF Muleg\u00e9; Mar\u00eda Elena Lerma Colomo, directora del CRIT en Baja California Sur; Alma A. Colorado Betanzos, directora de la Fundaci\u00f3n Hagamos M\u00e1s Por Santa Rosal\u00eda; Jorge David Garayzar, presidente de Club Rotario; Martha Edith Aguilar Amao, presidenta de Club De Leones; Mario Alberto Ayala, presidente de Club De Caza, Tiro y Pesca; Ana Mar\u00eda Ahumada Jim\u00e9nez, directora de Por M\u00e1s Ni\u00f1os Felices A.C. y Jos\u00e9 Arnulfo Gir\u00f3n Camacho, presidente de la Sociedad Mutualista Progreso.<\/p>\n","protected":false},"excerpt":{"rendered":"<p>Santa Rosal\u00eda, Baja California Sur.- Gyselle Edith Hern\u00e1ndez Aguilar, presidenta de DIF municipal, encabez\u00f3 la firma del convenio de colaboraci\u00f3n<\/p>\n","protected":false},"author":1,"featured_media":0,"comment_status":"open","ping_status":"closed","sticky":false,"template":"","format":"standard","meta":{"colormag_page_container_layout":"default_layout","colormag_page_sidebar_layout":"default_layout","_jetpack_newsletter_access":"","_jetpack_dont_email_post_to_subs":false,"_jetpack_newsletter_tier_id":0,"_jetpack_memberships_contains_paywalled_content":false,"_jetpack_feature_clip_id":0,"_jetpack_memberships_contains_paid_content":false,"footnotes":"","jetpack_publicize_message":"","jetpack_publicize_feature_enabled":true,"jetpack_social_post_already_shared":true,"jetpack_social_options":{"image_generator_settings":{"template":"highway","default_image_id":0,"font":"","enabled":false},"version":2},"jetpack_post_was_ever_published":false},"categories":[40],"tags":[],"class_list":["post-96981","post","type-post","status-publish","format-standard","hentry","category-municipios"],"yoast_head":"<!-- This site is optimized with the Yoast SEO plugin v28.3 - https:\/\/yoast.com\/product\/yoast-seo-wordpress\/ -->\n<title>Firman Dif Muleg\u00e9 y Asociaciones Civiles del Estado convenio de colaboraci\u00f3n - NBCS Noticias<\/title>\n<meta name=\"robots\" content=\"index, follow, max-snippet:-1, max-image-preview:large, max-video-preview:-1\" \/>\n<link rel=\"canonical\" href=\"https:\/\/nbcs.mx\/?p=96981\" \/>\n<meta property=\"og:locale\" content=\"es_ES\" \/>\n<meta property=\"og:type\" content=\"article\" \/>\n<meta property=\"og:title\" content=\"Firman Dif Muleg\u00e9 y Asociaciones Civiles del Estado convenio de colaboraci\u00f3n - NBCS Noticias\" \/>\n<meta property=\"og:description\" content=\"Santa Rosal\u00eda, Baja California Sur.- Gyselle Edith Hern\u00e1ndez Aguilar, presidenta de DIF municipal, encabez\u00f3 la firma del convenio de colaboraci\u00f3n\" \/>\n<meta property=\"og:url\" content=\"https:\/\/nbcs.mx\/?p=96981\" \/>\n<meta property=\"og:site_name\" content=\"NBCS Noticias\" \/>\n<meta property=\"article:publisher\" content=\"https:\/\/www.facebook.com\/NBCSnoticias\" \/>\n<meta property=\"article:author\" content=\"https:\/\/www.facebook.com\/NBCSnoticias\" \/>\n<meta property=\"article:published_time\" content=\"2021-11-14T22:40:45+00:00\" \/>\n<meta property=\"article:modified_time\" content=\"2021-11-14T22:43:47+00:00\" \/>\n<meta property=\"og:image\" content=\"https:\/\/nbcs.mx\/wp-content\/uploads\/2021\/11\/Foto-1-755x347.jpeg\" \/>\n<meta name=\"author\" content=\"NBCS Noticias\" \/>\n<meta name=\"twitter:card\" content=\"summary_large_image\" \/>\n<meta name=\"twitter:creator\" content=\"@https:\/\/twitter.com\/NBCSnoticias\" \/>\n<meta name=\"twitter:site\" content=\"@NBCSnoticias\" \/>\n<meta name=\"twitter:label1\" content=\"Escrito por\" \/>\n\t<meta name=\"twitter:data1\" content=\"NBCS Noticias\" \/>\n\t<meta name=\"twitter:label2\" content=\"Tiempo de lectura\" \/>\n\t<meta name=\"twitter:data2\" content=\"3 minutos\" \/>\n<script type=\"application\/ld+json\" class=\"yoast-schema-graph\">{\"@context\":\"https:\\\/\\\/schema.org\",\"@graph\":[{\"@type\":\"Article\",\"@id\":\"https:\\\/\\\/nbcs.mx\\\/?p=96981#article\",\"isPartOf\":{\"@id\":\"https:\\\/\\\/nbcs.mx\\\/?p=96981\"},\"author\":{\"name\":\"NBCS Noticias\",\"@id\":\"https:\\\/\\\/nbcs.mx\\\/#\\\/schema\\\/person\\\/ece58bab9a7c1e87a4d28ec9ecd79ff4\"},\"headline\":\"Firman Dif Muleg\u00e9 y Asociaciones Civiles del Estado convenio de colaboraci\u00f3n\",\"datePublished\":\"2021-11-14T22:40:45+00:00\",\"dateModified\":\"2021-11-14T22:43:47+00:00\",\"mainEntityOfPage\":{\"@id\":\"https:\\\/\\\/nbcs.mx\\\/?p=96981\"},\"wordCount\":533,\"commentCount\":0,\"publisher\":{\"@id\":\"https:\\\/\\\/nbcs.mx\\\/#organization\"},\"image\":{\"@id\":\"https:\\\/\\\/nbcs.mx\\\/?p=96981#primaryimage\"},\"thumbnailUrl\":\"https:\\\/\\\/nbcs.mx\\\/wp-content\\\/uploads\\\/2021\\\/11\\\/Foto-1-755x347.jpeg\",\"articleSection\":[\"Municipios\"],\"inLanguage\":\"es\",\"potentialAction\":[{\"@type\":\"CommentAction\",\"name\":\"Comment\",\"target\":[\"https:\\\/\\\/nbcs.mx\\\/?p=96981#respond\"]}]},{\"@type\":\"WebPage\",\"@id\":\"https:\\\/\\\/nbcs.mx\\\/?p=96981\",\"url\":\"https:\\\/\\\/nbcs.mx\\\/?p=96981\",\"name\":\"Firman Dif Muleg\u00e9 y Asociaciones Civiles del Estado convenio de colaboraci\u00f3n - NBCS Noticias\",\"isPartOf\":{\"@id\":\"https:\\\/\\\/nbcs.mx\\\/#website\"},\"primaryImageOfPage\":{\"@id\":\"https:\\\/\\\/nbcs.mx\\\/?p=96981#primaryimage\"},\"image\":{\"@id\":\"https:\\\/\\\/nbcs.mx\\\/?p=96981#primaryimage\"},\"thumbnailUrl\":\"https:\\\/\\\/nbcs.mx\\\/wp-content\\\/uploads\\\/2021\\\/11\\\/Foto-1-755x347.jpeg\",\"datePublished\":\"2021-11-14T22:40:45+00:00\",\"dateModified\":\"2021-11-14T22:43:47+00:00\",\"breadcrumb\":{\"@id\":\"https:\\\/\\\/nbcs.mx\\\/?p=96981#breadcrumb\"},\"inLanguage\":\"es\",\"potentialAction\":[{\"@type\":\"ReadAction\",\"target\":[\"https:\\\/\\\/nbcs.mx\\\/?p=96981\"]}]},{\"@type\":\"ImageObject\",\"inLanguage\":\"es\",\"@id\":\"https:\\\/\\\/nbcs.mx\\\/?p=96981#primaryimage\",\"url\":\"https:\\\/\\\/nbcs.mx\\\/wp-content\\\/uploads\\\/2021\\\/11\\\/Foto-1-755x347.jpeg\",\"contentUrl\":\"https:\\\/\\\/nbcs.mx\\\/wp-content\\\/uploads\\\/2021\\\/11\\\/Foto-1-755x347.jpeg\"},{\"@type\":\"BreadcrumbList\",\"@id\":\"https:\\\/\\\/nbcs.mx\\\/?p=96981#breadcrumb\",\"itemListElement\":[{\"@type\":\"ListItem\",\"position\":1,\"name\":\"Portada\",\"item\":\"https:\\\/\\\/nbcs.mx\\\/\"},{\"@type\":\"ListItem\",\"position\":2,\"name\":\"Firman Dif Muleg\u00e9 y Asociaciones Civiles del Estado convenio de colaboraci\u00f3n\"}]},{\"@type\":\"WebSite\",\"@id\":\"https:\\\/\\\/nbcs.mx\\\/#website\",\"url\":\"https:\\\/\\\/nbcs.mx\\\/\",\"name\":\"NBCS Noticias\",\"description\":\"Sitio web de noticias en Baja California Sur\",\"publisher\":{\"@id\":\"https:\\\/\\\/nbcs.mx\\\/#organization\"},\"potentialAction\":[{\"@type\":\"SearchAction\",\"target\":{\"@type\":\"EntryPoint\",\"urlTemplate\":\"https:\\\/\\\/nbcs.mx\\\/?s={search_term_string}\"},\"query-input\":{\"@type\":\"PropertyValueSpecification\",\"valueRequired\":true,\"valueName\":\"search_term_string\"}}],\"inLanguage\":\"es\"},{\"@type\":\"Organization\",\"@id\":\"https:\\\/\\\/nbcs.mx\\\/#organization\",\"name\":\"NBCS Noticias\",\"url\":\"https:\\\/\\\/nbcs.mx\\\/\",\"logo\":{\"@type\":\"ImageObject\",\"inLanguage\":\"es\",\"@id\":\"https:\\\/\\\/nbcs.mx\\\/#\\\/schema\\\/logo\\\/image\\\/\",\"url\":\"https:\\\/\\\/nbcs.mx\\\/wp-content\\\/uploads\\\/2018\\\/09\\\/057b69485e93575a5c2b1c1dde2dd297.jpeg\",\"contentUrl\":\"https:\\\/\\\/nbcs.mx\\\/wp-content\\\/uploads\\\/2018\\\/09\\\/057b69485e93575a5c2b1c1dde2dd297.jpeg\",\"width\":64,\"height\":64,\"caption\":\"NBCS Noticias\"},\"image\":{\"@id\":\"https:\\\/\\\/nbcs.mx\\\/#\\\/schema\\\/logo\\\/image\\\/\"},\"sameAs\":[\"https:\\\/\\\/www.facebook.com\\\/NBCSnoticias\",\"https:\\\/\\\/x.com\\\/NBCSnoticias\"]},{\"@type\":\"Person\",\"@id\":\"https:\\\/\\\/nbcs.mx\\\/#\\\/schema\\\/person\\\/ece58bab9a7c1e87a4d28ec9ecd79ff4\",\"name\":\"NBCS Noticias\",\"image\":{\"@type\":\"ImageObject\",\"inLanguage\":\"es\",\"@id\":\"https:\\\/\\\/secure.gravatar.com\\\/avatar\\\/4e52110cad1c4054b43271a0d14bbe9e2ea76aecd0e1097edfc670798d9ca1d4?s=96&d=blank&r=g\",\"url\":\"https:\\\/\\\/secure.gravatar.com\\\/avatar\\\/4e52110cad1c4054b43271a0d14bbe9e2ea76aecd0e1097edfc670798d9ca1d4?s=96&d=blank&r=g\",\"contentUrl\":\"https:\\\/\\\/secure.gravatar.com\\\/avatar\\\/4e52110cad1c4054b43271a0d14bbe9e2ea76aecd0e1097edfc670798d9ca1d4?s=96&d=blank&r=g\",\"caption\":\"NBCS Noticias\"},\"description\":\"\u00bfTienes fotos o video de alg\u00fan acto de posible negligencia, corrupci\u00f3n y abuso de autoridad? M\u00e1ndalo al WhatsApp de NBCS Noticias: 612 141 98 08\",\"sameAs\":[\"https:\\\/\\\/www.nbcs.mx\",\"https:\\\/\\\/www.facebook.com\\\/NBCSnoticias\",\"https:\\\/\\\/www.instagram.com\\\/nbcsnoticias\\\/\",\"https:\\\/\\\/x.com\\\/https:\\\/\\\/twitter.com\\\/NBCSnoticias\"]}]}<\/script>\n<!-- \/ Yoast SEO plugin. -->","yoast_head_json":{"title":"Firman Dif Muleg\u00e9 y Asociaciones Civiles del Estado convenio de colaboraci\u00f3n - NBCS Noticias","robots":{"index":"index","follow":"follow","max-snippet":"max-snippet:-1","max-image-preview":"max-image-preview:large","max-video-preview":"max-video-preview:-1"},"canonical":"https:\/\/nbcs.mx\/?p=96981","og_locale":"es_ES","og_type":"article","og_title":"Firman Dif Muleg\u00e9 y Asociaciones Civiles del Estado convenio de colaboraci\u00f3n - NBCS Noticias","og_description":"Santa Rosal\u00eda, Baja California Sur.- Gyselle Edith Hern\u00e1ndez Aguilar, presidenta de DIF municipal, encabez\u00f3 la firma del convenio de colaboraci\u00f3n","og_url":"https:\/\/nbcs.mx\/?p=96981","og_site_name":"NBCS Noticias","article_publisher":"https:\/\/www.facebook.com\/NBCSnoticias","article_author":"https:\/\/www.facebook.com\/NBCSnoticias","article_published_time":"2021-11-14T22:40:45+00:00","article_modified_time":"2021-11-14T22:43:47+00:00","og_image":[{"url":"https:\/\/nbcs.mx\/wp-content\/uploads\/2021\/11\/Foto-1-755x347.jpeg","type":"","width":"","height":""}],"author":"NBCS Noticias","twitter_card":"summary_large_image","twitter_creator":"@https:\/\/twitter.com\/NBCSnoticias","twitter_site":"@NBCSnoticias","twitter_misc":{"Escrito por":"NBCS Noticias","Tiempo de lectura":"3 minutos"},"schema":{"@context":"https:\/\/schema.org","@graph":[{"@type":"Article","@id":"https:\/\/nbcs.mx\/?p=96981#article","isPartOf":{"@id":"https:\/\/nbcs.mx\/?p=96981"},"author":{"name":"NBCS Noticias","@id":"https:\/\/nbcs.mx\/#\/schema\/person\/ece58bab9a7c1e87a4d28ec9ecd79ff4"},"headline":"Firman Dif Muleg\u00e9 y Asociaciones Civiles del Estado convenio de colaboraci\u00f3n","datePublished":"2021-11-14T22:40:45+00:00","dateModified":"2021-11-14T22:43:47+00:00","mainEntityOfPage":{"@id":"https:\/\/nbcs.mx\/?p=96981"},"wordCount":533,"commentCount":0,"publisher":{"@id":"https:\/\/nbcs.mx\/#organization"},"image":{"@id":"https:\/\/nbcs.mx\/?p=96981#primaryimage"},"thumbnailUrl":"https:\/\/nbcs.mx\/wp-content\/uploads\/2021\/11\/Foto-1-755x347.jpeg","articleSection":["Municipios"],"inLanguage":"es","potentialAction":[{"@type":"CommentAction","name":"Comment","target":["https:\/\/nbcs.mx\/?p=96981#respond"]}]},{"@type":"WebPage","@id":"https:\/\/nbcs.mx\/?p=96981","url":"https:\/\/nbcs.mx\/?p=96981","name":"Firman Dif Muleg\u00e9 y Asociaciones Civiles del Estado convenio de colaboraci\u00f3n - NBCS Noticias","isPartOf":{"@id":"https:\/\/nbcs.mx\/#website"},"primaryImageOfPage":{"@id":"https:\/\/nbcs.mx\/?p=96981#primaryimage"},"image":{"@id":"https:\/\/nbcs.mx\/?p=96981#primaryimage"},"thumbnailUrl":"https:\/\/nbcs.mx\/wp-content\/uploads\/2021\/11\/Foto-1-755x347.jpeg","datePublished":"2021-11-14T22:40:45+00:00","dateModified":"2021-11-14T22:43:47+00:00","breadcrumb":{"@id":"https:\/\/nbcs.mx\/?p=96981#breadcrumb"},"inLanguage":"es","potentialAction":[{"@type":"ReadAction","target":["https:\/\/nbcs.mx\/?p=96981"]}]},{"@type":"ImageObject","inLanguage":"es","@id":"https:\/\/nbcs.mx\/?p=96981#primaryimage","url":"https:\/\/nbcs.mx\/wp-content\/uploads\/2021\/11\/Foto-1-755x347.jpeg","contentUrl":"https:\/\/nbcs.mx\/wp-content\/uploads\/2021\/11\/Foto-1-755x347.jpeg"},{"@type":"BreadcrumbList","@id":"https:\/\/nbcs.mx\/?p=96981#breadcrumb","itemListElement":[{"@type":"ListItem","position":1,"name":"Portada","item":"https:\/\/nbcs.mx\/"},{"@type":"ListItem","position":2,"name":"Firman Dif Muleg\u00e9 y Asociaciones Civiles del Estado convenio de colaboraci\u00f3n"}]},{"@type":"WebSite","@id":"https:\/\/nbcs.mx\/#website","url":"https:\/\/nbcs.mx\/","name":"NBCS Noticias","description":"Sitio web de noticias en Baja California Sur","publisher":{"@id":"https:\/\/nbcs.mx\/#organization"},"potentialAction":[{"@type":"SearchAction","target":{"@type":"EntryPoint","urlTemplate":"https:\/\/nbcs.mx\/?s={search_term_string}"},"query-input":{"@type":"PropertyValueSpecification","valueRequired":true,"valueName":"search_term_string"}}],"inLanguage":"es"},{"@type":"Organization","@id":"https:\/\/nbcs.mx\/#organization","name":"NBCS Noticias","url":"https:\/\/nbcs.mx\/","logo":{"@type":"ImageObject","inLanguage":"es","@id":"https:\/\/nbcs.mx\/#\/schema\/logo\/image\/","url":"https:\/\/nbcs.mx\/wp-content\/uploads\/2018\/09\/057b69485e93575a5c2b1c1dde2dd297.jpeg","contentUrl":"https:\/\/nbcs.mx\/wp-content\/uploads\/2018\/09\/057b69485e93575a5c2b1c1dde2dd297.jpeg","width":64,"height":64,"caption":"NBCS Noticias"},"image":{"@id":"https:\/\/nbcs.mx\/#\/schema\/logo\/image\/"},"sameAs":["https:\/\/www.facebook.com\/NBCSnoticias","https:\/\/x.com\/NBCSnoticias"]},{"@type":"Person","@id":"https:\/\/nbcs.mx\/#\/schema\/person\/ece58bab9a7c1e87a4d28ec9ecd79ff4","name":"NBCS Noticias","image":{"@type":"ImageObject","inLanguage":"es","@id":"https:\/\/secure.gravatar.com\/avatar\/4e52110cad1c4054b43271a0d14bbe9e2ea76aecd0e1097edfc670798d9ca1d4?s=96&d=blank&r=g","url":"https:\/\/secure.gravatar.com\/avatar\/4e52110cad1c4054b43271a0d14bbe9e2ea76aecd0e1097edfc670798d9ca1d4?s=96&d=blank&r=g","contentUrl":"https:\/\/secure.gravatar.com\/avatar\/4e52110cad1c4054b43271a0d14bbe9e2ea76aecd0e1097edfc670798d9ca1d4?s=96&d=blank&r=g","caption":"NBCS Noticias"},"description":"\u00bfTienes fotos o video de alg\u00fan acto de posible negligencia, corrupci\u00f3n y abuso de autoridad? M\u00e1ndalo al WhatsApp de NBCS Noticias: 612 141 98 08","sameAs":["https:\/\/www.nbcs.mx","https:\/\/www.facebook.com\/NBCSnoticias","https:\/\/www.instagram.com\/nbcsnoticias\/","https:\/\/x.com\/https:\/\/twitter.com\/NBCSnoticias"]}]}},"jetpack_publicize_connections":[],"jetpack_sharing_enabled":true,"jetpack_featured_media_url":"","_links":{"self":[{"href":"https:\/\/nbcs.mx\/index.php?rest_route=\/wp\/v2\/posts\/96981","targetHints":{"allow":["GET"]}}],"collection":[{"href":"https:\/\/nbcs.mx\/index.php?rest_route=\/wp\/v2\/posts"}],"about":[{"href":"https:\/\/nbcs.mx\/index.php?rest_route=\/wp\/v2\/types\/post"}],"author":[{"embeddable":true,"href":"https:\/\/nbcs.mx\/index.php?rest_route=\/wp\/v2\/users\/1"}],"replies":[{"embeddable":true,"href":"https:\/\/nbcs.mx\/index.php?rest_route=%2Fwp%2Fv2%2Fcomments&post=96981"}],"version-history":[{"count":2,"href":"https:\/\/nbcs.mx\/index.php?rest_route=\/wp\/v2\/posts\/96981\/revisions"}],"predecessor-version":[{"id":96987,"href":"https:\/\/nbcs.mx\/index.php?rest_route=\/wp\/v2\/posts\/96981\/revisions\/96987"}],"wp:attachment":[{"href":"https:\/\/nbcs.mx\/index.php?rest_route=%2Fwp%2Fv2%2Fmedia&parent=96981"}],"wp:term":[{"taxonomy":"category","embeddable":true,"href":"https:\/\/nbcs.mx\/index.php?rest_route=%2Fwp%2Fv2%2Fcategories&post=96981"},{"taxonomy":"post_tag","embeddable":true,"href":"https:\/\/nbcs.mx\/index.php?rest_route=%2Fwp%2Fv2%2Ftags&post=96981"}],"curies":[{"name":"wp","href":"https:\/\/api.w.org\/{rel}","templated":true}]}}