{"id":96988,"date":"2021-11-14T15:53:41","date_gmt":"2021-11-14T22:53:41","guid":{"rendered":"https:\/\/nbcs.mx\/?p=96988"},"modified":"2021-11-14T15:53:41","modified_gmt":"2021-11-14T22:53:41","slug":"abierta-la-convocatoria-para-elegir-directiva-sindical-de-la-seccion-3-del-snte","status":"publish","type":"post","link":"https:\/\/nbcs.mx\/?p=96988","title":{"rendered":"Abierta la convocatoria para elegir Directiva Sindical de la Secci\u00f3n 3 del SNTE"},"content":{"rendered":"<p style=\"text-align: justify;\"><img loading=\"lazy\" decoding=\"async\" class=\" wp-image-96989 alignleft\" src=\"https:\/\/nbcs.mx\/wp-content\/uploads\/2021\/11\/Desfalco-en-el-SNTE-provoca-crisis-interna-755x472.jpeg\" alt=\"\" width=\"387\" height=\"242\" \/>La Paz, Baja California Sur.- En reuni\u00f3n de Comit\u00e9 Ejecutivo Seccional, la noche del jueves 11 de noviembre, se dio a conocer la Convocatoria para la elecci\u00f3n de la Directiva Seccional Sindical de la Secci\u00f3n 3 del SNTE en el Estado<strong>.<\/strong><\/p>\n<p class=\"has-text-align-justify\" style=\"text-align: justify;\">Correspondi\u00f3 al profesor Miguel Ram\u00edrez S\u00e1nchez, Secretario T\u00e9cnico A, con la representaci\u00f3n del maestro Alfonso Cepeda Salas, secretario general del Sindicato Nacional de Trabajadores de la Educaci\u00f3n (SNTE), presentar la Convocatoria, en compa\u00f1\u00eda del profesor Carlos Guti\u00e9rrez Garc\u00eda, representante del CEN del SNTE en la Secci\u00f3n 3 en Baja California Sur.<\/p>\n<p class=\"has-text-align-justify\" style=\"text-align: justify;\">Al dar lectura a la convocatoria, el profesor Miguel Ram\u00edrez comento que, es el Comit\u00e9 Ejecutivo Nacional del Sindicato Nacional de Trabajadores de la Educaci\u00f3n a trav\u00e9s de la Secretar\u00eda General, quien emite la presente convocatoria, la cual est\u00e1 dirigida a los Trabajadores de la Educaci\u00f3n miembros del Sindicato Nacional de Trabajadores de la Educaci\u00f3n (SNTE), pertenecientes a la Secci\u00f3n 3 del SNTE en el Estado de Baja California Sur, para participar al Proceso de Elecci\u00f3n de la Directiva Seccional Sindical.<\/p>\n<p class=\"has-text-align-justify\" style=\"text-align: justify;\">Guti\u00e9rrez Dom\u00ednguez comento que, el objeto de la presente Convocatoria es la elecci\u00f3n de la Directiva Seccional Sindical, de la Secci\u00f3n 3 del SNTE en el Estado de Baja California Sur, mediante el voto universal, libre, directo, secreto, personal e intransferible de los miembros de la misma, a trav\u00e9s de las Asambleas Delegacionales Electivas, para el periodo comprendido del 06 de diciembre del 2021 al 05 de diciembre del 2025.<\/p>\n<p style=\"text-align: justify;\">Los cargos de las Directivas Seccionales Sindicales a elegir son:<\/p>\n<ol style=\"text-align: justify;\" type=\"1\">\n<li>El Comit\u00e9 Ejecutivo Seccional de la Secci\u00f3n 3 del SNTE en el Estado de Baja California Sur (45 Secretar\u00edas)<\/li>\n<li>El Comit\u00e9 Seccional Electoral<\/li>\n<li>El Comit\u00e9 Seccional de Vigilancia, Transparencia y Rendici\u00f3n de Resultados<\/li>\n<li>Cuatro Concejales Nacionales representantes de la Secci\u00f3n 3, del SNTE en el Estado de Baja California Sur<\/li>\n<\/ol>\n<p class=\"has-text-align-justify\" style=\"text-align: justify;\">La elecci\u00f3n de la Directiva Seccional Sindical se llevar\u00e1 a cabo mediante 61 Asambleas Delegacionales Electivas (ADE), que se instalar\u00e1n a lo largo de las nueve regiones sindicales en los cinco municipios, las cuales se celebrar\u00e1n el 02 de diciembre de 2021, en el horario comprendido de las 10:00 a las 14:00 horas, para la recepci\u00f3n de la votaci\u00f3n, el escrutinio y c\u00f3mputo, y la conclusi\u00f3n de la Asamblea Delegacional Electiva con la publicaci\u00f3n de resultados, puntualiz\u00f3 el profesor Miguel Ram\u00edrez.<\/p>\n<p class=\"has-text-align-justify\" style=\"text-align: justify;\">Es importante se\u00f1alar que, para todos los efectos legales relativos a la presente Convocatoria, la instancia electoral ser\u00e1 el Comit\u00e9 Nacional Electoral, el responsable debidamente acreditado es el profesor Juan Manuel Armend\u00e1riz, y establece su domicilio dentro de la Ciudad sede del Comit\u00e9 Ejecutivo Seccional, el cual est\u00e1 ubicado en la Calle Ignacio Manuel Altamirano No. 2790, esquina con Boulevard 5 de febrero, Colonia Centro, Plaza Cuatro Molinos, local No. 154, C. P. 23000, La Paz, Baja California Sur.<\/p>\n<p class=\"has-text-align-justify\" style=\"text-align: justify;\">La postulaci\u00f3n de candidatos a los cargos de la Directiva Seccional Sindical, se efectuar\u00e1 por planilla, debiendo presentar la solicitud respectiva por escrito y de manera legible, ante el Comit\u00e9 Nacional Electoral dentro de los tres d\u00edas siguientes de la publicaci\u00f3n de la Convocatoria.<\/p>\n<p class=\"has-text-align-justify\" style=\"text-align: justify;\">Finalmente, el dirigente magisterial en la entidad mencion\u00f3 que, en los pr\u00f3ximos d\u00edas se llevar\u00e1 a cabo el relevo de la dirigencia de la Secci\u00f3n 3 del SNTE en B. C. Sur, sin duda, ser\u00e1 un proceso hist\u00f3rico, in\u00e9dito, democr\u00e1tico y transparente, donde la base tomar\u00e1 las decisiones de manera libre, sin ninguna imposici\u00f3n, ser\u00e1n los Trabajadores de la Educaci\u00f3n agremiados a nuestra Organizaci\u00f3n Sindical, quienes elegir\u00e1n a su pr\u00f3xima dirigencia sindical a trav\u00e9s del voto universal, libre, directo, secreto, personal e intransferible, finaliz\u00f3 en su mensaje el profesor Jos\u00e9 Nicol\u00e1s Guti\u00e9rrez Dom\u00ednguez, secretario general de la Secci\u00f3n 3 del SNTE en Baja California Sur.<\/p>\n","protected":false},"excerpt":{"rendered":"<p>La Paz, Baja California Sur.- En reuni\u00f3n de Comit\u00e9 Ejecutivo Seccional, la noche del jueves 11 de noviembre, se dio<\/p>\n","protected":false},"author":1,"featured_media":0,"comment_status":"open","ping_status":"closed","sticky":false,"template":"","format":"standard","meta":{"colormag_page_container_layout":"default_layout","colormag_page_sidebar_layout":"default_layout","_jetpack_newsletter_access":"","_jetpack_dont_email_post_to_subs":false,"_jetpack_newsletter_tier_id":0,"_jetpack_memberships_contains_paywalled_content":false,"_jetpack_feature_clip_id":0,"_jetpack_memberships_contains_paid_content":false,"footnotes":"","jetpack_publicize_message":"","jetpack_publicize_feature_enabled":true,"jetpack_social_post_already_shared":true,"jetpack_social_options":{"image_generator_settings":{"template":"highway","default_image_id":0,"font":"","enabled":false},"version":2},"jetpack_post_was_ever_published":false},"categories":[1],"tags":[],"class_list":["post-96988","post","type-post","status-publish","format-standard","hentry","category-noticias"],"yoast_head":"<!-- This site is optimized with the Yoast SEO plugin v28.3 - https:\/\/yoast.com\/product\/yoast-seo-wordpress\/ -->\n<title>Abierta la convocatoria para elegir Directiva Sindical de la Secci\u00f3n 3 del SNTE - NBCS Noticias<\/title>\n<meta name=\"robots\" content=\"index, follow, max-snippet:-1, max-image-preview:large, max-video-preview:-1\" \/>\n<link rel=\"canonical\" href=\"https:\/\/nbcs.mx\/?p=96988\" \/>\n<meta property=\"og:locale\" content=\"es_ES\" \/>\n<meta property=\"og:type\" content=\"article\" \/>\n<meta property=\"og:title\" content=\"Abierta la convocatoria para elegir Directiva Sindical de la Secci\u00f3n 3 del SNTE - NBCS Noticias\" \/>\n<meta property=\"og:description\" content=\"La Paz, Baja California Sur.- En reuni\u00f3n de Comit\u00e9 Ejecutivo Seccional, la noche del jueves 11 de noviembre, se dio\" \/>\n<meta property=\"og:url\" content=\"https:\/\/nbcs.mx\/?p=96988\" \/>\n<meta property=\"og:site_name\" content=\"NBCS Noticias\" \/>\n<meta property=\"article:publisher\" content=\"https:\/\/www.facebook.com\/NBCSnoticias\" \/>\n<meta property=\"article:author\" content=\"https:\/\/www.facebook.com\/NBCSnoticias\" \/>\n<meta property=\"article:published_time\" content=\"2021-11-14T22:53:41+00:00\" \/>\n<meta property=\"og:image\" content=\"https:\/\/nbcs.mx\/wp-content\/uploads\/2021\/11\/Desfalco-en-el-SNTE-provoca-crisis-interna-755x472.jpeg\" \/>\n<meta name=\"author\" content=\"NBCS Noticias\" \/>\n<meta name=\"twitter:card\" content=\"summary_large_image\" \/>\n<meta name=\"twitter:creator\" content=\"@https:\/\/twitter.com\/NBCSnoticias\" \/>\n<meta name=\"twitter:site\" content=\"@NBCSnoticias\" \/>\n<meta name=\"twitter:label1\" content=\"Escrito por\" \/>\n\t<meta name=\"twitter:data1\" content=\"NBCS Noticias\" \/>\n\t<meta name=\"twitter:label2\" content=\"Tiempo de lectura\" \/>\n\t<meta name=\"twitter:data2\" content=\"3 minutos\" \/>\n<script type=\"application\/ld+json\" class=\"yoast-schema-graph\">{\"@context\":\"https:\\\/\\\/schema.org\",\"@graph\":[{\"@type\":\"Article\",\"@id\":\"https:\\\/\\\/nbcs.mx\\\/?p=96988#article\",\"isPartOf\":{\"@id\":\"https:\\\/\\\/nbcs.mx\\\/?p=96988\"},\"author\":{\"name\":\"NBCS Noticias\",\"@id\":\"https:\\\/\\\/nbcs.mx\\\/#\\\/schema\\\/person\\\/ece58bab9a7c1e87a4d28ec9ecd79ff4\"},\"headline\":\"Abierta la convocatoria para elegir Directiva Sindical de la Secci\u00f3n 3 del SNTE\",\"datePublished\":\"2021-11-14T22:53:41+00:00\",\"mainEntityOfPage\":{\"@id\":\"https:\\\/\\\/nbcs.mx\\\/?p=96988\"},\"wordCount\":663,\"commentCount\":0,\"publisher\":{\"@id\":\"https:\\\/\\\/nbcs.mx\\\/#organization\"},\"image\":{\"@id\":\"https:\\\/\\\/nbcs.mx\\\/?p=96988#primaryimage\"},\"thumbnailUrl\":\"https:\\\/\\\/nbcs.mx\\\/wp-content\\\/uploads\\\/2021\\\/11\\\/Desfalco-en-el-SNTE-provoca-crisis-interna-755x472.jpeg\",\"articleSection\":[\"Noticias\"],\"inLanguage\":\"es\",\"potentialAction\":[{\"@type\":\"CommentAction\",\"name\":\"Comment\",\"target\":[\"https:\\\/\\\/nbcs.mx\\\/?p=96988#respond\"]}]},{\"@type\":\"WebPage\",\"@id\":\"https:\\\/\\\/nbcs.mx\\\/?p=96988\",\"url\":\"https:\\\/\\\/nbcs.mx\\\/?p=96988\",\"name\":\"Abierta la convocatoria para elegir Directiva Sindical de la Secci\u00f3n 3 del SNTE - NBCS Noticias\",\"isPartOf\":{\"@id\":\"https:\\\/\\\/nbcs.mx\\\/#website\"},\"primaryImageOfPage\":{\"@id\":\"https:\\\/\\\/nbcs.mx\\\/?p=96988#primaryimage\"},\"image\":{\"@id\":\"https:\\\/\\\/nbcs.mx\\\/?p=96988#primaryimage\"},\"thumbnailUrl\":\"https:\\\/\\\/nbcs.mx\\\/wp-content\\\/uploads\\\/2021\\\/11\\\/Desfalco-en-el-SNTE-provoca-crisis-interna-755x472.jpeg\",\"datePublished\":\"2021-11-14T22:53:41+00:00\",\"breadcrumb\":{\"@id\":\"https:\\\/\\\/nbcs.mx\\\/?p=96988#breadcrumb\"},\"inLanguage\":\"es\",\"potentialAction\":[{\"@type\":\"ReadAction\",\"target\":[\"https:\\\/\\\/nbcs.mx\\\/?p=96988\"]}]},{\"@type\":\"ImageObject\",\"inLanguage\":\"es\",\"@id\":\"https:\\\/\\\/nbcs.mx\\\/?p=96988#primaryimage\",\"url\":\"https:\\\/\\\/nbcs.mx\\\/wp-content\\\/uploads\\\/2021\\\/11\\\/Desfalco-en-el-SNTE-provoca-crisis-interna-755x472.jpeg\",\"contentUrl\":\"https:\\\/\\\/nbcs.mx\\\/wp-content\\\/uploads\\\/2021\\\/11\\\/Desfalco-en-el-SNTE-provoca-crisis-interna-755x472.jpeg\"},{\"@type\":\"BreadcrumbList\",\"@id\":\"https:\\\/\\\/nbcs.mx\\\/?p=96988#breadcrumb\",\"itemListElement\":[{\"@type\":\"ListItem\",\"position\":1,\"name\":\"Portada\",\"item\":\"https:\\\/\\\/nbcs.mx\\\/\"},{\"@type\":\"ListItem\",\"position\":2,\"name\":\"Abierta la convocatoria para elegir Directiva Sindical de la Secci\u00f3n 3 del SNTE\"}]},{\"@type\":\"WebSite\",\"@id\":\"https:\\\/\\\/nbcs.mx\\\/#website\",\"url\":\"https:\\\/\\\/nbcs.mx\\\/\",\"name\":\"NBCS Noticias\",\"description\":\"Sitio web de noticias en Baja California Sur\",\"publisher\":{\"@id\":\"https:\\\/\\\/nbcs.mx\\\/#organization\"},\"potentialAction\":[{\"@type\":\"SearchAction\",\"target\":{\"@type\":\"EntryPoint\",\"urlTemplate\":\"https:\\\/\\\/nbcs.mx\\\/?s={search_term_string}\"},\"query-input\":{\"@type\":\"PropertyValueSpecification\",\"valueRequired\":true,\"valueName\":\"search_term_string\"}}],\"inLanguage\":\"es\"},{\"@type\":\"Organization\",\"@id\":\"https:\\\/\\\/nbcs.mx\\\/#organization\",\"name\":\"NBCS Noticias\",\"url\":\"https:\\\/\\\/nbcs.mx\\\/\",\"logo\":{\"@type\":\"ImageObject\",\"inLanguage\":\"es\",\"@id\":\"https:\\\/\\\/nbcs.mx\\\/#\\\/schema\\\/logo\\\/image\\\/\",\"url\":\"https:\\\/\\\/nbcs.mx\\\/wp-content\\\/uploads\\\/2018\\\/09\\\/057b69485e93575a5c2b1c1dde2dd297.jpeg\",\"contentUrl\":\"https:\\\/\\\/nbcs.mx\\\/wp-content\\\/uploads\\\/2018\\\/09\\\/057b69485e93575a5c2b1c1dde2dd297.jpeg\",\"width\":64,\"height\":64,\"caption\":\"NBCS Noticias\"},\"image\":{\"@id\":\"https:\\\/\\\/nbcs.mx\\\/#\\\/schema\\\/logo\\\/image\\\/\"},\"sameAs\":[\"https:\\\/\\\/www.facebook.com\\\/NBCSnoticias\",\"https:\\\/\\\/x.com\\\/NBCSnoticias\"]},{\"@type\":\"Person\",\"@id\":\"https:\\\/\\\/nbcs.mx\\\/#\\\/schema\\\/person\\\/ece58bab9a7c1e87a4d28ec9ecd79ff4\",\"name\":\"NBCS Noticias\",\"image\":{\"@type\":\"ImageObject\",\"inLanguage\":\"es\",\"@id\":\"https:\\\/\\\/secure.gravatar.com\\\/avatar\\\/4e52110cad1c4054b43271a0d14bbe9e2ea76aecd0e1097edfc670798d9ca1d4?s=96&d=blank&r=g\",\"url\":\"https:\\\/\\\/secure.gravatar.com\\\/avatar\\\/4e52110cad1c4054b43271a0d14bbe9e2ea76aecd0e1097edfc670798d9ca1d4?s=96&d=blank&r=g\",\"contentUrl\":\"https:\\\/\\\/secure.gravatar.com\\\/avatar\\\/4e52110cad1c4054b43271a0d14bbe9e2ea76aecd0e1097edfc670798d9ca1d4?s=96&d=blank&r=g\",\"caption\":\"NBCS Noticias\"},\"description\":\"\u00bfTienes fotos o video de alg\u00fan acto de posible negligencia, corrupci\u00f3n y abuso de autoridad? M\u00e1ndalo al WhatsApp de NBCS Noticias: 612 141 98 08\",\"sameAs\":[\"https:\\\/\\\/www.nbcs.mx\",\"https:\\\/\\\/www.facebook.com\\\/NBCSnoticias\",\"https:\\\/\\\/www.instagram.com\\\/nbcsnoticias\\\/\",\"https:\\\/\\\/x.com\\\/https:\\\/\\\/twitter.com\\\/NBCSnoticias\"]}]}<\/script>\n<!-- \/ Yoast SEO plugin. -->","yoast_head_json":{"title":"Abierta la convocatoria para elegir Directiva Sindical de la Secci\u00f3n 3 del SNTE - NBCS Noticias","robots":{"index":"index","follow":"follow","max-snippet":"max-snippet:-1","max-image-preview":"max-image-preview:large","max-video-preview":"max-video-preview:-1"},"canonical":"https:\/\/nbcs.mx\/?p=96988","og_locale":"es_ES","og_type":"article","og_title":"Abierta la convocatoria para elegir Directiva Sindical de la Secci\u00f3n 3 del SNTE - NBCS Noticias","og_description":"La Paz, Baja California Sur.- En reuni\u00f3n de Comit\u00e9 Ejecutivo Seccional, la noche del jueves 11 de noviembre, se dio","og_url":"https:\/\/nbcs.mx\/?p=96988","og_site_name":"NBCS Noticias","article_publisher":"https:\/\/www.facebook.com\/NBCSnoticias","article_author":"https:\/\/www.facebook.com\/NBCSnoticias","article_published_time":"2021-11-14T22:53:41+00:00","og_image":[{"url":"https:\/\/nbcs.mx\/wp-content\/uploads\/2021\/11\/Desfalco-en-el-SNTE-provoca-crisis-interna-755x472.jpeg","type":"","width":"","height":""}],"author":"NBCS Noticias","twitter_card":"summary_large_image","twitter_creator":"@https:\/\/twitter.com\/NBCSnoticias","twitter_site":"@NBCSnoticias","twitter_misc":{"Escrito por":"NBCS Noticias","Tiempo de lectura":"3 minutos"},"schema":{"@context":"https:\/\/schema.org","@graph":[{"@type":"Article","@id":"https:\/\/nbcs.mx\/?p=96988#article","isPartOf":{"@id":"https:\/\/nbcs.mx\/?p=96988"},"author":{"name":"NBCS Noticias","@id":"https:\/\/nbcs.mx\/#\/schema\/person\/ece58bab9a7c1e87a4d28ec9ecd79ff4"},"headline":"Abierta la convocatoria para elegir Directiva Sindical de la Secci\u00f3n 3 del SNTE","datePublished":"2021-11-14T22:53:41+00:00","mainEntityOfPage":{"@id":"https:\/\/nbcs.mx\/?p=96988"},"wordCount":663,"commentCount":0,"publisher":{"@id":"https:\/\/nbcs.mx\/#organization"},"image":{"@id":"https:\/\/nbcs.mx\/?p=96988#primaryimage"},"thumbnailUrl":"https:\/\/nbcs.mx\/wp-content\/uploads\/2021\/11\/Desfalco-en-el-SNTE-provoca-crisis-interna-755x472.jpeg","articleSection":["Noticias"],"inLanguage":"es","potentialAction":[{"@type":"CommentAction","name":"Comment","target":["https:\/\/nbcs.mx\/?p=96988#respond"]}]},{"@type":"WebPage","@id":"https:\/\/nbcs.mx\/?p=96988","url":"https:\/\/nbcs.mx\/?p=96988","name":"Abierta la convocatoria para elegir Directiva Sindical de la Secci\u00f3n 3 del SNTE - NBCS Noticias","isPartOf":{"@id":"https:\/\/nbcs.mx\/#website"},"primaryImageOfPage":{"@id":"https:\/\/nbcs.mx\/?p=96988#primaryimage"},"image":{"@id":"https:\/\/nbcs.mx\/?p=96988#primaryimage"},"thumbnailUrl":"https:\/\/nbcs.mx\/wp-content\/uploads\/2021\/11\/Desfalco-en-el-SNTE-provoca-crisis-interna-755x472.jpeg","datePublished":"2021-11-14T22:53:41+00:00","breadcrumb":{"@id":"https:\/\/nbcs.mx\/?p=96988#breadcrumb"},"inLanguage":"es","potentialAction":[{"@type":"ReadAction","target":["https:\/\/nbcs.mx\/?p=96988"]}]},{"@type":"ImageObject","inLanguage":"es","@id":"https:\/\/nbcs.mx\/?p=96988#primaryimage","url":"https:\/\/nbcs.mx\/wp-content\/uploads\/2021\/11\/Desfalco-en-el-SNTE-provoca-crisis-interna-755x472.jpeg","contentUrl":"https:\/\/nbcs.mx\/wp-content\/uploads\/2021\/11\/Desfalco-en-el-SNTE-provoca-crisis-interna-755x472.jpeg"},{"@type":"BreadcrumbList","@id":"https:\/\/nbcs.mx\/?p=96988#breadcrumb","itemListElement":[{"@type":"ListItem","position":1,"name":"Portada","item":"https:\/\/nbcs.mx\/"},{"@type":"ListItem","position":2,"name":"Abierta la convocatoria para elegir Directiva Sindical de la Secci\u00f3n 3 del SNTE"}]},{"@type":"WebSite","@id":"https:\/\/nbcs.mx\/#website","url":"https:\/\/nbcs.mx\/","name":"NBCS Noticias","description":"Sitio web de noticias en Baja California Sur","publisher":{"@id":"https:\/\/nbcs.mx\/#organization"},"potentialAction":[{"@type":"SearchAction","target":{"@type":"EntryPoint","urlTemplate":"https:\/\/nbcs.mx\/?s={search_term_string}"},"query-input":{"@type":"PropertyValueSpecification","valueRequired":true,"valueName":"search_term_string"}}],"inLanguage":"es"},{"@type":"Organization","@id":"https:\/\/nbcs.mx\/#organization","name":"NBCS Noticias","url":"https:\/\/nbcs.mx\/","logo":{"@type":"ImageObject","inLanguage":"es","@id":"https:\/\/nbcs.mx\/#\/schema\/logo\/image\/","url":"https:\/\/nbcs.mx\/wp-content\/uploads\/2018\/09\/057b69485e93575a5c2b1c1dde2dd297.jpeg","contentUrl":"https:\/\/nbcs.mx\/wp-content\/uploads\/2018\/09\/057b69485e93575a5c2b1c1dde2dd297.jpeg","width":64,"height":64,"caption":"NBCS Noticias"},"image":{"@id":"https:\/\/nbcs.mx\/#\/schema\/logo\/image\/"},"sameAs":["https:\/\/www.facebook.com\/NBCSnoticias","https:\/\/x.com\/NBCSnoticias"]},{"@type":"Person","@id":"https:\/\/nbcs.mx\/#\/schema\/person\/ece58bab9a7c1e87a4d28ec9ecd79ff4","name":"NBCS Noticias","image":{"@type":"ImageObject","inLanguage":"es","@id":"https:\/\/secure.gravatar.com\/avatar\/4e52110cad1c4054b43271a0d14bbe9e2ea76aecd0e1097edfc670798d9ca1d4?s=96&d=blank&r=g","url":"https:\/\/secure.gravatar.com\/avatar\/4e52110cad1c4054b43271a0d14bbe9e2ea76aecd0e1097edfc670798d9ca1d4?s=96&d=blank&r=g","contentUrl":"https:\/\/secure.gravatar.com\/avatar\/4e52110cad1c4054b43271a0d14bbe9e2ea76aecd0e1097edfc670798d9ca1d4?s=96&d=blank&r=g","caption":"NBCS Noticias"},"description":"\u00bfTienes fotos o video de alg\u00fan acto de posible negligencia, corrupci\u00f3n y abuso de autoridad? M\u00e1ndalo al WhatsApp de NBCS Noticias: 612 141 98 08","sameAs":["https:\/\/www.nbcs.mx","https:\/\/www.facebook.com\/NBCSnoticias","https:\/\/www.instagram.com\/nbcsnoticias\/","https:\/\/x.com\/https:\/\/twitter.com\/NBCSnoticias"]}]}},"jetpack_publicize_connections":[],"jetpack_sharing_enabled":true,"jetpack_featured_media_url":"","_links":{"self":[{"href":"https:\/\/nbcs.mx\/index.php?rest_route=\/wp\/v2\/posts\/96988","targetHints":{"allow":["GET"]}}],"collection":[{"href":"https:\/\/nbcs.mx\/index.php?rest_route=\/wp\/v2\/posts"}],"about":[{"href":"https:\/\/nbcs.mx\/index.php?rest_route=\/wp\/v2\/types\/post"}],"author":[{"embeddable":true,"href":"https:\/\/nbcs.mx\/index.php?rest_route=\/wp\/v2\/users\/1"}],"replies":[{"embeddable":true,"href":"https:\/\/nbcs.mx\/index.php?rest_route=%2Fwp%2Fv2%2Fcomments&post=96988"}],"version-history":[{"count":1,"href":"https:\/\/nbcs.mx\/index.php?rest_route=\/wp\/v2\/posts\/96988\/revisions"}],"predecessor-version":[{"id":96990,"href":"https:\/\/nbcs.mx\/index.php?rest_route=\/wp\/v2\/posts\/96988\/revisions\/96990"}],"wp:attachment":[{"href":"https:\/\/nbcs.mx\/index.php?rest_route=%2Fwp%2Fv2%2Fmedia&parent=96988"}],"wp:term":[{"taxonomy":"category","embeddable":true,"href":"https:\/\/nbcs.mx\/index.php?rest_route=%2Fwp%2Fv2%2Fcategories&post=96988"},{"taxonomy":"post_tag","embeddable":true,"href":"https:\/\/nbcs.mx\/index.php?rest_route=%2Fwp%2Fv2%2Ftags&post=96988"}],"curies":[{"name":"wp","href":"https:\/\/api.w.org\/{rel}","templated":true}]}}