{"id":97065,"date":"2021-11-16T14:07:31","date_gmt":"2021-11-16T21:07:31","guid":{"rendered":"https:\/\/nbcs.mx\/?p=97065"},"modified":"2021-11-16T14:07:31","modified_gmt":"2021-11-16T21:07:31","slug":"presentan-obra-en-la-uabcs-sobre-hernan-cortes-y-su-travesia-en-el-pacifico-mexicano","status":"publish","type":"post","link":"https:\/\/nbcs.mx\/?p=97065","title":{"rendered":"Presentan obra en la UABCS sobre Hern\u00e1n Cort\u00e9s y su traves\u00eda en el Pac\u00edfico mexicano"},"content":{"rendered":"<p style=\"font-weight: 400; text-align: justify;\"><img loading=\"lazy\" decoding=\"async\" class=\" wp-image-97066 alignleft\" src=\"https:\/\/nbcs.mx\/wp-content\/uploads\/2021\/11\/Presentacion-de-libro-Cortes-1-755x399.jpg\" alt=\"\" width=\"398\" height=\"210\" \/>La Paz, Baja California Sur.- \u201cHern\u00e1n Cort\u00e9s en California. Descubrimiento del Pac\u00edfico mexicano, 1521-1540\u201d, libro escrito por el historiador Carlos Lazcano Sahag\u00fan, fue presentado la tarde de este 15 de noviembre en el Poliforo Cultural de la Universidad Aut\u00f3noma de Baja California Sur (UABCS), con la asistencia \u00a0de estudiantes, docentes y personalidades del mundo intelectual local.<\/p>\n<p style=\"font-weight: 400; text-align: justify;\">Junto con la participaci\u00f3n del autor, destac\u00f3 la presencia del antrop\u00f3logo franc\u00e9s Christian Duverguer, visita hist\u00f3rica a la casa de estudios por su amplia trayectoria acad\u00e9mica y su trascendencia en el estudio de las culturas precolombinas.<\/p>\n<p style=\"font-weight: 400; text-align: justify;\">Adem\u00e1s, por parte de la UABCS estuvo comentando la obra la Dra. Micheline Cari\u00f1o Olvera, profesora del Departamento Acad\u00e9mico de Humanidades, y como moderador colabor\u00f3 el propio rector de la instituci\u00f3n, Dr. Dante Salgado Gonz\u00e1lez.<\/p>\n<p style=\"font-weight: 400; text-align: justify;\">Quienes integraron la mesa, coincidieron en que este libro es una lectura obligada para conocer m\u00e1s a fondo sobre la figura del m\u00edtico Cort\u00e9s, particularmente su contribuci\u00f3n como explorador, trazado de mapas y aportaciones al conocimiento del Pac\u00edfico mexicano.<\/p>\n<p style=\"font-weight: 400; text-align: justify;\">De acuerdo con Carlos Lazcano, su inter\u00e9s por Cort\u00e9s nace de las lecturas que hizo hace tiempo de las obras de Le\u00f3n Portilla, combinando para ello la revisi\u00f3n de documentos y, de manera especial, la cartograf\u00eda como una herramienta de interpretaci\u00f3n hist\u00f3rica, ya que los mapas hablan mucho de c\u00f3mo se ha ido conformando el mundo.<\/p>\n<p style=\"font-weight: 400; text-align: justify;\">En el caso de Hern\u00e1n Cort\u00e9s, explica que sus exploraciones fueron muy importantes para ampliar la concepci\u00f3n que se ten\u00eda de Am\u00e9rica en ese entonces, particularmente del noroeste.<\/p>\n<p style=\"font-weight: 400; text-align: justify;\">Asegura que fue el inter\u00e9s por llegar al Pac\u00edfico lo que en parte le llev\u00f3 a conquistar a los aztecas, de all\u00ed que, una vez hecho esto, sigue con su b\u00fasqueda, pues su intenci\u00f3n era encontrar la tierra de las especias, que en ese entonces era un mercado de orden mundial.<\/p>\n<p style=\"font-weight: 400; text-align: justify;\">A su juicio, este viaje resultar\u00eda sumamente trascendente para un proyecto que se concretar\u00eda a\u00f1os m\u00e1s tarde, que fue la Nao de China, algo que Cort\u00e9s vision\u00f3 de cierta forma desde que lleg\u00f3 a la Nueva Espa\u00f1a, cuando vio que era el eslab\u00f3n del comercio entre Europa y Asia.<\/p>\n<p style=\"font-weight: 400; text-align: justify;\">De igual forma, fue gracias a estas exploraciones que se dieron en un lapso aproximado de 20 a\u00f1os que la pen\u00ednsula de la ahora Baja California se incorpora en ese entonces a la Nueva Espa\u00f1a, hoy M\u00e9xico.<\/p>\n<p style=\"font-weight: 400; text-align: justify;\">\u00a0\u00a0Seg\u00fan el historiador ensenadense, \u201cHern\u00e1n Cort\u00e9s en California. Descubrimiento del Pac\u00edfico mexicano, 1521-1540\u201d, es apenas un primer paso de una investigaci\u00f3n m\u00e1s profunda que contin\u00faa en desarrollo, la cual seguir\u00e1 nutriendo con el estudio de documentos y mapas.<\/p>\n<p style=\"font-weight: 400; text-align: justify;\">Previo a la conclusi\u00f3n de la presentaci\u00f3n, el rector Dante Salgado hizo uso de la voz para agradecer la asistencia de Carlos Lazcano y Christian Duverguer a la universidad, con quienes qued\u00f3 de manifiesto estrechar relaciones para fortalecer el \u00e1rea human\u00edstica de la UABCS con sus contribuciones, fundamentalmente de la carrera de Historia.<\/p>\n<p style=\"font-weight: 400; text-align: justify;\">Al mismo tiempo, destac\u00f3 la asistencia del p\u00fablico, pues es s\u00edntoma de que poco a poco la UABCS va incrementando de manera paulatina sus actividades presenciales como parte de su programa especial de retorno progresivo.<\/p>\n<p style=\"font-weight: 400; text-align: justify;\">\n","protected":false},"excerpt":{"rendered":"<p>La Paz, Baja California Sur.- \u201cHern\u00e1n Cort\u00e9s en California. Descubrimiento del Pac\u00edfico mexicano, 1521-1540\u201d, libro escrito por el historiador Carlos<\/p>\n","protected":false},"author":1,"featured_media":0,"comment_status":"open","ping_status":"closed","sticky":false,"template":"","format":"standard","meta":{"colormag_page_container_layout":"default_layout","colormag_page_sidebar_layout":"default_layout","_jetpack_newsletter_access":"","_jetpack_dont_email_post_to_subs":false,"_jetpack_newsletter_tier_id":0,"_jetpack_memberships_contains_paywalled_content":false,"_jetpack_feature_clip_id":0,"_jetpack_memberships_contains_paid_content":false,"footnotes":"","jetpack_publicize_message":"","jetpack_publicize_feature_enabled":true,"jetpack_social_post_already_shared":true,"jetpack_social_options":{"image_generator_settings":{"template":"highway","default_image_id":0,"font":"","enabled":false},"version":2},"jetpack_post_was_ever_published":false},"categories":[1],"tags":[],"class_list":["post-97065","post","type-post","status-publish","format-standard","hentry","category-noticias"],"yoast_head":"<!-- This site is optimized with the Yoast SEO plugin v28.4 - https:\/\/yoast.com\/product\/yoast-seo-wordpress\/ -->\n<title>Presentan obra en la UABCS sobre Hern\u00e1n Cort\u00e9s y su traves\u00eda en el Pac\u00edfico mexicano - NBCS Noticias<\/title>\n<meta name=\"robots\" content=\"index, follow, max-snippet:-1, max-image-preview:large, max-video-preview:-1\" \/>\n<link rel=\"canonical\" href=\"https:\/\/nbcs.mx\/?p=97065\" \/>\n<meta property=\"og:locale\" content=\"es_ES\" \/>\n<meta property=\"og:type\" content=\"article\" \/>\n<meta property=\"og:title\" content=\"Presentan obra en la UABCS sobre Hern\u00e1n Cort\u00e9s y su traves\u00eda en el Pac\u00edfico mexicano - NBCS Noticias\" \/>\n<meta property=\"og:description\" content=\"La Paz, Baja California Sur.- \u201cHern\u00e1n Cort\u00e9s en California. Descubrimiento del Pac\u00edfico mexicano, 1521-1540\u201d, libro escrito por el historiador Carlos\" \/>\n<meta property=\"og:url\" content=\"https:\/\/nbcs.mx\/?p=97065\" \/>\n<meta property=\"og:site_name\" content=\"NBCS Noticias\" \/>\n<meta property=\"article:publisher\" content=\"https:\/\/www.facebook.com\/NBCSnoticias\" \/>\n<meta property=\"article:author\" content=\"https:\/\/www.facebook.com\/NBCSnoticias\" \/>\n<meta property=\"article:published_time\" content=\"2021-11-16T21:07:31+00:00\" \/>\n<meta property=\"og:image\" content=\"https:\/\/nbcs.mx\/wp-content\/uploads\/2021\/11\/Presentacion-de-libro-Cortes-1-755x399.jpg\" \/>\n<meta name=\"author\" content=\"NBCS Noticias\" \/>\n<meta name=\"twitter:card\" content=\"summary_large_image\" \/>\n<meta name=\"twitter:creator\" content=\"@https:\/\/twitter.com\/NBCSnoticias\" \/>\n<meta name=\"twitter:site\" content=\"@NBCSnoticias\" \/>\n<meta name=\"twitter:label1\" content=\"Escrito por\" \/>\n\t<meta name=\"twitter:data1\" content=\"NBCS Noticias\" \/>\n\t<meta name=\"twitter:label2\" content=\"Tiempo de lectura\" \/>\n\t<meta name=\"twitter:data2\" content=\"3 minutos\" \/>\n<script type=\"application\/ld+json\" class=\"yoast-schema-graph\">{\"@context\":\"https:\\\/\\\/schema.org\",\"@graph\":[{\"@type\":\"Article\",\"@id\":\"https:\\\/\\\/nbcs.mx\\\/?p=97065#article\",\"isPartOf\":{\"@id\":\"https:\\\/\\\/nbcs.mx\\\/?p=97065\"},\"author\":{\"name\":\"NBCS Noticias\",\"@id\":\"https:\\\/\\\/nbcs.mx\\\/#\\\/schema\\\/person\\\/ece58bab9a7c1e87a4d28ec9ecd79ff4\"},\"headline\":\"Presentan obra en la UABCS sobre Hern\u00e1n Cort\u00e9s y su traves\u00eda en el Pac\u00edfico mexicano\",\"datePublished\":\"2021-11-16T21:07:31+00:00\",\"mainEntityOfPage\":{\"@id\":\"https:\\\/\\\/nbcs.mx\\\/?p=97065\"},\"wordCount\":591,\"commentCount\":0,\"publisher\":{\"@id\":\"https:\\\/\\\/nbcs.mx\\\/#organization\"},\"image\":{\"@id\":\"https:\\\/\\\/nbcs.mx\\\/?p=97065#primaryimage\"},\"thumbnailUrl\":\"https:\\\/\\\/nbcs.mx\\\/wp-content\\\/uploads\\\/2021\\\/11\\\/Presentacion-de-libro-Cortes-1-755x399.jpg\",\"articleSection\":[\"Noticias\"],\"inLanguage\":\"es\",\"potentialAction\":[{\"@type\":\"CommentAction\",\"name\":\"Comment\",\"target\":[\"https:\\\/\\\/nbcs.mx\\\/?p=97065#respond\"]}]},{\"@type\":\"WebPage\",\"@id\":\"https:\\\/\\\/nbcs.mx\\\/?p=97065\",\"url\":\"https:\\\/\\\/nbcs.mx\\\/?p=97065\",\"name\":\"Presentan obra en la UABCS sobre Hern\u00e1n Cort\u00e9s y su traves\u00eda en el Pac\u00edfico mexicano - NBCS Noticias\",\"isPartOf\":{\"@id\":\"https:\\\/\\\/nbcs.mx\\\/#website\"},\"primaryImageOfPage\":{\"@id\":\"https:\\\/\\\/nbcs.mx\\\/?p=97065#primaryimage\"},\"image\":{\"@id\":\"https:\\\/\\\/nbcs.mx\\\/?p=97065#primaryimage\"},\"thumbnailUrl\":\"https:\\\/\\\/nbcs.mx\\\/wp-content\\\/uploads\\\/2021\\\/11\\\/Presentacion-de-libro-Cortes-1-755x399.jpg\",\"datePublished\":\"2021-11-16T21:07:31+00:00\",\"breadcrumb\":{\"@id\":\"https:\\\/\\\/nbcs.mx\\\/?p=97065#breadcrumb\"},\"inLanguage\":\"es\",\"potentialAction\":[{\"@type\":\"ReadAction\",\"target\":[\"https:\\\/\\\/nbcs.mx\\\/?p=97065\"]}]},{\"@type\":\"ImageObject\",\"inLanguage\":\"es\",\"@id\":\"https:\\\/\\\/nbcs.mx\\\/?p=97065#primaryimage\",\"url\":\"https:\\\/\\\/nbcs.mx\\\/wp-content\\\/uploads\\\/2021\\\/11\\\/Presentacion-de-libro-Cortes-1-755x399.jpg\",\"contentUrl\":\"https:\\\/\\\/nbcs.mx\\\/wp-content\\\/uploads\\\/2021\\\/11\\\/Presentacion-de-libro-Cortes-1-755x399.jpg\"},{\"@type\":\"BreadcrumbList\",\"@id\":\"https:\\\/\\\/nbcs.mx\\\/?p=97065#breadcrumb\",\"itemListElement\":[{\"@type\":\"ListItem\",\"position\":1,\"name\":\"Portada\",\"item\":\"https:\\\/\\\/nbcs.mx\\\/\"},{\"@type\":\"ListItem\",\"position\":2,\"name\":\"Presentan obra en la UABCS sobre Hern\u00e1n Cort\u00e9s y su traves\u00eda en el Pac\u00edfico mexicano\"}]},{\"@type\":\"WebSite\",\"@id\":\"https:\\\/\\\/nbcs.mx\\\/#website\",\"url\":\"https:\\\/\\\/nbcs.mx\\\/\",\"name\":\"NBCS Noticias\",\"description\":\"Sitio web de noticias en Baja California Sur\",\"publisher\":{\"@id\":\"https:\\\/\\\/nbcs.mx\\\/#organization\"},\"potentialAction\":[{\"@type\":\"SearchAction\",\"target\":{\"@type\":\"EntryPoint\",\"urlTemplate\":\"https:\\\/\\\/nbcs.mx\\\/?s={search_term_string}\"},\"query-input\":{\"@type\":\"PropertyValueSpecification\",\"valueRequired\":true,\"valueName\":\"search_term_string\"}}],\"inLanguage\":\"es\"},{\"@type\":\"Organization\",\"@id\":\"https:\\\/\\\/nbcs.mx\\\/#organization\",\"name\":\"NBCS Noticias\",\"url\":\"https:\\\/\\\/nbcs.mx\\\/\",\"logo\":{\"@type\":\"ImageObject\",\"inLanguage\":\"es\",\"@id\":\"https:\\\/\\\/nbcs.mx\\\/#\\\/schema\\\/logo\\\/image\\\/\",\"url\":\"https:\\\/\\\/nbcs.mx\\\/wp-content\\\/uploads\\\/2018\\\/09\\\/057b69485e93575a5c2b1c1dde2dd297.jpeg\",\"contentUrl\":\"https:\\\/\\\/nbcs.mx\\\/wp-content\\\/uploads\\\/2018\\\/09\\\/057b69485e93575a5c2b1c1dde2dd297.jpeg\",\"width\":64,\"height\":64,\"caption\":\"NBCS Noticias\"},\"image\":{\"@id\":\"https:\\\/\\\/nbcs.mx\\\/#\\\/schema\\\/logo\\\/image\\\/\"},\"sameAs\":[\"https:\\\/\\\/www.facebook.com\\\/NBCSnoticias\",\"https:\\\/\\\/x.com\\\/NBCSnoticias\"]},{\"@type\":\"Person\",\"@id\":\"https:\\\/\\\/nbcs.mx\\\/#\\\/schema\\\/person\\\/ece58bab9a7c1e87a4d28ec9ecd79ff4\",\"name\":\"NBCS Noticias\",\"image\":{\"@type\":\"ImageObject\",\"inLanguage\":\"es\",\"@id\":\"https:\\\/\\\/secure.gravatar.com\\\/avatar\\\/4e52110cad1c4054b43271a0d14bbe9e2ea76aecd0e1097edfc670798d9ca1d4?s=96&d=blank&r=g\",\"url\":\"https:\\\/\\\/secure.gravatar.com\\\/avatar\\\/4e52110cad1c4054b43271a0d14bbe9e2ea76aecd0e1097edfc670798d9ca1d4?s=96&d=blank&r=g\",\"contentUrl\":\"https:\\\/\\\/secure.gravatar.com\\\/avatar\\\/4e52110cad1c4054b43271a0d14bbe9e2ea76aecd0e1097edfc670798d9ca1d4?s=96&d=blank&r=g\",\"caption\":\"NBCS Noticias\"},\"description\":\"\u00bfTienes fotos o video de alg\u00fan acto de posible negligencia, corrupci\u00f3n y abuso de autoridad? M\u00e1ndalo al WhatsApp de NBCS Noticias: 612 141 98 08\",\"sameAs\":[\"https:\\\/\\\/www.nbcs.mx\",\"https:\\\/\\\/www.facebook.com\\\/NBCSnoticias\",\"https:\\\/\\\/www.instagram.com\\\/nbcsnoticias\\\/\",\"https:\\\/\\\/x.com\\\/https:\\\/\\\/twitter.com\\\/NBCSnoticias\"]}]}<\/script>\n<!-- \/ Yoast SEO plugin. -->","yoast_head_json":{"title":"Presentan obra en la UABCS sobre Hern\u00e1n Cort\u00e9s y su traves\u00eda en el Pac\u00edfico mexicano - NBCS Noticias","robots":{"index":"index","follow":"follow","max-snippet":"max-snippet:-1","max-image-preview":"max-image-preview:large","max-video-preview":"max-video-preview:-1"},"canonical":"https:\/\/nbcs.mx\/?p=97065","og_locale":"es_ES","og_type":"article","og_title":"Presentan obra en la UABCS sobre Hern\u00e1n Cort\u00e9s y su traves\u00eda en el Pac\u00edfico mexicano - NBCS Noticias","og_description":"La Paz, Baja California Sur.- \u201cHern\u00e1n Cort\u00e9s en California. Descubrimiento del Pac\u00edfico mexicano, 1521-1540\u201d, libro escrito por el historiador Carlos","og_url":"https:\/\/nbcs.mx\/?p=97065","og_site_name":"NBCS Noticias","article_publisher":"https:\/\/www.facebook.com\/NBCSnoticias","article_author":"https:\/\/www.facebook.com\/NBCSnoticias","article_published_time":"2021-11-16T21:07:31+00:00","og_image":[{"url":"https:\/\/nbcs.mx\/wp-content\/uploads\/2021\/11\/Presentacion-de-libro-Cortes-1-755x399.jpg","type":"","width":"","height":""}],"author":"NBCS Noticias","twitter_card":"summary_large_image","twitter_creator":"@https:\/\/twitter.com\/NBCSnoticias","twitter_site":"@NBCSnoticias","twitter_misc":{"Escrito por":"NBCS Noticias","Tiempo de lectura":"3 minutos"},"schema":{"@context":"https:\/\/schema.org","@graph":[{"@type":"Article","@id":"https:\/\/nbcs.mx\/?p=97065#article","isPartOf":{"@id":"https:\/\/nbcs.mx\/?p=97065"},"author":{"name":"NBCS Noticias","@id":"https:\/\/nbcs.mx\/#\/schema\/person\/ece58bab9a7c1e87a4d28ec9ecd79ff4"},"headline":"Presentan obra en la UABCS sobre Hern\u00e1n Cort\u00e9s y su traves\u00eda en el Pac\u00edfico mexicano","datePublished":"2021-11-16T21:07:31+00:00","mainEntityOfPage":{"@id":"https:\/\/nbcs.mx\/?p=97065"},"wordCount":591,"commentCount":0,"publisher":{"@id":"https:\/\/nbcs.mx\/#organization"},"image":{"@id":"https:\/\/nbcs.mx\/?p=97065#primaryimage"},"thumbnailUrl":"https:\/\/nbcs.mx\/wp-content\/uploads\/2021\/11\/Presentacion-de-libro-Cortes-1-755x399.jpg","articleSection":["Noticias"],"inLanguage":"es","potentialAction":[{"@type":"CommentAction","name":"Comment","target":["https:\/\/nbcs.mx\/?p=97065#respond"]}]},{"@type":"WebPage","@id":"https:\/\/nbcs.mx\/?p=97065","url":"https:\/\/nbcs.mx\/?p=97065","name":"Presentan obra en la UABCS sobre Hern\u00e1n Cort\u00e9s y su traves\u00eda en el Pac\u00edfico mexicano - NBCS Noticias","isPartOf":{"@id":"https:\/\/nbcs.mx\/#website"},"primaryImageOfPage":{"@id":"https:\/\/nbcs.mx\/?p=97065#primaryimage"},"image":{"@id":"https:\/\/nbcs.mx\/?p=97065#primaryimage"},"thumbnailUrl":"https:\/\/nbcs.mx\/wp-content\/uploads\/2021\/11\/Presentacion-de-libro-Cortes-1-755x399.jpg","datePublished":"2021-11-16T21:07:31+00:00","breadcrumb":{"@id":"https:\/\/nbcs.mx\/?p=97065#breadcrumb"},"inLanguage":"es","potentialAction":[{"@type":"ReadAction","target":["https:\/\/nbcs.mx\/?p=97065"]}]},{"@type":"ImageObject","inLanguage":"es","@id":"https:\/\/nbcs.mx\/?p=97065#primaryimage","url":"https:\/\/nbcs.mx\/wp-content\/uploads\/2021\/11\/Presentacion-de-libro-Cortes-1-755x399.jpg","contentUrl":"https:\/\/nbcs.mx\/wp-content\/uploads\/2021\/11\/Presentacion-de-libro-Cortes-1-755x399.jpg"},{"@type":"BreadcrumbList","@id":"https:\/\/nbcs.mx\/?p=97065#breadcrumb","itemListElement":[{"@type":"ListItem","position":1,"name":"Portada","item":"https:\/\/nbcs.mx\/"},{"@type":"ListItem","position":2,"name":"Presentan obra en la UABCS sobre Hern\u00e1n Cort\u00e9s y su traves\u00eda en el Pac\u00edfico mexicano"}]},{"@type":"WebSite","@id":"https:\/\/nbcs.mx\/#website","url":"https:\/\/nbcs.mx\/","name":"NBCS Noticias","description":"Sitio web de noticias en Baja California Sur","publisher":{"@id":"https:\/\/nbcs.mx\/#organization"},"potentialAction":[{"@type":"SearchAction","target":{"@type":"EntryPoint","urlTemplate":"https:\/\/nbcs.mx\/?s={search_term_string}"},"query-input":{"@type":"PropertyValueSpecification","valueRequired":true,"valueName":"search_term_string"}}],"inLanguage":"es"},{"@type":"Organization","@id":"https:\/\/nbcs.mx\/#organization","name":"NBCS Noticias","url":"https:\/\/nbcs.mx\/","logo":{"@type":"ImageObject","inLanguage":"es","@id":"https:\/\/nbcs.mx\/#\/schema\/logo\/image\/","url":"https:\/\/nbcs.mx\/wp-content\/uploads\/2018\/09\/057b69485e93575a5c2b1c1dde2dd297.jpeg","contentUrl":"https:\/\/nbcs.mx\/wp-content\/uploads\/2018\/09\/057b69485e93575a5c2b1c1dde2dd297.jpeg","width":64,"height":64,"caption":"NBCS Noticias"},"image":{"@id":"https:\/\/nbcs.mx\/#\/schema\/logo\/image\/"},"sameAs":["https:\/\/www.facebook.com\/NBCSnoticias","https:\/\/x.com\/NBCSnoticias"]},{"@type":"Person","@id":"https:\/\/nbcs.mx\/#\/schema\/person\/ece58bab9a7c1e87a4d28ec9ecd79ff4","name":"NBCS Noticias","image":{"@type":"ImageObject","inLanguage":"es","@id":"https:\/\/secure.gravatar.com\/avatar\/4e52110cad1c4054b43271a0d14bbe9e2ea76aecd0e1097edfc670798d9ca1d4?s=96&d=blank&r=g","url":"https:\/\/secure.gravatar.com\/avatar\/4e52110cad1c4054b43271a0d14bbe9e2ea76aecd0e1097edfc670798d9ca1d4?s=96&d=blank&r=g","contentUrl":"https:\/\/secure.gravatar.com\/avatar\/4e52110cad1c4054b43271a0d14bbe9e2ea76aecd0e1097edfc670798d9ca1d4?s=96&d=blank&r=g","caption":"NBCS Noticias"},"description":"\u00bfTienes fotos o video de alg\u00fan acto de posible negligencia, corrupci\u00f3n y abuso de autoridad? M\u00e1ndalo al WhatsApp de NBCS Noticias: 612 141 98 08","sameAs":["https:\/\/www.nbcs.mx","https:\/\/www.facebook.com\/NBCSnoticias","https:\/\/www.instagram.com\/nbcsnoticias\/","https:\/\/x.com\/https:\/\/twitter.com\/NBCSnoticias"]}]}},"jetpack_publicize_connections":[],"jetpack_sharing_enabled":true,"jetpack_featured_media_url":"","_links":{"self":[{"href":"https:\/\/nbcs.mx\/index.php?rest_route=\/wp\/v2\/posts\/97065","targetHints":{"allow":["GET"]}}],"collection":[{"href":"https:\/\/nbcs.mx\/index.php?rest_route=\/wp\/v2\/posts"}],"about":[{"href":"https:\/\/nbcs.mx\/index.php?rest_route=\/wp\/v2\/types\/post"}],"author":[{"embeddable":true,"href":"https:\/\/nbcs.mx\/index.php?rest_route=\/wp\/v2\/users\/1"}],"replies":[{"embeddable":true,"href":"https:\/\/nbcs.mx\/index.php?rest_route=%2Fwp%2Fv2%2Fcomments&post=97065"}],"version-history":[{"count":1,"href":"https:\/\/nbcs.mx\/index.php?rest_route=\/wp\/v2\/posts\/97065\/revisions"}],"predecessor-version":[{"id":97067,"href":"https:\/\/nbcs.mx\/index.php?rest_route=\/wp\/v2\/posts\/97065\/revisions\/97067"}],"wp:attachment":[{"href":"https:\/\/nbcs.mx\/index.php?rest_route=%2Fwp%2Fv2%2Fmedia&parent=97065"}],"wp:term":[{"taxonomy":"category","embeddable":true,"href":"https:\/\/nbcs.mx\/index.php?rest_route=%2Fwp%2Fv2%2Fcategories&post=97065"},{"taxonomy":"post_tag","embeddable":true,"href":"https:\/\/nbcs.mx\/index.php?rest_route=%2Fwp%2Fv2%2Ftags&post=97065"}],"curies":[{"name":"wp","href":"https:\/\/api.w.org\/{rel}","templated":true}]}}